{"id":53989,"date":"2024-12-31T14:43:32","date_gmt":"2024-12-31T13:43:32","guid":{"rendered":"https:\/\/www.invarena.cz\/?p=53989"},"modified":"2024-12-31T14:43:32","modified_gmt":"2024-12-31T13:43:32","slug":"mladi-cesi-vice-trpi-chronickymi-zanety-strev","status":"publish","type":"post","link":"https:\/\/www.invarena.cz\/?p=53989","title":{"rendered":"Mlad\u00ed \u010ce\u0161i v\u00edce trp\u00ed chronick\u00fdmi z\u00e1n\u011bty st\u0159ev"},"content":{"rendered":"\n<p>Za\u010d\u00edn\u00e1 nen\u00e1padn\u00fdmi bolestmi b\u0159icha, \u010dast\u00fdmi pr\u016fjmy a zv\u00fd\u0161enou teplotou. Mlad\u00fdch lid\u00ed s nevyl\u00e9\u010diteln\u00fdm st\u0159evn\u00edm z\u00e1n\u011btem v\u00fdrazn\u011b p\u0159ib\u00fdv\u00e1. Ro\u010dn\u011b odhal\u00ed l\u00e9ka\u0159i nemoc u \u0161esti tis\u00edc pacient\u016f, p\u0159edev\u0161\u00edm u dvac\u00e1tn\u00edk\u016f a t\u0159ic\u00e1tn\u00edk\u016f. \u010c\u00e1st z nich tak kon\u010d\u00ed p\u0159ed\u010dasn\u011b v invalidn\u00edm d\u016fchodu, podle l\u00e9ka\u0159\u016f zbyte\u010dn\u011b. K \u00fa\u010dinn\u00e9, ale drah\u00e9 l\u00e9\u010db\u011b se toti\u017e dostane jen zlomek nemocn\u00fdch.<\/p>\n\n\n\n<p>Cel\u00fd \u010dl\u00e1nek na novinky.cz: <a href=\"https:\/\/www.novinky.cz\/clanek\/domaci-mladi-cesi-vice-trpi-chronickymi-zanety-strev-40502529\" target=\"_blank\" rel=\"noreferrer noopener\">https:\/\/www.novinky.cz\/clanek\/domaci-mladi-cesi-vice-trpi-chronickymi-zanety-strev-40502529<\/a><\/p>\n","protected":false},"excerpt":{"rendered":"<div class=\"mh-excerpt\"><p>Za\u010d\u00edn\u00e1 nen\u00e1padn\u00fdmi bolestmi b\u0159icha, \u010dast\u00fdmi pr\u016fjmy a zv\u00fd\u0161enou teplotou. Mlad\u00fdch lid\u00ed s nevyl\u00e9\u010diteln\u00fdm st\u0159evn\u00edm z\u00e1n\u011btem v\u00fdrazn\u011b p\u0159ib\u00fdv\u00e1. Ro\u010dn\u011b odhal\u00ed l\u00e9ka\u0159i nemoc u \u0161esti tis\u00edc pacient\u016f, <a class=\"mh-excerpt-more\" href=\"https:\/\/www.invarena.cz\/?p=53989\" title=\"Mlad\u00ed \u010ce\u0161i v\u00edce trp\u00ed chronick\u00fdmi z\u00e1n\u011bty st\u0159ev\">[&#8230;]<\/a><\/p>\n<\/div>","protected":false},"author":1,"featured_media":29148,"comment_status":"open","ping_status":"closed","sticky":false,"template":"","format":"standard","meta":{"footnotes":""},"categories":[9],"tags":[],"class_list":["post-53989","post","type-post","status-publish","format-standard","has-post-thumbnail","hentry","category-zpravy"],"_links":{"self":[{"href":"https:\/\/www.invarena.cz\/index.php?rest_route=\/wp\/v2\/posts\/53989","targetHints":{"allow":["GET"]}}],"collection":[{"href":"https:\/\/www.invarena.cz\/index.php?rest_route=\/wp\/v2\/posts"}],"about":[{"href":"https:\/\/www.invarena.cz\/index.php?rest_route=\/wp\/v2\/types\/post"}],"author":[{"embeddable":true,"href":"https:\/\/www.invarena.cz\/index.php?rest_route=\/wp\/v2\/users\/1"}],"replies":[{"embeddable":true,"href":"https:\/\/www.invarena.cz\/index.php?rest_route=%2Fwp%2Fv2%2Fcomments&post=53989"}],"version-history":[{"count":0,"href":"https:\/\/www.invarena.cz\/index.php?rest_route=\/wp\/v2\/posts\/53989\/revisions"}],"wp:featuredmedia":[{"embeddable":true,"href":"https:\/\/www.invarena.cz\/index.php?rest_route=\/wp\/v2\/media\/29148"}],"wp:attachment":[{"href":"https:\/\/www.invarena.cz\/index.php?rest_route=%2Fwp%2Fv2%2Fmedia&parent=53989"}],"wp:term":[{"taxonomy":"category","embeddable":true,"href":"https:\/\/www.invarena.cz\/index.php?rest_route=%2Fwp%2Fv2%2Fcategories&post=53989"},{"taxonomy":"post_tag","embeddable":true,"href":"https:\/\/www.invarena.cz\/index.php?rest_route=%2Fwp%2Fv2%2Ftags&post=53989"}],"curies":[{"name":"wp","href":"https:\/\/api.w.org\/{rel}","templated":true}]}}