{"id":53992,"date":"2024-12-31T14:59:46","date_gmt":"2024-12-31T13:59:46","guid":{"rendered":"https:\/\/www.invarena.cz\/?p=53992"},"modified":"2024-12-31T14:59:46","modified_gmt":"2024-12-31T13:59:46","slug":"nevidomy-kral-david-ci-dvouapulmetrovy-obr-pripomente-si-paralympijske-pribehy","status":"publish","type":"post","link":"https:\/\/www.invarena.cz\/?p=53992","title":{"rendered":"Nevidom\u00fd kr\u00e1l David \u010di dvouap\u016flmetrov\u00fd obr. P\u0159ipome\u0148te si paralympijsk\u00e9 p\u0159\u00edb\u011bhy"},"content":{"rendered":"\n<p>Olympijsk\u00fd ohe\u0148 uhasl v Pa\u0159\u00ed\u017ei 11. srpna, ov\u0161em ruch ve francouzsk\u00e9 metropoli neutichl. O necel\u00e9 t\u0159i t\u00fddny pozd\u011bji vyst\u0159\u00eddali olympioniky jejich paralympij\u0161t\u00ed kolegov\u00e9. A tak\u00e9 oni nab\u00eddli sv\u011btu mnoho \u00fa\u017easn\u00fdch z\u00e1\u017eitk\u016f a p\u0159\u00edb\u011bh\u016f. P\u0159ipome\u0148te si \u00fachvatn\u00e9 ta\u017een\u00ed teprve \u0161estn\u00e1ctilet\u00e9ho Davida Kratochv\u00edla, ale i dal\u0161\u00ed nezapomenuteln\u00e9 chv\u00edle.<\/p>\n\n\n\n<p>Ten nejkr\u00e1sn\u011bj\u0161\u00ed p\u0159\u00edb\u011bh pro \u010cesko p\u0159inesl nevidom\u00fd plavec David Kratochv\u00edl. Teprve \u0161estn\u00e1ctilet\u00fd hoch osl\u0148oval cel\u00fd sv\u011bt sv\u00fdmi v\u00fdkony, kter\u00e9 korunoval kompletn\u00ed sb\u00edrkou medail\u00ed. Na paralympi\u00e1d\u011b se p\u0159itom mohl objevit u\u017e p\u0159ed \u010dty\u0159mi lety. I tenkr\u00e1t si \u00fa\u010dast vyplaval, ov\u0161em p\u0159enechal ji sv\u00e9mu kolegovi Miroslavu Smr\u010dkovi, kter\u00fd byl naopak na sklonku kari\u00e9ry a tokijsk\u00e1 paralympi\u00e1da pro n\u011bj byla posledn\u00ed velkou akc\u00ed.<\/p>\n\n\n\n<p>Gesto se mu bohat\u011b vr\u00e1tilo v Pa\u0159\u00ed\u017ei. U\u017e po prvn\u00edm z\u00e1vod\u011b m\u011bl tenhle kluk z Hal\u017ee na Tachovsku spln\u011bno. V\u017edy\u0165 pr\u00e1v\u011b z\u00edskal paralympijsk\u00e9 zlato. \u201eHned z prvn\u00edho z\u00e1vodu je z toho zlato, tak\u017ee spln\u011bn\u00fd sen. P\u0159eju to ka\u017ed\u00e9mu, aby to n\u011bkdy za\u017eil, proto\u017ee je to spln\u011bn\u00ed \u017eivotn\u00edho snu,\u201c rozpl\u00fdval se Kratochv\u00edl. A to je\u0161t\u011b netu\u0161il, co ho \u010dek\u00e1 d\u00e1l.<\/p>\n\n\n\n<p>Ke zlatu ze \u010dty\u0159stovky voln\u00fdm zp\u016fsobem p\u0159idal st\u0159\u00edbro ze znaka\u0159sk\u00e9 stovky a bronz z polohov\u00e9ho z\u00e1vodu na 200 metr\u016f. V posledn\u00edm z\u00e1vod\u011b mu nav\u00edc \u010dtvrt\u00e1 paralympijsk\u00e1 medaile utekla o jednu jedinou setinu sekundy. \u201eFakt to na\u0161tve,\u201c ulevil si jinak ale \u0161\u0165astn\u00fd David Kratochv\u00edl, jemu\u017e k \u00fasp\u011bchu vydatn\u011b pom\u00e1hali i jeho rodi\u010de, kte\u0159\u00ed mu d\u011blali tapery, tedy ty, kte\u0159\u00ed mu v\u017edy d\u00e1vali v\u011bd\u011bt, \u017ee se bl\u00ed\u017e\u00ed obr\u00e1tka.<\/p>\n\n\n\n<p>Velmi popul\u00e1rn\u00ed postavou byl v Pa\u0159\u00ed\u017ei i Morteza Mehrzad. Aby ne, v\u017edy\u0165 je vskutku nep\u0159ehl\u00e9dnuteln\u00fd. Se sv\u00fdmi 247 centimetry vysoko \u010dn\u00ed nad k\u00fdmkoliv, kdo je kolem n\u011bj. Jeho obrovsk\u00e1 v\u00fd\u0161ka, s n\u00ed\u017e \u00edr\u00e1nsk\u00fd volejbalista&nbsp; jen o \u010dty\u0159i \u201e\u010d\u00edsla\u201c zaost\u00e1v\u00e1 za ofici\u00e1ln\u011b nejvy\u0161\u0161\u00edm mu\u017eem sv\u011bta, ale ob\u010das p\u0159in\u00e1\u0161\u00ed i ur\u010dit\u00e1 \u00faskal\u00ed.<\/p>\n\n\n\n<p>T\u0159eba v tom, kde bude Morteza sp\u00e1t. P\u0159ed t\u0159emi lety v Tokiu se sportovec, jen\u017e se narodil se vz\u00e1cn\u00fdm onemocn\u011bn\u00edm zvan\u00fdm akromegalie, kter\u00e1 se projevuje nadm\u011brnou produkc\u00ed r\u016fstov\u00e9ho hormonu, uvelebil na speci\u00e1ln\u00ed posteli vyroben\u00e9 p\u0159\u00edmo jemu na m\u00edru, ve francouzsk\u00e9 metropoli m\u011bl sm\u016flu. L\u016f\u017eko nedorazilo a dvojn\u00e1sobn\u00fd paralympijsk\u00fd v\u00edt\u011bz musel sp\u00e1t na zemi. Ani tohle \u00faskal\u00ed mu v\u0161ak nezabr\u00e1nilo v tom z\u00edskat u\u017e t\u0159et\u00ed paralympijsk\u00e9 zlato.<\/p>\n\n\n\n<p>P\u0159edst\u00edral, aby mohl br\u00e1nit vlast<\/p>\n\n\n\n<p>Sv\u011bt oblet\u011bl tak\u00e9 p\u0159\u00edb\u011bh ukrajinsk\u00e9ho volejbalisty Dmytra Melnyka. Tomu ani handicap, po autonehod\u011b m\u00e1 jednu nohu krat\u0161\u00ed, nezabr\u00e1nil v tom, aby br\u00e1nil svou vlast proti Rusku. Dokonce kv\u016fli tomu p\u0159edst\u00edral, \u017ee za jeho \u0161patnou ch\u016fzi m\u016f\u017eou \u0161patn\u011b padnouc\u00ed boty. Jinak by se do arm\u00e1dy nedostal.<\/p>\n\n\n\n<p>Od sv\u00e9 jednotky v\u0161ak musel odjet, aby mohl h\u00e1jit ukrajinsk\u00e9 barvy na paralympi\u00e1d\u011b. \u201eNe\u017e jsem odjel, bylo jich p\u011btat\u0159icet. Pevn\u011b douf\u00e1m, \u017ee to tak z\u016fstalo,\u201c v\u011b\u0159il v Pa\u0159\u00ed\u017ei. \u201e\u201eD\u00edky Bohu nem\u00e1m v jednotce \u017eeny. Ne proto, \u017ee by byly \u0161patn\u00e9 v boji. Ale proto, \u017ee by mi p\u0159i\u0161lo d\u011bsiv\u00e9 nechat \u017eeny n\u011bkde, kde je velmi vysok\u00e1 pravd\u011bpodobnost, \u017ee v\u00e1s zabij\u00ed,\u201c sv\u011b\u0159il se volejbalista, jeho\u017e t\u00fdm v Pa\u0159\u00ed\u017ei vyhr\u00e1l a\u017e v posledn\u00edm z\u00e1pase, proti dom\u00e1c\u00edm Francouz\u016fm vybojoval sedm\u00e9 m\u00edsto.<\/p>\n\n\n\n<p>Velk\u00e9 pozornosti se dostalo i lukost\u0159elkyni Jodie Grinhamov\u00e9. A nebylo to kv\u016fli jej\u00ed r\u016f\u017eov\u00e9 k\u0161tici, kter\u00e1 j\u00ed povl\u00e1vala pod k\u0161iltovkou. Div\u00e1k u pa\u0159\u00ed\u017esk\u00e9 Invalidovny toti\u017e nemusel b\u00fdt ani p\u0159\u00edli\u0161 ostra\u017eit\u00fd, aby si v\u0161iml, \u017ee britsk\u00e1 reprezentantka nen\u00ed na souboj se soupe\u0159kami sama. Byla toti\u017e v sedm\u00e9m m\u011bs\u00edci t\u011bhotenstv\u00ed.<\/p>\n\n\n\n<p>Palce dr\u017eel Grinhamov\u00e9 cel\u00fd sv\u011bt. K jej\u00ed cest\u011b za vytou\u017een\u00fdm d\u00edt\u011btem toti\u017e vedla cesta pln\u00e1 strast\u00ed. S partnerem se o miminko pokou\u0161eli n\u011bkolikr\u00e1t, bohu\u017eel v\u0161ak n\u011bkolikr\u00e1t o d\u00edt\u011b p\u0159i\u0161li. \u201eKdy\u017e se to stalo pot\u0159et\u00ed, bylo to jako: to u\u017e si d\u011bl\u00e1\u0161 srandu?\u201c vypr\u00e1v\u011bla jednat\u0159icetilet\u00e1 z\u00e1vodnice.<\/p>\n\n\n\n<p>A jej\u00ed sportovn\u00ed v\u00fdsledek? Z Pa\u0159\u00ed\u017ee si odvezla dv\u011b medaile, bronzovou z individu\u00e1ln\u00ed sout\u011b\u017ee a zlato ze z\u00e1vodu dvojic.<\/p>\n\n\n\n<p>Martin Slab\u00fd<\/p>\n\n\n\n<p>Den\u00edk.cz<\/p>\n\n\n\n<p><a href=\"https:\/\/www.denik.cz\" target=\"_blank\" rel=\"noreferrer noopener\">https:\/\/www.denik.cz<\/a><\/p>\n","protected":false},"excerpt":{"rendered":"<div class=\"mh-excerpt\"><p>Olympijsk\u00fd ohe\u0148 uhasl v Pa\u0159\u00ed\u017ei 11. srpna, ov\u0161em ruch ve francouzsk\u00e9 metropoli neutichl. O necel\u00e9 t\u0159i t\u00fddny pozd\u011bji vyst\u0159\u00eddali olympioniky jejich paralympij\u0161t\u00ed kolegov\u00e9. A tak\u00e9 <a class=\"mh-excerpt-more\" href=\"https:\/\/www.invarena.cz\/?p=53992\" title=\"Nevidom\u00fd kr\u00e1l David \u010di dvouap\u016flmetrov\u00fd obr. P\u0159ipome\u0148te si paralympijsk\u00e9 p\u0159\u00edb\u011bhy\">[&#8230;]<\/a><\/p>\n<\/div>","protected":false},"author":1,"featured_media":21009,"comment_status":"open","ping_status":"closed","sticky":false,"template":"","format":"standard","meta":{"footnotes":""},"categories":[9],"tags":[],"class_list":["post-53992","post","type-post","status-publish","format-standard","has-post-thumbnail","hentry","category-zpravy"],"_links":{"self":[{"href":"https:\/\/www.invarena.cz\/index.php?rest_route=\/wp\/v2\/posts\/53992","targetHints":{"allow":["GET"]}}],"collection":[{"href":"https:\/\/www.invarena.cz\/index.php?rest_route=\/wp\/v2\/posts"}],"about":[{"href":"https:\/\/www.invarena.cz\/index.php?rest_route=\/wp\/v2\/types\/post"}],"author":[{"embeddable":true,"href":"https:\/\/www.invarena.cz\/index.php?rest_route=\/wp\/v2\/users\/1"}],"replies":[{"embeddable":true,"href":"https:\/\/www.invarena.cz\/index.php?rest_route=%2Fwp%2Fv2%2Fcomments&post=53992"}],"version-history":[{"count":0,"href":"https:\/\/www.invarena.cz\/index.php?rest_route=\/wp\/v2\/posts\/53992\/revisions"}],"wp:featuredmedia":[{"embeddable":true,"href":"https:\/\/www.invarena.cz\/index.php?rest_route=\/wp\/v2\/media\/21009"}],"wp:attachment":[{"href":"https:\/\/www.invarena.cz\/index.php?rest_route=%2Fwp%2Fv2%2Fmedia&parent=53992"}],"wp:term":[{"taxonomy":"category","embeddable":true,"href":"https:\/\/www.invarena.cz\/index.php?rest_route=%2Fwp%2Fv2%2Fcategories&post=53992"},{"taxonomy":"post_tag","embeddable":true,"href":"https:\/\/www.invarena.cz\/index.php?rest_route=%2Fwp%2Fv2%2Ftags&post=53992"}],"curies":[{"name":"wp","href":"https:\/\/api.w.org\/{rel}","templated":true}]}}