{"id":54007,"date":"2025-01-02T03:52:59","date_gmt":"2025-01-02T02:52:59","guid":{"rendered":"https:\/\/www.invarena.cz\/?p=54007"},"modified":"2025-01-02T04:10:36","modified_gmt":"2025-01-02T03:10:36","slug":"od-1-ledna-v-cesku-skonci-vsechny-kojenecke-ustavy","status":"publish","type":"post","link":"https:\/\/www.invarena.cz\/?p=54007","title":{"rendered":"Od 1.\u00a0ledna v \u010cesku kon\u010d\u00ed v\u0161echny kojeneck\u00e9 \u00fastavy\u00a0\u00a0"},"content":{"rendered":"\n<p>Radio\u017eurn\u00e1l\u00a0<\/p>\n\n\n\n<p><br \/>Od 1. ledna v \u010cesku kon\u010d\u00ed v\u0161echny kojeneck\u00e9 \u00fastavy. D\u011bti mlad\u0161\u00ed \u010dty\u0159 let u\u017e toti\u017e nebudou moct vyr\u016fstat v \u00fastavn\u00ed p\u00e9\u010di. Zakazuje to schv\u00e1len\u00e1 novela z\u00e1kona o soci\u00e1ln\u011bpr\u00e1vn\u00ed ochran\u011b d\u011bt\u00ed.<br \/><br \/><br \/>V kojeneck\u00fdch \u00fastavech, tedy zdravotnick\u00fdch za\u0159\u00edzen\u00edch, byly \u010dasto i d\u011bti, kter\u00e9 zdravotn\u00ed probl\u00e9m nem\u011bly. Nav\u00edc byly v\u011bt\u0161inou star\u0161\u00ed, t\u0159eba i sedmn\u00e1ctilet\u00e9. Z celkem 320 d\u011bt\u00ed na\u0161lo do konce listopadu nov\u00fd domov p\u0159es 250 z nich, \u0159\u00edk\u00e1 Jakub Augusta z Ministerstva pr\u00e1ce a soci\u00e1ln\u00edch v\u011bc\u00ed.<br \/><br \/>Jakub Augusta,\u00a0<strong>MPSV<\/strong><br \/>&#8212;&#8212;&#8212;&#8212;&#8212;&#8212;&#8211;<br \/>Polovina d\u011bt\u00ed u\u017e p\u0159e\u0161la do jin\u00e9ho typu za\u0159\u00edzen\u00ed, zbyl\u00e9 d\u011bti byly um\u00edst\u011bny do p\u011bstounsk\u00e9 p\u00e9\u010de nebo se vr\u00e1tily zp\u011bt ke sv\u00fdm bezpe\u010dn\u00fdm rodin\u00e1m.<br \/><br \/> redaktorka<br \/>&#8212;&#8212;&#8212;&#8212;&#8212;&#8212;&#8211;<br \/>Situaci ostatn\u00edch d\u011bt\u00ed \u0159e\u0161ili soci\u00e1ln\u00ed pracovn\u00edci. Podle Augusty ale nehroz\u00ed, \u017ee z\u016fstane d\u00edt\u011b bez p\u00e9\u010de. P\u0159em\u011bnu \u00fastavu vysv\u011btluje Petra Hadwigerov\u00e1 z kancel\u00e1\u0159e ombudsmana.<br \/><br \/>Petra Hadwigerov\u00e1, kancel\u00e1\u0159 ombudsmana<br \/>&#8212;&#8212;&#8212;&#8212;&#8212;&#8212;&#8211;<br \/>A\u017e na \u00fapln\u00e9 v\u00fdjimky se v\u011bt\u0161ina z nich p\u0159em\u011b\u0148uje v jin\u00fd druh slu\u017eby. V\u011bt\u0161inou to souvis\u00ed s t\u00edm, jak\u00e9 vlastn\u011b pot\u0159eby jsou v tom \u00fazem\u00ed.<br \/><br \/>redaktorka<br \/>&#8212;&#8212;&#8212;&#8212;&#8212;&#8212;&#8211;<br \/>Od roku 2028 bude z\u00e1kaz \u00fastavn\u00ed p\u00e9\u010de i pro d\u011bti mlad\u0161\u00ed sedmi let. <\/p>\n\n\n\n<p>Radio\u017eurn\u00e1l.<br \/><\/p>\n","protected":false},"excerpt":{"rendered":"<div class=\"mh-excerpt\"><p>Radio\u017eurn\u00e1l\u00a0 Od 1. ledna v \u010cesku kon\u010d\u00ed v\u0161echny kojeneck\u00e9 \u00fastavy. D\u011bti mlad\u0161\u00ed \u010dty\u0159 let u\u017e toti\u017e nebudou moct vyr\u016fstat v \u00fastavn\u00ed p\u00e9\u010di. Zakazuje to schv\u00e1len\u00e1 <a class=\"mh-excerpt-more\" href=\"https:\/\/www.invarena.cz\/?p=54007\" title=\"Od 1.\u00a0ledna v \u010cesku kon\u010d\u00ed v\u0161echny kojeneck\u00e9 \u00fastavy\u00a0\u00a0\">[&#8230;]<\/a><\/p>\n<\/div>","protected":false},"author":1,"featured_media":48748,"comment_status":"open","ping_status":"closed","sticky":false,"template":"","format":"standard","meta":{"footnotes":""},"categories":[9],"tags":[],"class_list":["post-54007","post","type-post","status-publish","format-standard","has-post-thumbnail","hentry","category-zpravy"],"_links":{"self":[{"href":"https:\/\/www.invarena.cz\/index.php?rest_route=\/wp\/v2\/posts\/54007","targetHints":{"allow":["GET"]}}],"collection":[{"href":"https:\/\/www.invarena.cz\/index.php?rest_route=\/wp\/v2\/posts"}],"about":[{"href":"https:\/\/www.invarena.cz\/index.php?rest_route=\/wp\/v2\/types\/post"}],"author":[{"embeddable":true,"href":"https:\/\/www.invarena.cz\/index.php?rest_route=\/wp\/v2\/users\/1"}],"replies":[{"embeddable":true,"href":"https:\/\/www.invarena.cz\/index.php?rest_route=%2Fwp%2Fv2%2Fcomments&post=54007"}],"version-history":[{"count":0,"href":"https:\/\/www.invarena.cz\/index.php?rest_route=\/wp\/v2\/posts\/54007\/revisions"}],"wp:featuredmedia":[{"embeddable":true,"href":"https:\/\/www.invarena.cz\/index.php?rest_route=\/wp\/v2\/media\/48748"}],"wp:attachment":[{"href":"https:\/\/www.invarena.cz\/index.php?rest_route=%2Fwp%2Fv2%2Fmedia&parent=54007"}],"wp:term":[{"taxonomy":"category","embeddable":true,"href":"https:\/\/www.invarena.cz\/index.php?rest_route=%2Fwp%2Fv2%2Fcategories&post=54007"},{"taxonomy":"post_tag","embeddable":true,"href":"https:\/\/www.invarena.cz\/index.php?rest_route=%2Fwp%2Fv2%2Ftags&post=54007"}],"curies":[{"name":"wp","href":"https:\/\/api.w.org\/{rel}","templated":true}]}}