{"id":54017,"date":"2025-01-02T04:53:18","date_gmt":"2025-01-02T03:53:18","guid":{"rendered":"https:\/\/www.invarena.cz\/?p=54017"},"modified":"2025-01-02T04:53:19","modified_gmt":"2025-01-02T03:53:19","slug":"novorocni-projev-prezidenta-republiky","status":"publish","type":"post","link":"https:\/\/www.invarena.cz\/?p=54017","title":{"rendered":"Novoro\u010dn\u00ed projev prezidenta republiky\u00a0\u00a0"},"content":{"rendered":"\n<p><a><strong>Novoro\u010dn\u00ed projev prezidenta republiky Petra Pavla v roce 2025&nbsp;<\/strong>&nbsp;<\/a><\/p>\n\n\n\n<p>1. ledna 2025 <\/p>\n\n\n\n<p>V\u00e1\u017een\u00ed spoluob\u010dan\u00e9, v tuto dobu, a p\u0159i t\u00e9to p\u0159\u00edle\u017eitosti, b\u00fdv\u00e1 zvykem rekapitulovat uplynul\u00fd rok. J\u00e1 se v\u0161ak nechci p\u0159\u00edli\u0161 vracet. Podstatn\u00e9 je to, co je p\u0159ed n\u00e1mi a zejm\u00e9na to, co dok\u00e1\u017eeme ovlivnit. A o tom bych k v\u00e1m r\u00e1d promluvil.<br \/><br \/>V nov\u00e9m roce si p\u0159ejeme, abychom jej pro\u017eili klidn\u011b. Abychom byli zdrav\u00ed a \u0161\u0165astn\u00ed. Abychom m\u011bli co nejv\u00edce d\u016fvod\u016f k radosti i hrdosti. Dnes tato p\u0159\u00e1n\u00ed zazn\u00edvaj\u00ed s je\u0161t\u011b v\u011bt\u0161\u00edm pocitem nal\u00e9havosti.<br \/><br \/>P\u0159i pohledu na dny a ud\u00e1losti, kter\u00e9 n\u00e1s \u010dekaj\u00ed, toti\u017e mnoz\u00ed z n\u00e1s c\u00edt\u00ed obavy. A j\u00e1 tomu rozum\u00edm. Jsme vy\u010derpan\u00ed ze strachu, kter\u00fd \u0161\u00ed\u0159\u00ed prob\u00edhaj\u00edc\u00ed v\u00e1lky. Jsme unaven\u00ed z kriz\u00ed. Zklaman\u00ed z nenapln\u011bn\u00fdch o\u010dek\u00e1v\u00e1n\u00ed. Pln\u00ed starost\u00ed ze \u017eivotn\u00edch n\u00e1klad\u016f, kter\u00e9 v p\u0159edch\u00e1zej\u00edc\u00edch letech prudce rostly. Jsou zpochyb\u0148ov\u00e1ny hodnoty, kter\u00e9 jsme pova\u017eovali za nem\u011bnn\u00e9. Jsme pod tlakem, abychom si vytv\u00e1\u0159eli vyhran\u011bn\u00e9 n\u00e1zory k cel\u00e9 \u0159ad\u011b spole\u010densk\u00fdch ot\u00e1zek, podstatn\u00fdch i nepodstatn\u00fdch. Jsme pod tlakem velk\u00fdch emoc\u00ed.<br \/><br \/>O to v\u011bt\u0161\u00ed m\u00e1m pot\u0159ebu s v\u00e1mi sd\u00edlet svoji zku\u0161enost z posledn\u00edch dvou let, stejn\u011b jako sv\u00e9 p\u0159esv\u011bd\u010den\u00ed o tom, \u017ee skute\u010dn\u00fd stav na\u0161\u00ed zem\u011b nen\u00ed ani zdaleka tak \u0161patn\u00fd, jak si n\u011bkdy mysl\u00edme na z\u00e1klad\u011b z\u00e1m\u011brn\u011b \u0161\u00ed\u0159en\u00fdch negativn\u00edch n\u00e1lad.<br \/><br \/>\u010cesk\u00e1 republika m\u00e1 na rozd\u00edl od mnoha m\u00edst tohoto sv\u011bta \u0161t\u011bst\u00ed, \u017ee nen\u00ed p\u0159\u00edm\u00fdm d\u011bji\u0161t\u011bm v\u00e1lky ani rozs\u00e1hl\u00e9ho lidsk\u00e9ho utrpen\u00ed. Naopak je zaji\u0161t\u011bna silnou bezpe\u010dnostn\u00ed s\u00edt\u00ed Severoatlantick\u00e9 aliance a \u0159adou dal\u0161\u00edch mezin\u00e1rodn\u00edch z\u00e1ruk. Na\u0161im n\u00e1zor\u016fm a postoj\u016fm se v zahrani\u010d\u00ed dost\u00e1v\u00e1 prostoru i respektu. Mnoho lid\u00ed je spokojeno se \u017eivoty, kter\u00e9 \u017eij\u00ed.<br \/><br \/>A p\u0159esto, \u017ee nepochybn\u011b jsou oblasti, ve kter\u00fdch hospod\u00e1\u0159sky dlouhodob\u011b zaost\u00e1v\u00e1me a \u017ee na\u0161e re\u00e1ln\u00e9 mzdy rostou sp\u00ed\u0161e pomalu, celkov\u00e1 ekonomick\u00e1 situace na\u0161eho st\u00e1tu nen\u00ed \u0161patn\u00e1. A i kdybychom je\u0161t\u011b za n\u011bkolik let nem\u011bli stejn\u00e9 platy jako v N\u011bmecku, jist\u011b by na\u0161i budouc\u00ed prosperitu podpo\u0159ilo i to, kdyby byly, stejn\u011b jako v N\u011bmecku, vypl\u00e1ceny v evropsk\u00e9 m\u011bn\u011b.<br \/><br \/>Ano, jsem p\u0159esv\u011bd\u010den\u00fd o tom, \u017ee pro dal\u0161\u00ed roky si m\u016f\u017eeme sebev\u011bdom\u011b vytv\u00e1\u0159et optimistick\u00e9 pl\u00e1ny, nikoli ustra\u0161en\u00e9 sc\u00e9n\u00e1\u0159e.<br \/><br \/>Utvrzuji se v tom znovu a znovu ve chv\u00edl\u00edch, kdy se setk\u00e1v\u00e1me tv\u00e1\u0159\u00ed v tv\u00e1\u0159. Kdy s v\u00e1mi mluv\u00edm o v\u011bcech, kter\u00e9 pova\u017eujete za d\u016fle\u017eit\u00e9. Kdy \u0159\u00edk\u00e1te, s jak\u00fdmi pot\u00ed\u017eemi se vypo\u0159\u00e1d\u00e1v\u00e1te a jak. Kdy mohu na vlastn\u00ed o\u010di vid\u011bt v\u00fdsledky va\u0161\u00ed pr\u00e1ce, va\u0161eho \u00fasil\u00ed. A kdy jsem p\u0159\u00edm\u00fdm sv\u011bdkem toho, \u017ee solidarita, vz\u00e1jemn\u00e1 pomoc a p\u0159\u00e1telstv\u00ed jsou nep\u0159ehl\u00e9dnuteln\u00fdmi vlastnostmi na\u0161eho spole\u010denstv\u00ed.<br \/><br \/>Vn\u00edm\u00e1m p\u0159irozen\u011b i to, \u017ee ne v\u0161em se da\u0159\u00ed dob\u0159e. Jsou dom\u00e1cnosti, kter\u00e9 s n\u00e1mahou ze dne na den p\u0159ekon\u00e1vaj\u00ed \u017eivotn\u00ed p\u0159ek\u00e1\u017eky. \u010ctvrtina z n\u00e1s \u017eije v hospod\u00e1\u0159sky a soci\u00e1ln\u011b ohro\u017een\u00fdch \u00fazem\u00edch. A i kdy\u017e to neznamen\u00e1, \u017ee ka\u017ed\u00fd \u010dtvrt\u00fd \u010del\u00ed vylou\u010den\u00ed nebo chudob\u011b, znamen\u00e1 to, \u017ee velk\u00e9 \u010d\u00e1sti na\u0161\u00ed spole\u010dnosti se p\u0159\u00edmo dot\u00fdk\u00e1 \u0161patn\u00fd stav t\u011bchto \u00fazem\u00ed.<br \/><br \/>Zm\u00edrn\u011bn\u00ed nerovnost\u00ed mezi regiony je p\u0159itom jednou z nejd\u016fle\u017eit\u011bj\u0161\u00edch v\u00fdzev, se kter\u00fdmi se mus\u00edme vypo\u0159\u00e1dat. Proto\u017ee pokud m\u00e1me usp\u011bt jako celek, jako cel\u00e1 zem\u011b, nem\u016f\u017ee n\u00e1m b\u00fdt jedno, jak si vedou jej\u00ed nejslab\u0161\u00ed \u010d\u00e1sti. A podle toho tak\u00e9 mus\u00edme v politice konat.<br \/><br \/>Chci proto dnes v\u00e1m, kte\u0159\u00ed dobr\u00e9 podm\u00ednky k \u017eivotu nem\u00e1te, v\u00e1m, kte\u0159\u00ed nem\u00e1te tolik mo\u017enost\u00ed naj\u00edt dobr\u00e9 bydlen\u00ed, dobrou pr\u00e1ci, l\u00e9ka\u0159e nebo \u0161kolu pro sv\u00e9 d\u011bti, chci \u0159\u00edct, \u017ee budu nad\u00e1le usilovat o to, aby v\u00e1\u0161 hlas byl sly\u0161et. Budu nad\u00e1le vyu\u017e\u00edvat v\u0161echny \u00fastavou mi dan\u00e9 n\u00e1stroje, aby p\u0159i \u0159e\u0161en\u00ed va\u0161\u00ed situace p\u0159evl\u00e1dala vst\u0159\u00edcnost a ochota politick\u00fdch stran hledat rozumnou shodu. Ta je pro dlouhodob\u00e1 struktur\u00e1ln\u00ed \u0159e\u0161en\u00ed nezbytn\u00e1.<br \/><br \/>I proto pro m\u011b jsou a nad\u00e1le budou tak d\u016fle\u017eit\u00e9 cesty i do t\u011bch nejvzd\u00e1len\u011bj\u0161\u00edch region\u016f, i do t\u011bch nejmen\u0161\u00edch obc\u00ed a vesnic.<br \/><br \/>Tato doba p\u0159\u00edli\u0161 nefand\u00ed lidem ochotn\u00fdm domluvit se, ustoupit z vykol\u00edkovan\u00fdch pozic a hledat kompromisy. Mrz\u00ed m\u011b to. Pomalu se ztr\u00e1c\u00ed schopnost spolu mluvit, naslouchat si a p\u0159em\u00fd\u0161let o argumentech toho druh\u00e9ho. Tomu jist\u011b p\u0159isp\u00edv\u00e1 i to, \u017ee \u0159e\u010d politik\u016f se st\u00e1le \u010dast\u011bji redukuje na marketingov\u00e1 hesla, kter\u00e1 s podstatou v\u011bci maj\u00ed u\u017e jen m\u00e1lo spole\u010dn\u00e9ho.<br \/><br \/>Dokonce i tak ryz\u00ed slovo jako m\u00edr se stalo p\u0159edm\u011btem takov\u00e9ho marketingov\u00e9ho deformov\u00e1n\u00ed. Jako \u010dlov\u011bk, kter\u00fd v\u00e1lkami pro\u0161el, si hodnotu m\u00edru i cenu za n\u011bj uv\u011bdomuji velmi siln\u011b. Jsem si jist\u00fd, \u017ee v\u0161ichni soudn\u00ed lid\u00e9 cht\u011bj\u00ed \u017e\u00edt v m\u00edru a \u017ee rozhodn\u011b nen\u00ed t\u00edm, co by n\u00e1s m\u011blo rozd\u011blovat. Nenechme si to vnutit.<br \/><br \/>V tomto roce n\u00e1s \u010dekaj\u00ed volby do Poslaneck\u00e9 sn\u011bmovny. M\u016f\u017eeme o\u010dek\u00e1vat, \u017ee fakta a argumenty, podle kter\u00fdch bychom se m\u011bli orientovat, budou zakryty je\u0161t\u011b siln\u011bj\u0161\u00ed vrstvou odta\u017eit\u00fdch hesel a emoc\u00ed. Budeme je\u0161t\u011b v\u00edce ne\u017e jindy \u010delit p\u0159ekrucov\u00e1n\u00ed pravdy, nebo p\u0159\u00edmo l\u017e\u00edm.<br \/><br \/>Volby budou d\u016fle\u017eit\u00e9. Rozhodnou o tom, jestli a jak budou \u0159e\u0161eny ty nejpodstatn\u011bj\u0161\u00ed nedostatky, kter\u00e9 na\u0161i zemi tr\u00e1p\u00ed. A jestli budou \u0159e\u0161eny s pokorou, poctiv\u011b a dlouhodob\u011b, nebo jen tak, aby p\u0159inesly kr\u00e1tkodobou popularitu. Z\u00e1sadn\u00ed je, abychom m\u011bli vl\u00e1du, kter\u00e1 zaru\u010d\u00ed, \u017ee bude \u010cesk\u00e1 republika nad\u00e1le bezpe\u010dn\u00fdm st\u00e1tem, kde je zachov\u00e1na svoboda, kde funguj\u00ed z\u00e1kony, vymahatelnost pr\u00e1va, kde je f\u00e9rov\u00e9 prost\u0159ed\u00ed pro \u017eivot i podnik\u00e1n\u00ed.<br \/><br \/>P\u0159\u00e1l bych si, aby si ka\u017ed\u00fd z n\u00e1s uv\u011bdomil jakou v\u00e1hu bude m\u00edt ve volb\u00e1ch jeho hlas. P\u0159\u00e1l bych si, abychom se dok\u00e1zali d\u00edvat pod n\u00e1lepky se slovy liber\u00e1ln\u00ed, n\u00e1rodn\u00ed nebo konzervativn\u00ed. Proto\u017ee daleko podstatn\u011bj\u0161\u00ed jsou skute\u010dn\u00e1 politick\u00e1 \u0159e\u0161en\u00ed a rozhodnut\u00ed.<br \/><br \/>Je zjevn\u00e9, \u017ee ob\u010dan\u00e9 nejen u n\u00e1s popt\u00e1vaj\u00ed politiky, kter\u00e9 charakterizuje rozhodnost. To je ur\u010dit\u011b dobr\u00e1 a d\u016fle\u017eit\u00e1 vlastnost. Pokud ale nen\u00ed dopln\u011bna uv\u00e1\u017elivost\u00ed, rozumem a slu\u0161nost\u00ed, m\u016f\u017ee to dopadnout \u0161patn\u011b.<br \/><br \/>Ze v\u0161eho nejv\u00edc si p\u0159eji, abychom p\u0159\u00edpadn\u00e9 pocity skepse a zklam\u00e1n\u00ed z toho, jak\u00fd je \u017eivot dnes, nespojovali s hodnotami demokracie. D\u016fstojn\u00fd \u017eivot ve svobod\u011b m\u00e1 v\u00fdrazn\u011b v\u011bt\u0161\u00ed hodnotu a p\u0159in\u00e1\u0161\u00ed v\u011bt\u0161\u00ed spokojenost, ne\u017e \u017eivot z\u00e1visl\u00fd na v\u016fli jak\u00fdchkoli autorit\u00e1\u0159\u016f. S t\u00edm u\u017e svoji zku\u0161enost m\u00e1me.<br \/><br \/>Ve volebn\u00edm roce m\u00e1m v \u00famyslu v\u00edce p\u0159ipom\u00ednat podstatn\u00e1 t\u00e9mata, kter\u00e1 maj\u00ed skute\u010dn\u00fd potenci\u00e1l m\u011bnit na\u0161e \u017eivoty k lep\u0161\u00edmu. Budu p\u0159i tom spolupracovat s odborn\u00edky a respektovan\u00fdmi osobnostmi a vyu\u017eiji tak\u00e9 zku\u0161enosti a poznatky z cest do region\u016f. C\u00edlem bude vytvo\u0159it prostor pro poctivou a v\u011bcnou debatu politick\u00fdch stran, zalo\u017eenou na argumentech a faktech. A na druh\u00e9 stran\u011b v\u011bcn\u00fdm charakterem takov\u00e9 debaty omezit vliv polopravd, z\u00e1m\u011brn\u00fdch dezinformac\u00ed a plan\u00e9ho oso\u010dov\u00e1n\u00ed protivn\u00edk\u016f.<br \/><br \/>Tento rok bude mimo\u0159\u00e1dn\u011b d\u016fle\u017eit\u00fd i proto, \u017ee uk\u00e1\u017ee budouc\u00ed sm\u011b\u0159ov\u00e1n\u00ed dvou nejv\u011bt\u0161\u00edch st\u00e1t\u016f Evropsk\u00e9 unie, Francie a N\u011bmecka. Uvid\u00edme tak\u00e9 prvn\u00ed kroky nov\u00e9 americk\u00e9 administrativy a jej\u00ed ekonomick\u00e1 opat\u0159en\u00ed v\u016f\u010di n\u00e1m, tedy Evrop\u011b. Odehraj\u00ed se posuny na Bl\u00edzk\u00e9m v\u00fdchod\u011b. P\u0159\u00edmo poc\u00edt\u00edme, jak bude vypadat p\u0159\u00edpadn\u00fd m\u00edr na Ukrajin\u011b, nebo to, zda N\u011bmecko unikne ekonomick\u00e9 stagnaci.<br \/><br \/>My sami budeme muset b\u00fdt daleko aktivn\u011bj\u0161\u00ed. Jako zem\u011b a jako Evropa. Z\u00e1rove\u0148 s n\u00e1ro\u010dn\u00fdmi v\u00fdzvami a tlakem na p\u0159ij\u00edm\u00e1n\u00ed z\u00e1sadn\u00edch rozhodnut\u00ed, dost\u00e1v\u00e1me i \u0161anci prosadit velk\u00e9 zm\u011bny. Nesm\u00edme takovou p\u0159\u00edle\u017eitost promarnit. I kdy\u017e to bude znamenat mnoho pr\u00e1ce, i kdy\u017e si to vy\u017e\u00e1d\u00e1 mnoho sil.<br \/><br \/>V\u00e1\u017een\u00ed spoluob\u010dan\u00e9,<br \/><br \/>P\u0159eji v\u00e1m, aby to pro v\u00e1s osobn\u011b byl rok hezk\u00fd, pln\u00fd \u0161t\u011bst\u00ed, zdrav\u00ed a spokojen\u00fdch dn\u00ed.<br \/><br \/>Dovolte mi, abych svoji novoro\u010dn\u00ed \u0159e\u010d zakon\u010dil velmi osobn\u011b. V lo\u0148sk\u00e9m roce se n\u00e1m narodilo p\u00e1t\u00e9 vnou\u010de. Rodina je pro m\u011b d\u016fle\u017eit\u00fdm z\u00e1zem\u00edm a zdrojem radosti a p\u0159\u00e1l bych ka\u017ed\u00e9mu z v\u00e1s, abyste m\u011bli ve sv\u00e9m bl\u00edzk\u00e9m okol\u00ed lidi, o kter\u00e9 se m\u016f\u017eete op\u0159\u00edt. Pr\u00e1v\u011b rodina je prost\u0159ed\u00edm, kter\u00e9 n\u00e1m d\u00e1v\u00e1 tak\u0159ka neomezen\u00e9 mo\u017enosti pro projev vlastn\u00ed odpov\u011bdnosti, l\u00e1sky a soudr\u017enosti.<br \/><br \/>Jako rodi\u010d\u016fm, prarodi\u010d\u016fm a cel\u00fdm rodin\u00e1m n\u00e1m pak p\u0159eji i to, abychom sv\u00fdm d\u011btem dok\u00e1zali zajistit co nejlep\u0161\u00ed vzd\u011bl\u00e1n\u00ed, co nejbezpe\u010dn\u011bj\u0161\u00ed prostor pro jejich rozvoj, abychom vychovali sebev\u011bdomou, zdrav\u011b p\u0159em\u00fd\u0161lej\u00edc\u00ed a \u0161\u0165astnou generaci.<br \/><br \/>I v\u00e1m, mil\u00ed \u0161kol\u00e1ci, pokud se je\u0161t\u011b kouk\u00e1te, p\u0159eji vesel\u00fd rok. A to, aby v\u00e1s sezen\u00ed ve \u0161koln\u00edch lavic\u00edch nejen bavilo, ale aby v\u00e1m tak\u00e9 otev\u00edralo dve\u0159e k nov\u00fdm n\u00e1pad\u016fm, dobrodru\u017estv\u00edm a odvaze zlep\u0161ovat sv\u011bt kolem sebe. V\u017edy\u0165 pr\u00e1v\u011b vy jste t\u011bmi, kdo budou jednou tvo\u0159it p\u0159\u00edb\u011bhy t\u00e9to zem\u011b.<br \/><br \/>D\u011bkuji za pozornost a p\u0159eji v\u00e1m v\u0161em hezk\u00fd nov\u00fd rok.<br \/><br \/>Petr Pavel, prezident republiky, Pra\u017esk\u00fd hrad 1. 1. 2025<br \/><br \/>Koment\u00e1\u0159e k novoro\u010dn\u00edmu projevu<\/p>\n\n\n\n<p>\u010cT 1\u00a0&#8211; Ud\u00e1losti<br \/><br \/>Tradi\u010dn\u00ed novoro\u010dn\u00ed poselstv\u00ed hlavy st\u00e1tu. Letos v\u00edc ne\u017e bilance toho, co bylo, sp\u00ed\u0161 v\u00fdhled na rok, kter\u00fd pr\u00e1v\u011b za\u010dal. Stav \u010cesk\u00e9 republiky nen\u00ed podle prezidenta zdaleka tak \u0161patn\u00fd, jak si lid\u00e9 n\u011bkdy mysl\u00ed. Petr Pavel v novoro\u010dn\u00edm projevu zd\u016fraznil, \u017ee \u010cesko je bezpe\u010dnou zem\u00ed bez v\u00e1lky a utrpen\u00ed.<br \/><br \/>Z\u00e1rove\u0148 ale upozornil, \u017ee zhruba \u010dtvrtina \u010cech\u016f \u017eije v soci\u00e1ln\u011b a hospod\u00e1\u0159sky ohro\u017een\u00fdch regionech. Na jejich podporu by se podle Petra Pavla m\u011bli politici zam\u011b\u0159it.<br \/><br \/>Prezident mluvil taky o nebezpe\u010d\u00ed poopravd a dezinformac\u00ed varoval p\u0159ed autorit\u00e1\u0159i. A stejn\u011b jako p\u0159ed rokem podpo\u0159il zaveden\u00ed eura.<br \/><br \/>Petr Pavel, prezident republiky<br \/>&#8212;&#8212;&#8212;&#8212;&#8212;&#8212;&#8211;<br \/>P\u0159esto\u017ee nepochybn\u011b jsou oblasti, ve kter\u00fdch hospod\u00e1\u0159sky dlouhodob\u011b, zaost\u00e1v\u00e1me, a \u017ee na\u0161e re\u00e1ln\u00e9 mzdy rostou sp\u00ed\u0161e pomalu, celkov\u00e1 ekonomick\u00e1 situace na\u0161eho st\u00e1tu nen\u00ed \u0161patn\u00e1. A i kdybychom je\u0161t\u011b za n\u011bkolik let nem\u011bli stejn\u00e9 platy jako v N\u011bmecku, jist\u011b by na\u0161i budouc\u00ed prosperitu podpo\u0159ilo i to, kdyby byly, stejn\u011b jako v N\u011bmecku, vypl\u00e1ceny v evropsk\u00e9 m\u011bn\u011b.<br \/><br \/> moder\u00e1tor \u010cT<br \/>&#8212;&#8212;&#8212;&#8212;&#8212;&#8212;&#8211;<br \/>Prezident taky v projevu p\u0159ipomn\u011bl, \u017ee se na podzim budou konat volby do sn\u011bmovny. Pokl\u00e1d\u00e1 za d\u016fle\u017eit\u00e9, aby z nich vze\u0161la vl\u00e1da garantuj\u00edc\u00ed bezpe\u010dnost, svobodu, vymahatelnost pr\u00e1va i dobr\u00e9 podm\u00ednky pro podnik\u00e1n\u00ed.<br \/><br \/>Prezident tentokr\u00e1t p\u0159em\u00edstil sv\u016fj novoro\u010dn\u00ed projev na prvn\u00ed n\u00e1dvo\u0159\u00ed Pra\u017esk\u00e9ho hradu. \u010cechy uji\u0161\u0165oval, \u017ee \u017eij\u00ed v bezpe\u010dn\u00e9 zemi, ve kter\u00e9 se nemus\u00ed o svou budoucnost ob\u00e1vat.<br \/><br \/>Petr Pavel, prezident republiky<br \/>&#8212;&#8212;&#8212;&#8212;&#8212;&#8212;&#8211;<br \/>Skute\u010dn\u00fd stav na\u0161\u00ed zem\u011b nen\u00ed ani zdaleka tak \u0161patn\u00fd, jak si n\u011bkdy mysl\u00edme na z\u00e1klad\u011b z\u00e1m\u011brn\u011b \u0161\u00ed\u0159en\u00fdch negativn\u00edch n\u00e1lad.<br \/><br \/> redaktorka \u010cT<br \/>&#8212;&#8212;&#8212;&#8212;&#8212;&#8212;&#8211;<br \/>Kritika region\u00e1ln\u00edch rozd\u00edl\u016f.<br \/>Petr Pavel ale vz\u00e1p\u011bt\u00ed upozornil, \u017ee hodn\u011b lid\u00ed se dnes dob\u0159e nem\u00e1. Zvl\u00e1\u0161\u0165 v kraj\u00edch, kde jsou ni\u017e\u0161\u00ed mzdy a vy\u0161\u0161\u00ed nezam\u011bstnanost.<br \/><br \/>Petr Pavel, prezident republiky<br \/>&#8212;&#8212;&#8212;&#8212;&#8212;&#8212;&#8211;<br \/>\u010ctvrtina z n\u00e1s \u017eije v hospod\u00e1\u0159sky a soci\u00e1ln\u011b ohro\u017een\u00fdch \u00fazem\u00edch. A i kdy\u017e to neznamen\u00e1, \u017ee ka\u017ed\u00fd \u010dtvrt\u00fd \u010del\u00ed vylou\u010den\u00ed nebo chudob\u011b, znamen\u00e1 to, \u017ee velk\u00e9 \u010d\u00e1sti na\u0161\u00ed spole\u010dnosti se p\u0159\u00edmo dot\u00fdk\u00e1 \u0161patn\u00fd stav t\u011bchto \u00fazem\u00ed.<br \/><br \/>redaktor \u010cT<br \/>&#8212;&#8212;&#8212;&#8212;&#8212;&#8212;&#8211;<br \/>Politiky pak hlava st\u00e1tu vyzvala, aby za\u010daly hospod\u00e1\u0159sk\u00e9 rozd\u00edly mezi bohat\u0161\u00edmi a chud\u0161\u00edmi kraji sni\u017eovat.<br \/><br \/>Petr Pavel, prezident republiky<br \/>&#8212;&#8212;&#8212;&#8212;&#8212;&#8212;&#8211;<br \/>Chci proto dnes v\u00e1m, kte\u0159\u00ed dobr\u00e9 podm\u00ednky k \u017eivotu nem\u00e1te, v\u00e1m, kte\u0159\u00ed nem\u00e1te tolik mo\u017enost\u00ed naj\u00edt dobr\u00e9 bydlen\u00ed, dobrou pr\u00e1ci, l\u00e9ka\u0159e nebo \u0161kolu pro sv\u00e9 d\u011bti, chci \u0159\u00edct, \u017ee budu nad\u00e1le usilovat o to, aby v\u00e1\u0161 hlas byl sly\u0161et.<br \/><br \/>redaktorka \u010cT<br \/>&#8212;&#8212;&#8212;&#8212;&#8212;&#8212;&#8211;<br \/>Volby do Poslaneck\u00e9 sn\u011bmovny.<br \/>Velk\u00fd prostor v\u011bnoval prezident ve druh\u00e9 \u010d\u00e1sti sv\u00e9ho projevu podzimn\u00edm volb\u00e1m do sn\u011bmovny. Ty ur\u010d\u00ed, kdo v \u010cesku bude vl\u00e1dnout, a lid\u00e9 by se jich podle prezidenta m\u011bly z\u00fa\u010dastnit.<br \/><br \/>Petr Pavel, prezident republiky<br \/>&#8212;&#8212;&#8212;&#8212;&#8212;&#8212;&#8211;<br \/>Volby budou d\u016fle\u017eit\u00e9. Rozhodnou o tom, jestli a jak budou \u0159e\u0161eny ty nejpodstatn\u011bj\u0161\u00ed nedostatky, kter\u00e9 tr\u00e1p\u00ed na\u0161i zemi, a jestli budou \u0159e\u0161eny s pokorou, poctiv\u011b a dlouhodob\u011b, nebo jen tak, aby p\u0159inesly kr\u00e1tkodobou popularitu.<br \/><br \/>redaktorka \u010cT<br \/>&#8212;&#8212;&#8212;&#8212;&#8212;&#8212;&#8211;<br \/>Politick\u00fd v\u00fdvoj v d\u016fle\u017eit\u00fdch zem\u00edch.<br \/>Pavel tak\u00e9 p\u0159ipomn\u011bl, \u017ee \u010cesko v tomto roce ovlivn\u00ed i o\u010dek\u00e1van\u00e9 politick\u00e9 zm\u011bny v N\u011bmecku, ve Francii a tak\u00e9 n\u00e1stup nov\u00e9ho americk\u00e9ho prezidenta Donalda Trumpa.<br \/><br \/>Petr Pavel, prezident republiky<br \/>&#8212;&#8212;&#8212;&#8212;&#8212;&#8212;&#8211;<br \/>Uvid\u00edme tak\u00e9 prvn\u00ed kroky nov\u00e9 americk\u00e9 administrativy a jej\u00ed ekonomick\u00e1 opat\u0159en\u00ed v\u016f\u010di n\u00e1m, tedy Evrop\u011b.<br \/><br \/>redaktor \u010cT<br \/>&#8212;&#8212;&#8212;&#8212;&#8212;&#8212;&#8211;<br \/>Na konci sv\u00e9ho projevu pak prezident lidem pop\u0159\u00e1l zdrav\u00ed a \u0161t\u011bst\u00ed a tak\u00e9, aby si udr\u017eovali co nejlep\u0161\u00ed vztahy s bl\u00edzk\u00fdmi.<br \/><br \/>Petr Pavel, prezident republiky<br \/>&#8212;&#8212;&#8212;&#8212;&#8212;&#8212;&#8211;<br \/>V lo\u0148sk\u00e9m roce se n\u00e1m narodilo p\u00e1t\u00e9 vnou\u010de.Rodina je pro m\u011b d\u016fle\u017eit\u00fdm z\u00e1zem\u00edm a zdrojem radosti a p\u0159\u00e1l bych ka\u017ed\u00e9mu z v\u00e1s, abyste m\u011bli ve sv\u00e9m bl\u00edzk\u00e9m okol\u00ed lidi, o kter\u00e9 se m\u016f\u017eete op\u0159\u00edt.<br \/><br \/> redaktor \u010cT<br \/>&#8212;&#8212;&#8212;&#8212;&#8212;&#8212;&#8211;<br \/>Petr Pavel p\u0159ed rokem p\u0159esunul poselstv\u00ed prezidenta republiky z 26. prosince na Nov\u00fd rok. P\u0159ed n\u00edm pron\u00e1\u0161eli sv\u00e9 projevy 1. ledna i prezidenti V\u00e1clav Klaus a V\u00e1clav Havel. <br \/><br \/>Politici z koalice Spolu hodnot\u00ed prezident\u016fv novoro\u010dn\u00ed projev jako spojuj\u00edc\u00ed a realistick\u00fd. P\u0159edsedkyn\u011b sn\u011bmovny Mark\u00e9ta Pekarov\u00e1 Adamov\u00e1 uv\u00edtala apel na \u00fa\u010dast ve volb\u00e1ch a ocenila optimistick\u00fd obsah projevu. Stejn\u011b tak premi\u00e9r.<br \/><br \/>Petr Fiala, premi\u00e9r, p\u0159edseda strany \/ODS\/<br \/>&#8212;&#8212;&#8212;&#8212;&#8212;&#8212;&#8211;<br \/>Projev hlavy st\u00e1tu m\u00e1 b\u00fdt d\u016fstojn\u00fd, st\u00e1tnick\u00fd a spojuj\u00edc\u00ed \u2013 a p\u0159esn\u011b takov\u00fd ho m\u011bl prezident Petr Pavel. Oce\u0148uji tak\u00e9, \u017ee se shodujeme na pozitivn\u00ed vizi do budoucna. Nesm\u00edme se nechat zastra\u0161it t\u011bmi, co jen \u0161\u00ed\u0159\u00ed negativn\u00ed n\u00e1ladu.<br \/><br \/> moder\u00e1torka \u010cT<br \/>&#8212;&#8212;&#8212;&#8212;&#8212;&#8212;&#8211;<br \/>Z\u00e1jem o osudy lid\u00ed a respekt. To shodn\u011b ocenili p\u0159edseda Sen\u00e1tu Milo\u0161 Vystr\u010dil a vicepremi\u00e9r V\u00edt Raku\u0161an. Oba tak\u00e9 pova\u017euj\u00ed za z\u00e1sadn\u00ed vyrovn\u00e1vat rozd\u00edly mezi regiony.<br \/><br \/>V\u00edt raku\u0161an, 1. vicepremi\u00e9r, ministr vnitra, p\u0159edseda hnut\u00ed \/STAN\/<br \/>&#8212;&#8212;&#8212;&#8212;&#8212;&#8212;&#8211;<br \/>Jsem r\u00e1d, \u017ee v jeho projevu zazn\u011bl d\u016fraz na funk\u010dn\u00ed \u0159e\u0161en\u00ed probl\u00e9m\u016f. Ne plan\u00e9 sliby a zav\u00edr\u00e1n\u00ed o\u010d\u00ed p\u0159ed realitou, jak jsme toho bohu\u017eel \u010dasto sv\u011bdky. Sd\u00edl\u00edm i pohled na p\u0159ijet\u00ed eura jako cestu k prosperit\u011b.<br \/><br \/> moder\u00e1tor \u010cT<br \/>&#8212;&#8212;&#8212;&#8212;&#8212;&#8212;&#8211;<br \/>Pozitivn\u011b slova hlavy st\u00e1tu zhodnotili i Pir\u00e1ti. Dal\u0161\u00ed opozi\u010dn\u00ed strany byly kritick\u00e9. Z\u00e1stupci hnut\u00ed ANO ozna\u010dili prezidentovu \u0159e\u010d za provl\u00e1dn\u00ed.<br \/><br \/>Karel Havl\u00ed\u010dek, m\u00edstop\u0159edseda sn\u011bmovny, 1. m\u00edstop\u0159edseda hnut\u00ed \/ANO\/<br \/>&#8212;&#8212;&#8212;&#8212;&#8212;&#8212;&#8211;<br \/>Pan prezident za\u010d\u00edn\u00e1 p\u0159eb\u00edrat r\u00e9toriku Petra Fialy stran t\u0159eba hospod\u00e1\u0159sk\u00e9 kondice \u010cesk\u00e9 republiky. Toto podle m\u00e9ho n\u00e1zoru nep\u0159\u00edslu\u0161\u00ed panu prezidentovi.<br \/><br \/> moder\u00e1torka \u010cT<br \/>&#8212;&#8212;&#8212;&#8212;&#8212;&#8212;&#8211;<br \/>A \u0159adu v\u00fdhrad m\u011bli i politici SPD, uvedli t\u0159eba, \u017ee projev psal \u010dlov\u011bk odtr\u017een\u00fd od re\u00e1ln\u00e9ho sv\u011bta.<br \/><br \/>Radim Fiala, p\u0159edseda poslanecjk\u00e9ho klubu hnut\u00ed \/SPD\/<br \/>&#8212;&#8212;&#8212;&#8212;&#8212;&#8212;&#8211;<br \/>Projevy t\u011bch p\u0159edch\u00e1zej\u00edc\u00edch prezident\u016f m\u011bly aspo\u0148 n\u011bjakou kritiku vl\u00e1dy, toho, co se n\u00e1m neda\u0159\u00ed, pohled do budoucna, ale tento projev, v podstat\u011b \u017e\u00e1dn\u00e1 kritika vl\u00e1dy tam nebyla.<br \/><br \/> moder\u00e1tor \u010cT<br \/>&#8212;&#8212;&#8212;&#8212;&#8212;&#8212;&#8211;<br \/>Lo\u0148sk\u00fd rok byl pro Petra Pavla druh\u00fdm v roli prezidenta. Poprv\u00e9 vetoval z\u00e1kon, ud\u011blil prvn\u00ed \u010dty\u0159i milosti, jmenoval \u010dty\u0159i \u00fastavn\u00ed soudce a t\u0159i ministry. Vedle \u010desk\u00fdch region\u016f nav\u0161t\u00edvil t\u0159eba \u0160v\u00fdcarsko, Lucembursko, Izrael, Katar, Austr\u00e1lii nebo Nov\u00fd Z\u00e9land.<br \/><br \/>V pond\u011bl\u00ed 9. prosince. Na Pra\u017esk\u00fd hrad p\u0159ijeli Petr Fiala a Zbyn\u011bk Stanjura. B\u011bhem hodinov\u00e9 sch\u016fzky se sna\u017eili Petra Pavla p\u0159esv\u011bd\u010dit, aby podepsal st\u00e1tn\u00ed rozpo\u010det na rok 2025. Pr\u00e1v\u011b kv\u016fli Pavlov\u011b kritice rozpo\u010dtov\u00fdch polo\u017eek za 40 miliard propukl mezi prezidentem a vl\u00e1dou z\u0159ejm\u011b nejv\u011bt\u0161\u00ed politick\u00fd spor. Prezident ale nakonec vl\u00e1d\u011b vyhov\u011bl a za sv\u00fdm rozhodnut\u00edm si stoj\u00ed i te\u010f.<br \/><br \/>Petr Pavel, prezident republiky<br \/>&#8212;&#8212;&#8212;&#8212;&#8212;&#8212;&#8211;<br \/>Pokud jde o rozpo\u010det, tak tam jsem veto pova\u017eoval pr\u00e1v\u011b jenom za politick\u00e9 gesto, kter\u00e9 by m\u011blo d\u00e1t podle hodnocen\u00ed n\u011bkter\u00fdch vl\u00e1d\u011b p\u0159es prsty za to, \u017ee ne v\u0161echny vstupy do rozpo\u010dtu byly \u00fapln\u011b p\u0159esn\u00e9. Na druhou stranu to, co jsem pova\u017eoval za mnohem d\u016fle\u017eit\u011bj\u0161\u00ed, bylo to, aby nebyl p\u0159ekro\u010den deficit.<br \/><br \/>Zbyn\u011bk Stanjura, ministr financ\u00ed, poslanec, 1. m\u00edstop\u0159edseda strany \/ODS\/<br \/>&#8212;&#8212;&#8212;&#8212;&#8212;&#8212;&#8211;<br \/>Pokud se uk\u00e1\u017ee, \u017ee ta rizika se napln\u00ed, tak pak budou \u0161krtnut\u00e9 jin\u00e9 v\u00fddaje.<br \/><br \/>redaktor \u010cT<br \/>&#8212;&#8212;&#8212;&#8212;&#8212;&#8212;&#8211;<br \/>U\u017e loni na ja\u0159e se prezident pokusil zprost\u0159edkovat dohodu mezi vl\u00e1dou a opozi\u010dn\u00edm hnut\u00edm ANO na d\u016fchodov\u00e9 reform\u011b. Jeho snaha ale ztroskotala hned po prvn\u00edm spole\u010dn\u00e9m setk\u00e1n\u00ed, kter\u00e9 tady na Pra\u017esk\u00e9m hrad\u011b uspo\u0159\u00e1dal.<br \/><br \/>Petr Pavel, prezident republiky<br \/>&#8212;&#8212;&#8212;&#8212;&#8212;&#8212;&#8211;<br \/>Vn\u00edm\u00e1m, \u017ee ta atmosf\u00e9ra, se kterou do jedn\u00e1n\u00ed vstupujeme, nen\u00ed \u00fapln\u011b jednoduch\u00e1.<br \/><br \/>redaktor \u010cT<br \/>&#8212;&#8212;&#8212;&#8212;&#8212;&#8212;&#8211;<br \/>Po hodinu a p\u016fl dlouh\u00e9m jedn\u00e1n\u00ed bylo jasn\u00e9, \u017ee prezident s ministrem Marianem Jure\u010dkou na stran\u011b jedn\u00e9 a hnut\u00ed ANO na stran\u011b druh\u00e9 vn\u00edmaj\u00ed v\u00fdsledky sch\u016fzky \u00fapln\u011b jinak.<br \/><br \/>Petr Pavel, prezident republiky<br \/>&#8212;&#8212;&#8212;&#8212;&#8212;&#8212;&#8211;<br \/>Shodli jsme se i na tom, \u017ee v\u011bk odchodu do d\u016fchodu se bude muset v budoucnosti prodlu\u017eovat.<br \/><br \/>Marian Jure\u010dka,\u00a0<strong>ministr<\/strong>\u00a0<strong>pr\u00e1ce<\/strong>\u00a0a soci\u00e1ln\u00edch v\u011bc\u00ed \/KDU-\u010cSL\/<br \/>&#8212;&#8212;&#8212;&#8212;&#8212;&#8212;&#8211;<br \/>Bav\u00edme se o tom, \u017ee vlastn\u011b n\u011bjak\u00fdm zp\u016fsobem principi\u00e1ln\u011b toto \u0159e\u0161it mus\u00edme.<br \/><br \/>Alena Schillerov\u00e1, p\u0159edsedkyn\u011b poslaneck\u00e9ho klubu, m\u00edstop\u0159edseda hnut\u00ed \/ANO\/<br \/>&#8212;&#8212;&#8212;&#8212;&#8212;&#8212;&#8211;<br \/>Rozhodn\u011b je p\u0159ed\u010dasn\u00e9 \u0159\u00edkat, \u017ee bychom se na n\u011b\u010dem shodli, to ur\u010dit\u011b ne.<br \/><br \/>Petr Pavel, prezident republiky<br \/>&#8212;&#8212;&#8212;&#8212;&#8212;&#8212;&#8211;<br \/>Nebude-li opozice s vl\u00e1dou schopna naj\u00edt alespo\u0148 v n\u011b\u010dem spole\u010dnou \u0159e\u010d, pak vlastn\u011b \u017e\u00e1dn\u00fd kompromis v politice ani nen\u00ed mo\u017en\u00fd, a to pop\u00edr\u00e1 cel\u00fd princip politiky.<br \/><br \/>redaktor \u010cT<br \/>&#8212;&#8212;&#8212;&#8212;&#8212;&#8212;&#8211;<br \/>Na za\u010d\u00e1tku z\u00e1\u0159\u00ed Pavel vetoval prvn\u00ed z\u00e1kon, novelu, podle kter\u00e9 by o \u010d\u00e1sti soudn\u00edch spor\u016f u\u017e nespolurozhodovali p\u0159\u00edsed\u00edc\u00ed. Sn\u011bmovna pak prezidenta p\u0159ehlasovala. Jin\u00e9 veto z\u00e1kona zat\u00edm Pavel za v\u00edc ne\u017e rok a t\u0159i \u010dtvrt\u011b ve funkci nepou\u017eil.<br \/><br \/>Petr Pavel, prezident republiky<br \/>J\u00e1 vn\u00edm\u00e1m veto jako mimo\u0159\u00e1dn\u00fd n\u00e1stroj a rozhodn\u011b ho nevn\u00edm\u00e1m jako n\u00e1stroj, kter\u00fdm by m\u011bl prezident uk\u00e1zat svoji moc ve vztahu k vl\u00e1d\u011b nebo parlamentu.<br \/><br \/>redaktor \u010cT<br \/>&#8212;&#8212;&#8212;&#8212;&#8212;&#8212;&#8211;<br \/>12. prosince jmenoval Petr Pavel \u00fastavn\u00ed soudkyn\u00ed Ditu \u0158epkovou, p\u0159ed n\u00ed pak v lednu v Sen\u00e1tu prosadil do \u00dastavn\u00edho soudu Milana Hulm\u00e1ka a v \u010dervnu Tom\u00e1\u0161e Lang\u00e1\u0161ka a Ji\u0159\u00edho P\u0159ib\u00e1n\u011b.<br \/><br \/>Petr Pavel, prezident republiky<br \/>&#8212;&#8212;&#8212;&#8212;&#8212;&#8212;&#8211;<br \/>Bych byl r\u00e1d, abyste si za ka\u017edou cenu zachovali nez\u00e1vislost, odstup, ale z\u00e1rove\u0148, abyste tak\u00e9 z\u016fstali v kontaktu s lidmi, proto\u017ee pro n\u011b va\u0161e judikatura mus\u00ed b\u00fdt srozumiteln\u00e1.<br \/><br \/>redaktor \u010cT<br \/>&#8212;&#8212;&#8212;&#8212;&#8212;&#8212;&#8211;<br \/>V kontaktu s lidmi byl letos Petr Pavel hlavn\u011b na cest\u00e1ch do region\u016f. V \u010dervnu nap\u0159\u00edklad postupn\u011b zav\u00edtal do \u00dasteck\u00e9ho a Karlovarsk\u00e9ho kraje. V listopadu pak nav\u0161t\u00edvil pomez\u00ed Jiho\u010desk\u00e9ho a Jihomoravsk\u00e9ho kraje a tak\u00e9 Vyso\u010dinu. <br \/><br \/><\/p>\n","protected":false},"excerpt":{"rendered":"<div class=\"mh-excerpt\"><p>Novoro\u010dn\u00ed projev prezidenta republiky Petra Pavla v roce 2025&nbsp;&nbsp; 1. ledna 2025 V\u00e1\u017een\u00ed spoluob\u010dan\u00e9, v tuto dobu, a p\u0159i t\u00e9to p\u0159\u00edle\u017eitosti, b\u00fdv\u00e1 zvykem rekapitulovat uplynul\u00fd <a class=\"mh-excerpt-more\" href=\"https:\/\/www.invarena.cz\/?p=54017\" title=\"Novoro\u010dn\u00ed projev prezidenta republiky\u00a0\u00a0\">[&#8230;]<\/a><\/p>\n<\/div>","protected":false},"author":1,"featured_media":43206,"comment_status":"open","ping_status":"closed","sticky":false,"template":"","format":"standard","meta":{"footnotes":""},"categories":[6],"tags":[],"class_list":["post-54017","post","type-post","status-publish","format-standard","has-post-thumbnail","hentry","category-politika"],"_links":{"self":[{"href":"https:\/\/www.invarena.cz\/index.php?rest_route=\/wp\/v2\/posts\/54017","targetHints":{"allow":["GET"]}}],"collection":[{"href":"https:\/\/www.invarena.cz\/index.php?rest_route=\/wp\/v2\/posts"}],"about":[{"href":"https:\/\/www.invarena.cz\/index.php?rest_route=\/wp\/v2\/types\/post"}],"author":[{"embeddable":true,"href":"https:\/\/www.invarena.cz\/index.php?rest_route=\/wp\/v2\/users\/1"}],"replies":[{"embeddable":true,"href":"https:\/\/www.invarena.cz\/index.php?rest_route=%2Fwp%2Fv2%2Fcomments&post=54017"}],"version-history":[{"count":0,"href":"https:\/\/www.invarena.cz\/index.php?rest_route=\/wp\/v2\/posts\/54017\/revisions"}],"wp:featuredmedia":[{"embeddable":true,"href":"https:\/\/www.invarena.cz\/index.php?rest_route=\/wp\/v2\/media\/43206"}],"wp:attachment":[{"href":"https:\/\/www.invarena.cz\/index.php?rest_route=%2Fwp%2Fv2%2Fmedia&parent=54017"}],"wp:term":[{"taxonomy":"category","embeddable":true,"href":"https:\/\/www.invarena.cz\/index.php?rest_route=%2Fwp%2Fv2%2Fcategories&post=54017"},{"taxonomy":"post_tag","embeddable":true,"href":"https:\/\/www.invarena.cz\/index.php?rest_route=%2Fwp%2Fv2%2Ftags&post=54017"}],"curies":[{"name":"wp","href":"https:\/\/api.w.org\/{rel}","templated":true}]}}