{"id":54027,"date":"2025-01-03T07:55:49","date_gmt":"2025-01-03T06:55:49","guid":{"rendered":"https:\/\/www.invarena.cz\/?p=54027"},"modified":"2025-01-03T07:56:03","modified_gmt":"2025-01-03T06:56:03","slug":"domaci-pece-o-vazne-nemocne","status":"publish","type":"post","link":"https:\/\/www.invarena.cz\/?p=54027","title":{"rendered":"Dom\u00e1c\u00ed p\u00e9\u010de o v\u00e1\u017en\u011b nemocn\u00e9\u00a0\u00a0"},"content":{"rendered":"\n<p>\u010cT 1\u00a0&#8211; Ud\u00e1losti<br \/><br \/>dne\u0161kem po\u010d\u00ednaje plat\u00ed tak\u00e9 n\u011bkter\u00e9 zm\u011bny, kter\u00e9 maj\u00ed pomoci rodin\u00e1m s v\u00e1\u017en\u011b nemocn\u00fdm \u010dlov\u011bkem. Jeden p\u0159\u00edb\u011bh za v\u0161echny. Ovsen\u00e1kovi. \u017divot jim \u00fapln\u011b zm\u011bnila diagn\u00f3za ALS.<br \/><br \/>Martin Ovsen\u00e1k je napojen\u00fd na plicn\u00ed ventilaci, ochabuje mu svalstvo a l\u00e9k zat\u00edm nen\u00ed, p\u0159esto st\u00e1le pracuje. Po\u010d\u00edta\u010d, ovl\u00e1d\u00e1 o\u010dima. P\u011bti\u010dlenn\u00e1 rodina \u017eije z jeho v\u00fdd\u011blku,\u00a0<strong>invalidn\u00edho<\/strong>\u00a0d\u016fchodu a pomohla jim sb\u00edrka. Man\u017eelka se o n\u011bj t\u00e9m\u011b\u0159 nonstop star\u00e1 sama.<br \/><br \/>Martin Ovsen\u00e1k, pacient s ALS<br \/>&#8212;&#8212;&#8212;&#8212;&#8212;&#8212;&#8211;<br \/>Bez jej\u00ed p\u00e9\u010de si to neum\u00edm p\u0159edstavit.<br \/><br \/> redaktorka \u010cT<br \/>&#8212;&#8212;&#8212;&#8212;&#8212;&#8212;&#8211;<br \/>Zat\u00edmco on programuje, Lucie Ovsen\u00e1kov\u00e1 pl\u00e1nuje rodinn\u00fd rozvrh a chyst\u00e1 se na dal\u0161\u00ed jedn\u00e1n\u00ed s \u00fa\u0159ady.<br \/><br \/>Lucie Ovsen\u00e1kov\u00e1, dom\u00e1c\u00ed pe\u010duj\u00edc\u00ed<br \/>&#8212;&#8212;&#8212;&#8212;&#8212;&#8212;&#8211;<br \/>Ten pe\u010duj\u00edc\u00ed pot\u0159ebuje ve fin\u00e1le dv\u011b v\u011bci, jedno jsou pen\u00edze a druh\u00fd je, aby ho n\u011bkdo vyst\u0159\u00eddal.<br \/><br \/>redaktorka \u010cT<br \/>&#8212;&#8212;&#8212;&#8212;&#8212;&#8212;&#8211;<br \/>Nejen o tom mluvila opakovan\u011b ve sn\u011bmovn\u011b.<br \/><br \/>Lucie Ovsen\u00e1kov\u00e1, dom\u00e1c\u00ed pe\u010duj\u00edc\u00ed<br \/>&#8212;&#8212;&#8212;&#8212;&#8212;&#8212;&#8211;<br \/>J\u00e1 jsem se n\u011bkolikr\u00e1t c\u00edtila mizern\u011b, \u017ee to nezvl\u00e1d\u00e1m. Brala jsem to jako svoje selh\u00e1n\u00ed.<br \/><br \/>Martin Ovsen\u00e1k, pacient s ALS<br \/>&#8212;&#8212;&#8212;&#8212;&#8212;&#8212;&#8211;<br \/>Je to dobr\u00e9, oce\u0148uji to.<br \/><br \/>Lucie Ovsen\u00e1kov\u00e1, dom\u00e1c\u00ed pe\u010duj\u00edc\u00ed<br \/>&#8212;&#8212;&#8212;&#8212;&#8212;&#8212;&#8211;<br \/>Za t\u011bch \u0161est let p\u00e9\u010de jsem u\u0161et\u0159ila zdravotn\u00ed poji\u0161\u0165ovny 7 milion\u016f. Je to nesm\u00edrn\u011b frustruj\u00edc\u00ed. Te\u010f chci jet s d\u011btmi na hory. Jedna noc zdravotn\u00ed sestry m\u011b bude st\u00e1t 4000.<br \/><br \/> redaktorka \u010cT<br \/>&#8212;&#8212;&#8212;&#8212;&#8212;&#8212;&#8211;<br \/>V \u010cesku \u017eije zhruba 7000 lid\u00ed, kte\u0159\u00ed vyu\u017e\u00edvaj\u00ed vysoce intenzivn\u00ed dom\u00e1c\u00ed p\u00e9\u010di v\u00edce ne\u017e rok. Dal\u0161\u00ed \u010dty\u0159i stovky jsou napojeny na dom\u00e1c\u00ed plicn\u00ed ventilaci.<br \/><br \/>Ladislav Du\u0161ek, \u0159editel \u00dastavu zdravotnick\u00fdch informac\u00ed a statistiky<br \/>&#8212;&#8212;&#8212;&#8212;&#8212;&#8212;&#8211;<br \/>Pokud bysme se dostali do toho st\u0159edn\u00edho levelu odhadu kolem t\u011bch 5000, tak by to st\u00e1lo zhruba 4,6 miliardy, kdyby tito pacienti byli trvale v p\u00e9\u010di t\u0159eba nemocni\u010dn\u00edho za\u0159\u00edzen\u00ed, rodiny a bl\u00edzc\u00ed \u0161et\u0159\u00ed st\u00e1tu opravdu velk\u00e9 pen\u00edze.<br \/><br \/>redaktorka \u010cT<br \/>&#8212;&#8212;&#8212;&#8212;&#8212;&#8212;&#8211;<br \/>Lucie Ovsen\u00e1kov\u00e1 z\u00e1rove\u0148 oce\u0148uje nov\u00e9 zm\u011bny, t\u0159eba zv\u00fd\u0161en\u00ed p\u0159\u00edsp\u011bvku na p\u00e9\u010di, hrad\u00ed z n\u011bj zdravotn\u00ed sestru i pe\u010dovatelku.<br \/><br \/>Marian Jure\u010dka,\u00a0<strong>ministr<\/strong>\u00a0<strong>pr\u00e1ce<\/strong>\u00a0a soci\u00e1ln\u00edch v\u011bc\u00ed \/KDU-\u010cSL\/<br \/>&#8212;&#8212;&#8212;&#8212;&#8212;&#8212;&#8211;<br \/>P\u0159ipravujeme je\u0161t\u011b n\u011bkter\u00e9 zm\u011bny, kter\u00e9 se t\u00fdkaj\u00ed nap\u0159\u00edklad toho, aby n\u011bkter\u00e9 ty osobn\u00ed zdravotn\u00ed \u00fakony bylo mo\u017en\u00e9 d\u011blat ofici\u00e1ln\u011bji.<br \/><br \/>redaktorka \u010cT<br \/>&#8212;&#8212;&#8212;&#8212;&#8212;&#8212;&#8211;<br \/>Navzdory t\u011b\u017ekostem Ovsen\u00e1kov\u00fdm d\u011bl\u00e1 radost nov\u00fd \u010dlen rodiny. Spole\u010dn\u00fd \u010das si r\u00e1di u\u017e\u00edvaj\u00ed i na v\u00fdletech. <br \/><\/p>\n","protected":false},"excerpt":{"rendered":"<div class=\"mh-excerpt\"><p>\u010cT 1\u00a0&#8211; Ud\u00e1losti dne\u0161kem po\u010d\u00ednaje plat\u00ed tak\u00e9 n\u011bkter\u00e9 zm\u011bny, kter\u00e9 maj\u00ed pomoci rodin\u00e1m s v\u00e1\u017en\u011b nemocn\u00fdm \u010dlov\u011bkem. Jeden p\u0159\u00edb\u011bh za v\u0161echny. Ovsen\u00e1kovi. \u017divot jim \u00fapln\u011b <a class=\"mh-excerpt-more\" href=\"https:\/\/www.invarena.cz\/?p=54027\" title=\"Dom\u00e1c\u00ed p\u00e9\u010de o v\u00e1\u017en\u011b nemocn\u00e9\u00a0\u00a0\">[&#8230;]<\/a><\/p>\n<\/div>","protected":false},"author":1,"featured_media":41200,"comment_status":"open","ping_status":"closed","sticky":false,"template":"","format":"standard","meta":{"footnotes":""},"categories":[7],"tags":[],"class_list":["post-54027","post","type-post","status-publish","format-standard","has-post-thumbnail","hentry","category-spolecnost"],"_links":{"self":[{"href":"https:\/\/www.invarena.cz\/index.php?rest_route=\/wp\/v2\/posts\/54027","targetHints":{"allow":["GET"]}}],"collection":[{"href":"https:\/\/www.invarena.cz\/index.php?rest_route=\/wp\/v2\/posts"}],"about":[{"href":"https:\/\/www.invarena.cz\/index.php?rest_route=\/wp\/v2\/types\/post"}],"author":[{"embeddable":true,"href":"https:\/\/www.invarena.cz\/index.php?rest_route=\/wp\/v2\/users\/1"}],"replies":[{"embeddable":true,"href":"https:\/\/www.invarena.cz\/index.php?rest_route=%2Fwp%2Fv2%2Fcomments&post=54027"}],"version-history":[{"count":0,"href":"https:\/\/www.invarena.cz\/index.php?rest_route=\/wp\/v2\/posts\/54027\/revisions"}],"wp:featuredmedia":[{"embeddable":true,"href":"https:\/\/www.invarena.cz\/index.php?rest_route=\/wp\/v2\/media\/41200"}],"wp:attachment":[{"href":"https:\/\/www.invarena.cz\/index.php?rest_route=%2Fwp%2Fv2%2Fmedia&parent=54027"}],"wp:term":[{"taxonomy":"category","embeddable":true,"href":"https:\/\/www.invarena.cz\/index.php?rest_route=%2Fwp%2Fv2%2Fcategories&post=54027"},{"taxonomy":"post_tag","embeddable":true,"href":"https:\/\/www.invarena.cz\/index.php?rest_route=%2Fwp%2Fv2%2Ftags&post=54027"}],"curies":[{"name":"wp","href":"https:\/\/api.w.org\/{rel}","templated":true}]}}