{"id":54055,"date":"2025-01-08T11:58:51","date_gmt":"2025-01-08T10:58:51","guid":{"rendered":"https:\/\/www.invarena.cz\/?p=54055"},"modified":"2025-01-08T11:58:54","modified_gmt":"2025-01-08T10:58:54","slug":"vyvinul-aplikaci-pro-preklad-znakoveho-jazyka","status":"publish","type":"post","link":"https:\/\/www.invarena.cz\/?p=54055","title":{"rendered":"Vyvinul aplikaci pro p\u0159eklad znakov\u00e9ho jazyka\u00a0\u00a0"},"content":{"rendered":"\n<p>\u010cT 24\u00a0<br \/><br \/>Bylo mu \u0161est let a za\u010dal jako program\u00e1tor vytvo\u0159il webovou str\u00e1nku, na kter\u00e9 nab\u00edzel to, co vybral ze sp\u00ed\u017ee sv\u00e9 babi\u010dky.<br \/>Pak vytvo\u0159il mimo jin\u00e9 aplikaci, kter\u00e1 sb\u00edrala zpr\u00e1vy z vybran\u00fdch web\u016f nebo p\u0159eklada\u010d ze znakov\u00e9ho jazyka, do toho u\u017e na z\u00e1kladn\u00ed \u0161kole obnovil \u0161koln\u00ed radu a stal se j\u00edm p\u0159edsedou. Loni odmaturoval, studuje na americk\u00e9m Stanfordu a d\u011bl\u00e1 v\u00fdzkum s jedn\u00edm z p\u0159edn\u00edch sv\u011btov\u00fdch odborn\u00edk\u016f na um\u011blou inteligenci, kter\u00fd p\u016fsob\u00ed na Kalifornsk\u00e9 univerzit\u011b v Berkley. A k tomu je na st\u00e1\u017ei v Googlu Maty\u00e1\u0161 Boh\u00e1\u010dek. Vyv\u00edj\u00ed syst\u00e9my na rozpozn\u00e1n\u00ed l\u017e\u00ed a deepfejkov\u00e1 videa, tedy realistick\u00e1 um\u011ble vytvo\u0159en\u00e1 videa. Um\u00ed i ud\u011blat.Jak se vyznat ve sv\u011bt\u011b, ve kter\u00e9m je st\u00e1le snaz\u0161\u00ed lh\u00e1t.V\u00edtejte ve sv\u011bt\u011b v\u011bdy a ot\u00e1zek sou\u010dasn\u00e9 spole\u010dnosti. Za\u010d\u00edn\u00e1, Hyde Park Civilizace.<br \/><br \/>moder\u00e1tor \u010cT<br \/>&#8212;&#8212;&#8212;&#8212;&#8212;&#8212;&#8211;<br \/>Podle tebe AI zm\u011bn\u00ed sv\u011bt jako.<br \/><br \/>mluv\u010d\u00ed 3,<br \/>&#8212;&#8212;&#8212;&#8212;&#8212;&#8212;&#8211;<br \/>Jako internet. Ta zm\u011bna je tak naprosto bezprost\u0159edn\u00ed a z\u00e1rove\u0148 v\u0161udyp\u0159\u00edtomn\u00e1, \u017ee nen\u00ed podle m\u011b jin\u00e1 technologie ne\u017e internet, aby to popsal l\u00edp.<br \/><br \/>Daniel Stach, moder\u00e1tor \u010cT<br \/>&#8212;&#8212;&#8212;&#8212;&#8212;&#8212;&#8211;<br \/>Jak se podle tebe kv\u016fli AI prom\u011b\u0148uje mno\u017estv\u00ed pravdy a l\u017e\u00ed, kter\u00e9 m\u00e1me kolem sebe?<br \/><br \/>mluv\u010d\u00ed 3,<br \/>&#8212;&#8212;&#8212;&#8212;&#8212;&#8212;&#8211;<br \/>Ta ot\u00e1zka doposud byla \u010dasto o tom, co na internetu je fale\u0161n\u00e9, co je nepravdiv\u00e9 a kde se m\u00e1me d\u00edvat do detail\u016f a kde si d\u00e1t pozor na n\u011bjak\u00e9 manipulace. Podle m\u011b ta ot\u00e1zka se m\u011bn\u00ed na to, ne, kde jsou manipulace a kde je nepravda, ale naopak, kde je ta pravda.<br \/><br \/>Daniel Stach, moder\u00e1tor \u010cT<br \/>&#8212;&#8212;&#8212;&#8212;&#8212;&#8212;&#8211;<br \/>M\u00edsto l\u017e\u00ed budeme hledat pravdu.\u0158\u00edk\u00e1 Maty\u00e1\u0161 Boh\u00e1\u010dek. Ve Spojen\u00fdch st\u00e1tech.Zn\u00e1m\u00fd jako Maty.<br \/><br \/>Jaroslav Zoula, redaktor \u010cT<br \/>&#8212;&#8212;&#8212;&#8212;&#8212;&#8212;&#8211;<br \/>Zaujal u\u017e jako student gymn\u00e1zia, kdy\u017e za\u010dal vyv\u00edjet aplikaci na p\u0159ekl\u00e1d\u00e1n\u00ed znakov\u00e9ho jazyka do slov, kamera nasn\u00edm\u00e1 znak tady.<br \/><br \/>mluv\u010d\u00ed 4,<br \/>&#8212;&#8212;&#8212;&#8212;&#8212;&#8212;&#8211;<br \/>T\u0159eba pro slovo k\u00e1va. Snad se mi povedlo ud\u011blat n\u011bjak\u00e9 rozumn\u00e9 kafe.<br \/><br \/>Jaroslav Zoula, redaktor \u010cT<br \/>&#8212;&#8212;&#8212;&#8212;&#8212;&#8212;&#8211;<br \/>A aplikace znak pozn\u00e1 a pop\u00ed\u0161e.<br \/><br \/>mluv\u010d\u00ed 4,<br \/>&#8212;&#8212;&#8212;&#8212;&#8212;&#8212;&#8211;<br \/>Kdy\u017e si cht\u011bl komunikovat s n\u011bk\u00fdm\u00a0<strong>nesly\u0161\u00edc\u00edm<\/strong>, tak by bylo \u00fapln\u011b ide\u00e1ln\u00ed, kdybych mohl vlastn\u011b vid\u011bt titulky toho, co oni znakuj\u00ed v \u017eiv\u00e9m \u010dase, na \u010dem\u017e se vlastn\u011b pracuje.<br \/><br \/>Jaroslav Zoula, redaktor \u010cT<br \/>&#8212;&#8212;&#8212;&#8212;&#8212;&#8212;&#8211;<br \/>Projekt, kter\u00fd p\u0159edstavil i v OSN, v\u00fdvoj\u00e1\u0159sky hotov\u00fd a \u010dek\u00e1 na otestov\u00e1n\u00ed a distribuci. Nevznikl by ale bez prvotn\u00ed pomoci v\u011bdc\u016f ze Z\u00e1pado\u010desk\u00e9 univerzity.<br \/><br \/>mluv\u010d\u00ed 5,<br \/>&#8212;&#8212;&#8212;&#8212;&#8212;&#8212;&#8211;<br \/>J\u00e1 jsem pr\u00e1v\u011b si otev\u0159el ten prvn\u00ed mail z roku 2020, kdy n\u00e1s Maty\u00e1\u0161 oslovil a jeho prvn\u00ed v\u011bta byla. Dobr\u00fd den. Jmenuji se Maty\u00e1\u0161 B\u00e1\u010dek a je mi 16 let, tak\u017ee to u\u017e m\u011b zaujalo jako prvn\u00ed takov\u00e1 indikace toho, \u017ee to nebude, to je b\u011b\u017en\u00fd student.<br \/><br \/>Jaroslav Zoula, redaktor \u010cT<br \/>&#8212;&#8212;&#8212;&#8212;&#8212;&#8212;&#8211;<br \/>To v\u0161e Maty\u00e1\u0161 Boh\u00e1\u010dek p\u0159ipravoval je\u0161t\u011b na st\u0159edn\u00ed \u0161kole. Loni odmaturoval a pak zam\u00ed\u0159il do Spojen\u00fdch st\u00e1t\u016f. Na sv\u00e9m Fordu se pak zam\u011b\u0159il na projekty t\u00fdkaj\u00edc\u00ed se dezinformac\u00ed. A to jak vytv\u00e1\u0159en\u00ed fale\u0161n\u00e9ho obsahu, tak jeho odhalov\u00e1n\u00ed.<br \/><br \/>Jaroslav Zoula, redaktor \u010cT<br \/>&#8212;&#8212;&#8212;&#8212;&#8212;&#8212;&#8211;<br \/>Nejprve v laborato\u0159i vytvo\u0159ili fale\u0161nou digit\u00e1ln\u00ed kopii zn\u00e1m\u00e9ho moder\u00e1tora. Rozd\u00edl p\u0159itom nepoznali ani Petr.Reakce byly siln\u00e9, i proto te\u010f chce autor upraven\u00e1 videa a fotografie odhalovat.Navrhuje v uvozovk\u00e1ch informa\u010dn\u00ed \u0161t\u00edtek jako na potravin\u00e1ch, zda ty nejenom kdy a kde. fotky nebo videa vznikly, ale i o n\u00e1sledn\u00fdch \u00faprav\u00e1ch od kosmetick\u00fdch po manipulativn\u00edch.<br \/><br \/>moder\u00e1tor \u010cT<br \/>&#8212;&#8212;&#8212;&#8212;&#8212;&#8212;&#8211;<br \/>AI a sou\u010dasn\u00fd sv\u011bt. Jak\u00fd ti zachr\u00e1nila zub?<br \/><br \/>mluv\u010d\u00ed 3,<br \/>&#8212;&#8212;&#8212;&#8212;&#8212;&#8212;&#8211;<br \/>Konkr\u00e9tn\u011b tady zub \u00fapln\u011b vzadu, dole. Byl jsem na preventivn\u00ed kontrole u m\u00e9ho zuba\u0159e v paloaltu a ta prohl\u00eddka byla hrozn\u011b kr\u00e1tk\u00e1 a na prvn\u00ed dobrou to p\u016fsobilo jako rutinn\u00ed prohl\u00eddka. P\u011bt minut a p\u016fjdu ven, ale potom ten m\u016fj zuba\u0159 si \u00fapln\u011b na konci uv\u011bdomil, \u017ee tam m\u00e1 nov\u00fd p\u0159\u00edstroj na skenov\u00e1n\u00ed m\u00e9ho chrupu, tak se m\u011b zeptal, jestli jako to chci zkusit, tak jsem \u0159\u00edkal, \u017ee super, jako si ur\u010dit\u011b vyzkou\u0161\u00edm jako tu um\u011blou inteligenci na detekci kazu, tak mi to projel cel\u00fd a ta um\u011bl\u00e1 inteligence na konci \u0159ekla, \u017ee tam jsou dva kazy, kter\u00e9 jsou men\u0161\u00ed, ty jsou v pohod\u011b a, pak jeden, kter\u00fd ale ur\u010dit\u011b mus\u00edme vyt\u00e1hnout jako rovnou vy\u0159e\u0161it a ten zuba\u0159 toho v\u016fbec nev\u0161imnul, p\u0159edt\u00edm byl z toho trochu jako mimo, proto\u017ee nevid\u011bli si jako teda m\u00e1ko, co toho po\u0161t\u011bten nebo ne, tak ten zub otev\u0159el. Zjistil, \u017ee tam re\u00e1ln\u011b byl velk\u00fd k\u00e1s, kter\u00fd jinak kdyby to tehdy nevy\u0159e\u0161il, zp\u016fsobil \u00fapln\u011b jako \u00famrt\u00ed toho zubu, tak\u017ee mi zachr\u00e1nilaj zub.Ta tady dole.<br \/><br \/>Daniel Stach, moder\u00e1tor \u010cT<br \/>&#8212;&#8212;&#8212;&#8212;&#8212;&#8212;&#8211;<br \/>Specializovan\u00e1 na zdravotnictv\u00ed.<br \/><br \/>mluv\u010d\u00ed 3,<br \/>&#8212;&#8212;&#8212;&#8212;&#8212;&#8212;&#8211;<br \/>AI je tomu tak p\u0159esn\u011b na, konkr\u00e9tn\u011b na zuby. A ta EIA um\u00ed jenom jednu v\u011bc. Z obr\u00e1zku, respektive skenu, detekovat ka, p\u0159\u00edpadn\u011b dal\u0161\u00ed n\u011bjak\u00e9 defekty a d\u00e1vat doporu\u010den\u00ed, kter\u00e1 pot\u00e9 ten zuba\u0159 nebo pot\u00e9 ten t\u00fdm t\u011bch specialist\u016f n\u011bjak zhodnocuj\u00ed a ty d\u011blaj\u00ed ten fin\u00e1ln\u00ed v\u00fdsledek nebo ten posudek.<br \/><br \/>Daniel Stach, moder\u00e1tor \u010cT<br \/>&#8212;&#8212;&#8212;&#8212;&#8212;&#8212;&#8211;<br \/>Na co se dneska II um\u00ed specializovat a na co mysl\u00ed, \u017ee se specializovat bude um\u011bt.<br \/><br \/>mluv\u010d\u00ed 3,<br \/>&#8212;&#8212;&#8212;&#8212;&#8212;&#8212;&#8211;<br \/>Dneska to je hodn\u011b. To zdravotnictv\u00ed. Tam t\u011bch aplikac\u00ed je ji\u017e velk\u00e1 \u0159ada. A nejenom ve Spojen\u00fdch st\u00e1tech, ale i tady v \u010cesku u\u017e m\u00e1me r\u016fzn\u00e9 aplikace na zuby, ale t\u0159eba i na skeny pl\u00edc\u00ed a detekci r\u016fzn\u00fdch defekt\u016f, tam tak\u00e9 t\u0159eba na r\u016fzn\u00e9 skeny jako na exkeny, rentgeny.<br \/><br \/>mluv\u010d\u00ed 8,<br \/>&#8212;&#8212;&#8212;&#8212;&#8212;&#8212;&#8211;<br \/>Rentgeny. P\u0159esn\u011b tak. Ono ty \u010dl\u00e1nky jsou v\u017edycky v angli\u010dtin\u011b, tak potom si si to zmatuju v angli\u010dtin\u011b na rentgeny a mnoho dal\u0161\u00edho, proto\u017ee zdravotnictv\u00ed je velk\u00e9 t\u00e9ma. Dal\u0161\u00edm t\u00e9matem jsou takov\u00e1 t\u0159eba m\u00e9dia, kde ta um\u011bl\u00e1 inteligence analyzuje velk\u00e1 data a hled\u00e1 v nich n\u011bjak\u00e9 syst\u00e9my nebo struktury, kter\u00e9 pot\u00e9 poskytuje t\u011bm v\u011bdc\u016fm a v\u00fdzkumn\u00edk\u016fm a ve fin\u00e1le t\u0159eba pr\u00e1v\u011b ve v\u011bd\u011b, proto\u017ee ve v\u00fdzkumu n\u00e1m um\u011bl\u00e1 inteligence pom\u00e1h\u00e1 odhalovat to, kter\u00e9 cesty nebo kter\u00e9 t\u0159eba oblasti ne\u017e experiment\u016f zn\u00ed z n\u00ed zaj\u00edmav\u011b a kde se t\u0159eba m\u00e1me skute\u010dn\u011b tomu v\u011bnovat do hloubky? A kde je naopak? T\u0159eba ty prospekty n\u011bjak\u00fdch jako velk\u00fdch objev\u016f nejsou tak velk\u00e9?<br \/><br \/>Daniel Stach, moder\u00e1tor \u010cT<br \/>&#8212;&#8212;&#8212;&#8212;&#8212;&#8212;&#8211;<br \/>Jin\u00fdmi slovy, nen\u00ed to tak velk\u00fd pokus, omyl.<br \/><br \/>mluv\u010d\u00ed 3,<br \/>&#8212;&#8212;&#8212;&#8212;&#8212;&#8212;&#8211;<br \/>P\u0159esn\u011b tak. A to t\u0159eba se ukazuje hodn\u011b ve studii gen\u016f a protein\u016f, kdy Alfa Fold ze spole\u010dnosti Deepmind se nau\u010dil predikovat, jak\u00fd tvar budou m\u00edt r\u016fzn\u00e9 proteiny, a to m\u016f\u017ee zn\u00edt trochu ban\u00e1ln\u011b, jako\u017ee p\u0159i proteinu jako budu predikovat, jak vypad\u00e1, jak\u00fd m\u00e1 tvar, ale je to hrozn\u011b, hrozn\u011b d\u016fle\u017eit\u00e9 pro tvorbu vakc\u00edn, pro tvorbu l\u00e9k\u016f, pro v\u00fdzkum. A to je \u00fakol, kter\u00fd d\u0159\u00edve by zabral jednomu doktorandovi t\u0159eba \u0161est let studia. Jenom tady ten jeden tvar toho proteinu, dneska to je p\u00e1r vte\u0159in pomoc\u00ed um\u011bl\u00e9 inteligence, tak\u017ee toto je podle m\u011b jako velk\u00e1 oblast, kde se to projevuje u\u017e dnes.<br \/><br \/>Daniel Stach, moder\u00e1tor \u010cT<br \/>&#8212;&#8212;&#8212;&#8212;&#8212;&#8212;&#8211;<br \/>Zato taky byla ud\u011blan\u00e1 leto\u0161n\u00ed Nobelova cena. Je tomu tak, proto\u017ee pr\u00e1v\u011b ta struktura ur\u010duje to, jak\u00fdm zp\u016fsobem ten protein bude fungovat, tedy co bude.<br \/><br \/>mluv\u010d\u00ed 3,<br \/>&#8212;&#8212;&#8212;&#8212;&#8212;&#8212;&#8211;<br \/>D\u011blat p\u0159esn\u011b tak.<br \/><br \/>Daniel Stach, moder\u00e1tor \u010cT<br \/>&#8212;&#8212;&#8212;&#8212;&#8212;&#8212;&#8211;<br \/>Jak se budu u\u010dit, pokud se budu cht\u00edt u\u010dit co nejl\u00e9pe. I d\u00edky um\u011bl\u00e9 inteligenci. Jak bude vypadat moje v\u00fduka.<br \/><br \/>mluv\u010d\u00ed 3,<br \/>&#8212;&#8212;&#8212;&#8212;&#8212;&#8212;&#8211;<br \/>To je skv\u011bl\u00e1 ot\u00e1zka. U n\u00e1s na Stanfordu to funguje nebo respektive ta vize pro vzd\u011bl\u00e1v\u00e1n\u00ed s um\u011blou inteligenc\u00ed je takov\u00e1, \u017ee to je n\u011bjak\u00fd n\u00e1\u0161 kritik, respektive pomocn\u00edka, par\u0165\u00e1k, kdy dneska n\u00e1m um\u011bl\u00e1 inteligence v na\u0161ich p\u0159edm\u011btech, a\u0165 u\u017e to je pro, pro psan\u00ed a pro esej sloh, anebo t\u0159eba i pro po\u010d\u00edta\u010dovou v\u011bdu, n\u00e1m d\u00e1v\u00e1 feedback, \u017eiv\u00fd feedback na na\u0161e projekty, na\u0161e dom\u00e1c\u00ed \u00fakoly a pom\u00e1h\u00e1 n\u00e1m zamyslet se nad v\u011bcmi, kter\u00e9 t\u0159eba n\u00e1s by nenapadly, kdy\u017e to na tom pracujeme a pot\u00e9 zp\u011btn\u011b reflektujeme, co t\u0159eba si, \u010deho si v\u0161imla, bychom si nev\u0161imli, tak to je jedna velk\u00e1 oblast,.<br \/><br \/>mluv\u010d\u00ed 8,<br \/>&#8212;&#8212;&#8212;&#8212;&#8212;&#8212;&#8211;<br \/>Kritick\u00e1 zp\u011btn\u00e1 vazba.<br \/><br \/>mluv\u010d\u00ed 3,<br \/>&#8212;&#8212;&#8212;&#8212;&#8212;&#8212;&#8211;<br \/>P\u0159esn\u011b tak, ale z\u00e1rove\u0148 \u017eiv\u00e1 zp\u011btn\u00e1 vazba, proto\u017ee dodne\u0161ka v\u011bt\u0161ina zp\u011btn\u00e9 vazby funguje tak, nebo dneska to tak\u00e9 b\u011b\u017en\u00e1 praxe, \u017ee student pracuje t\u00fdden nebo n\u011bkolik dn\u00ed na \u00fakolu, ten potom odevzd\u00e1 a bu\u010f profesor nebo u\u010ditel nebo n\u011bjak\u00fd asistent nebo asistentka se pot\u00e9 pod\u00edv\u00e1 ten \u00fakol a na konci t\u0159eba zase za t\u00fdden poskytne zp\u011btnou vazbu, a to pro u\u010den\u00ed je hrozn\u011b, hrozn\u011b neefektivn\u00ed, proto\u017ee se ukazuje v, a to je ve spoust\u011b spousty r\u016fzn\u00fdch v\u00fdzkum\u016f, \u017ee \u017eiv\u00fd feedback, respektive co nejkrat\u0161\u00ed vlastn\u011b doba od toho na\u0161eho v\u00fdkonu do toho feedbacku n\u00e1m pom\u00e1h\u00e1 se u\u010dit co nejefektivn\u011bji a toto um\u011bl\u00e1 inteligence um\u00ed skv\u011ble. Dneska.<br \/><br \/>Daniel Stach, moder\u00e1tor \u010cT<br \/>&#8212;&#8212;&#8212;&#8212;&#8212;&#8212;&#8211;<br \/>Obavy, kter\u00e9 ty m\u00e1\u0161, se t\u00fdkaj\u00ed mimo jin\u00e9 p\u0159\u00edstupu mu fast and break finx, kter\u00fd byl n\u011bkdy, a n\u011bkdy je\u0161t\u011b je se Silicon Wally spojovan\u00fd. Tedy poj\u010fme to tla\u010dit i za cenu toho, \u017ee cestou n\u011bco zni\u010d\u00edme. Pro\u010d je to v tomhle p\u0159\u00edpad\u011b podle tebe tak \u0161patn\u011b.<br \/><br \/>mluv\u010d\u00ed 3,<br \/>&#8212;&#8212;&#8212;&#8212;&#8212;&#8212;&#8211;<br \/>V p\u0159\u00edpad\u011b AI ty dopady jsou na \u00fapln\u011b jin\u00e9 \u0161k\u00e1le ne\u017e v p\u0159\u00edpad\u011b aplikac\u00ed nebo b\u011b\u017en\u00e9ho softwaru, kter\u00fd do, \u0159ekn\u011bme, t\u0159eba p\u011bti let zp\u00e1tky byl pr\u00e1v\u011b ten, t\u00edm produktem nebo t\u00edm p\u0159edm\u011btem tady t\u00e9 filozofie. fast Britings, kter\u00e1 na Stanfordu je v\u0161udyp\u0159\u00edtomn\u00e1, tak u softwaru aplikace to tak nevad\u00ed. Pokud se n\u011bco nepovede, tak prost\u011b ti u\u017eivatel\u00e9 si to na nenainstaluj\u00ed nebo nebudu pou\u017e\u00edvat a zkus\u00edte to znovu a p\u0159esm\u011brujete, alterujete ale um\u011bl\u00e9 inteligence, ta \u0161k\u00e1la t\u011bch aplikac\u00ed a \u0161k\u00e1la rozhodov\u00e1n\u00ed a \u0161k\u00e1la, na kter\u00e9 sd\u00edl\u00ed informace, aplikuje informace a t\u0159eba rozhoduje, co lid\u00e9 uvid\u00ed na soci\u00e1ln\u00edch s\u00edt\u00edch, co lid\u00e9 budou konzumovat ve sv\u00fdch inboxech, emailech, tak to ovliv\u0148uje to, jak \u010dteme zpr\u00e1vy, to, jak p\u0159em\u00fd\u0161l\u00edme to, jak\u00fd diskurz a jak\u00e1 t\u00e9mata asi vyzvihuj\u00ed v medi\u00e1ln\u00edm prostoru a tam ty chyby, kter\u00e9 t\u0159eba \u010dasto nevid\u00edme ani p\u0159i tom v\u00fdvoji a p\u0159i t\u00e9, v tom testov\u00e1n\u00ed na\u0161em, mohou m\u00edt dopady, kter\u00e9 re\u00e1ln\u011b nepozn\u00e1me, t\u0159eba a\u017e do toho, do fin\u00e1ln\u00ed manipulace t\u00e9 spole\u010dnosti nebo t\u011bch skupin obyvatel.<br \/><br \/>Daniel Stach, moder\u00e1tor \u010cT<br \/>&#8212;&#8212;&#8212;&#8212;&#8212;&#8212;&#8211;<br \/>Jak\u00e9 to pak bude m\u00edt d\u016fsledky? Co se v tomto p\u0159\u00edpad\u011b break, co bude v tomto p\u0159\u00edpad\u011b zni\u010deno? Pokud budeme tla\u010dit p\u0159\u00edli\u0161 prudce.<br \/><br \/>mluv\u010d\u00ed 3,<br \/>&#8212;&#8212;&#8212;&#8212;&#8212;&#8212;&#8211;<br \/>Kdy\u017e to tro\u0161ku p\u0159e\u017eenu, tak, tak na\u0161e mysli, proto\u017ee dnes \u017eijeme ve sv\u011bt\u011b, kde procesujeme na denn\u00ed b\u00e1zi n\u011bkolikr\u00e1t v\u00edce informac\u00ed, ne\u017e jsme za posledn\u00edch 100 let nebo vlastn\u011b tis\u00edce let jako na\u0161i p\u0159edkov\u00e9 procesovali a ty na\u0161e mozky na to nejsou \u00fapln\u011b stav\u011bn\u00e9 a je to pro n\u00e1s velmi t\u011b\u017ek\u00e9 se s t\u00edm vyrovnat. I p\u0159ed AI to bylo velmi t\u011b\u017ek\u00e9. A ta AI, nejenom, \u017ee n\u00e1m prezentuje je\u0161t\u011b v\u00edce obsahu, proto\u017ee m\u016f\u017eu vygenerovat obsah, kter\u00fd je n\u011bmecky vytvo\u0159en\u00fd, ale tak\u00e9 se zam\u011b\u0159uje na to, kter\u00fd obsah n\u00e1m vybere a zkoum\u00e1, kter\u00fd obsah, na kter\u00fd obsah my reagujeme, kter\u00fd n\u00e1s zaj\u00edm\u00e1, jak n\u00e1s bav\u00ed a kter\u00fd klik\u00e1me stream, interagujeme, a to n\u00e1\u0161 mozek m\u016f\u017ee hrozn\u011b p\u0159ehltit, tak\u017ee si, si dovol\u00edm tvrdit, \u017ee pokud to takov\u00fd projektings, tak to m\u016f\u017ee re\u00e1ln\u011b projekt our brains. Na\u0161e mozky.<br \/><br \/>Daniel Stach, moder\u00e1tor \u010cT<br \/>&#8212;&#8212;&#8212;&#8212;&#8212;&#8212;&#8211;<br \/>Ty podvody, kter\u00e9 dnes sledujeme, kter\u00e9 ty osobn\u011b pova\u017euje\u0161 za ty, co budou st\u00e1le \u010dast\u011bj\u0161\u00ed pr\u00e1v\u011b kv\u016fli tomu, jak se rozb\u00edhaj\u00ed mo\u017enosti AI.<br \/><br \/>mluv\u010d\u00ed 3,<br \/>&#8212;&#8212;&#8212;&#8212;&#8212;&#8212;&#8211;<br \/>Mysl\u00edm, \u017ee jsou takov\u00e9 t\u0159i typy hlavn\u00ed. My se hodn\u011b v\u011bnujeme Deep fak\u016fm, jako t\u0159eba politick\u00fdm nebo v n\u011bjak\u00fdch medi\u00e1ln\u00edch kampan\u00edch a ty podle m\u011b budou velmi d\u016fle\u017eit\u00e9, ale dneska, co vid\u00edme nejv\u00edce, jsou takov\u00e9 scam, takov\u00e9 podvodn\u00e9 hovory, kter\u00e9 hodn\u011b ve Spojen\u00fdch st\u00e1tech, ale i dnes u\u017e tady u n\u00e1s v \u010cesku se pou\u017e\u00edvaj\u00ed t\u0159eba pro naklonov\u00e1n\u00ed hlasu va\u0161eho p\u0159\u00edbuzn\u00e9ho nebo t\u0159eba n\u011bkoho bl\u00edzk\u00e9ho kamar\u00e1da, naklonov\u00e1n\u00ed hlasu znamen\u00e1, \u017ee vezmeme n\u011bjak\u00e9 uk\u00e1zky toho hlasu t\u0159eba va\u0161eho partnera, partnerky, p\u0159\u00edbuzn\u00e9ho d\u011bt\u00ed a vytvo\u0159\u00edme model EI, kter\u00fd pot\u00e9 um\u00ed t\u00edm stejn\u00fdm hlasem, jako mluv\u00ed oni, \u0159\u00edct vlastn\u011b cokoliv, jak\u00fdkoliv text a pot\u00e9 ten scamko, ten podvodn\u00edk zavol\u00e1 v\u00e1m a t\u00edm hlasem va\u0161eho bl\u00edzk\u00e9ho \u0159ekne t\u0159eba mami, tati, byl jsem t\u0159eba, nic se mi stalo. Jsem v nemocnici, pot\u0159ebuju pen\u00edze, abych mohl zaplatit za n\u011bjakou proceduru t\u0159eba. A ti lid\u00e9 nebo my jsme vystaveni n\u011bjak\u00e9 stresov\u00e9 situaci, sly\u0161\u00edme hlas na\u0161eho bl\u00edzk\u00e9ho a v ten moment reagujeme m\u00e9n\u011b racion\u00e1ln\u011b, trochu jako, chceme prost\u011b pomoci co nejrychleji. A takhle se pos\u00edlaj\u00ed stovky, tis\u00edce dolar\u016f denn\u011b. A nejenom ve Spojen\u00fdch st\u00e1tech, ale i v \u010cesku, tak to je podle m\u011b velk\u00e1 oblast, kde ty podvody budou vid\u011bt a v neposledn\u00ed \u0159ad\u011b i t\u0159eba v byznyse, kde lid\u00e9 napodobuj\u00ed bu\u010f t\u0159eba CEO \u0159editele nebo jak\u00e9koliv zam\u011bstnance, kte\u0159\u00ed maj\u00ed n\u011bjakou zodpov\u011bdnost, nebo t\u0159eba maj\u00ed d\u00e1vat pokyny zam\u011bstnanc\u016fm a oni je naklonuj\u00ed vytvo\u0159it jejich deepfake, jejich um\u011blou podobiznu, a to t\u0159eba \u0159eknou, pros\u00edm, po\u0161li mi heslo k \u00fa\u010dtu bankovn\u00edmu, proto\u017ee pot\u0159ebuju tady n\u011bco zaplatit. A kdy\u017e vid\u00edte sv\u00e9ho \u0161\u00e9fa nebo \u0161\u00e9fku, jak v\u00e1m \u0159\u00edk\u00e1 na video, pros\u00edm, mi po\u0161lete n\u011bjak\u00e9 heslo, tak asi pokud v\u00e1s nenapadne, \u017ee to je Deep fake, tak to po\u0161lete. A pak cht\u011bj\u00ed. Podvodn\u00edci z toho mohou \u010derpat pen\u00edze nebo t\u0159eba informace se ne. Tak\u017ee tak.<br \/><br \/>Daniel Stach, moder\u00e1tor \u010cT<br \/>&#8212;&#8212;&#8212;&#8212;&#8212;&#8212;&#8211;<br \/>Nehled\u011b na to, \u017ee st\u00e1le z\u016fst\u00e1vaj\u00ed aktivn\u00ed ty v uvozovk\u00e1ch jednoduch\u00e9 podvody. Na esemesku, kdy p\u0159ijde, je pot\u0159eba vlo\u017eit \u00fadaje k va\u0161\u00ed platebn\u00ed kart\u011b.<br \/><br \/>mluv\u010d\u00ed 3,<br \/>&#8212;&#8212;&#8212;&#8212;&#8212;&#8212;&#8211;<br \/>P\u0159esn\u011b, p\u0159esn\u011b tak. A to mimochodem mo\u017en\u00e1 v \u010cesku nen\u00ed tak b\u011b\u017en\u00e9, ale pro p\u0159edstavu, j\u00e1 na sv\u00e9m americk\u00e9m telefonn\u00edm \u010d\u00edsle dost\u00e1v\u00e1m t\u0159eba 56 esemesek tohoto typu denn\u011b a mnoho z nich je jako velmi p\u0159esv\u011bd\u010div\u00fdch, nejenom proto, \u017ee pou\u017e\u00edvaj\u00ed velmi jako b\u011b\u017en\u00fd jazyk a takov\u00fd jako p\u0159\u00e1telsk\u00fd t\u00f3n, ale proto\u017ee oni ze soci\u00e1ln\u00edch s\u00edt\u00edch nebo z n\u011bjak\u00fdch jin\u00fdch informac\u00ed o mn\u011b online v\u00ed, jak se jmenuj\u00ed moji kamar\u00e1di, tak\u017ee mi moje esemesky t\u0159eba podepisuje LLS nebo Jason, moji kamar\u00e1di ze Stanfordu. Ka\u017ed\u00fd den prost\u011b m\u00e1m fakov\u00e9 zpr\u00e1vy od LS a Jasona a ty syst\u00e9my a ti podvodn\u00edci, kamar\u00e1di.<br \/><br \/>Daniel Stach, moder\u00e1tor \u010cT<br \/>&#8212;&#8212;&#8212;&#8212;&#8212;&#8212;&#8211;<br \/>Podle Policie \u010cesk\u00e9 republiky \u0161kody na podvodn\u00fdch investic\u00edch byly jen za lo\u0148sk\u00fd rok ve v\u00fd\u0161i dvou miliard korun. Pokud jde o tzv. fale\u0161n\u00e9ho bank\u00e9\u0159e, kdy n\u011bkdo vol\u00e1 a p\u0159esv\u011bd\u010duje, aby \u010dlov\u011bk dal ide\u00e1ln\u011b pen\u00edze sv\u00e9ho \u00fa\u010dtu do bitcoinmatu, p\u0159\u00edpadn\u011b je\u0161t\u011b vybral v\u0161echny pen\u00edze, aby si na n\u011bj takzvan\u011b nikdo nemohl vz\u00edt \u00fav\u011br a vlo\u017eili do bitkonmetu. Bylo 800 p\u0159\u00edpad\u016f nahl\u00e1\u0161en\u00fdch fale\u0161n\u00e9ho bank\u00e9\u0159e. Ta pr\u016fm\u011brn\u00e1 \u0161koda byla 300 000 K\u010d, ta nejvy\u0161\u0161\u00ed \u0161koda 5 milion\u016f K\u010d, a to je bez AI.<br \/><br \/>mluv\u010d\u00ed 3,<br \/>&#8212;&#8212;&#8212;&#8212;&#8212;&#8212;&#8211;<br \/>Je tomu tak. A to nav\u00edc je\u0161t\u011b nezahrnuje v\u0161echny ty p\u0159\u00edpady, proto\u017ee existuje ur\u010dit\u00e9 stigma toho, \u017ee jste byli nap\u00e1len, proto\u017ee lid\u00e9 necht\u011bj\u00ed b\u00fdt nap\u00e1leni, to je tam ur\u010dit\u00e1, ur\u010dit\u00fd stud. A to nejenom jako z EIA, ale i p\u0159esn\u011b, jak popisujete, ho popisuje\u0161 s klasickou skotsk\u00fdmi podvodem.<br \/><br \/>Daniel Stach, moder\u00e1tor \u010cT<br \/>&#8212;&#8212;&#8212;&#8212;&#8212;&#8212;&#8211;<br \/>Proto je tak d\u016fle\u017eit\u00e9 vid\u011bt nejenom tu techniku, nejenom tu technologii, nejenom ten k\u00f3d, ale samoz\u0159ejm\u011b i tu spole\u010dnost. A to je to, co je na tv\u00e9m p\u0159\u00edb\u011bhu hodn\u011b vid\u011bt, proto\u017ee dneska jsi ve Spojen\u00fdch st\u00e1tech, pracuje\u0161 na Deep fake vide\u00edch, na jejich rozpozn\u00e1v\u00e1n\u00ed, ale um\u00ed\u0161 je i vytvo\u0159it. A p\u0159itom si za\u010d\u00ednal jako kluk, kter\u00fd v \u0161esti letech ud\u011blal webovou str\u00e1nku, ve kter\u00e9 nab\u00edzel v katalogu to, co sebral ze \u0161pajzu svoji babi\u010dce, pro\u010d to v \u0161esti letech naprogramoval?<br \/><br \/>mluv\u010d\u00ed 3,<br \/>&#8212;&#8212;&#8212;&#8212;&#8212;&#8212;&#8211;<br \/>M\u011b hrozn\u011b bavilo si hr\u00e1t na obch\u016fdek s babi\u010dkou, my jsme m\u011bli takovou hru, \u017ee j\u00e1 jsem v\u017edycky si u n\u00ed p\u0159es v\u00edkend rozkl\u00e1dal jej\u00ed potraviny nebo prost\u011b su\u0161enky a jablka z jej\u00edho \u0161pajzu. U m\u011b. V pokoj\u00ed\u010dku, hr\u00e1l jsem tam cenovky, byl to obch\u016fdek m\u016fj a takhle jsem z babi\u010dky a z d\u011bde\u010dka bral jako korunky a pen\u00edze takov\u00fd jako podnikatel jako kapitalista mal\u00fd. A potom v n\u011bjak\u00fd moment m\u011b prost\u011b napadlo, \u017ee pot\u0159ebuju e-shop, proto\u017ee p\u0159ece moje babi\u010dka a d\u011bda pot\u0159ebuj\u00ed m\u00edt jako internetov\u00fd je\u0161t\u011b zp\u016fsob, jak kupovat potraviny. Tak jsem sednul za po\u010d\u00edta\u010d v po\u010d\u00edta\u010di star\u00fd a vyhledal jsem si, jak se d\u011blaj\u00ed webov\u00e9 str\u00e1nky, a tak jsem se do toho pustil. To byl ten a motiv\u00e1tor.<br \/><br \/>Daniel Stach, moder\u00e1tor \u010cT<br \/>&#8212;&#8212;&#8212;&#8212;&#8212;&#8212;&#8211;<br \/>Tak\u017ee se to nau\u010dil s\u00e1m. Podle n\u00e1vodu, kter\u00fd jsi na\u0161el.<br \/><br \/>mluv\u010d\u00ed 3,<br \/>&#8212;&#8212;&#8212;&#8212;&#8212;&#8212;&#8211;<br \/>P\u0159esn\u011b tak, na internetu.<br \/><br \/>Daniel Stach, moder\u00e1tor \u010cT<br \/>&#8212;&#8212;&#8212;&#8212;&#8212;&#8212;&#8211;<br \/>Kdy\u017e jsi byl na z\u00e1kladn\u00ed \u0161kole z\u00e1kladn\u00ed \u0161kola Kladsk\u00e1, tak jsi tam doslova a do p\u00edsmene vzk\u0159\u00edsil tehdy nefunguj\u00edc\u00ed \u0161koln\u00ed radu. Stal se j\u00edm p\u0159edsedou, z\u00e1rove\u0148 jako deleg\u00e1t za Prahu byl zvolen do N\u00e1rodn\u00edho parlamentu d\u011bt\u00ed a ml\u00e1de\u017ee. A k tomu programuje\u0161, to je zaj\u00edmav\u00e1 kombinace, kter\u00e1 neb\u00fdv\u00e1 tak \u010dast\u00e1.<br \/><br \/>mluv\u010d\u00ed 3,<br \/>&#8212;&#8212;&#8212;&#8212;&#8212;&#8212;&#8211;<br \/>M\u011b to n\u011bjak nep\u0159ijde jako zaj\u00edmav\u00fd, m\u011b to prost\u011b tak n\u011bjak v\u0161echno bavilo dohromady a nev\u00edm vlastn\u011b, pro\u010d to, to o\u010dek\u00e1v\u00e1n\u00ed jako ten, ta premisa t\u00e9 ot\u00e1zky vlastn\u011b, j\u00e1 j\u00ed moc jako nerozum\u00edm, m\u011b prost\u011b ty v\u011bci bavily, tak jsem prost\u011b d\u011blal to, co m\u011b bavilo. Z\u00e1rove\u0148 bych cht\u011bl \u0159\u00edct, \u017ee pan\u00ed \u0159editelka V\u00e1vrov\u00e1 na m\u00e9 z\u00e1kladn\u00ed \u0161kole byla hrozn\u011b n\u00e1pomocn\u00e1 a hrozn\u011b otev\u0159en\u00e1. A pr\u00e1v\u011b tady to spojen\u00ed t\u011bch r\u016fzn\u00fdch t\u00e9mat podporovala to, \u017ee to m\u011b vlastn\u011b motivovalo k tomu to tak otev\u0159\u00edt.<br \/><br \/>Daniel Stach, moder\u00e1tor \u010cT<br \/>&#8212;&#8212;&#8212;&#8212;&#8212;&#8212;&#8211;<br \/>J\u00e1 jsem ji naformoval tak proto, \u017ee kdy\u017e jsme hledali, co o tob\u011b kdo \u0159\u00edk\u00e1, tak se mimo jin\u00e9 objevuj\u00ed slova, nen\u00ed to typick\u00fd.<br \/><br \/>mluv\u010d\u00ed 1,<br \/>&#8212;&#8212;&#8212;&#8212;&#8212;&#8212;&#8211;<br \/>D\u00edk.<br \/><br \/>Daniel Stach, moder\u00e1tor \u010cT<br \/>&#8212;&#8212;&#8212;&#8212;&#8212;&#8212;&#8211;<br \/>Tak, jak si n\u011bkdy \u010dlov\u011bk p\u0159edstav\u00ed, opravdu d\u00edka zam\u011b\u0159en\u00fd na jednu oblast, na jedno t\u00e9ma, ale u tebe to tak nen\u00ed, jak ti pom\u00e1h\u00e1 pr\u00e1v\u011b tahle \u0161irok\u00e1 oblast z\u00e1jmu humanitn\u00edch i technick\u00fdch v\u011bd v tom, aby si mohl pracovat s um\u011blou inteligenc\u00ed.<br \/><br \/>mluv\u010d\u00ed 3,<br \/>&#8212;&#8212;&#8212;&#8212;&#8212;&#8212;&#8211;<br \/>M\u011b hrozn\u011b zaj\u00edm\u00e1 cel\u00fd sv\u011bt jako v\u011bci prost\u011b kolem m\u011b, kdy\u017e prost\u011b jdu r\u00e1no na p\u0159edn\u00e1\u0161ku, prost\u011b, kdy\u017e ve\u010der jdu do kant\u00fdny, tak to, jak v\u011bci funguj\u00ed, pro\u010d lid\u00e9 d\u011blaj\u00ed to, co d\u011blaj\u00ed, jak to d\u011blaj\u00ed? J\u00e1 se prost\u011b pt\u00e1m jako lid\u00ed. Na ulici n\u00e1hodn\u011b nebo t\u0159eba jako na Stanfordu se pt\u00e1m hodn\u011b jako m\u00fdch spolu\u017e\u00e1k\u016f, prost\u011b, kter\u00fd jsem t\u0159eba p\u0159edt\u00edm n\u011bkdy nevid\u011bl, prost\u011b, pro\u010d t\u0159eba zrovna tady jako maj\u00ed tady to kolo a co s t\u00edm d\u011blaj\u00ed? Prost\u011b m\u011b zaj\u00edm\u00e1 jak lidi funguj\u00ed a jak sv\u011bt funguje, a to m\u011b v\u017edycky n\u011bjak jako hnalo a pot\u00e9 um\u011bl\u00e1 inteligence pro m\u011b je vlastn\u011b v\u011bda, kter\u00e1 spojuje hrozn\u011b moc v\u011bd, dohromady je tam ta technika, je tam to k\u00f3dov\u00e1n\u00ed a tr\u00e9nov\u00e1n\u00ed a je pot\u0159eba zn\u00e1t ten k\u00f3d a b\u00fdt v tom velmi jako dobr\u00fd a orientovat se v tom z\u00e1rove\u0148 ty aplikace a implikace na spole\u010dnost, na humanitn\u00ed v\u011bdy, na i jako jin\u00e9 b\u011b\u017en\u00e9 v\u011bdy, jako na neurov\u011bdy a fyziku a matematiku, a to z\u00e1rove\u0148, jak z nich \u010derpaj\u00ed z t\u011bch, jako z na\u0161ich poznatk\u016f z t\u011bch v\u011bd, to m\u011b hrozn\u011b fascinuje, tak\u017ee pro m\u011b um\u011bl\u00e1 inteligence vlastn\u011b byla jako t\u00edm p\u0159irozen\u00fdm n\u011bjak\u00fdm oborem, kter\u00fd prost\u011b d\u00e1v\u00e1 smysl tomu, jako j\u00e1 p\u0159em\u00fd\u0161l\u00edm o sv\u011bt\u011b.<br \/><br \/>Daniel Stach, moder\u00e1tor \u010cT<br \/>&#8212;&#8212;&#8212;&#8212;&#8212;&#8212;&#8211;<br \/>A to jsi cht\u011bl v\u017edycky, proto\u017ee tvoje prvn\u00ed aplikace, kter\u00e1 ofici\u00e1ln\u011b nen\u00ed tvoje, ale je tvoj\u00ed maminky, jak jsme na\u0161li v app Storu, proto\u017ee byla to pr\u00e1v\u011b Lucie Boh\u00e1\u010dkov\u00e1, kter\u00e1 tob\u011b \u010dtrn\u00e1ctilet\u00e9mu Maty\u00e1\u0161ovi zajistila, \u017ee aplikace Newskitt byla ke sta\u017een\u00ed, byla to aplikace, kter\u00e1 d\u00e1vala dohromady informace ze zdroj\u016f, kter\u00e9 si vybral, tak aby tvoji spolu\u017e\u00e1ci m\u011bli relevantn\u00ed zdroje k dispozici. Co jsi ud\u011blal p\u0159edt\u00edm, ne\u017e si tuhle aplikaci napsal?<br \/><br \/>mluv\u010d\u00ed 3,<br \/>&#8212;&#8212;&#8212;&#8212;&#8212;&#8212;&#8211;<br \/>V prvn\u00ed \u0159ad\u011b jsem si ud\u011blal takov\u00fd pr\u016fzkum m\u00fdch spolu\u017e\u00e1k\u016f na z\u00e1kladn\u00ed \u0161kole, j\u00e1 jsem vid\u011bl, \u017ee m\u016fj kamar\u00e1di \u010dasto \u010derpali informace ze soci\u00e1ln\u00edch s\u00edt\u00ed a z Facebooku nebo z Instagramu hodn\u011b, a tak jsem se prost\u011b ptal m\u00fdch kamar\u00e1d\u016f, ud\u011blal dotazn\u00edk, dotazn\u00edk, j\u00e1 jsem za\u010dal t\u00edm, \u017ee jsem se ptal jako tak jako inform\u00e1ln\u011b, jenom prost\u011b jako mezi \u0159e\u010d\u00ed a pak mi v\u0161ichni kamar\u00e1di skoro \u0159ekli, \u017ee \u010derpaj\u00ed prim\u00e1rn\u011b soci\u00e1ln\u00ed s\u00edt\u00ed, pak jsem dal dotazn\u00edk, ten jsem rozeslal na moje spolu\u017e\u00e1ky a vlastn\u011b na jin\u00e9 t\u0159\u00eddy a z n\u011bho ta data, byla hrozn\u011b jasn\u00e1 a ten dotazn\u00edk mimochodem p\u0159es mapoval v\u00fdsledky m\u00edr jednoho sv\u011bta na \u0161kol\u00e1ch, kter\u00fd m\u011bl podobn\u00fd dotazn\u00edk, jsem si potom a\u017e zp\u011btn\u011b a ty v\u00fdsledky byly skoro jako asi t\u0159eba o 2 % vlastn\u011b rozd\u00edln\u00e9, a to m\u011b hrozn\u011b motivovalo k tomu, potom se do toho pustit a vlastn\u011b vid\u011bl jsem, \u017ee tam ten probl\u00e9m existuje, \u017ee to nen\u00ed jenom n\u011bco, co c\u00edt\u00edm jako z m\u00e9ho omezen\u00e9ho okol\u00ed, ale to pla na tej \u0161kole, a tak som SA o toho opustil.<br \/><br \/>Daniel Stach, moder\u00e1tor \u010cT<br \/>&#8212;&#8212;&#8212;&#8212;&#8212;&#8212;&#8211;<br \/>A dal dohromady to, aby mi zdrojov ne\u017e z jedn\u00e9ho relevantn\u00ed informace, jenom\u017ee apludoval si aplikaci a ono se do n\u00ed nic nestahovalo, jak si to vy\u0159e\u0161il?<br \/><br \/>mluv\u010d\u00ed 3,<br \/>&#8212;&#8212;&#8212;&#8212;&#8212;&#8212;&#8211;<br \/>Ten probl\u00e9m byl ten, j\u00e1 jsem j\u00ed dal na apsto a ten prim\u00e1rn\u00ed probl\u00e9m byl v tom, \u017ee ta m\u00e9dia, kter\u00e1 se do n\u00ed daleko, v\u010detn\u011b \u010cesk\u00e9 televize a dal\u0161\u00edch m\u00e9di\u00ed, jsem nemohl pou\u017e\u00edvat, m\u011bl jsem na to licenci, a to m\u011b vlastn\u011b do t\u00e9 doby nenapadlo, j\u00e1 jsem byl v osm\u00e9 nebo de dev\u00e1t\u00e9 t\u0159\u00edd\u011b, na z\u00e1kladce jsem \u0159\u00edkal, jo, vlastn\u011b licenci bych asi jako si m\u011bl obstarat, tak jsem potom napsal mail do v\u0161ech t\u011bch redakc\u00ed a j\u00e1 jsem si vid\u011bl t\u0159eba s redaktory nebo \u0161\u00e9fredaktory t\u011bch redakc\u00ed, ti o\u010dek\u00e1vali, nev\u00edm koho, byli trochu p\u0159ekvapen\u00ed, \u017ee jste, kdy\u017e jsem p\u0159i\u0161el jako osm\u00e1k nebo dev\u00e1\u0165\u00e1k, ale bavili jsme se spolu a v\u0161ichni byli hrozn\u011b ochotn\u00ed br\u00e1t licenci a pod podm\u00ednkou, \u017ee aplikace bude bezv\u00fdd\u011ble\u010dn\u00e1, mi ji dali, tak\u017ee potom jsem se vr\u00e1til na app Store s t\u011bmi potvrzen\u00edmi, s t\u011bmi dopisy od t\u011bch redakc\u00ed, \u017ee mu ho ta data pou\u017e\u00edvat. A v\u0161echno se rozjelo.<br \/><br \/>Daniel Stach, moder\u00e1tor \u010cT<br \/>&#8212;&#8212;&#8212;&#8212;&#8212;&#8212;&#8211;<br \/>D\u00edky tomu se potom dostal na v\u00fdvoj\u00e1\u0159skou konferenci, kdy mohl vzniknout spotter, tedy aplikace, kter\u00e1 pom\u00e1hala p\u0159ekl\u00e1dat a pom\u00e1h\u00e1 p\u0159ekl\u00e1dat znakov\u00fd jazyk. Jak dlouho ti trvalo, ne\u017e si mohl ud\u011blat ten dal\u0161\u00ed krok?<br \/><br \/>mluv\u010d\u00ed 3,<br \/>&#8212;&#8212;&#8212;&#8212;&#8212;&#8212;&#8211;<br \/>To mi trvalo n\u011bkolik let, proto\u017ee j\u00e1 jsem se na tu aplikaci nebo na konferenci, na to stipendium se mi vlastn\u011b t\u0159ikr\u00e1t a poprv\u00e9 a podruh\u00e9 jsem se tam nedostal a hrozn\u011b m\u011b to zklamalo nejd\u0159\u00edv, ale pak jsem v\u017edycky se n\u011bjak k tomu vr\u00e1til a vylep\u0161oval jsem ty svoje projekty a tu svoji p\u0159ihl\u00e1\u0161ku a napot\u0159et\u00ed to vy\u0161lo v roce 2019 a tam jsem jel do San Jos\u00e9 na konferenci Applu Oiv\u00e1rskou, a to mi \u00fapln\u011b zm\u011bnilo ten rozhled, a to, jak lid\u00e9 p\u0159em\u00fd\u0161l\u00ed o t\u011bch aplikac\u00edch, a to, \u017ee jsem tam vid\u011bl dal\u0161\u00ed lidi stejn\u00e9ho v\u011bku, studenty, kter\u00e9 prost\u011b bav\u00ed k\u00f3dov\u00e1n\u00ed, ale taky t\u0159eba jako jin\u00e9 v\u011bci m\u011bli ty p\u0159esahy, to m\u011b hrozn\u011b namotivovalo, \u00fapln\u011b jsem se c\u00edtil, \u017ee to je to m\u00edsto, kde chci n\u011bjak pracovat a na \u010dem chci pracovat do budoucna? A tam se mimochodem potkal\u00a0<strong>nesly\u0161\u00edc\u00edho<\/strong>\u00a0v\u00fdvoj\u00e1\u0159e, zam\u011bstnance Applu, kter\u00fd vypov\u00eddal nebo respektive on znakoval skrze tlumo\u010dn\u00edka, jak pro n\u011bj je slo\u017eit\u00e9, komplikovan\u00e9 pracovat s technologiemi? S telefonem, s jeho po\u010d\u00edta\u010dem. A do t\u00e9 doby m\u011b vlastn\u011b v\u016fbec jako nenapadlo, jak lid\u00e9 s handicapem pou\u017e\u00edvaj\u00ed technologie a bylo to pro m\u011b \u00fapln\u011b \u0161okuj\u00edc\u00ed, \u017ee vlastn\u011b jsme je takhle zanedbali, nebo \u017ee jsme vlastn\u011b neposkytli zp\u016fsoby, kter\u00fdmi by se mohli c\u00edtit komfortn\u011b na soci\u00e1ln\u00edch s\u00edt\u00edch, na, v aplikac\u00edch b\u011b\u017en\u00fdch a vlastn\u011b jako na internetu a tak jsem se do toho pustil a tak vlastn\u011b vznikl spotr.<br \/><br \/>Daniel Stach, moder\u00e1tor \u010cT<br \/>&#8212;&#8212;&#8212;&#8212;&#8212;&#8212;&#8211;<br \/>Vznikl spotr, to znamen\u00e1 aplikace, se kterou se dostal na mezin\u00e1rodn\u00ed konference do o OSN a tak\u00e9 ji takhle p\u0159edstavoval, kdy\u017e za n\u00ed z\u00edskal \u010deskou hlavi\u010dku.<br \/><br \/>mluv\u010d\u00ed 9,<br \/>&#8212;&#8212;&#8212;&#8212;&#8212;&#8212;&#8211;<br \/>T\u00e9ma pr\u00e1ce lze za\u0159adit do oboru po\u010d\u00edta\u010dov\u00fdch v\u011bd, konkr\u00e9tn\u011b strojov\u00e9ho u\u010den\u00ed a zpracov\u00e1n\u00ed obrazu. K problematice jsem se dostal je\u0161t\u011b v dob\u011b covidov\u00fdch izolac\u00ed a karant\u00e9n, a to d\u00edky m\u00e9 snaze se znakov\u00fd jazyk s\u00e1m nau\u010dit.K m\u00e9mu p\u0159ekvapen\u00ed neexistoval \u017e\u00e1dn\u00fd voln\u011b dostupn\u00fd p\u0159eklada\u010d v\u00e9st co Googo CH, kter\u00fd by lidem umo\u017enil p\u0159ech\u00e1zet mezi znakov\u00fdmi a psan\u00fdmi jazyky.<br \/><br \/>mluv\u010d\u00ed 8,<br \/>&#8212;&#8212;&#8212;&#8212;&#8212;&#8212;&#8211;<br \/>A tak si ho vytvo\u0159il a dneska funguje, co um\u00ed.<br \/><br \/>mluv\u010d\u00ed 3,<br \/>&#8212;&#8212;&#8212;&#8212;&#8212;&#8212;&#8211;<br \/>Dneska um\u00ed jednak p\u0159ekl\u00e1dat znakov\u00fd jazyk z videa do textu, z\u00e1rove\u0148 m\u00e1me i prototyp, kter\u00fd um\u00ed z textu vytvo\u0159it Avatara, generovat vlastn\u011b znakuj\u00edc\u00ed postavu, kter\u00e1 p\u0159esn\u011b popisuje to, co je v tom textu napsan\u00e9 v znakov\u00e9m jazyce a k tomu nav\u00edc je\u0161t\u011b te\u010fko spolupracuji s jedn\u00edm studentem tady st\u0159edn\u00ed \u0161koly z \u010ceska V\u00e1clavem Knapem, kter\u00fd k tomu p\u0159idal dal\u0161\u00ed funkci, a to je zp\u011btn\u00e1 vazba, zp\u011btn\u00e1 vazba pro lidi, kte\u0159\u00ed se u\u010d\u00ed znakov\u00fd jazyk, tak\u017ee m\u00e1me jednak model na p\u0159eklad z videa do textu, z textu do videa nebo do Avatara a nav\u00edc je\u0161t\u011b model, kter\u00fd um\u00ed d\u00e1vat zp\u011btnou vazbu na vlastn\u011b za\u010d\u00e1tky za\u010d\u00ednaj\u00edc\u00ed studenty znakov\u00e9ho jazyka.<br \/><br \/>Daniel Stach, moder\u00e1tor \u010cT<br \/>&#8212;&#8212;&#8212;&#8212;&#8212;&#8212;&#8211;<br \/>Kolik ti bylo, kdy\u017e ses ozval Marku Hr\u016fzovic Z\u00e1pado\u010desk\u00e9 univerzity v Plzni.<br \/><br \/>mluv\u010d\u00ed 3,<br \/>&#8212;&#8212;&#8212;&#8212;&#8212;&#8212;&#8211;<br \/>Mysl\u00edm, \u017ee 14 let, 15 let.<br \/><br \/>Daniel Stach, moder\u00e1tor \u010cT<br \/>&#8212;&#8212;&#8212;&#8212;&#8212;&#8212;&#8211;<br \/>Ozval se a dal v\u011bd\u011bt, \u017ee by s nimi cht\u011bl pracovat na jedn\u00e9 konkr\u00e9tn\u00ed aplikaci. Takhle si na to vzpom\u00edn\u00e1 s\u00e1m doktor hr\u016fz Z\u00e1pado\u010desk\u00e9 univerzity.<br \/><br \/>mluv\u010d\u00ed 5,<br \/>&#8212;&#8212;&#8212;&#8212;&#8212;&#8212;&#8211;<br \/>Maty\u00e1\u0161 Teh. Tehdy je\u0161t\u011b v rou\u0161k, v rou\u0161k\u00e1ch jsme byli v\u0161ichni. P\u0159i\u0161el norm\u00e1ln\u011b do Plzn\u00e9 a p\u0159ed takovou jako u\u0161\u00edm vlastn\u011b veden\u00edm katedry n\u00e1m prezentoval sv\u00e9 vlastn\u011b v\u00fdsledky, tak\u017ee tam to u\u017e bylo vlastn\u011b, on byl postaveno, \u017ee ty situace, kdy musel vlastn\u011b takhle p\u0159ed n\u011bjakou ofici\u00e1ln\u00ed komis\u00ed nebo jak to nazvat, n\u011bco p\u0159edstavit a zvl\u00e1dl to perfektn\u011b, tak\u017ee vlastn\u011b i to byl dal\u0161\u00ed vlastn\u011b takov\u00e1 indikace toho, \u017ee ten \u010dlov\u011bk m\u00e1 p\u0159ed sebou super budoucnost, um\u011bl komunikovat perfektn\u011b, dokonce velice. Copak neb\u00fdv\u00e1 z\u0159ejm\u00e9 a \u010dast\u00e9, \u017ee dok\u00e1zal uznat, \u017ee ano, to moje \u0159e\u0161en\u00ed nen\u00ed dokonal\u00e9. Nebyla tam z jeho strany \u017e\u00e1dn\u00e1 arogance, \u017e\u00e1dn\u00e1 namy\u0161lenost, tak\u017ee to bylo vlastn\u011b stra\u0161n\u011b super. A j\u00e1 taky jsem, v\u00edte, jako v\u011bdec, kter\u00fd se tomu v\u011bnuje u\u017e 20 let t\u00e9to problematice jsem m\u011bl takov\u00e9 obavy, co te\u010f p\u0159ijde \u0161estn\u00e1ctilet\u00fd kluk. A te\u010f n\u00e1m to v\u0161em uk\u00e1\u017ee, jak se to d\u011bl\u00e1 doopravdy.No, tak uk\u00e1zalo n\u011bco, co jako na\u0161t\u011bst\u00ed jsem hned vid\u011bl. Ano, to je super cesta a v\u00edm p\u0159esn\u011b, kudy d\u00e1l, aby se to dostalo na tu vy\u0161\u0161\u00ed \u00farove\u0148.<br \/><br \/>mluv\u010d\u00ed 7,<br \/>&#8212;&#8212;&#8212;&#8212;&#8212;&#8212;&#8211;<br \/>Pros\u00edm, p\u0159ibli\u017ete mi, jak prob\u00edhala ta prezentace, jak dlouho to trvalo.<br \/><br \/>mluv\u010d\u00ed 5,<br \/>&#8212;&#8212;&#8212;&#8212;&#8212;&#8212;&#8211;<br \/>Cel\u00e1 ta Maty\u00e1\u0161ovy prezentace trvala, \u0159eknu, aktivn\u011b, n\u011bco kolem p\u016fl hodiny a\u017e hodiny a pak jsme se s n\u00edm bavili dal\u0161\u00ed hodinu a \u0159\u00edk\u00e1m, jako reagoval velice pru\u017en\u011b, dok\u00e1zal se vyj\u00e1d\u0159it k v\u011bcn\u011b, tak\u017ee velice v dobr\u00e9 atmosf\u00e9\u0159e to prob\u00edhalo a v\u0161ichni jsme byli z toho nad\u0161en\u00ed teda.<br \/><br \/>mluv\u010d\u00ed 10,<br \/>&#8212;&#8212;&#8212;&#8212;&#8212;&#8212;&#8211;<br \/>Tak\u017ee v z\u00e1sad\u011b skoro jako obhajoba n\u011bjak\u00e9ho sv\u00e9ho grantov\u00e9ho n\u00e1vrhu nebo p\u0159\u00edpadn\u011b maturity, p\u0159\u00edpadn\u011b n\u011b\u010deho dal\u0161\u00edho ve v\u011bdeck\u00e9 kari\u00e9\u0159e.<br \/><br \/>mluv\u010d\u00ed 5,<br \/>&#8212;&#8212;&#8212;&#8212;&#8212;&#8212;&#8211;<br \/>\u00darovni bych to p\u0159irovnal, \u0159ekn\u011bme, k obhajob\u011b bakal\u00e1\u0159sk\u00e9 pr\u00e1ce, bych to tak \u0159ekl s t\u00edm, \u017ee samoz\u0159ejm\u011b to byla Maty\u00e1\u0161ova absolutn\u011b jakoby bokovka nad r\u00e1mec vlastn\u011b jeho povinnost\u00ed, \u017ee jo, kdy\u017e, tak\u017ee to u\u017e bylo super a vlastn\u011b i v tomhle kontextu. J\u00e1 jsem Maty\u00e1\u0161ovi po p\u00e1r konzultac\u00edch \u0159\u00edkal, pros\u00edm v\u00e1s, to je neuv\u011b\u0159iteln\u00e9, j\u00e1 se s v\u00e1ma bav\u00edm, jako kdybyste byl m\u016fj doktorand a m\u016f\u017eu se s v\u00e1ma bavit na t\u00fdhle \u00farovni, proto\u017ee vy tomu rozum\u00edte. A Maty\u00e1\u0161 teda i skv\u011ble tu pr\u00e1ci odv\u00e1d\u011bl, v\u017edy p\u0159i\u0161el, ud\u011blal, ne, co jsem mu zadal. Je\u0161t\u011b o kus v\u00edc s zvl\u00e1\u0161tn\u00edmi my\u0161lenkami, tak\u017ee velice to prob\u00edhalo velice super.<br \/><br \/>mluv\u010d\u00ed 8,<br \/>&#8212;&#8212;&#8212;&#8212;&#8212;&#8212;&#8211;<br \/>Jak jste vid\u011bl ty.<br \/><br \/>mluv\u010d\u00ed 3,<br \/>&#8212;&#8212;&#8212;&#8212;&#8212;&#8212;&#8211;<br \/>M\u011b to hrozn\u011b bavilo, j\u00e1 jsem jezdil v\u017edycky do pozn\u011b pendolinem v \u00faterky a ve \u010dtvrtky na semin\u00e1\u0159 a na sch\u016fzky s panem doktorem Hr\u016fzem, s Markem a bylo to v\u017edycky skv\u011bl\u00fd, j\u00e1 jsem v\u017edycky ve vlaku je\u0161t\u011b, j\u00e1 jsem jel bagetu rychle, proto\u017ee jsem pot\u0159eboval je\u0161t\u011b jako dopsat ty slidy prost\u011b a poznatky a m\u011b to hrozn\u011b bavilo, v\u017edycky, bylo to hrozn\u011b motivuj\u00edc\u00ed a hrozn\u011b p\u0159\u00edjemn\u00fd a to, \u017ee si m\u011b pan Dr. Rus a vzal pod sebe a d\u00e1v\u00e1m ten \u010das a tu p\u00e9\u010di, tak to pro m\u011b bylo \u00fapln\u011b vzdomuj\u00edc\u00ed, to bylo hrozn\u011b, hrozn\u011b z\u00e1bavn\u00fd, produktivn\u00ed a mi to hrozn\u011b moc vlastn\u011b pozitivn\u00ed energie a motivace pokra\u010dovat v tom v\u00fdzkumu a d\u011blat to v\u011bdecky a ne t\u0159eba byznysov\u011b nutn\u011b.<br \/><br \/>Daniel Stach, moder\u00e1tor \u010cT<br \/>&#8212;&#8212;&#8212;&#8212;&#8212;&#8212;&#8211;<br \/>Kdy s\u00e1m \u0159\u00edk\u00e1, \u017ee tob\u011b pomohl covid, proto\u017ee si mohl ud\u011blat rychle to, co bylo pot\u0159eba do \u0161koly a pak d\u011blat tu pr\u00e1ci, kter\u00e1 t\u011b bavila, jak ti vych\u00e1zeli na gymn\u00e1ziu Jana Kepla vst\u0159\u00edc, aby si tohle mohl v\u0161echno kombinovat.<br \/><br \/>mluv\u010d\u00ed 3,<br \/>&#8212;&#8212;&#8212;&#8212;&#8212;&#8212;&#8211;<br \/>Zprvu to bylo tro\u0161ku komplikovan\u011bj\u0161\u00ed, to jsme se tro\u0161ku o\u0165k\u00e1vali s pan\u00ed \u0159editelkou nebo z\u00e1stupkyn\u00ed \u0159editele. Tehdy trvalo n\u011bjakou dobu, ne\u017e mi dovolil d\u00e1t individu\u00e1ln\u00ed studijn\u00ed pl\u00e1n, abych mohl jezdit do t\u00e9 Plzn\u011b a d\u011blat dal\u0161\u00ed v\u011bci. Ale potom, kdy\u017e jsem uk\u00e1zal, \u017ee to stejn\u011b jsem schopn\u00fd st\u00edhat jak \u0161kolu, tak ten v\u00fdzkum, a proto\u017ee m\u00e1m dobr\u00e9 zn\u00e1mky a pln\u00edm v\u0161echno v\u010das, tak pot\u00e9 mi dali velkou svobodu, a to si moc v\u00e1\u017e\u00edm. Tak\u017ee ten prvn\u00ed p\u016flrok, kter\u00fd jsme to zkou\u0161eli, to bylo trochu n\u00e1ro\u010dn\u00e9, ale to, ch\u00e1pu pln\u011b, a pak to bylo nesm\u00edrn\u011b produktivn\u00ed a vst\u0159\u00edcn\u00e9 ze strany \u0161koly.<br \/><br \/>Daniel Stach, moder\u00e1tor \u010cT<br \/>&#8212;&#8212;&#8212;&#8212;&#8212;&#8212;&#8211;<br \/>Kdy\u017e \u0159\u00edk\u00e1\u0161, m\u011bl jsem dobr\u00e9 zn\u00e1mky, jak\u00fd si m\u011bl pr\u016fm\u011br.<br \/><br \/>mluv\u010d\u00ed 3,<br \/>&#8212;&#8212;&#8212;&#8212;&#8212;&#8212;&#8211;<br \/>Jedni\u010dky jsem jednu dvojku jsem m\u011bl z biologie.<br \/><br \/>Daniel Stach, moder\u00e1tor \u010cT<br \/>&#8212;&#8212;&#8212;&#8212;&#8212;&#8212;&#8211;<br \/>Je tam jedni\u010dky dobr\u00fd zn\u00e1mky, ano. Po gymn\u00e1ziu ses hl\u00e1sil do Spojen\u00fdch st\u00e1t\u016f, dal sis p\u0159ihl\u00e1\u0161ku na 10 univerzit, t\u011bch v\u016fbec nejpresti\u017en\u011bj\u0161\u00edch ze v\u0161ech. J\u00e1 jenom na dv\u011b ses nakonec nedostal.<br \/><br \/>mluv\u010d\u00ed 3,<br \/>&#8212;&#8212;&#8212;&#8212;&#8212;&#8212;&#8211;<br \/>Je tomu tak.<br \/><br \/>Daniel Stach, moder\u00e1tor \u010cT<br \/>&#8212;&#8212;&#8212;&#8212;&#8212;&#8212;&#8211;<br \/>Kolik si musel napsat? Esej\u00ed?<br \/><br \/>mluv\u010d\u00ed 3,<br \/>&#8212;&#8212;&#8212;&#8212;&#8212;&#8212;&#8211;<br \/>Na ka\u017edou \u0161kolu jsem psal asi p\u011bt nebo \u0161est esej\u00ed, tak\u017ee t\u011bch 10 \u0161kol kr\u00e1t, t\u011bch 5\u20136, tak\u017ee t\u0159eba 50, 60 esej\u00ed. Te\u010f si p\u0159esn\u011b nepamatuju te\u010f konkr\u00e9tn\u00ed \u010d\u00edsla.<br \/><br \/>mluv\u010d\u00ed 8,<br \/>&#8212;&#8212;&#8212;&#8212;&#8212;&#8212;&#8211;<br \/>Nakonec se dostal na Stanford, \u010d\u00edm si p\u0159esv\u011bd\u010dil.<br \/><br \/>mluv\u010d\u00ed 3,<br \/>&#8212;&#8212;&#8212;&#8212;&#8212;&#8212;&#8211;<br \/>To mimochodem, oni v\u00e1m z t\u00e9, z t\u00e9 \u0161koly nebo na stanpo to tak funguje v\u00e1m ta va\u0161e vlastn\u011b komisa\u0159 Kar\/ta, vlastn\u011b pracovnice, kter\u00e1 \u010detla moj\u00ed prvn\u00ed esej a vlastn\u011b podle m\u011b prezentovala tak komisi, tak v\u00e1m nap\u00ed\u0161e na konci ten jej\u00ed vztah va\u0161\u00ed p\u0159ihl\u00e1\u0161ce a ona psala, \u017ee j\u00ed zaujalo jednak to, \u017ee jsem d\u011blal tu v\u011bdu a ten v\u00fdzkum a \u017ee to m\u011b bavilo a z\u00e1rove\u0148, \u017ee jsem na \u0161kole pracoval p\u0159esn\u011b pro parlament a pro, pro noviny na\u0161e studentsk\u00e9 a jsem to coviduno dohromady, tak to j\u00ed zaujalo a taky pr\u00e1v\u011b bavil spoter a ten p\u0159\u00edb\u011bh z Poter, vlastn\u011b ze Sanfsee, proto\u017ee to je kousek od Stanfordu, to je t\u0159eba p\u016flhodina autem.<br \/><br \/>mluv\u010d\u00ed 8,<br \/>&#8212;&#8212;&#8212;&#8212;&#8212;&#8212;&#8211;<br \/>S k\u00fdm bydl\u00ed\u0161? Na koleji.<br \/><br \/>mluv\u010d\u00ed 3,<br \/>&#8212;&#8212;&#8212;&#8212;&#8212;&#8212;&#8211;<br \/>Minul\u00fd rok jsemdlel s Charliem, co\u017e je americk\u00fd fotbalista. J\u00e1 nev\u00edm, jestli je vid\u011bt v televizi, ale j\u00e1 m\u00e1m 2 m. Skoro.<br \/><br \/>mluv\u010d\u00ed 11,<br \/>&#8212;&#8212;&#8212;&#8212;&#8212;&#8212;&#8211;<br \/>Jsi vy\u0161\u0161\u00ed ne\u017e abych.<br \/><br \/>mluv\u010d\u00ed 3,<br \/>&#8212;&#8212;&#8212;&#8212;&#8212;&#8212;&#8211;<br \/>A Charlie m\u011bl t\u0159eba je\u0161t\u011b o 10 cm v\u00edc ne\u017e j\u00e1 a byl obrovsk\u00fd jako do \u0161\u00ed\u0159ky, a to bylo velmi zaj\u00edmav\u00e9, byl z Kentucky, mysl\u00edm, a ta na\u0161e komunikace a na\u0161e sou\u017eit\u00ed bylo, bylo jako nesm\u00edrn\u011b fascinuj\u00edc\u00ed jako, jako ten, ten zp\u016fsob, kter\u00fdm jako se choval ve \u0161kole a k \u017eivotu a k p\u0159\u00e1tel\u016fm a ke v\u0161emu bylo, jako to bylo, pardon, \u017ee nem\u00e1m jako lep\u0161\u00ed v\u00fdraz, a to bylo fakt hust\u00fd.<br \/><br \/>Daniel Stach, moder\u00e1tor \u010cT<br \/>&#8212;&#8212;&#8212;&#8212;&#8212;&#8212;&#8211;<br \/>\u00dapln\u011b nev\u00edm, co si pod t\u00edm m\u00e1m p\u0159edstavit a nejsem si jist\u00fd, \u017ee se v\u00e1m tamhle detaily.<br \/><br \/>mluv\u010d\u00ed 11,<br \/>&#8212;&#8212;&#8212;&#8212;&#8212;&#8212;&#8211;<br \/>Mo\u017en\u00e1 na\u0161e de.<br \/><br \/>Daniel Stach, moder\u00e1tor \u010cT<br \/>&#8212;&#8212;&#8212;&#8212;&#8212;&#8212;&#8211;<br \/>Dob\u0159e. Rad\u011bji se zept\u00e1m na to, jak se tohle prost\u0159ed\u00ed m\u011bn\u00ed, proto\u017ee ty jsi v rozhovoru s Jaroslavem Zoulou a mimo jin\u00e9 \u0159\u00edkal, cituji, m\u016fj optimismus v\u016f\u010di tomu, \u017ee tyhle v\u011bci vy\u0159e\u0161\u00edme. Tedy probl\u00e9my, kter\u00e9 jsou s um\u011blou inteligenc\u00ed spojen\u00e9. Je te\u010f asi na maximu, na jak\u00e9m jsem kdy byl, a to proto, \u017ee se\u0161 ve Spojen\u00fdch st\u00e1tech. Pro\u010d? Co to tam.<br \/><br \/>mluv\u010d\u00ed 3,<br \/>&#8212;&#8212;&#8212;&#8212;&#8212;&#8212;&#8211;<br \/>Je ta energie v\u0161ech lid\u00ed okolo m\u011b? A to jak profesor\u016f a lid\u00ed, co tam s n\u00e1mi pracuj\u00ed jako kantor\u016f, tak student\u016f m\u00fdch, m\u00fdch kamar\u00e1d\u016f, je neuv\u011b\u0159iteln\u00e1. J\u00e1 jsem p\u0159i\u0161el a prvn\u00ed den jsem se potkal s ales, co\u017e je te\u010f vlastn\u011b moje asidbi kamar\u00e1dka tam na Stanfordu a ta p\u0159i\u0161la s t\u00edm, \u017ee chce vy\u0159e\u0161it prost\u011b rakovinu. Nebo je\u0161t\u011b jeden dal\u0161\u00ed probl\u00e9m pomoc\u00ed EIA medic\u00edny. A n\u011bkolik lid\u00ed, bych \u0159ekl, kter\u00e9 jsem znal, tedy v \u010cesku, kte\u0159\u00ed m\u011bli podobn\u00e9 ambice, t\u00edm se lid\u00e9 sm\u00e1li a tam na, ten doporu\u010den\u00ed\u00ed, byli to, jo, super, tak jde na tom pracovat a ta energie a ten Drive. A v\u0161ichni, \u017ee to brali jako naprosto seri\u00f3zn\u011b, to pro n\u011b bylo n\u011bco \u00fapln\u011b nov\u00e9ho a \u00fapln\u011b jako osvobozuj\u00edc\u00ed to bylo, bylo to skv\u011bl\u00fd, proto\u017ee lidi maj\u00ed obrovsk\u00e9 ambice, obrovsk\u00e9 c\u00edle a v\u011bt\u0161ina z nich je naprosto jako nezi\u0161tn\u00e9 a vlastn\u011b chce pom\u00e1hat spoluprac\u00ed a vlastn\u011b jako otev\u0159en\u011b spolupracovat na t\u011bch projektech, a to je prost\u011b skv\u011bl\u00e9. A potom ti profeso\u0159i zase na druh\u00e9 stran\u011b, tak ti si s n\u00e1mi bav\u00ed jako s naprosto jako rovn\u00fdmi, by\u0165 jako ty jejich zku\u0161enosti a kapacity jsou \u00fapln\u011b n\u011bkde jinde ne\u017e na\u0161e. My se te\u010fko je\u0161t\u011b \u0161kol\u00edme a tr\u00e9nujeme a pro n\u00e1s hrozn\u011b osobn\u011b a p\u0159\u00e1telsky a m\u016f\u017eete jim tykat. A to podle m\u011b zm\u011bn\u00ed tu dynamiku. Prost\u011b, \u017ee jdete s profesorem po p\u0159edn\u00e1\u0161ce, a to jsou profeso\u0159i, kter\u00fd t\u0159eba dok\u00e1zali t\u0159eba teoriily lidick\u00fdch desek a desek a prost\u011b jako, a obrovsk\u00e9 kapacity v jejich oborech a pak jsme to jako na ob\u011bd, prost\u011b na sendvi\u010d, jako t\u0159eba v p\u011bti lidech a bav\u00edte se s nimi o tom, jak na to p\u0159i\u0161li a \u017ee vlastn\u011b jako to byla trochu n\u00e1hoda a tro\u0161ku vlastn\u011b jako cht\u011bli vlastn\u011b jako na cestu, tak prost\u011b si jako na\u0161li grant, prost\u011b mohli vycestovat a najednou teda jako objevili prost\u011b jako \u017ee to jde prost\u011b p\u0159es ten jako magnetismus vlastn\u011b jako dok\u00e1zat a ty p\u0159\u00edb\u011bhy, a to, \u017ee ta v\u011bda je hrozn\u011b lidsk\u00e1, to je \u00fapln\u011b pro m\u011b osvobozuj\u00edc\u00ed a hrozn\u011b to nab\u00edj\u00ed.<br \/><br \/>Daniel Stach, moder\u00e1tor \u010cT<br \/>&#8212;&#8212;&#8212;&#8212;&#8212;&#8212;&#8211;<br \/>U ledov\u00e9ho kafe, ide\u00e1ln\u011b probran\u00e9.<br \/><br \/>mluv\u010d\u00ed 3,<br \/>&#8212;&#8212;&#8212;&#8212;&#8212;&#8212;&#8211;<br \/>P\u0159esn\u011b tak. J\u00e1 jsem tam \u0161tamgast tady \u010cAKF, co\u017e je tam na\u0161e kav\u00e1rna, tam jako p\u0159ijdu a u\u017e jako se ani neptaj\u00ed, prost\u011b \u0161t mnou jako prost\u011b, kdo je aov\u00fd kafe. Jedeme na t\u00e9maty. P\u0159esn\u011b tak.<br \/><br \/>Daniel Stach, moder\u00e1tor \u010cT<br \/>&#8212;&#8212;&#8212;&#8212;&#8212;&#8212;&#8211;<br \/>Ty pracuje\u0161 na detekci dee fake vide\u00ed a medi\u00e1ln\u00ed forenzn\u00ed anal\u00fdze, tedy vyhodnocov\u00e1n\u00ed toho, co se d\u011bje, na co se d\u00edv\u00e1me, pro\u010d to tak je, jak\u00fdm zp\u016fsobem to funguje? Pro\u010d tohle t\u00e9ma?<br \/><br \/>mluv\u010d\u00ed 3,<br \/>&#8212;&#8212;&#8212;&#8212;&#8212;&#8212;&#8211;<br \/>Proto\u017ee lid\u00e9 dnes koukaj\u00edna soci\u00e1ln\u00ed s\u00edt\u011b nebo tr\u00e1v\u00edme spoustu \u010dasu t\u0159eba jako n\u011bkolik hodin denn\u011b. A ten obsah, kter\u00fd dnes vid\u00edme, je z velk\u00e9 \u010d\u00e1sti bu\u010f a jak vytvo\u0159en nebo n\u011bjak upraven a do budoucna v\u011b\u0159\u00edm, \u017ee b\u011bhem n\u011bkolika m\u011bs\u00edc\u016f v\u011bt\u0161ina obsahu na internetu bude n\u011bjak upravena nebo vytvo\u0159ena um\u011blou inteligenc\u00ed? A v ten moment je pot\u0159eba se pt\u00e1t, co je re\u00e1ln\u00e9, co nen\u00ed re\u00e1ln\u00e9 a pracovat s t\u00edm. A pro m\u011b ta znalost toho, \u017ee t\u0159eba neexistuj\u00ed detektory nebo neexistuj\u00ed syst\u00e9my nebo neexistovaly na tu detekci, byla tak \u0161okuj\u00edc\u00ed, aleuj\u00edc\u00ed, \u017ee jsem se do toho cht\u011bl n\u011bjak zapojit.<br \/><br \/>Daniel Stach, moder\u00e1tor \u010cT<br \/>&#8212;&#8212;&#8212;&#8212;&#8212;&#8212;&#8211;<br \/>Jak c\u00edlen\u00e1 budou tahle prolhan\u00e1 videa.<br \/><br \/>mluv\u010d\u00ed 3,<br \/>&#8212;&#8212;&#8212;&#8212;&#8212;&#8212;&#8211;<br \/>Budou nesm\u00edrn\u011b c\u00edlen\u00e1 ta videa, co dneska vid\u00edme, jsou v\u011bt\u0161inou vytvo\u0159en\u00e1 jako trv\u00e1 to n\u011bjakou chvilku, p\u00e1r minut t\u0159eba a je pot\u0159eba, aby n\u011bjak\u00fd \u010dlov\u011bk konkr\u00e9tn\u011b to vytvo\u0159il, zadal tu \u00falohu, zadal ten text, ten sc\u00e9n\u00e1\u0159, na\u0161el ty lidi a ta data, ale do budoucna to bude absolutn\u00ed personalizace na \u00farovni jednotlivc\u016f, jednotliv\u00fdch u\u017eivatel\u016f, proto\u017ee ty algoritmy soci\u00e1ln\u00edch s\u00edt\u00ed a vlastn\u011b jako jinde ne na soci\u00e1ln\u00edch s\u00edt\u00edch znaj\u00ed p\u0159esn\u011b to, co v\u00e1s zaj\u00edm\u00e1, na co klik\u00e1te, co v\u00e1s bav\u00ed a kde tr\u00e1v\u00edte nejv\u00edce \u010dasu a p\u0159esn\u011b ty vektory a vlastn\u011b ta citliv\u00e1 m\u00edsta, skrze kter\u00e1 ty narativy m\u016f\u017eou k v\u00e1m doputovat, tak to oni znaj\u00ed a te\u010fko si mohou naj\u00edt prost\u011b jakoukoliv osobnost, kter\u00e9 vy v\u011b\u0159\u00edte nebo kter\u00e9 naopak, to nem\u00e1te t\u0159eba r\u00e1di? Kter\u00e1 vyvol\u00e1v\u00e1 emoce a pot\u00e9 tu osobu deepfkovat tak, aby pu\u0161ovaly sv\u016fj vlastn\u00ed narativ. A ta pesimalizace bude absolutn\u011b jenom jako pro v\u00e1s, prost\u011b deepfke pro dan\u00e1, kter\u00e9 zaj\u00edm\u00e1 t\u0159eba v\u011bda, n\u011bjak\u00e9 konkr\u00e9tn\u00ed v\u011bci a pojede prost\u011b. \u017div\u011b na Twitteru, na Facebooku, na Instagramu.<br \/><br \/>Daniel Stach, moder\u00e1tor \u010cT<br \/>&#8212;&#8212;&#8212;&#8212;&#8212;&#8212;&#8211;<br \/>Na kktoku a bude tak personalizovan\u00e9, \u017ee ty odkazy, na kter\u00e9 bude t\u0159eba nar\u00e1\u017eet ten um\u011ble vytvo\u0159en\u00fd \u010dlov\u011bk, budou sp\u00ed\u0161 o ko\u010dk\u00e1ch, proto\u017ee m\u00e1m rad\u011bji ko\u010dky ne\u017e psi, nebo naopak o t\u00e9hle personalizace bav\u00edme, proto\u017ee ze soci\u00e1ln\u00edch s\u00edt\u00ed se d\u00e1 zjistit, \u017ee jsem sp\u00ed\u0161 ko\u010di\u010d\u00ed ne\u017e ps\u00ed.<br \/><br \/>mluv\u010d\u00ed 3,<br \/>&#8212;&#8212;&#8212;&#8212;&#8212;&#8212;&#8211;<br \/>Je tomu tak a ty ko\u010dky a psy jsou hezk\u00e1 uk\u00e1zka, ale ty algormy pracuj\u00ed na daleko p\u0159esn\u011bj\u0161\u00ed a detailn\u011bj\u0161\u00ed \u00farovni a znaj\u00ed rozd\u00edly pro de facto ka\u017ed\u00fd, s kter\u00fdm se u\u017e n\u011bjak pracoval. To, \u017ee jste jednou n\u011bjak\u00fd p\u0159\u00edsp\u011bvek od t\u0159eba n\u011bjak\u00e9 ud\u00e1losti ve zpr\u00e1v\u00e1ch, tak jenom to, jak dlouho t\u0159eba jako na to se pod\u00edv\u00e1te a jak dlouho odujete d\u00e1l, to je velmi siln\u00fd sign\u00e1l toho a z toho u\u017e jako ty algeny pracuj\u00ed a extra auj\u00ed z toho n\u011bjak\u00e1 data, informace.<br \/><br \/>Daniel Stach, moder\u00e1tor \u010cT<br \/>&#8212;&#8212;&#8212;&#8212;&#8212;&#8212;&#8211;<br \/>Dok\u00e1\u017ee tohle vytvo\u0159it kdokoliv? Takov\u00e9hle video nebo pot\u0159ebuje um\u011bt programovat.<br \/><br \/>mluv\u010d\u00ed 3,<br \/>&#8212;&#8212;&#8212;&#8212;&#8212;&#8212;&#8211;<br \/>P\u0159ed rokem bych v\u00e1m \u0159ekl, \u017ee ano, je pot\u0159eba programovat a m\u00edt n\u011bjakou technickou znalost, dneska kdokoliv. Dneska existuj\u00ed str\u00e1nky aplikace, kter\u00e9 \u010dasto jsou t\u0159eba i zdarma, v n\u011bjak\u00e9m testovac\u00edm re\u017eimu, kde p\u0159ijdete, zad\u00e1te tax nebo sc\u00e9n\u00e1\u0159, co m\u00e1 ta osoba \u0159\u00edkat? Jednu fotku? Mo\u017en\u00e1 jedno video, a to sta\u010d\u00ed cokoliv.<br \/><br \/>Daniel Stach, moder\u00e1tor \u010cT<br \/>&#8212;&#8212;&#8212;&#8212;&#8212;&#8212;&#8211;<br \/>Ty jsi se pod\u00edlel na pr\u00e1ci, kter\u00e1 ukazovala, jak\u00fdm zp\u016fsobem rozpoznat fake u prezidenta Volodymyra Zelensk\u00e9ho. Bylo to na za\u010d\u00e1tku rusk\u00e9 agrese sm\u011brem na Ukrajinu. Tady m\u00e1me fejkov\u00e9ho, re\u00e1ln\u00e9ho. Vy jste pracovali se \u010dty\u0159mi r\u016fzn\u00fdmi prost\u0159ed\u00edmi, s osmi hodinami vide\u00ed, ve kter\u00fdch jste d\u00e1vali dohromady tahle data a p\u0159i\u0161li jste s t\u00edm, na co si d\u00e1t pozor, abyste mohli \u0159\u00edct, pozor, tohle vypad\u00e1 na fake, na co jste p\u0159i\u0161li, na co je pot\u0159eba a jak se zam\u011b\u0159it.<br \/><br \/>mluv\u010d\u00ed 3,<br \/>&#8212;&#8212;&#8212;&#8212;&#8212;&#8212;&#8211;<br \/>Zam\u011b\u0159ovali jsme se konkr\u00e9tn\u011b na pohyby \u00fast t\u011bch spodn\u00edch \u010d\u00e1st\u00ed vlastn\u011b rt\u016f, kter\u00e9 \u010dasto v t\u011bch d\u00fdfejc\u00edchch jsou velmi nep\u0159esn\u00e9 a tro\u0161ku se chv\u011bj\u00ed. Pokud zaoomujete na ta videa, tak \u010dasto uvid\u00edte trochu jako chv\u011bn\u00ed se, stejn\u011b tak t\u0159eba ta gesta a to, jak ta gesta funguj\u00ed. A v r\u00e1mci toho projevu a kde naopak t\u0159eba ta osoba n\u011bco, n\u011bco signalizuje, kde n\u011bco zd\u016fraz\u0148uje, tak to tam nesed\u011blo. A my jsme vid\u011bli, \u017ee ty tomu \u0159\u00edk\u00e1me jako konkr\u00e9tn\u011b to jsou korelace, ale \u017ee vlastn\u011b ty souhry tady t\u011bch v\u011bc\u00ed ale na\u0161e \u00fasta, \u017ee tam jsou nesoulady a n\u011bjak\u00e9 sign\u00e1ly, kter\u00e9 my jsme mohli rozpoznat.<br \/><br \/>mluv\u010d\u00ed 8,<br \/>&#8212;&#8212;&#8212;&#8212;&#8212;&#8212;&#8211;<br \/>Man\u00fdrismus.<br \/><br \/>mluv\u010d\u00ed 3,<br \/>&#8212;&#8212;&#8212;&#8212;&#8212;&#8212;&#8211;<br \/>Je tomu tak. Jsou to man\u00fdrismy konkr\u00e9tn\u00edch osobnost\u00ed. Tady v p\u0159\u00edpad\u011b pana prezidenta Zelensk\u00e9ho to je mo\u017en\u00e9, proto\u017ee m\u00e1me velkou datab\u00e1zi jeho vide\u00ed proslov\u016f, rozhovor\u016f a m\u016f\u017eeme se ty man\u00fdrysmy nau\u010dit nebo mi um\u011bl\u00e1 inteligence se nau\u010d\u00ed, tak\u017ee u nich to man\u00fd, kter\u00e9 jsou tak detailn\u00ed a tak \u010dast\u00e9 a tak p\u0159esn\u00e9, \u017ee nechci \u0159\u00edkat, \u017ee to je n\u011bjak\u00e9 jako skoro DNA, ale takov\u00e9 trochu jako vizu\u00e1ln\u00ed, skoro jako DNA, je to prost\u011b takov\u00fd, takov\u00fd.<br \/><br \/>mluv\u010d\u00ed 11,<br \/>&#8212;&#8212;&#8212;&#8212;&#8212;&#8212;&#8211;<br \/>Faktor toho \u010dlov\u011bka, kter\u00fd ka\u017ed\u00fd m\u00e1me, t\u0159eba si to neuv\u011bdomujeme, ale je hrozn\u011b siln\u00fd, je tam skoro v\u017edycky, kdy\u017e mluv\u00edme, nebo kdy\u017e prezentujeme n\u011bco.<br \/><br \/>Daniel Stach, moder\u00e1tor \u010cT<br \/>&#8212;&#8212;&#8212;&#8212;&#8212;&#8212;&#8211;<br \/>Bav\u00edme se o tom, \u017ee t\u0159eba naklon\u00edm hlavu, kdy\u017e n\u011bco typicky \u0159\u00edk\u00e1m, pou\u017eiju gesto ruky, kter\u00e9 nikdo jin\u00fd nepou\u017e\u00edv\u00e1.<br \/><br \/>mluv\u010d\u00ed 3,<br \/>&#8212;&#8212;&#8212;&#8212;&#8212;&#8212;&#8211;<br \/>P\u0159esn\u011b tak, a to jsou velmi jako viditeln\u00e1 gesta a tady t\u011bch gest je spoustu. Co to t\u0159eba svaly ve va\u0161em obli\u010deji, a to jak spolu nebo jak za sebou se pohybuj\u00ed, jak intenzivn\u011b t\u0159eba jsou za\u0165at\u00e9, tak to v\u0161echno m\u016f\u017eeme z t\u011bch vide\u00ed n\u011bjak predikovat a pot\u00e9 kvantifikovat v t\u011bch na\u0161ich modelech.<br \/><br \/>Daniel Stach, moder\u00e1tor \u010cT<br \/>&#8212;&#8212;&#8212;&#8212;&#8212;&#8212;&#8211;<br \/>Jin\u00fdmi slovy, pak vytvo\u0159it syst\u00e9m, do kter\u00e9ho nahraj\u00ed to video. A ten mi \u0159ekne, s jakou pravd\u011bpodobnost\u00ed to je nebo nen\u00ed vylhan\u00e9. video.<br \/><br \/>mluv\u010d\u00ed 3,<br \/>&#8212;&#8212;&#8212;&#8212;&#8212;&#8212;&#8211;<br \/>P\u0159esn\u011b tak, a nejenom to z\u00e1rove\u0148 um\u00ed, um\u00ed za\u017eovat, kter\u00e9 t\u0159eba segmenty toho videa jsou upraven\u00e9, proto\u017ee dnes se \u010dasto d\u011bje to, \u017ee se t\u0159eba opravdu jenom jednotliv\u00e9 slova, jednotliv\u00e9 pas\u00e1\u017ee toho videa, a to v\u0161echno ten model je schopn\u00fd rozpoznat, \u017ee t\u0159eba v\u011bt\u0161ina videa je v po\u0159\u00e1dku, tam to v\u0161echno sed\u00ed a najednou tady u toho slova je n\u011bco v nepo\u0159\u00e1dku a p\u0159esn\u011b \u0159\u00edci, jak\u00e9 t\u0159eba faktory nebo jak\u00e9 v\u011bci v tom obli\u010deji nebo v, v t\u011bch gestech jsou v n\u011bjak\u00e9m nesouladu a pot\u00e9 my se m\u016f\u017eeme j\u00edt pod\u00edvat na video a posadit to sami.<br \/><br \/>Daniel Stach, moder\u00e1tor \u010cT<br \/>&#8212;&#8212;&#8212;&#8212;&#8212;&#8212;&#8211;<br \/>Z\u00e1rove\u0148 to m\u016f\u017eete p\u0159idat dal\u0161\u00ed \u00fahly pohledu. To, jak tam dopad\u00e1 nebo nedopad\u00e1 sv\u011btlo, nap\u0159\u00edklad, to je to tak, na \u010dem taky pracujete.<br \/><br \/>mluv\u010d\u00ed 3,<br \/>&#8212;&#8212;&#8212;&#8212;&#8212;&#8212;&#8211;<br \/>P\u0159esn\u011b tak, jenom z toho 2D obr\u00e1zku. A to, jak, kdy\u017e jsem to zjistil, m\u011b to hrozn\u011b fascinovalo. Zv\u011br obr\u00e1zku, pokud \u010dlov\u011bk je venku, tak jenom prost\u011b z toho, z t\u00e9 intenzity t\u011bch barev na va\u0161em obli\u010deji, na obli\u010deji a vlastn\u011b na tv\u00e1\u0159\u00edch a na \u010dele je mo\u017en\u00e9 predikovat, kde v\u016f\u010di v\u00e1m je slunce. A ty rovnice kr\u00e1sn\u011b vych\u00e1z\u00ed, kr\u00e1sn\u011b vych\u00e1z\u00ed ty rovnice, kdy\u017e to je re\u00e1ln\u00e1 fotka nebo video, a kdy\u017e nen\u00ed, tak to v\u016fbec nevych\u00e1z\u00ed, ale je to jako tak siln\u011b, je to tak siln\u00fd faktor a sign\u00e1l, \u017ee to je, to byl skoro jako nejsiln\u011bj\u0161\u00ed prediktor pro deky z venkovn\u00edho prost\u0159ed\u00ed.<br \/><br \/>Daniel Stach, moder\u00e1tor \u010cT<br \/>&#8212;&#8212;&#8212;&#8212;&#8212;&#8212;&#8211;<br \/>Z\u00e1rove\u0148 m\u016f\u017eete tak\u00e9 sledovat to, co tam nezazn\u011blo, jin\u00fdmi slovy, naj\u00edt si ten text a porovnat, jestli se pohybuj\u00ed rty tak, jak maj\u00ed.<br \/><br \/>mluv\u010d\u00ed 3,<br \/>&#8212;&#8212;&#8212;&#8212;&#8212;&#8212;&#8211;<br \/>P\u0159esn\u011b, p\u0159esn\u011b tak.<br \/><br \/>Daniel Stach, moder\u00e1tor \u010cT<br \/>&#8212;&#8212;&#8212;&#8212;&#8212;&#8212;&#8211;<br \/>D\u00e1 se tohle to d\u00e1t v\u0161echno dohromady a je\u0161t\u011b k tomu n\u011bco p\u0159idat, abychom zv\u00fd\u0161ili pravd\u011bpodobnost, \u017ee pozn\u00e1me le\u017e.<br \/><br \/>mluv\u010d\u00ed 3,<br \/>&#8212;&#8212;&#8212;&#8212;&#8212;&#8212;&#8211;<br \/>Lze k tomu p\u0159idat i dal\u0161\u00ed faktory, ale t\u0159eba pro m\u011b ten asi nejvtipn\u011bj\u0161\u00ed je zkusit zakr\u00fdt si u\u0161i, tak j\u00e1 jsem vlastn\u011b p\u0159i\u0161el na mnoho z t\u011bch sign\u00e1l\u016f, kter\u00e9 pou\u017e\u00edv\u00e1me, proto\u017ee kdy\u017e jsem si jednou n\u00e1hodou zakrl u\u0161i, sn\u00edm\u00e1me jeden z va\u0161ich dek\u016f, kter\u00fd jsem jako dlouho dlouze p\u0159ipravoval a byl fakt jako velmi jako vylad\u011bn\u00fd, \u00fapln\u011b jsem na n\u011b byl py\u0161n\u00fd a pak jsem jako n\u011bjak podle m\u011b asi mo\u017en\u00e1 z legrace nebo nev\u00edm, pro\u010d jsem si zakryl u\u0161i, byl jsem v Labu t\u0159eba jako 10 ve\u010der a najednou jsem se d\u00edval na ta \u00fasta a v\u016fbec to nesed\u011blo a \u00fapln\u011b jsem si \u0159\u00edkal, ty jo, jako n\u011bco je v nepo\u0159\u00e1dku, a to podle m\u011b je dneska st\u00e1le jako velmi dobr\u00fd indik\u00e1tor. To je star\u00fdb\u011bh nebo ne.<br \/><br \/>mluv\u010d\u00ed 8,<br \/>&#8212;&#8212;&#8212;&#8212;&#8212;&#8212;&#8211;<br \/>Jak dlouho to vydr\u017e\u00ed?<br \/><br \/>mluv\u010d\u00ed 3,<br \/>&#8212;&#8212;&#8212;&#8212;&#8212;&#8212;&#8211;<br \/>Mo\u017en\u00e1 rok, dva, pokud budeme m\u00edt \u0161t\u011bst\u00ed.<br \/><br \/>Daniel Stach, moder\u00e1tor \u010cT<br \/>&#8212;&#8212;&#8212;&#8212;&#8212;&#8212;&#8211;<br \/>Ty jsi se pod\u00edlel na vytvo\u0159en\u00ed um\u011bl\u00e9ho Edersona Coopera a moder\u00e1tora americk\u00e9 CNN, poslali jste ho do CNN, kde ho kolegov\u00e9 od toho skute\u010dn\u00e9ho nepoznali? Co sis potom \u0159ekl.<br \/><br \/>mluv\u010d\u00ed 3,<br \/>&#8212;&#8212;&#8212;&#8212;&#8212;&#8212;&#8211;<br \/>Byl jsem tro\u0161ku v \u0161oku, trochu jsem byl vystra\u0161en\u00fd a nechci stra\u0161 sly\u0161et tebe, Dane, t\u00edm, \u017ee t\u011b tady nahrad\u00edme. Je\u0161t\u011b to jako n\u011bjakou dobu potrv\u00e1, ale ta jednoduchost t\u00e9 p\u0159\u00edpravy, jak n\u00e1m to zvolilo, t\u0159eba \u010dty\u0159i t\u00fddny, se dostat do momentu, kdy to bylo jako skoro tam, ale je\u0161t\u011b to \u00fapln\u011b jako nebylo perfektn\u00ed a pak jedna v\u011bc n\u00e1s napadla a toto \u00fapln\u011b prolomila a pak to prost\u011b jelo a te\u010f jsme tvo\u0159ili prost\u011b b\u011bhem t\u0159eba 10:20 minut a byli na takov\u00e9 \u00farovni, jako \u017ee n\u00e1m producenti a mana\u017ee\u0159i ze CNN psali, \u017ee vlastn\u011b to nepoznali a jako n\u011bkte\u0159\u00ed n\u00e1m psali, \u017ee jsou \u00fapln\u011b jako z toho, z toho jako v \u0161oku, \u017ee to je skv\u011bl\u00fd, kdy\u017e n\u00e1mpsali, \u017ee to je jako hrozn\u00fd, jako \u017ee to d\u011bl\u00e1me a \u017ee jako ta st\u00e1vka teda je pot\u0159eba, jak chcete, teda tehdy panovala v Hollywoodu a tak j\u00e1 jsem z toho byl jako v \u0161oku. Vlastn\u011b.<br \/><br \/>mluv\u010d\u00ed 8,<br \/>&#8212;&#8212;&#8212;&#8212;&#8212;&#8212;&#8211;<br \/>P\u0159edpokl\u00e1d\u00e1m, \u017ee mi ne\u0159ekne\u0161 ten trik.<br \/><br \/>mluv\u010d\u00ed 3,<br \/>&#8212;&#8212;&#8212;&#8212;&#8212;&#8212;&#8211;<br \/>To si asi nech\u00e1m pro sebe, promi\u0148te.<br \/><br \/>Daniel Stach, moder\u00e1tor \u010cT<br \/>&#8212;&#8212;&#8212;&#8212;&#8212;&#8212;&#8211;<br \/>Ale ch\u00e1pu to spr\u00e1vn\u011b, \u017ee kdyby si cht\u011bl, tak ze m\u011b vytvo\u0159\u00ed\u0161 Avatara, kter\u00e9ho div\u00e1ci nepoznaj\u00ed b\u011bhem 20 minut.<br \/><br \/>mluv\u010d\u00ed 3,<br \/>&#8212;&#8212;&#8212;&#8212;&#8212;&#8212;&#8211;<br \/>Je to tak. Mus\u00edm \u0159\u00edct, \u017ee dneska pro \u010de\u0161tinu to je je\u0161t\u011b trochu hor\u0161\u00ed, ty nejlep\u0161\u00ed syst\u00e9my jsou pro angli\u010dtinu, pro \u0161pan\u011bl\u0161tinu a pro n\u011bm\u010dinu, \u017ee v t\u011bch jazyc\u00edch by mi sta\u010dilo t\u0159eba 20 vte\u0159in tv\u00e9ho hlasu, mo\u017en\u00e1 jedna fotka, mo\u017en\u00e1 kousek videa, to by bylo super a sta\u010d\u00ed mi 20 minut, m\u00e1m tam notebook, tak to bych vytvo\u0159il v angli\u010dtin\u011b, ten neep fake, pro \u010de\u0161tinu to nebude tak kvalitn\u00ed a trvalo by to trochu d\u00e9le, ale de tomu rok, mo\u017en\u00e1 p\u00e1r m\u011bs\u00edc\u016f a bude to tam.<br \/><br \/>Daniel Stach, moder\u00e1tor \u010cT<br \/>&#8212;&#8212;&#8212;&#8212;&#8212;&#8212;&#8211;<br \/>Tak\u017ee kdy\u017e moderuju v angli\u010dtin\u011b, tak jsem tak \u0159\u00edkaj\u00edc nahran\u00fd.<br \/><br \/>mluv\u010d\u00ed 3,<br \/>&#8212;&#8212;&#8212;&#8212;&#8212;&#8212;&#8211;<br \/>Tak proto m\u00e1\u0161 po\u0159ad v \u010de\u0161tin\u011b.<br \/><br \/>Daniel Stach, moder\u00e1tor \u010cT<br \/>&#8212;&#8212;&#8212;&#8212;&#8212;&#8212;&#8211;<br \/>Spousta d\u00edl\u016f je v angli\u010dtin\u011b, tak\u017ee spousta studijn\u00edho materi\u00e1lu, ale m\u011b by zaj\u00edmalo to, jak ty, kdy\u017e se na to pod\u00edv\u00e1\u0161, se\u0161 si jist\u00fd, \u017ee z\u016fstane\u0161 na t\u00e9 sv\u011btl\u00e9 stran\u011b s\u00edly, proto\u017ee spousta padouch\u016f m\u00e1 taky PhD, kter\u00e9 ty chce\u0161 studovat? Jestli m\u00edsto rozpozn\u00e1v\u00e1n\u00ed Deep faejke\u016f neza\u010dne\u0161 dep faky vyr\u00e1b\u011bt.<br \/><br \/>mluv\u010d\u00ed 3,<br \/>&#8212;&#8212;&#8212;&#8212;&#8212;&#8212;&#8211;<br \/>Ne, j\u00e1 bych se nemohl s\u00e1m sob\u011b pod\u00edvat do zrcadla na Milu. Proto\u017ee m\u011b bav\u00ed to, \u017ee vst\u00e1v\u00e1m jako brzo a m\u011b to bav\u00ed vlastn\u011b jako b\u00fdt venku, kdy\u017e je\u0161t\u011b lidi jako nejsou moc venku a hrozn\u011b m\u011b to jako nab\u00edj\u00ed a to, \u017ee bych jako d\u011blal tady ty v\u011bci, to m\u011b vlastn\u011b jako potom \u00fapln\u011b s\u017e\u00edralo zevnit\u0159.<br \/><br \/>Daniel Stach, moder\u00e1tor \u010cT<br \/>&#8212;&#8212;&#8212;&#8212;&#8212;&#8212;&#8211;<br \/>Ty tedy d\u011bl\u00e1\u0161 v\u011bci, kter\u00e9 ned\u011bl\u00e1\u0161 r\u00e1d, kdy\u017e vytv\u00e1\u0159\u00ed\u0161 depfake.<br \/><br \/>mluv\u010d\u00ed 3,<br \/>&#8212;&#8212;&#8212;&#8212;&#8212;&#8212;&#8211;<br \/>Je to tak, ale je to pot\u0159eba, proto\u017ee pokud zn\u00e1me p\u0159esn\u011b ty kroky a ty nedostatky, co tam jsou, tak potom to m\u016f\u017eeme l\u00e9pe detekovat. Tak\u017ee pro m\u011b to vlastn\u011b bylo tro\u0161ku dilema, jako, mus\u00edm \u0159\u00edct, a hodn\u011b jsme t\u0159eba s Han, s prof. Faridem potom bavili p\u0159es to l\u00e9to, jestli vlastn\u011b o tom ps\u00e1t, jestli vlastn\u011b o tom n\u011bjak informovat tu komunitu a vlastn\u011b ve\u0159ejnost, proto\u017ee my jsme vyvinuli n\u011bjak\u00fd syst\u00e9m na Deep fakeky, kter\u00fd byl z opensors technologi\u00ed postaven\u00fd a te\u010fko bychom tam de facto poskytovali kucha\u0159ku lidem, kte\u0159\u00ed p\u0159esn\u011b na t\u00e9 temn\u00e9 stran\u011b s\u00edly cht\u011bj\u00ed pou\u017e\u00edt pro dezinformace, pro podvody. A nakonec p\u0159ev\u00e1\u017e\u00ed ta str\u00e1nka argumentu, \u017ee je pot\u0159eba informovat o tom, jak jednoduch\u00e9 to je, abychom se na to p\u0159ipravili, ale jako dilemata to byla jako velk\u00e1, tak\u017ee to nebylo \u00fapln\u011b komfortn\u00ed.<br \/><br \/>Daniel Stach, moder\u00e1tor \u010cT<br \/>&#8212;&#8212;&#8212;&#8212;&#8212;&#8212;&#8211;<br \/>Zmi\u0148uje\u0161 Hanyho Farida, tv\u00e9ho kolegu, jedno z nejrespektovan\u011bj\u0161\u00edch nejcitovan\u011bj\u0161\u00edch odborn\u00edk\u016f na AI na sv\u011bt\u011b. My jsme se ho zeptali jak\u00fdsi ty.<br \/><br \/>Jaroslav Zoula, redaktor \u010cT<br \/>&#8212;&#8212;&#8212;&#8212;&#8212;&#8212;&#8211;<br \/>T\u00e9m\u011b\u0159 30 let u\u010d\u00edm studenty a rad\u00edm jim na dvou nejlep\u0161\u00edch americk\u00fdch univerzit\u00e1ch. Maty\u00e1\u0161e nelze srovn\u00e1vat s jin\u00fdmi studenty, on je kategorie sama pro sebe, nikdo se mu ani nep\u0159ibli\u017euje. Pokud jde o kombinaci \u010dist\u00e9ho intelektu, kreativity, ochoty \u0159e\u0161it neuv\u011b\u0159iteln\u011b t\u011b\u017ek\u00e9 probl\u00e9my, neochoty nechat se porazit jakoukoliv p\u0159ek\u00e1\u017ekou, je \u00fa\u017easn\u00fd, slu\u0161n\u00fd a starostliv\u00fd \u010dlov\u011bk. Obvykle nerad p\u0159edpov\u00edd\u00e1m, ale Maty\u00e1\u0161 bude hv\u011bzda, tedy on u\u017e hv\u011bzdou je, ale jeho hv\u011bzda bude z\u00e1\u0159it st\u00e1le jasn\u011bji bez viditeln\u00e9ho konce.<br \/><br \/>Daniel Stach, moder\u00e1tor \u010cT<br \/>&#8212;&#8212;&#8212;&#8212;&#8212;&#8212;&#8211;<br \/>To se dob\u0159e, ale z\u00e1rove\u0148 t\u011b\u017ece poslouch\u00e1.<br \/><br \/>mluv\u010d\u00ed 3,<br \/>&#8212;&#8212;&#8212;&#8212;&#8212;&#8212;&#8211;<br \/>\u017de to je t\u011b\u017ek\u00fd, proto\u017ee s harm se v\u00e1m z\u00edtra volat pracovn\u011b, tak to.<br \/><br \/>mluv\u010d\u00ed 11,<br \/>&#8212;&#8212;&#8212;&#8212;&#8212;&#8212;&#8211;<br \/>A o tomhle bude kone\u010dn\u00fd.<br \/><br \/>mluv\u010d\u00ed 3,<br \/>&#8212;&#8212;&#8212;&#8212;&#8212;&#8212;&#8211;<br \/>No, je to tak, je to tak, ale s Harm ta pr\u00e1ce je tak inspirativn\u00ed a tak super, \u017ee to snad teda, to mus\u00edm n\u011bjak jako teda skousnu, ale to teda, to teda jako, to m\u011b rozhodilo, mus\u00edm \u0159\u00edct.<br \/><br \/>Daniel Stach, moder\u00e1tor \u010cT<br \/>&#8212;&#8212;&#8212;&#8212;&#8212;&#8212;&#8211;<br \/>Jakou pr\u00e1ci odv\u00e1d\u00ed\u0161 v Googlu, co tam je tv\u00fdm \u00fakolem.<br \/><br \/>mluv\u010d\u00ed 3,<br \/>&#8212;&#8212;&#8212;&#8212;&#8212;&#8212;&#8211;<br \/>V Goolu jsem m\u011bl dv\u011b \u00falohy, jedna z nich byla ta vlastn\u011b odhalit, jestli n\u011bjak\u00fd model AI, kter\u00fd t\u0159eba generuje text nebo obr\u00e1zky, byl natr\u00e9novan\u00fd, na jak\u00e9m konkr\u00e9tn\u00edm obr\u00e1zku, textu, n\u011bjak\u00e9m zdroji, co\u017e dneska je, nebo do t\u00e9 doby, ne\u017e jsem nastoupil goog covidu. \u00daloha, a to se n\u00e1m poda\u0159ilo vy\u0159e\u0161it, respektive my p\u0159id\u011blujeme t\u00e9 ud\u00e1losti n\u011bjakou pravd\u011bpodobnost, \u017ee to nen\u00ed v\u017edy definitivn\u00ed, ale, ale n\u011bjak to \u0159e\u0161\u00edme s velkou \u00fasp\u011b\u0161nost\u00ed. Tak to byla jedna \u00faloha, vlastn\u011b ta atribuce nebo odpov\u00edd\u00e1n\u00ed. Ot\u00e1zku byl m\u016fj obr\u00e1zek, byl m\u016fj text pouze pro tvorbu tohoto modelu, to byla jedna \u010d\u00e1st, druh\u00e1 \u010d\u00e1st byla o detekci nov\u00fdch typ\u016f deptiku, kde nejenom upravujeme proslovy a to, co o sob\u011b \u0159\u00edkaj\u00ed v t\u011bch vide\u00edch, ale generujeme \u00fapln\u011b nov\u00e1 videa z textu. Je to velmi podobn\u011b jako t\u0159eba dali nebo Majorney, co\u017e jsou modely, kter\u00e9 generuj\u00ed z textu obr\u00e1zky, tak dneska ji\u017e jsou dostupn\u00e9 modely na tvorbu vide\u00ed z textu, \u017ee t\u0159eba nap\u00ed\u0161ete k\u016f\u0148 nebo pes, kter\u00fd prost\u011b b\u011b\u017e\u00ed po pl\u00e1ni a ten model prost\u011b vygeneruje tu v\u011bc \u00fapln\u011b p\u0159esn\u011b, jak jste to, nebo t\u0159eba jednoro\u017eec, kter\u00fd jako sk\u00e1\u010de prost\u011b na Stanfordu, tak jsme d\u011blali a ta de redakce tady t\u011bch vide\u00ed, tak tu jsme \u0159e\u0161ili nebo to jsem \u0159e\u0161il v Googlu. \u00dasp\u011b\u0161n\u011b, \u00fasp\u011b\u0161n\u011b.<br \/><br \/>Daniel Stach, moder\u00e1tor \u010cT<br \/>&#8212;&#8212;&#8212;&#8212;&#8212;&#8212;&#8211;<br \/>Pod\u00edvejme se na to, jak\u00fdm zp\u016fsobem se u\u010d\u00ed, anebo neu\u010d\u00ed um\u011bl\u00e1 inteligence, proto\u017ee to je tak\u00e9 sou\u010d\u00e1st tvoj\u00ed pr\u00e1ce, kde si uk\u00e1zal spolu se sv\u00fdm u\u017e citovan\u00fdm kolegou to, jak\u00fdm zp\u016fsobem degeneruje AI, jak vlastn\u011b AI, pokud se u\u010d\u00ed na AI vytvo\u0159en\u00fdch obr\u00e1zc\u00edch, vytv\u00e1\u0159\u00ed st\u00e1le hor\u0161\u00ed a hor\u0161\u00ed obr\u00e1zky. Popi\u0161 n\u00e1m, jak to funguje. Pros\u00edm.<br \/><br \/>mluv\u010d\u00ed 3,<br \/>&#8212;&#8212;&#8212;&#8212;&#8212;&#8212;&#8211;<br \/>Dnes, kdy\u017e tr\u00e9nujeme modely um\u011bl\u00e9 inteligence, tak pracujeme s daty \u010dasto z internetu sta\u017een\u00fdmi a t\u011bch jsou stovky tis\u00edc a\u017e miliony, miliony. Pot\u0159ebujeme skute\u010dn\u011b velk\u00e9, velk\u00e9 datasety datov\u00e9 sady, jinak ty modely se nenau\u010d\u00ed dost vlastn\u011b diverzn\u00ed nebo vlastn\u011b dost jako rozli\u0161n\u00e9 koncepty modelovat, tak\u017ee pot\u0159ebujeme spoustu, d\u00e1t spoustu obr\u00e1zk\u016f z internetu a te\u010fko ty modely se n\u011bjakou dobu u\u010d\u00ed, n\u011bjak upravuj\u00ed sv\u00e9 vnit\u0159n\u00ed reprezentace a pot\u00e9 generuj\u00ed v\u011bci nebo obr\u00e1zky \u010dehokoliv, co pop\u00ed\u0161eme, to se u\u010d\u00ed z internetu, a to se stalo n\u011bkdy nebo poprv\u00e9, vlastn\u011b ty modely fakt za\u010daly fungovat b\u011bhem, \u0159ekl bych, asi t\u0159eba obdob\u00ed 23 m\u011bs\u00edc\u016f v roce 2022 a od t\u00e9 doby vid\u00edme na internetu, na soci\u00e1ln\u00edch s\u00edt\u00edch, na str\u00e1nk\u00e1ch na bloz\u00edch a i v t\u011bch data setech postupn\u011b obr\u00e1zky z AI a n\u00e1s zaj\u00edmalo, co se stane, kdy\u017e ty datov\u00e9 sady nov\u011b krom\u011b jenom re\u00e1ln\u00fdch fotek a re\u00e1ln\u00fdch kreseb budou v sob\u011b m\u00edt i sv\u00e9 vlastn\u00ed v\u00fdtvory, kter\u00e9 samy ty modely vytvo\u0159ily. A proto\u017ee to do t\u00e9 doby nebyla skute\u010dnost, to se nikdy p\u0159edt\u00edm nestalo, ty modely do t\u00e9 doby pracovaly s \u010dist\u011b jenom na\u0161imi lidsk\u00fdmi v\u00fdtvory, jako fotkami, ta kresbami, a to bylo n\u011bco nov\u00e9ho, tak jsme zkusili natr\u00e9novat modely s proporcemi dat z t\u011bch model\u016f vlastn\u00edch, a to tady potom m\u00e1me ty v\u00fdstupy z t\u011bch vlastn\u011b, my tomu \u0159\u00edk\u00e1me F vlastn\u011b otr\u00e1ven\u00fdch model\u016f sv\u00fdmi vlastn\u00edmi obr\u00e1zky a ukazuje se, \u017ee ty modely, pokud vid\u00ed vlastn\u00ed obr\u00e1zky, vlastn\u00ed v\u00fdtvory, tak degeneruj\u00ed, tak vlastn\u011b zhor\u0161uj\u00ed svou kvalitu do a\u017e takov\u00fdch jako skoro halucinogenn\u00edch podob, t\u00e1mhle halobokem.<br \/><br \/>Daniel Stach, moder\u00e1tor \u010cT<br \/>&#8212;&#8212;&#8212;&#8212;&#8212;&#8212;&#8211;<br \/>To znamen\u00e1, \u010d\u00edm v\u00edce AI u\u010d\u00ed od AI, t\u00edm hor\u0161\u00ed v\u00fdsledek d\u011bl\u00e1.<br \/><br \/>mluv\u010d\u00ed 3,<br \/>&#8212;&#8212;&#8212;&#8212;&#8212;&#8212;&#8211;<br \/>Prozat\u00edm ano.<br \/><br \/>Daniel Stach, moder\u00e1tor \u010cT<br \/>&#8212;&#8212;&#8212;&#8212;&#8212;&#8212;&#8211;<br \/>Jak v\u00edme, bez ohledu na to, co n\u00e1m firmy \u0159\u00edkaj\u00ed, z \u010deho re\u00e1ln\u011b u\u010d\u00ed svoje syst\u00e9my, se kter\u00fdmi pracuj\u00ed, jako\u017eto s um\u011blou inteligenc\u00ed, s jak\u00fdmi daty re\u00e1ln\u011b pracuj\u00ed.<br \/><br \/>mluv\u010d\u00ed 3,<br \/>&#8212;&#8212;&#8212;&#8212;&#8212;&#8212;&#8211;<br \/>V\u011bt\u0161ina model\u016f pro obr\u00e1zky pracuje s datetem Lion Fifbe, co\u017e je takov\u00fd velk\u00fd. De posb\u00edrali v\u011bdci z N\u011bmecka a s p\u00e1r startup\u016f dohromady ho dali a ten n\u011bjak poskl\u00e1dali to n\u011bjak vydali a moc lid\u00ed v\u016fbec nep\u0159em\u00fd\u0161leli nad t\u00edm, co v tom testu je, v\u016fbec se nad t\u00edm jako nepozastavili a prost\u011b natr\u00e9novali na t\u011bch milionech, vlastn\u011b miliard\u00e1ch obr\u00e1zk\u016f sv\u00e9 modely, a to je hodn\u011b gener\u00e1tor\u016f t\u00edm z\u00e1kladem, ale to, co tam p\u0159ed\u00e1vaj\u00ed ty firmy, co filtruj\u00ed ty firmy, to dnes re\u00e1ln\u011b nev\u00edme, pokud ty firmy to nezve\u0159ejn\u00ed ve sv\u00fdch n\u011bjak\u00fdch reportech nebo v n\u011bjak\u00fdch \u010dl\u00e1nc\u00edch, na konferenc\u00edch, tak nev\u00edme.<br \/><br \/>Daniel Stach, moder\u00e1tor \u010cT<br \/>&#8212;&#8212;&#8212;&#8212;&#8212;&#8212;&#8211;<br \/>Plat\u00ed ale, \u017ee pokud d\u00e1v\u00e1m svoje fotky na web, na soci\u00e1ln\u00ed s\u00edt\u011b, fotky sv\u00fdch d\u011bt\u00ed, tak na nich tr\u00e9nuje um\u011bl\u00e1 inteligence.<br \/><br \/>mluv\u010d\u00ed 3,<br \/>&#8212;&#8212;&#8212;&#8212;&#8212;&#8212;&#8211;<br \/>Je tomu tak velk\u00e1 \u010d\u00e1st, z\u00e1rove\u0148 mus\u00edm \u0159\u00edci, \u017ee v Americe, ta nebo minim\u00e1ln\u011b teda na Stanfordu a v m\u00e9m jako okol\u00ed. Ta n\u00e1lada je takov\u00e1, \u017ee p\u0159esn\u011b mi fi. A tak\u017ee pokud pot\u0159ebuju hodn\u011b dat, tak se prost\u011b st\u00e1hnu z internetu, proto\u017ee tam jich je nejv\u00edc a tam se lid\u00e9 neptaj\u00ed, jestli to je fotka d\u00edt\u011bte nebo jestli to je fotka n\u011bkoho va\u0161eho t\u0159eba zn\u00e1m\u00e9ho v nemocnici. Toto mimochodem \u010dasto je, proto\u017ee t\u011bch daty tolik, \u017ee \u017e\u00e1dn\u00fd \u010dlov\u011bk nem\u016f\u017ee re\u00e1ln\u011b v\u0161echny proj\u00edt. Jsou to miliardy fotek, to nikdo jako v lidsk\u00e9m \u017eivot\u011b nestihne v\u0161echno proj\u00edt, a proto va\u0161e fotky na internetu, kter\u00e9 dneska postujete, na Instagram, Facebook i t\u0159eba na soukrom\u00e9 profily tam velmi pravd\u011bpodobn\u011b jsou.<br \/><br \/>Daniel Stach, moder\u00e1tor \u010cT<br \/>&#8212;&#8212;&#8212;&#8212;&#8212;&#8212;&#8211;<br \/>V\u00edm, \u017ee to bude n\u00e1vod pro n\u00e1sleduj\u00edc\u00ed m\u011bs\u00edce, proto\u017ee ten v\u00fdvoj jde obrovsky dop\u0159edu, ale v n\u00e1sleduj\u00edc\u00edch m\u011bs\u00edc\u00edch. Na co se m\u00e1m d\u00edvat, abych rozpoznal, \u017ee video, kter\u00e9 vid\u00edm na sv\u00e9m mobiln\u00edm telefonu, je fale\u0161n\u00e9.<br \/><br \/>mluv\u010d\u00ed 3,<br \/>&#8212;&#8212;&#8212;&#8212;&#8212;&#8212;&#8211;<br \/>V prvn\u00ed \u0159ad\u011b bych si ho zv\u011bt\u0161il. Ta videa, pokud jsou mal\u00e1, jenom vlastn\u011b vertik\u00e1ln\u011b prezentovan\u00e1, tak maj\u00ed tak malinkat\u00e1 \u00fasta, malinkat\u00e9 \u010dasto obli\u010deje, \u017ee ty detaily se ztrat\u00ed. A my jako lid\u00e9, kdy\u017e m\u00e1me dva sign\u00e1ly, kdy\u017e m\u00e1me jak zvuk, tak to video, tak jsme hrozn\u011b tomu vlastn\u011b jako m\u016f\u017eeme podlehnout jednodu\u0161e, tak\u017ee bych to zv\u011bt\u0161il, dal by se ho horizont\u00e1ln\u011b to video tak, aby, abyste mohli vid\u011bt ty detaily t\u011bch \u00fast a t\u011bch u\u0161\u00ed a toho pohybu a t\u011bch gest a pot\u00e9 bych se zam\u011b\u0159il na ta \u00fasta, ta spodn\u00ed \u00fasta, spodn\u00ed ret, konkr\u00e9tn\u011b \u010dasto se po\u0159\u00e1d chv\u011bje taky, Brada, \u010dasto t\u0159eba tro\u0161ku sj\u00ed\u017ed\u00ed a vlastn\u011b jako ned\u00e1v\u00e1 moc smysl a ta gesta, kdy\u017e \u010dlov\u011bk nebo ten protagonista jako zv\u00fdraz\u0148uje nebo podtrhuje n\u011bjak\u00e1 slova, kde to v\u016fbec jako ned\u00e1v\u00e1 smysl, tak to je dobr\u00fd sign\u00e1l. A tak\u00e9 bych t\u0159eba zkusil zakr\u00fdt si ty u\u0161i a d\u00edvat se, jestli n\u011bco je v nepo\u0159\u00e1dku, jak to c\u00edt\u00edme.<br \/><br \/>Daniel Stach, moder\u00e1tor \u010cT<br \/>&#8212;&#8212;&#8212;&#8212;&#8212;&#8212;&#8211;<br \/>St\u00e1le je\u0161t\u011b po\u0159\u00e1d plat\u00ed, \u017ee um\u011bl\u00e1 inteligence nen\u00ed schopn\u00e1 dob\u0159e doladit prsty, doladit t\u0159eba n\u00e1u\u0161nice.<br \/><br \/>mluv\u010d\u00ed 3,<br \/>&#8212;&#8212;&#8212;&#8212;&#8212;&#8212;&#8211;<br \/>To ji\u017e dnes um\u00ed doladit velmi, velmi efektivn\u011b, ob\u010das se to je\u0161t\u011b t\u0159eba jako nestane, ale v\u011bt\u0161inu model\u016f to, \u017ee m\u00e1m po\u0159e\u0161en\u00e9, tak\u017ee ty rady, co jsem te\u010fko poskytl, budu platit t\u0159eba 45 m\u011bs\u00edc\u016f, si mysl\u00edm, jako nechci d\u011blat konkr\u00e9tn\u00ed predikci, ale v\u00edc ne\u017e p\u016flrok to nebude trvat, ne\u017e se to sprav\u00ed.<br \/><br \/>Daniel Stach, moder\u00e1tor \u010cT<br \/>&#8212;&#8212;&#8212;&#8212;&#8212;&#8212;&#8211;<br \/>Jak to nastavit syst\u00e9mov\u011b, abychom mohli v samotn\u00fdch, p\u0159\u00edpadn\u011b jak ty navrhuje\u0161 metadatech, to znamen\u00e1, to, co popisuje ten obr\u00e1zek na prvn\u00ed pohled, to nen\u00ed vid\u011bt, jsme mohli dohledat, jestli je to um\u011ble vytvo\u0159en\u00e1 nebo re\u00e1ln\u00e1 fotografie.<br \/><br \/>mluv\u010d\u00ed 3,<br \/>&#8212;&#8212;&#8212;&#8212;&#8212;&#8212;&#8211;<br \/>To je skv\u011bl\u00e1 ot\u00e1zka, proto\u017ee dneska u\u017e m\u00e1me technologie na toto vy\u0159e\u0161it, dneska existuj\u00ed protokoly, kter\u00fdmi lze za\u0161ifrovan\u011b do t\u011bch obr\u00e1zk\u016f, vide\u00ed audi\u00ed vlo\u017eit informace o tom, odkud to m\u00e9dium ten soubor poch\u00e1z\u00ed, kdo ho po\u0159\u00eddil, kde ho po\u0159\u00eddil, jak ho po\u0159\u00eddil. A ta informace tam z\u016fstane za\u0161ifrovan\u011b, to znamen\u00e1, \u017ee pokud n\u011bkdo s n\u00ed chce n\u011bco jako ud\u011blat, tak ji upravit, tak to tam p\u016fjde poznat pro pozznat, \u017ee n\u011bkdo s n\u00ed n\u011bjak manipuloval. Z\u00e1rove\u0148 tam jsou dal\u0161\u00ed informace, pot\u00e9 po t\u00e9 samotn\u00e9 tvorb\u011b nebo generaci, jako t\u0159eba \u00faprava Photoshopu nebo n\u011bjak\u00e1 editace z\u00e1kladn\u00edm n\u00e1vrhem, ale telefonu, to v\u0161e se tam prop\u00ed\u0161e a ten koncov\u00fd u\u017eivatel nebo koncov\u00fd recipient, co dostane ten obr\u00e1zek nebo video? A uvid\u00edme jsem telefonu, tak se m\u016f\u017ee pod\u00edvat p\u0159esn\u011b na ten \u017eivot toho m\u00e9dia a co se s n\u00edm stalo a p\u0159ece si \u0159\u00edci, jestli tam jako nebyla n\u011bjak\u00e1 manipulace, co by t\u0159eba mohla b\u00fdt zav\u00e1d\u011bj\u00edc\u00ed nebo t\u0159eba tro\u0161ku jako fale\u0161n\u00e1.<br \/><br \/>Daniel Stach, moder\u00e1tor \u010cT<br \/>&#8212;&#8212;&#8212;&#8212;&#8212;&#8212;&#8211;<br \/>Cht\u011bj\u00ed tohle st\u00e1ty my\u0161leno? Vl\u00e1dy? Cht\u011bj\u00ed tohle firmy.<br \/><br \/>mluv\u010d\u00ed 3,<br \/>&#8212;&#8212;&#8212;&#8212;&#8212;&#8212;&#8211;<br \/>V Evropsk\u00e9 unii? Ten konsenzus na tom je, tam, ta v\u011bt\u0161ina je, je pro siln\u011bj\u0161\u00ed regulaci, to jsme m\u011bli t\u0159eba v au, kter\u00fd mimochodem pracuje s velmi podobn\u00fdmi term\u00edny, podobn\u00fdmi technologiemi, tak\u017ee tam v\u011b\u0159\u00edm, \u017ee do n\u011bkolika let snad bude ta, ta technologie regulovan\u00e1 vylo\u017een\u011b a vy\u017eadovan\u00e1 po platform\u00e1ch a o, i po t\u011bch firm\u00e1ch, co vytv\u00e1\u0159\u00ed ty modely, ale t\u0159eba Spojen\u00fdch st\u00e1tech d\u00edky lobbingu a r\u016fzn\u00fdm dal\u0161\u00edm d\u016fvod\u016fm. Ty firmy \u010dasto maj\u00ed sv\u00e9 preference a sv\u00e9 vlastn\u011b z\u00e1jmy finan\u010dn\u00ed tak siln\u00e9, \u017ee by rad\u0161i nem\u011bli informace v t\u011bch sv\u00fdch platform\u00e1ch, proto\u017ee co si budeme? N\u011bjak\u00e1 senzechtiv\u00e1 fotka nebo video n\u00e1s jako u\u017eivatele sp\u00ed\u0161e p\u0159it\u00e1hne k tomu telefonu a sp\u00ed\u0161e budeme tam tr\u00e1vit \u010das, a to pro n\u011b znamen\u00e1 reklamu, znamen\u00e1 to n\u011bjak\u00fd zisk a tak\u017ee pro ty firmy si mysl\u00edm, \u017ee ta incendena tam jako je\u0161t\u011b \u00fapln\u011b nen\u00ed. Ony t\u0159eba jako z r\u016fzn\u00fdch d\u016fvod\u016f, jako t\u0159eba PR se jako podepisuj\u00ed pod n\u011bjak\u00e9 to memorandum, uvid\u00edme, jak re\u00e1ln\u011b ta implementace bude rychl\u00e1 a uvid\u00edme, jak to st\u00e1t, tam zareaguj\u00ed.<br \/><br \/>Daniel Stach, moder\u00e1tor \u010cT<br \/>&#8212;&#8212;&#8212;&#8212;&#8212;&#8212;&#8211;<br \/>To memorandum. Mysl\u00ed\u0161, coent? O ten City iniciativ.<br \/><br \/>mluv\u010d\u00ed 3,<br \/>&#8212;&#8212;&#8212;&#8212;&#8212;&#8212;&#8211;<br \/>P\u0159esn\u011b tak.<br \/><br \/>Daniel Stach, moder\u00e1tor \u010cT<br \/>&#8212;&#8212;&#8212;&#8212;&#8212;&#8212;&#8211;<br \/>Kdyby vlastn\u011b byl ten, \u0159ekn\u011bme, rodokmen t\u00e9 fotografie zaps\u00e1n, ale z toho, co popisuje\u0161, jak dopadnou tedy americk\u00e9 firmy na evropsk\u00e9m trhu, p\u016fjdou na n\u011bj, nebo \u0159eknou, my v\u00e1m o tuhle regulaci nechceme ani zavadit a na ten trh prost\u011b nevstoup\u00edme.<br \/><br \/>mluv\u010d\u00ed 3,<br \/>&#8212;&#8212;&#8212;&#8212;&#8212;&#8212;&#8211;<br \/>J\u00e1 si netroufnu ud\u011blat n\u011bjak\u00e9 siln\u00e9 predikce, nicm\u00e9n\u011b z posledn\u00edch n\u011bkolika let, kdy ty firmy v\u017edy stra\u0161\u00ed t\u00edm, \u017ee odejdou z evropsk\u00e9ho trhu a v\u017edy nakonec se podvol\u00ed a implementuj\u00ed ty na\u0161e regulace a ve fin\u00e1le ty regulace, co implementuj\u00ed pro Evropu, kter\u00e1 je tvrd\u0161\u00ed, v tom, pot\u00e9 ve fin\u00e1le nechaj\u00ed zapnut\u00e1 i ve Spojen\u00fdch st\u00e1tech \u010dasto, tak\u017ee Evropa m\u00e1 re\u00e1ln\u011b \u0161anci a n\u011bjak nastavovat ten trend, na druhou stranu je pot\u0159eba re\u00e1ln\u011b br\u00e1t v potaz n\u011bkter\u00e9 ty t\u0159eba body, kter\u00e9 jsou prezentov\u00e1ny, kter\u00e9 jsou re\u00e1ln\u011b validn\u00ed, je pot\u0159eba naj\u00edt jako ten konsensus n\u011bkde mezi. Tak\u017ee mysl\u00edm si, \u017ee fin\u00e1le\u00e1l firmy neodejdou, ale je pot\u0159eba hledat jako n\u011bkde n\u011bjak\u00fd jako st\u0159et t\u011bch z\u00e1jm\u016f.<br \/><br \/>Daniel Stach, moder\u00e1tor \u010cT<br \/>&#8212;&#8212;&#8212;&#8212;&#8212;&#8212;&#8211;<br \/>Jak by ta situace my\u0161leno t\u00edm, jak se \u0161\u00ed\u0159\u00ed l\u017ei, kter\u00e9 jsou vytvo\u0159en\u00e9 pomoc\u00ed tzv. um\u011bl\u00e9 inteligence, vypadala, kdybychom nem\u011bli soci\u00e1ln\u00ed s\u00edt\u011b.<br \/><br \/>mluv\u010d\u00ed 3,<br \/>&#8212;&#8212;&#8212;&#8212;&#8212;&#8212;&#8211;<br \/>Z m\u00e9ho hlediska by ta ot\u00e1zka, co te\u010fko \u0159e\u0161\u00edme, posledn\u00edch 30 minut, vlastn\u011b skoro neexistovala. Ta AI sice akceleruje ty dezinformace a ty def\u00edky, a to, jak tedy dneska \u0161\u00ed\u0159\u00edme informace, ale ve fin\u00e1le podle m\u011b to je probl\u00e9m soci\u00e1ln\u00edch s\u00edt\u00ed a to, \u017ee tam nen\u00ed \u017e\u00e1dn\u00e1 regulace, respektive \u017e\u00e1dn\u00e1 vym\u00e1han\u00e1 zodpov\u011bdnost za to, co na t\u011bch soci\u00e1ln\u00edch s\u00edt\u00edch vid\u00edme a co ti lid\u00e9 jsou vlastn\u011b nuceni vid\u011bt na sv\u00e9 hlavn\u00ed doporu\u010den\u00e9 zdi. Tak\u017ee podle m\u011b to je probl\u00e9m soci\u00e1ln\u00ed s\u00edt\u00ed a ne nutn\u011b um\u011bl\u00e1 inteligence.<br \/><br \/>Daniel Stach, moder\u00e1tor \u010cT<br \/>&#8212;&#8212;&#8212;&#8212;&#8212;&#8212;&#8211;<br \/>Tedy je tady potenci\u00e1l pro m\u00e9dia, kter\u00e1 budou ov\u011b\u0159ovat, bude jim to trvat d\u00e9le, ale budou nab\u00edzet v\u011brohodn\u00e9 informace.<br \/><br \/>mluv\u010d\u00ed 3,<br \/>&#8212;&#8212;&#8212;&#8212;&#8212;&#8212;&#8211;<br \/>J\u00e1 si to mysl\u00edm, j\u00e1 si mysl\u00edm, \u017ee role m\u00e9di\u00ed tradi\u010dn\u00edch, kter\u00e1 v posledn\u00ed dob\u011b \u010dasto \u0159e\u0161\u00ed r\u016fzn\u00e9 krize. Pr\u00e1v\u011b jak se berou se soci\u00e1ln\u00edmi s\u00edt\u011bmi, jak serovnat s reklamou a se svoj\u00ed prezentac\u00ed online, by mohly m\u00edt novou roli pr\u00e1v\u011b t\u011bch garant\u016f n\u011bjak\u00e9ho kontextu, garant\u016f t\u00e9 autenticity, t\u011bch informac\u00ed, t\u011bch obr\u00e1zk\u016f, t\u011bch zdroj\u016f, t\u011bch m\u00e9di\u00ed, kter\u00e1 budou pot\u00e9 dohromady skl\u00e1dat ten obr\u00e1zek a ten narativ, tak\u017ee my jako konzumenti zpr\u00e1v bychom se m\u011bli sna\u017eit si netvo\u0159it rychl\u00e9 z\u00e1v\u011bry a m\u00edt n\u011bjakou ochotu trochu si po\u010dkat a a\u017e na to n\u011bkdo trochu, trochu d\u00e1l uvede do kontextu a druhou ta m\u00e9dia by m\u011bla podle m\u011b vst\u0159\u00edc tomuto m\u00f3du operandy, kter\u00fdm fin\u00e1le bude podn\u011bcovat tu d\u016fv\u011bryhodnost, proto\u017ee ta mi m\u00e9dia \u010dasto cht\u011bj\u00ed prost\u011b clickbaty a rychle titulky a hodn\u011b klik\u016f. A podle m\u011b re\u00e1ln\u011b by se mohl vyplatit i t\u00edm pomalej\u0161\u00edm a eti\u010dt\u011bj\u0161\u00edm sm\u011brem.<br \/><br \/>Daniel Stach, moder\u00e1tor \u010cT<br \/>&#8212;&#8212;&#8212;&#8212;&#8212;&#8212;&#8211;<br \/>Posledn\u00ed ot\u00e1zka. Nept\u00e1m se na to, jak\u00fd jsi ty. Zaj\u00edmaj\u00ed m\u011b, jak\u00fd jsou tvoji rodi\u010de, jac\u00ed jsou.<br \/><br \/>mluv\u010d\u00ed 3,<br \/>&#8212;&#8212;&#8212;&#8212;&#8212;&#8212;&#8211;<br \/>Jsou nesm\u00edrn\u011b lid\u0161t\u00ed a podporuj\u00edc\u00ed a hodn\u00ed. A v\u00edm, \u017ee a\u0165 se stane cokoliv a a\u0165 se mi n\u011bco povede nebo nepovede, tak v\u017edycky m\u011b budou m\u00edt r\u00e1di, a to pro m\u011b bylo v\u017edycky hrozn\u011b d\u016fle\u017eit\u00fd. V tom jsem d\u011blal a v tom, \u010dem jsem v\u011b\u0159il. Tak\u017ee jsou skv\u011bl\u00fd a Mika je tady ve studiu,.<br \/><br \/>moder\u00e1tor \u010cT<br \/>&#8212;&#8212;&#8212;&#8212;&#8212;&#8212;&#8211;<br \/>Maty. D\u011bkuju moc za rozhovor a dr\u017e\u00edm palce, aby se v\u0161echno v\u00edc ne\u017e dob\u0159e da\u0159ilo.<br \/><br \/><\/p>\n","protected":false},"excerpt":{"rendered":"<div class=\"mh-excerpt\"><p>\u010cT 24\u00a0 Bylo mu \u0161est let a za\u010dal jako program\u00e1tor vytvo\u0159il webovou str\u00e1nku, na kter\u00e9 nab\u00edzel to, co vybral ze sp\u00ed\u017ee sv\u00e9 babi\u010dky.Pak vytvo\u0159il mimo <a class=\"mh-excerpt-more\" href=\"https:\/\/www.invarena.cz\/?p=54055\" title=\"Vyvinul aplikaci pro p\u0159eklad znakov\u00e9ho jazyka\u00a0\u00a0\">[&#8230;]<\/a><\/p>\n<\/div>","protected":false},"author":1,"featured_media":14654,"comment_status":"open","ping_status":"closed","sticky":false,"template":"","format":"standard","meta":{"footnotes":""},"categories":[9],"tags":[],"class_list":["post-54055","post","type-post","status-publish","format-standard","has-post-thumbnail","hentry","category-zpravy"],"_links":{"self":[{"href":"https:\/\/www.invarena.cz\/index.php?rest_route=\/wp\/v2\/posts\/54055","targetHints":{"allow":["GET"]}}],"collection":[{"href":"https:\/\/www.invarena.cz\/index.php?rest_route=\/wp\/v2\/posts"}],"about":[{"href":"https:\/\/www.invarena.cz\/index.php?rest_route=\/wp\/v2\/types\/post"}],"author":[{"embeddable":true,"href":"https:\/\/www.invarena.cz\/index.php?rest_route=\/wp\/v2\/users\/1"}],"replies":[{"embeddable":true,"href":"https:\/\/www.invarena.cz\/index.php?rest_route=%2Fwp%2Fv2%2Fcomments&post=54055"}],"version-history":[{"count":0,"href":"https:\/\/www.invarena.cz\/index.php?rest_route=\/wp\/v2\/posts\/54055\/revisions"}],"wp:featuredmedia":[{"embeddable":true,"href":"https:\/\/www.invarena.cz\/index.php?rest_route=\/wp\/v2\/media\/14654"}],"wp:attachment":[{"href":"https:\/\/www.invarena.cz\/index.php?rest_route=%2Fwp%2Fv2%2Fmedia&parent=54055"}],"wp:term":[{"taxonomy":"category","embeddable":true,"href":"https:\/\/www.invarena.cz\/index.php?rest_route=%2Fwp%2Fv2%2Fcategories&post=54055"},{"taxonomy":"post_tag","embeddable":true,"href":"https:\/\/www.invarena.cz\/index.php?rest_route=%2Fwp%2Fv2%2Ftags&post=54055"}],"curies":[{"name":"wp","href":"https:\/\/api.w.org\/{rel}","templated":true}]}}