{"id":54079,"date":"2025-01-06T17:29:38","date_gmt":"2025-01-06T16:29:38","guid":{"rendered":"https:\/\/www.invarena.cz\/?p=54079"},"modified":"2025-01-06T17:29:39","modified_gmt":"2025-01-06T16:29:39","slug":"technologie-pomahaji-nemocnym-v-zirci-vznikly-unikatni-chytre-byty","status":"publish","type":"post","link":"https:\/\/www.invarena.cz\/?p=54079","title":{"rendered":"Technologie pom\u00e1haj\u00ed nemocn\u00fdm. V \u017dir\u010di vznikly unik\u00e1tn\u00ed chytr\u00e9 byty"},"content":{"rendered":"\n<p>Prvn\u00ed t\u0159i chytr\u00e9 byty v \u010cesk\u00e9 republice pro pacienty s roztrou\u0161enou skler\u00f3zou vznikly s podporou fond\u016f EU v Domov\u011b svat\u00e9ho Josefa v \u017dir\u010di u Dvora Kr\u00e1lov\u00e9 nad Labem. V bytech s modern\u00edmi technologiemi tito lid\u00e9 rozv\u00edjej\u00ed sob\u011bsta\u010dnost a zlep\u0161uj\u00ed svou kvalitu \u017eivota.<\/p>\n\n\n\n<p>Lid\u00e9 posti\u017een\u00ed nemoc\u00ed v pokro\u010dil\u00e9m stadiu mohou b\u00fdt d\u00edky technologi\u00edm takto sob\u011bsta\u010dn\u011bj\u0161\u00ed. Byty vznikly jako sou\u010d\u00e1st nov\u00e9 budovy pro odleh\u010dovac\u00ed slu\u017ebu, kterou vybudoval Domov svat\u00e9ho Josefa s p\u0159isp\u011bn\u00edm evropsk\u00fdch pen\u011bz.<\/p>\n\n\n\n<p>Za\u0159\u00edzen\u00ed v \u017dir\u010di, kter\u00e9 je sou\u010d\u00e1st\u00ed Oblastn\u00ed charity \u010cerven\u00fd Kostelec, je jedin\u00e9 za\u0159\u00edzen\u00ed v \u010cesku, kter\u00e9 poskytuje komplexn\u00ed p\u00e9\u010di pacient\u016fm s roztrou\u0161enou skler\u00f3zou. Jedna z mnoha slu\u017eeb, kter\u00e9 Domov svat\u00e9ho Josefa poskytuje, jsou tak\u00e9 odleh\u010dovac\u00ed pobyty pro pacienty v pokro\u010dil\u00e9m stadiu nemoci a jejich pe\u010duj\u00edc\u00ed osoby.<\/p>\n\n\n\n<p>V leto\u0161n\u00edm roce se v \u017dir\u010di poda\u0159ilo otev\u0159\u00edt nov\u00e9 roz\u0161\u00ed\u0159en\u00e9 z\u00e1zem\u00ed, kter\u00e9 vyu\u017eij\u00ed pr\u00e1v\u011b nemocn\u00ed a lid\u00e9 o n\u011b pe\u010duj\u00edc\u00ed.<\/p>\n\n\n\n<p>Bezbari\u00e9rov\u00e1 budova<\/p>\n\n\n\n<p>Na m\u00edst\u011b p\u016fvodn\u00ed hospod\u00e1\u0159sk\u00e9 budovy, pozd\u011bji p\u0159estav\u011bn\u00e9 na bytov\u00fd d\u016fm, vznikl nov\u00fd objekt s kapacitou sedmn\u00e1ct l\u016f\u017eek. Bezbari\u00e9rov\u00e1 budova je propojena se sousedn\u00edm Domem svat\u00e9 Kl\u00e1ry sklen\u011bn\u00fdm tubusem, na n\u011bm\u017e mohou klienti vyu\u017e\u00edvat i vyhl\u00eddkovou l\u00e1vku. Kolem objektu p\u0159ibyla odpo\u010dinkov\u00e1 m\u00edsta s lavi\u010dkami, chodn\u00edky a z\u00e1hony. V budov\u011b vznikly odborn\u00e9 poradny, vodol\u00e9\u010dba, ergoterapie, spole\u010densk\u00e1 m\u00edstnost a tak\u00e9 centrum alternativn\u00ed komunikace. V prvn\u00edm pat\u0159e je k dispozici \u0161est klasick\u00fdch pokoj\u016f pro jeden\u00e1ct klient\u016f.<\/p>\n\n\n\n<p>Druh\u00e9 patro pat\u0159\u00ed pilotn\u00ed \u010d\u00e1sti projektu. \u201eTou bylo vybudov\u00e1n\u00ed t\u0159\u00ed modelov\u00fdch a v\u016fbec prvn\u00edch chytr\u00fdch byt\u016f v \u010cesk\u00e9 republice pro osoby nemocn\u00e9 roztrou\u0161enou skler\u00f3zou,\u201c uvedl tiskov\u00fd mluv\u010d\u00ed Domova svat\u00e9ho Josefa Jan Stan\u011bk s t\u00edm, \u017ee v \u010cesk\u00e9 republice je nemocn\u00fdch s roztrou\u0161enou skler\u00f3zou dvacet p\u011bt tis\u00edc, z toho \u0161est tis\u00edc pacient\u016f m\u00e1 nemoc v pokro\u010dil\u00e9m stadiu s v\u00e1\u017en\u00fdmi pohybov\u00fdmi a dal\u0161\u00edmi omezen\u00edmi.<\/p>\n\n\n\n<p>T\u0159i dvoul\u016f\u017ekov\u00e9 dom\u00e1cnosti se soci\u00e1ln\u00edm za\u0159\u00edzen\u00edm a kuchy\u0148skou linkou jsou vybaven\u00e9 chytr\u00fdmi technologiemi. D\u00edky nim mohou b\u00fdt pacienti v pokro\u010dil\u00e9m stadiu nemoci sob\u011bsta\u010dn\u011bj\u0161\u00ed, mohou se v\u00edce sami zapojovat do b\u011b\u017en\u00e9ho \u017eivota nebo dokonce pracovat.<\/p>\n\n\n\n<p>Byt ovl\u00e1daj\u00ed hlasem<\/p>\n\n\n\n<p>V bytech jejich obyvatel\u00e9 mohou hlasem, \u00fastn\u00ed my\u0161\u00ed \u010di pohybem o\u010d\u00ed ovl\u00e1dat zap\u00edn\u00e1n\u00ed televize a r\u00e1dia, rozsv\u00edtit a zhasnout sv\u011btla a v\u011btr\u00e1n\u00ed \u010di st\u00e1hnout nebo vyt\u00e1hnout rolety na oknech. V\u0161e je mo\u017en\u00e9 ovl\u00e1dat i p\u0159es chytr\u00fd telefon \u010di tablet a k dispozici maj\u00ed klienti i speci\u00e1ln\u00ed stoln\u00ed po\u010d\u00edta\u010de.<\/p>\n\n\n\n<p>\u201eC\u00edlem bylo, aby technologie byly dostupn\u00e9 pr\u00e1v\u011b i pro dom\u00e1c\u00ed prost\u0159ed\u00ed. Nav\u00edc lidem, kte\u0159\u00ed cht\u011bj\u00ed n\u011bkter\u00e9 z t\u011bchto za\u0159\u00edzen\u00ed za\u010d\u00edt pou\u017e\u00edvat i doma, porad\u00edme a pom\u016f\u017eeme jim s instalac\u00ed. N\u011bkte\u0159\u00ed klienti nav\u00edc ani nev\u011bd\u00ed, \u017ee na po\u0159\u00edzen\u00ed takov\u00fdchto pom\u016fcek mohou \u010derpat finan\u010dn\u00ed p\u0159\u00edsp\u011bvky od st\u00e1tu, s \u010d\u00edm\u017e jim samoz\u0159ejm\u011b tak\u00e9 porad\u00edme,\u201c \u0159\u00edk\u00e1 zam\u011bstnanec a sou\u010dasn\u011b klient Domova svat\u00e9ho Josefa Martin Kouba, kter\u00fd ostatn\u00ed klienty u\u010d\u00ed s technologiemi pracovat.<\/p>\n\n\n\n<p>Chytr\u00e9 byty v \u017dir\u010di vyu\u017e\u00edvaj\u00ed klienti pro zdravotn\u00ed a odleh\u010dovac\u00ed pobyty. \u201eNab\u00edz\u00edme tuto mo\u017enost jako jednu z alternativ, aby klienti poznali n\u011bco nov\u00e9ho, co si mohou po\u0159\u00eddit, a nemuseli se sv\u00e9ho domova vzd\u00e1vat,\u201c doplnil Martin Kouba. Na odleh\u010dovac\u00ed pobyty do Domova svat\u00e9ho Josefa v \u017dir\u010di jezd\u00ed lid\u00e9 na jeden t\u00fdden a\u017e t\u0159i m\u011bs\u00edce. V nov\u00e9m objektu, se jich ro\u010dn\u011b vyst\u0159\u00edd\u00e1 p\u0159ibli\u017en\u011b 200.<\/p>\n\n\n\n<p>Stavba a vybaven\u00ed nov\u00e9ho z\u00e1zem\u00ed st\u00e1la 95 milion\u016f korun. Evropsk\u00fd projekt pokryl p\u0159ibli\u017en\u011b polovinu t\u00e9to sumy ve v\u00fd\u0161i 51 milion\u016f korun. \u201eDo kone\u010dn\u00e9ho rozpo\u010dtu negativn\u011b vstoupila inflace v souvislosti s v\u00e1lkou na Ukrajin\u011b a covidem. Projekt by tak nikdy nevznikl bez podpory z dotace IROP,\u201c uvedl mluv\u010d\u00ed Domova svat\u00e9ho Josefa. Na zb\u00fdvaj\u00edc\u00ed \u010d\u00e1stce se finan\u010dn\u011b pod\u00edlel Kr\u00e1lov\u00e9hradeck\u00fd kraj a dal\u0161\u00ed subjekty. T\u00e9m\u011b\u0159 \u0161est milion\u016f korun se poda\u0159ilo nast\u0159\u00e1dat d\u00edky d\u00e1rc\u016fm, kte\u0159\u00ed p\u0159isp\u011bli do sb\u00edrky s n\u00e1zvem Chytr\u00e9 byty pro blbou nemoc.<\/p>\n\n\n\n<p>D\u00e1rci mohou klient\u016fm Domova svat\u00e9ho Josefa finan\u010dn\u011b p\u0159isp\u00edvat i nad\u00e1le, a to nap\u0159\u00edklad prost\u0159ednictv\u00edm sb\u00edrky s n\u00e1zvem Domovenka. \u201eDomovenka je poukaz na jednu hodinu p\u00e9\u010de nebo odborn\u00e9ho cvi\u010den\u00ed tady v Domov\u011b svat\u00e9ho Josefa pro \u010dlov\u011bka s roztrou\u0161enou skler\u00f3zou,\u201c vysv\u011btlil Stan\u011bk s t\u00edm, \u017ee jedna Domovenka stoj\u00ed 290 korun. Pravideln\u00e9 cvi\u010den\u00ed s odborn\u00edkem v\u00fdrazn\u011b p\u0159isp\u00edv\u00e1 k zachov\u00e1n\u00ed funk\u010dn\u00ed motoriky pacient\u016f a d\u00e1v\u00e1 jim nad\u011bji na del\u0161\u00ed \u017eivot bez z\u00e1vislosti na ostatn\u00edch.<\/p>\n\n\n\n<p>Den\u00edk.cz<\/p>\n\n\n\n<p><a href=\"https:\/\/www.denik.cz\" target=\"_blank\" rel=\"noreferrer noopener\">https:\/\/www.denik.cz<\/a><\/p>\n","protected":false},"excerpt":{"rendered":"<div class=\"mh-excerpt\"><p>Prvn\u00ed t\u0159i chytr\u00e9 byty v \u010cesk\u00e9 republice pro pacienty s roztrou\u0161enou skler\u00f3zou vznikly s podporou fond\u016f EU v Domov\u011b svat\u00e9ho Josefa v \u017dir\u010di u Dvora <a class=\"mh-excerpt-more\" href=\"https:\/\/www.invarena.cz\/?p=54079\" title=\"Technologie pom\u00e1haj\u00ed nemocn\u00fdm. V \u017dir\u010di vznikly unik\u00e1tn\u00ed chytr\u00e9 byty\">[&#8230;]<\/a><\/p>\n<\/div>","protected":false},"author":1,"featured_media":904,"comment_status":"open","ping_status":"closed","sticky":false,"template":"","format":"standard","meta":{"footnotes":""},"categories":[9],"tags":[],"class_list":["post-54079","post","type-post","status-publish","format-standard","has-post-thumbnail","hentry","category-zpravy"],"_links":{"self":[{"href":"https:\/\/www.invarena.cz\/index.php?rest_route=\/wp\/v2\/posts\/54079","targetHints":{"allow":["GET"]}}],"collection":[{"href":"https:\/\/www.invarena.cz\/index.php?rest_route=\/wp\/v2\/posts"}],"about":[{"href":"https:\/\/www.invarena.cz\/index.php?rest_route=\/wp\/v2\/types\/post"}],"author":[{"embeddable":true,"href":"https:\/\/www.invarena.cz\/index.php?rest_route=\/wp\/v2\/users\/1"}],"replies":[{"embeddable":true,"href":"https:\/\/www.invarena.cz\/index.php?rest_route=%2Fwp%2Fv2%2Fcomments&post=54079"}],"version-history":[{"count":0,"href":"https:\/\/www.invarena.cz\/index.php?rest_route=\/wp\/v2\/posts\/54079\/revisions"}],"wp:featuredmedia":[{"embeddable":true,"href":"https:\/\/www.invarena.cz\/index.php?rest_route=\/wp\/v2\/media\/904"}],"wp:attachment":[{"href":"https:\/\/www.invarena.cz\/index.php?rest_route=%2Fwp%2Fv2%2Fmedia&parent=54079"}],"wp:term":[{"taxonomy":"category","embeddable":true,"href":"https:\/\/www.invarena.cz\/index.php?rest_route=%2Fwp%2Fv2%2Fcategories&post=54079"},{"taxonomy":"post_tag","embeddable":true,"href":"https:\/\/www.invarena.cz\/index.php?rest_route=%2Fwp%2Fv2%2Ftags&post=54079"}],"curies":[{"name":"wp","href":"https:\/\/api.w.org\/{rel}","templated":true}]}}