{"id":54085,"date":"2025-01-06T17:45:00","date_gmt":"2025-01-06T16:45:00","guid":{"rendered":"https:\/\/www.invarena.cz\/?p=54085"},"modified":"2025-01-06T17:45:02","modified_gmt":"2025-01-06T16:45:02","slug":"trikralova-sbirka-zacala-v-budejovicich-pozehnanim-v-katedrale","status":"publish","type":"post","link":"https:\/\/www.invarena.cz\/?p=54085","title":{"rendered":"T\u0159\u00edkr\u00e1lov\u00e1 sb\u00edrka za\u010dala v Bud\u011bjovic\u00edch po\u017eehn\u00e1n\u00edm v\u00a0katedr\u00e1le"},"content":{"rendered":"\n<p>Pr\u016fvod T\u0159\u00ed kr\u00e1l\u016f obe\u0161el ve \u010dtvrtek 2. ledna 2025 \u010deskobud\u011bjovick\u00e9 n\u00e1m\u011bst\u00ed P\u0159emysla Otakara II. Symbolicky t\u00edm byla na jihu \u010cech zah\u00e1jena zn\u00e1m\u00e1 sb\u00edrka. Loni se v diec\u00e9zi vybralo 12,6 milionu korun. Kdy za\u010d\u00edn\u00e1 akce v n\u011bkter\u00fdch m\u00edstech diec\u00e9ze, p\u0159in\u00e1\u0161\u00edme v infoboxu.<\/p>\n\n\n\n<p>Za\u010d\u00e1tkem ledna se op\u011bt vyd\u00e1vaj\u00ed do ulic skupinky koledn\u00edk\u016f s radostn\u00fdm poselstv\u00edm o narozen\u00ed Spasitele. Zp\u00edvaj\u00ed \u010di recituj\u00ed koledy, rozd\u00e1vaj\u00ed lidem drobn\u00e9 d\u00e1rky, k\u0159\u00eddou p\u00ed\u0161\u00ed nad dve\u0159e po\u017eehn\u00e1n\u00ed anebo vylep\u00ed samolepku se t\u0159emi p\u00edsmeny K + M + B (Kriste, \u017eehnej tomuto domu). Podle lidov\u00e9ho pod\u00e1n\u00ed jde o jm\u00e9na t\u0159\u00ed kr\u00e1l\u016f &#8211; Ka\u0161para, Melichara, Baltazara a podle recesist\u016f o p\u0159ipomenut\u00ed, \u017ee odch\u00e1zej\u00edc\u00ed nem\u00e1 zapomenout kl\u00ed\u010de, br\u00fdle a mobil.<\/p>\n\n\n\n<p>Bez ohledu na to, k jak\u00e9mu v\u00fdkladu se p\u0159iklon\u00edme, vyb\u00edraj\u00ed p\u0159i sv\u00e9m putov\u00e1n\u00ed koledn\u00edci do zape\u010det\u011bn\u00fdch pokladni\u010dek pen\u00edze na pomoc lidem, kte\u0159\u00ed se ocitli v t\u00ed\u017eiv\u00e9 \u017eivotn\u00ed situaci. V \u010deskobud\u011bjovick\u00e9 diec\u00e9zi lid\u00e9 darovali do sb\u00edrky b\u011bhem jej\u00edho trv\u00e1n\u00ed u\u017e v\u00edc ne\u017e 115 milion\u016f korun. Celorepublikov\u011b se pak jedn\u00e1 o \u010d\u00e1stku p\u0159esahuj\u00edc\u00ed 2 miliardy korun. T\u0159\u00edkr\u00e1lov\u00e1 sb\u00edrka trv\u00e1 od 1. do 14. ledna. P\u0159isp\u00edvat je mo\u017en\u00e9 tak\u00e9 online.<\/p>\n\n\n\n<p>Do nejrozs\u00e1hlej\u0161\u00ed sb\u00edrkov\u00e9 akce v \u010cesk\u00e9 republice se v prvn\u00ed polovin\u011b ledna tradi\u010dn\u011b zapoj\u00ed tis\u00edce dobrovoln\u00edk\u016f. Nav\u00e1\u017eou tak na starod\u00e1vn\u00fd lidov\u00fd oby\u010dej t\u0159\u00edkr\u00e1lov\u00e9 koledy. Zm\u00edn\u011bn\u00e1 t\u0159i p\u00edsmena K + M + B znamenaj\u00ed Christus Mansionem Benedicat: Kriste, \u017eehnej tomuto domu. Skupinky koledn\u00edk\u016f jsou vybaveny pr\u016fkazem od po\u0159\u00e1daj\u00edc\u00ed Charity a zape\u010det\u011bnou pokladni\u010dkou s charitn\u00edm logem.<\/p>\n\n\n\n<p>\u201eKdy\u017e jsme za\u010d\u00ednali, ten prvn\u00ed, druh\u00fd, t\u0159et\u00ed rok, to bylo hodn\u011b rozpa\u010dit\u00e9. Hodn\u011b lid\u00ed n\u00e1m neotev\u00edralo, nebo otev\u0159elo a zabouchlo, brali to jako \u017eebrotu. \u0158\u00edkal jsem ostatn\u00edm, \u017ee se nic ned\u011bje, \u017ee jdeme d\u00e1l. Kdy\u017e n\u00e1m n\u011bkdo otev\u0159el, tak jsme m\u011bli radost, \u017ee si n\u00e1s poslechl a n\u011bco n\u00e1m dal. Ale postupem \u010dasu se to za\u010dalo m\u011bnit, v\u00edc se o sb\u00edrce mluvilo, k \u010demu slou\u017e\u00ed, \u017ee pen\u00edze z\u016fst\u00e1vaj\u00ed v regionu, lidi v\u011bd\u011bli, \u017ee je nepos\u00edlaj\u00ed n\u011bkam pry\u010d a dostalo se to do f\u00e1ze, kdy \u010dekaj\u00ed, neodj\u00ed\u017ed\u011bj\u00ed pry\u010d, proto\u017ee v\u00ed, \u017ee t\u0159i kr\u00e1lov\u00e9 p\u0159ijdou. Jak je ta sb\u00edrka komunitn\u00ed, lok\u00e1ln\u00ed, tak to m\u00e1 je\u0161t\u011b v\u011bt\u0161\u00ed punc toho, \u017ee te\u010f tady n\u011bco d\u011bl\u00e1m pro na\u0161e m\u011bsto, pro na\u0161e sousedy,\u201c vzpom\u00edn\u00e1 Jan Smr\u010dka, kter\u00fd dlouh\u00e9 roky koledoval a spoluorganizoval T\u0159\u00edkr\u00e1lovou sb\u00edrku v Kamenici nad Lipou.<\/p>\n\n\n\n<p>Kde pen\u00edze pomohou?<\/p>\n\n\n\n<p>V\u00fdt\u011b\u017eek sb\u00edrky je rozd\u011blen podle p\u0159edem dan\u00e9ho kl\u00ed\u010de. Do m\u00edst, kde byly pen\u00edze vykoledov\u00e1ny, se vrac\u00ed t\u00e9m\u011b\u0159 dv\u011b t\u0159etiny (65 %) v\u00fdt\u011b\u017eku. Dal\u0161\u00edch 15 % jde na velk\u00e9 projekty region\u00e1ln\u00edch (diec\u00e9zn\u00edch) Charit. Celkem 10 % putuje na rozvojovou pomoc v zahrani\u010d\u00ed, a do krizov\u00e9ho fondu, odkud jsou prost\u0159edky uvoln\u011bny p\u0159i mimo\u0159\u00e1dn\u00fdch ud\u00e1lostech u n\u00e1s i ve sv\u011bt\u011b, 5 % pou\u017eije na celost\u00e1tn\u00ed projekty Charita \u010cesk\u00e1 republika a na samotnou organizaci sb\u00edrky je ze z\u00e1kona ur\u010dena re\u017eie ve v\u00fd\u0161i 5 % vykoledovan\u00e9 \u010d\u00e1stky.<\/p>\n\n\n\n<p>Nap\u0159\u00edklad \u010deskobud\u011bjovick\u00e1 Charita chce na podporu soci\u00e1ln\u00edch zdravotn\u00edch slu\u017eeb vy\u010dlenit 900 tis\u00edc korun. P\u0159es p\u016fl milionu pak poskytne na pomoc pot\u0159ebn\u00fdm v t\u00ed\u017eiv\u00e9 \u017eivotn\u00ed situaci.<\/p>\n\n\n\n<p>\u201eZ dal\u0161\u00edch projekt\u016f, kter\u00e9 pl\u00e1nujeme v nadch\u00e1zej\u00edc\u00edm roce podpo\u0159it, mohu jmenovat dostavbu Domova klidn\u00e9ho st\u00e1\u0159\u00ed sv. Anny v Sousedovic\u00edch na Strakonicku, dom\u00e1c\u00ed hospicovou slu\u017ebu na Pelh\u0159imovsku, rekonstrukci azylov\u00e9ho domu pro matky s d\u011btmi ve Vesel\u00ed\u010dku na P\u00edsecku nebo provoz azylov\u00fdch dom\u016f pro matky s d\u011btmi i pro mu\u017ee na Prachaticku. Velk\u00e1 \u010d\u00e1st pen\u011bz pak m\u00ed\u0159\u00ed na p\u0159\u00edmou pomoc senior\u016f, samo\u017eivitel\u016f nebo nemocn\u00fdch a hendikepovan\u00fdch. Tito lid\u00e9 by si \u010dasto o pomoc sami ani ne\u0159ekli, ale upozorn\u00ed n\u00e1s na jejich osud na\u0161i zam\u011bstnanci, spolupracovn\u00edci nebo nap\u0159\u00edklad lid\u00e9 z farnost\u00ed,\u201c vyjmenov\u00e1v\u00e1 Marie Va\u0148o, diec\u00e9zn\u00ed koordin\u00e1torka T\u0159\u00edkr\u00e1lov\u00e9 sb\u00edrky.<\/p>\n\n\n\n<p>Organiz\u00e1to\u0159i d\u011bkuj\u00ed v\u0161em lidem, kte\u0159\u00ed maj\u00ed otev\u0159en\u00e9 srdce, za\u010dnou nov\u00fd rok dobr\u00fdm skutkem a podpo\u0159\u00ed lidi v nouzi. \u201eV\u011b\u0159\u00edme, \u017ee tak\u00e9 koledn\u00edci ud\u011blaj\u00ed radost v\u0161em dom\u00e1cnostem, kter\u00e9 nav\u0161t\u00edv\u00ed. Mo\u017enost p\u0159isp\u00edvat do T\u0159\u00edkr\u00e1lov\u00e9 sb\u00edrky maj\u00ed lid\u00e9 po cel\u00fd rok a to bezhotovostn\u011b nebo skrz online platebn\u00ed br\u00e1nu, kde si mohou vybrat p\u0159\u00edmo Charitu, kterou cht\u011bj\u00ed podpo\u0159it. Lid\u00e9 z Ostravy tak mohou poslat dar t\u0159eba kamkoli do ji\u017en\u00edch \u010cech, proto\u017ee je tam Charita, kter\u00e1 poskytuje slu\u017eby jejich p\u0159\u00edbuzn\u00fdm \u010di bl\u00edzk\u00fdm,\u201c \u0159\u00edk\u00e1 Veronika Ryb\u00e1\u010dkov\u00e1, mluv\u010d\u00ed Diec\u00e9zn\u00ed charity \u010cesk\u00e9 Bud\u011bjovice.<\/p>\n\n\n\n<p>T\u0159\u00edkr\u00e1lov\u00e1 sb\u00edrka a akce s n\u00ed spojen\u00e9<\/p>\n\n\n\n<p>T\u0159\u00edkr\u00e1lov\u00e1 sb\u00edrka byla slavnostn\u011b v \u010deskobud\u011bjovick\u00e9 diec\u00e9zi zah\u00e1jena 2. ledna v katedr\u00e1le sv. Mikul\u00e1\u0161e p\u0159i modlitb\u011b s biskupem Vlastimilem Kro\u010dilem, kter\u00fd po\u017eehnal koledn\u00edk\u016fm a vyslal je do ulic. Akci doprovodil \u010deskokrumlovsk\u00fd sm\u00ed\u0161en\u00fd p\u011bveck\u00fd sbor Perchta a tak\u00e9 Mare\u0161ova divadeln\u00ed spole\u010dnost. T\u0159i kr\u00e1lov\u00e9 na kon\u00edch pak tradi\u010dn\u011b objeli n\u00e1m\u011bst\u00ed. Na n\u011bkter\u00fdch m\u00edstech v diec\u00e9zi po\u017eehnali koledn\u00edk\u016fm u\u017e 1. ledna 2025.<\/p>\n\n\n\n<p>Z dal\u0161\u00edch akc\u00ed po\u0159adatel\u00e9 zvou nap\u0159\u00edklad na T\u0159\u00edkr\u00e1lov\u00e9 putov\u00e1n\u00ed za Je\u017e\u00ed\u0161kem do Plan\u00e9 nad Lu\u017enic\u00ed (7. 1.) nebo T\u0159\u00edkr\u00e1lov\u00fd pr\u016fvod do Kaplice (6. 1.), kde budou i \u017eiv\u00ed velbloudi nebo tradi\u010dn\u00ed a obl\u00edben\u00fd Pochod na K\u0159eme\u0161n\u00edk na Pelh\u0159imovsku (5. 1.) spojen\u00fd s op\u00e9k\u00e1n\u00edm vu\u0159t\u016f, zp\u00edv\u00e1n\u00edm koled, prohl\u00eddkou kostela nebo v\u00fdstupem na rozhlednu. Charita zaji\u0161\u0165uje odpoledn\u00ed svoz autobusem zdarma zp\u011bt do m\u011bsta. V Jind\u0159ichov\u011b Hradci se po\u0159\u00e1d\u00e1 T\u0159\u00edkr\u00e1lov\u00fd rodinn\u00fd ples, ve Vidov\u011b hasi\u010di p\u0159ipravuj\u00ed na 4. ledna koncert hned s n\u011bkolika um\u011blci v \u010dele s opern\u00ed p\u011bvkyn\u00ed Janou \u0160rejma Ka\u010d\u00edrkovou. A\u017e do 14. ledna pak mohou lid\u00e9 zdarma nav\u0161t\u00edvit jubilejn\u00ed v\u00fdstavu v Jiho\u010desk\u00e9m muzeu v \u010cesk\u00fdch Bud\u011bjovic\u00edch, kde v\u017edy o v\u00edkendu dopoledne prob\u00edhaj\u00ed tv\u016fr\u010d\u00ed d\u00edlny pro d\u011bti.<\/p>\n\n\n\n<p>Akce T\u0159\u00edkr\u00e1lov\u00e9 sb\u00edrky<\/p>\n\n\n\n<p>\u010cesk\u00e9 Bud\u011bjovice:<\/p>\n\n\n\n<p>V\u00fdstava 25 let T\u0159\u00edkr\u00e1lov\u00e9 sb\u00edrky v Jiho\u010desk\u00e9m muzeu, do 14. ledna<\/p>\n\n\n\n<p>Vidov:<\/p>\n\n\n\n<p>T\u0159\u00edkr\u00e1lov\u00fd koncert 4. ledna od 17 h, sportovn\u00ed are\u00e1l, vystoup\u00ed Jana \u0160rejma Ka\u010d\u00edrkov\u00e1, Shellou Band, Bry\u010dka, Denyho par\u0165\u00e1ci<\/p>\n\n\n\n<p>Hora\u017e\u010fovice:<\/p>\n\n\n\n<p>Zah\u00e1jen\u00ed 6. ledna v 9.30 h v kostele Nanebevzet\u00ed Panny Marie<\/p>\n\n\n\n<p>Jind\u0159ich\u016fv Hradec:<\/p>\n\n\n\n<p>T\u0159\u00edkr\u00e1lov\u00fd rodinn\u00fd ples 11. ledna<\/p>\n\n\n\n<p>Kamenice nad Lipou:<\/p>\n\n\n\n<p>Pr\u016fvod od fary ke kostelu V\u0161ech svat\u00fdch 4. ledna od 9 h<\/p>\n\n\n\n<p>Kaplice:<\/p>\n\n\n\n<p>Pr\u016fvod se t\u0159emi kr\u00e1li a velbloudem 6. ledna od 11 h<\/p>\n\n\n\n<p>Pelh\u0159imov:<\/p>\n\n\n\n<p>Po\u017eehn\u00e1n\u00ed 4. ledna v 8.30 h v kostele sv. Bartolom\u011bje<\/p>\n\n\n\n<p>Pochod na K\u0159eme\u0161n\u00edk: 5. ledna, celodenn\u00ed akce<\/p>\n\n\n\n<p>T\u0159\u00edkr\u00e1lov\u00fd koncert \u0158ekni v\u0161em: 10. ledna od 18 h v kapli sv. K\u0159\u00ed\u017ee (Kalv\u00e1rie)<\/p>\n\n\n\n<p>P\u00edsek:<\/p>\n\n\n\n<p>\u017dehn\u00e1n\u00ed sb\u00edrce 5. ledna v 9 h v d\u011bkansk\u00e9m kostele a od 10.30 h v kl\u00e1\u0161tern\u00edm kostele<\/p>\n\n\n\n<p>Plan\u00e1 nad Lu\u017enic\u00ed:<\/p>\n\n\n\n<p>7. 1. od 15 hodin T\u0159\u00edkr\u00e1lov\u00e9 putov\u00e1n\u00ed za Je\u017e\u00ed\u0161kem a pokus o z\u00e1pis do \u010cesk\u00e9 knihy rekord\u016f (nejv\u011bt\u0161\u00ed po\u010det lid\u00ed s korunou na hlav\u011b)<\/p>\n\n\n\n<p>Strakonice:<\/p>\n\n\n\n<p>\u017dehn\u00e1n\u00ed 3. ledna od 17.30 h v kostele sv. Mark\u00e9ty<\/p>\n\n\n\n<p>Koncert: 8. ledna od 18 h v kostele sv. Mark\u00e9ty<\/p>\n\n\n\n<p>Su\u0161ice:<\/p>\n\n\n\n<p>P\u0159\u00edchod t\u0159\u00ed kr\u00e1l\u016f: 6. ledna v 18 h na n\u00e1m\u011bst\u00ed<\/p>\n\n\n\n<p>Setk\u00e1n\u00ed na Mou\u0159enci: 12. ledna ve 14 h<\/p>\n\n\n\n<p>Edwin Otta<\/p>\n\n\n\n<p>\u010ceskokrumlovsk\u00fd den\u00edk<\/p>\n\n\n\n<p><a href=\"https:\/\/ceskokrumlovsky.denik.cz\" target=\"_blank\" rel=\"noreferrer noopener\">https:\/\/ceskokrumlovsky.denik.cz<\/a><\/p>\n","protected":false},"excerpt":{"rendered":"<div class=\"mh-excerpt\"><p>Pr\u016fvod T\u0159\u00ed kr\u00e1l\u016f obe\u0161el ve \u010dtvrtek 2. ledna 2025 \u010deskobud\u011bjovick\u00e9 n\u00e1m\u011bst\u00ed P\u0159emysla Otakara II. Symbolicky t\u00edm byla na jihu \u010cech zah\u00e1jena zn\u00e1m\u00e1 sb\u00edrka. Loni se <a class=\"mh-excerpt-more\" href=\"https:\/\/www.invarena.cz\/?p=54085\" title=\"T\u0159\u00edkr\u00e1lov\u00e1 sb\u00edrka za\u010dala v Bud\u011bjovic\u00edch po\u017eehn\u00e1n\u00edm v\u00a0katedr\u00e1le\">[&#8230;]<\/a><\/p>\n<\/div>","protected":false},"author":1,"featured_media":45252,"comment_status":"open","ping_status":"closed","sticky":false,"template":"","format":"standard","meta":{"footnotes":""},"categories":[9],"tags":[],"class_list":["post-54085","post","type-post","status-publish","format-standard","has-post-thumbnail","hentry","category-zpravy"],"_links":{"self":[{"href":"https:\/\/www.invarena.cz\/index.php?rest_route=\/wp\/v2\/posts\/54085","targetHints":{"allow":["GET"]}}],"collection":[{"href":"https:\/\/www.invarena.cz\/index.php?rest_route=\/wp\/v2\/posts"}],"about":[{"href":"https:\/\/www.invarena.cz\/index.php?rest_route=\/wp\/v2\/types\/post"}],"author":[{"embeddable":true,"href":"https:\/\/www.invarena.cz\/index.php?rest_route=\/wp\/v2\/users\/1"}],"replies":[{"embeddable":true,"href":"https:\/\/www.invarena.cz\/index.php?rest_route=%2Fwp%2Fv2%2Fcomments&post=54085"}],"version-history":[{"count":0,"href":"https:\/\/www.invarena.cz\/index.php?rest_route=\/wp\/v2\/posts\/54085\/revisions"}],"wp:featuredmedia":[{"embeddable":true,"href":"https:\/\/www.invarena.cz\/index.php?rest_route=\/wp\/v2\/media\/45252"}],"wp:attachment":[{"href":"https:\/\/www.invarena.cz\/index.php?rest_route=%2Fwp%2Fv2%2Fmedia&parent=54085"}],"wp:term":[{"taxonomy":"category","embeddable":true,"href":"https:\/\/www.invarena.cz\/index.php?rest_route=%2Fwp%2Fv2%2Fcategories&post=54085"},{"taxonomy":"post_tag","embeddable":true,"href":"https:\/\/www.invarena.cz\/index.php?rest_route=%2Fwp%2Fv2%2Ftags&post=54085"}],"curies":[{"name":"wp","href":"https:\/\/api.w.org\/{rel}","templated":true}]}}