{"id":54093,"date":"2025-01-08T10:27:17","date_gmt":"2025-01-08T09:27:17","guid":{"rendered":"https:\/\/www.invarena.cz\/?p=54093"},"modified":"2025-01-08T10:27:18","modified_gmt":"2025-01-08T09:27:18","slug":"pred-mpsv-se-konala-pietni-akce-noc-dustojnosti","status":"publish","type":"post","link":"https:\/\/www.invarena.cz\/?p=54093","title":{"rendered":"P\u0159ed MPSV se konala pietn\u00ed akce Noc d\u016fstojnosti\u00a0\u00a0"},"content":{"rendered":"\n<p>Radio\u017eurn\u00e1l\u00a0<\/p>\n\n\n\n<p>Dne 7.1. odpoledne se p\u0159ed Ministerstvem pr\u00e1ce a soci\u00e1ln\u00edch v\u011bc\u00ed konal u\u017e t\u0159et\u00ed ro\u010dn\u00edk pietn\u00ed akce Noc d\u016fstojnosti. M\u00e1 podpo\u0159it iniciativu na podporu komunitn\u00ed p\u00e9\u010de o pacienty a pacientky s posti\u017een\u00edm a \u00fastup od \u00fastavn\u00ed p\u00e9\u010de, kter\u00e1 podle organiz\u00e1tor\u016f Noci d\u016fstojnosti nezaji\u0161\u0165uje dostate\u010dn\u00e9 podm\u00ednky a p\u0159isp\u00edv\u00e1 taky k izolaci t\u011bchto lid\u00ed od spole\u010dnosti. Dne\u0161n\u00ed pieta m\u00e1 tak\u00e9, p\u0159ipomenu, p\u0159\u00edpad klientky jind\u0159ichohradeck\u00e9ho domova pro lidi s posti\u017een\u00edm Doroty \u0160\u00e1ndorov\u00e9, kterou p\u0159ed \u010dty\u0159mi lety zabil pe\u010dovatel b\u011bhem no\u010dn\u00ed slu\u017eby. Noc d\u016fstojnosti, po\u0159\u00e1d\u00e1 z\u00e1jmov\u00e9 sdru\u017een\u00ed Jednota pro deinstitucionalizace. Jej\u00ed p\u0159edsedkyn\u00ed je Terezie Hrad\u00edlkov\u00e1, dobr\u00fd den.<br \/><br \/>Pokud vol\u00e1te o odklon od \u00fastavn\u00ed p\u00e9\u010de osob s posti\u017een\u00edm, v \u010dem je podle v\u00e1s nevyhovuj\u00edc\u00ed? Co jsou to ty ned\u016fstojn\u00e9 podm\u00ednky, na kter\u00e9 poukazujete?<br \/><br \/>Terezie Hrad\u00edlkov\u00e1, odbornice na transformaci v soci\u00e1ln\u00edch slu\u017eb\u00e1ch<br \/>&#8212;&#8212;&#8212;&#8212;&#8212;&#8212;&#8211;<br \/>Tak ono to nen\u00ed jenom podle n\u00e1s, ale u\u017e se to v podstat\u011b 50 let v\u00ed, \u010d\u00edm ta \u00fastavn\u00ed p\u00e9\u010de ohro\u017euje lidi. Je to zejm\u00e9na to, \u017ee \u017eij\u00ed izolovan\u011b od b\u011b\u017en\u00e9 spole\u010dnosti, tak\u017ee nemaj\u00ed mo\u017enost se u\u010dit v ka\u017edodenn\u00edm \u017eivot\u011b s ostatn\u00edmi lidmi, co\u017e je z\u00e1klad socializace a rozvoje osobnosti. D\u00e1le je to to, \u017ee tam nemaj\u00ed dostatek soukrom\u00ed a prostor pro intimitu. \u017dij\u00ed vlastn\u011b s lidmi, kte\u0159\u00ed jsou ciz\u00ed a vztahy maj\u00ed jenom s lidmi, kte\u0159\u00ed jsou placeni, to znamen\u00e1 s pracovn\u00edky v t\u011bch soci\u00e1ln\u00edch slu\u017eb\u00e1ch, co\u017e m\u00e1 zase velik\u00fd negativn\u00ed vliv na jakoby vlastn\u011b jejich emocion\u00e1ln\u00ed a osobnostn\u00ed rozvoj. A samoz\u0159ejm\u011b d\u00e1l je to spousta dal\u0161\u00edch v\u011bc\u00ed, jakoby, \u017ee nemohou o sob\u011b rozhodovat, \u017ee hospoda\u0159en\u00ed finan\u010dn\u00edmi prost\u0159edky m\u00e1 na starosti vlastn\u011b n\u011bkdo jin\u00fd. Nemohou do toho mluvit ti lid\u00e9, i kdy\u017e t\u0159eba ty schopnosti maj\u00ed, tak.<br \/><br \/>V\u011bra \u0160techrov\u00e1, moder\u00e1torka<br \/>&#8212;&#8212;&#8212;&#8212;&#8212;&#8212;&#8211;<br \/>A jak jsme na tom tedy v tomhle ohledu v \u010cesku? Jak\u00fd je ten pom\u011br \u00fastavn\u00ed a komunitn\u00ed p\u00e9\u010de pro lidi se zdravotn\u00edm posti\u017een\u00edm?<br \/><br \/>Terezie Hrad\u00edlkov\u00e1, odbornice na transformaci v soci\u00e1ln\u00edch slu\u017eb\u00e1ch<br \/>&#8212;&#8212;&#8212;&#8212;&#8212;&#8212;&#8211;<br \/>Tak takov\u00fd z\u00e1kladn\u00ed probl\u00e9m je, \u017ee v sou\u010dasn\u00e9 dob\u011b nebo do t\u00e9to doby vlastn\u011b nev\u00edme, proto\u017ee nem\u00e1me rozd\u011blen\u00e9 vlastn\u011b statisticky jakoby mo\u017en\u00e9 ov\u011b\u0159it, kolik je \u00fastavn\u00ed p\u00e9\u010de a kolik je komunitn\u00edch slu\u017eeb, proto\u017ee tyhle term\u00edny vlastn\u011b nejsou sledovan\u00e9, nebo tyto statisticky nem\u016f\u017eeme sledovat. Nicm\u00e9n\u011b my jsme jednota pro deinstitucionalizace, tedy odborn\u00e1 spole\u010dnost, jsme ud\u011blali takovou anal\u00fdzu. Co se t\u00fdk\u00e1 lid\u00ed s ment\u00e1ln\u00edm posti\u017een\u00edm, tak v\u00edme, \u017ee 2\/3 lid\u00ed s ment\u00e1ln\u00edm intelektov\u00fdm znev\u00fdhodn\u011bn\u00edm, kte\u0159\u00ed \u017eij\u00ed v pobytov\u00fdch slu\u017eb\u00e1ch, je jich zhruba 15 000, tak vlastn\u011b 2\/3 z nich \u017eij\u00ed v t\u011bch slu\u017eb\u00e1ch \u00dastavn\u00edho typu, to znamen\u00e1 v t\u011bch nevyhovuj\u00edc\u00edch podm\u00ednk\u00e1ch.<br \/><br \/>V\u011bra \u0160techrov\u00e1, moder\u00e1torka<br \/>&#8212;&#8212;&#8212;&#8212;&#8212;&#8212;&#8211;<br \/>No, a va\u0161\u00ed Noci d\u016fstojnosti se dnes z\u00fa\u010dastn\u00ed i\u00a0<strong>ministr<\/strong>\u00a0<strong>pr\u00e1ce<\/strong>\u00a0a soci\u00e1ln\u00edch v\u011bc\u00ed Marian Jure\u010dka. Tak nen\u00ed p\u0159esn\u011b tohle pr\u00e1ce pro n\u011bj v\u016fbec zav\u00e9st ty pojmy, jako je \u00fastavn\u00ed a komunitn\u00ed p\u00e9\u010de a vych\u00e1z\u00ed v\u00e1m vst\u0159\u00edc v tomto ohledu ministerstvo?<br \/><br \/>Terezie Hrad\u00edlkov\u00e1, odbornice na transformaci v soci\u00e1ln\u00edch slu\u017eb\u00e1ch<br \/>&#8212;&#8212;&#8212;&#8212;&#8212;&#8212;&#8211;<br \/>No, tak my u\u017e vlastn\u011b dlouhodob\u011b, u\u017e s mnoha jeho p\u0159edch\u016fdci pana ministra jedn\u00e1me a usilujeme o to. S panem ministrem Jure\u010dkou jsme o tom jednali opakovan\u011b. A takov\u00e1 jakoby prvn\u00ed vla\u0161tovka je, \u017ee byla v prosinci schv\u00e1len\u00e1 vlastn\u011b novela z\u00e1kona o soci\u00e1ln\u00edch slu\u017eb\u00e1ch, kde ji\u017e je komunitn\u00ed slu\u017eba a co to je. Tak\u017ee bude se moct sledovat ve statistik\u00e1ch, tedy alespo\u0148 sledovat, kolik je t\u011bch \u00fastavn\u00edch slu\u017eeb a kolik je t\u011bch komunitn\u00edch, co\u017e samo o sob\u011b je\u0161t\u011b nezavd\u00e1v\u00e1 teda, ale \u017e\u00e1dn\u00fd impuls k tomu, aby se zrychlila ta zm\u011bna a aby bylo od t\u00e9 \u00fastavn\u00ed p\u00e9\u010de upu\u0161t\u011bno.<br \/><br \/>V\u011bra \u0160techrov\u00e1, moder\u00e1torka<br \/>&#8212;&#8212;&#8212;&#8212;&#8212;&#8212;&#8211;<br \/>\u0158\u00edk\u00e1 Terezie Hrad\u00edlkov\u00e1, p\u0159edsedkyn\u011b Jednoty pro deinstitucionalizaci, kter\u00e1 dnes tak\u00e9 po\u0159\u00e1d\u00e1 t\u0159et\u00ed ro\u010dn\u00edk pietn\u00ed akce Noc d\u016fstojnosti. D\u011bkuju za v\u00e1\u0161 \u010das a a\u0165 se v\u00e1m da\u0159\u00ed ve va\u0161\u00ed pr\u00e1ci. Na sly\u0161enou.<br \/><br \/><\/p>\n","protected":false},"excerpt":{"rendered":"<div class=\"mh-excerpt\"><p>Radio\u017eurn\u00e1l\u00a0 Dne 7.1. odpoledne se p\u0159ed Ministerstvem pr\u00e1ce a soci\u00e1ln\u00edch v\u011bc\u00ed konal u\u017e t\u0159et\u00ed ro\u010dn\u00edk pietn\u00ed akce Noc d\u016fstojnosti. M\u00e1 podpo\u0159it iniciativu na podporu komunitn\u00ed <a class=\"mh-excerpt-more\" href=\"https:\/\/www.invarena.cz\/?p=54093\" title=\"P\u0159ed MPSV se konala pietn\u00ed akce Noc d\u016fstojnosti\u00a0\u00a0\">[&#8230;]<\/a><\/p>\n<\/div>","protected":false},"author":1,"featured_media":1226,"comment_status":"open","ping_status":"closed","sticky":false,"template":"","format":"standard","meta":{"footnotes":""},"categories":[9],"tags":[],"class_list":["post-54093","post","type-post","status-publish","format-standard","has-post-thumbnail","hentry","category-zpravy"],"_links":{"self":[{"href":"https:\/\/www.invarena.cz\/index.php?rest_route=\/wp\/v2\/posts\/54093","targetHints":{"allow":["GET"]}}],"collection":[{"href":"https:\/\/www.invarena.cz\/index.php?rest_route=\/wp\/v2\/posts"}],"about":[{"href":"https:\/\/www.invarena.cz\/index.php?rest_route=\/wp\/v2\/types\/post"}],"author":[{"embeddable":true,"href":"https:\/\/www.invarena.cz\/index.php?rest_route=\/wp\/v2\/users\/1"}],"replies":[{"embeddable":true,"href":"https:\/\/www.invarena.cz\/index.php?rest_route=%2Fwp%2Fv2%2Fcomments&post=54093"}],"version-history":[{"count":0,"href":"https:\/\/www.invarena.cz\/index.php?rest_route=\/wp\/v2\/posts\/54093\/revisions"}],"wp:featuredmedia":[{"embeddable":true,"href":"https:\/\/www.invarena.cz\/index.php?rest_route=\/wp\/v2\/media\/1226"}],"wp:attachment":[{"href":"https:\/\/www.invarena.cz\/index.php?rest_route=%2Fwp%2Fv2%2Fmedia&parent=54093"}],"wp:term":[{"taxonomy":"category","embeddable":true,"href":"https:\/\/www.invarena.cz\/index.php?rest_route=%2Fwp%2Fv2%2Fcategories&post=54093"},{"taxonomy":"post_tag","embeddable":true,"href":"https:\/\/www.invarena.cz\/index.php?rest_route=%2Fwp%2Fv2%2Ftags&post=54093"}],"curies":[{"name":"wp","href":"https:\/\/api.w.org\/{rel}","templated":true}]}}