{"id":54097,"date":"2025-01-08T10:50:16","date_gmt":"2025-01-08T09:50:16","guid":{"rendered":"https:\/\/www.invarena.cz\/?p=54097"},"modified":"2025-01-08T10:50:27","modified_gmt":"2025-01-08T09:50:27","slug":"mamou-potme-2","status":"publish","type":"post","link":"https:\/\/www.invarena.cz\/?p=54097","title":{"rendered":"M\u00e1mou potm\u011b\u00a0"},"content":{"rendered":"\n<p>Radio\u017eurn\u00e1l\u00a0<\/p>\n\n\n\n<p><br \/>U\u017e \u0161est\u00fd rok Radio\u017eurn\u00e1l sleduje \u017eivot\u00a0<strong>nevidom\u00e9<\/strong>\u00a0Aleny, kter\u00e1 se stala m\u00e1mou a dceru Charlottu, vychov\u00e1v\u00e1 sama bez partnera. Cel\u00fd t\u00fdden v seri\u00e1lu M\u00e1mou potm\u011b usly\u0161\u00edte, jak se m\u011bli v uplynul\u00e9m roce po p\u0159est\u011bhov\u00e1n\u00ed se do men\u0161\u00edho m\u011bsta za\u010dali Alena s p\u011btiletou Charlotou v podstat\u011b od nuly pozn\u00e1vaj\u00ed nov\u00e9 prost\u0159ed\u00ed i nov\u00e9 kamar\u00e1dy a Loty poprv\u00e9 vyzkou\u0161ela mate\u0159skou \u0161kolku. Te\u010f ale k tomu, jak se absolutn\u011b\u00a0<strong>nevidom\u00e1<\/strong>\u00a0m\u00e1ma Alena, o d\u00edt\u011b star\u00e1, odmali\u010dka.<br \/><br \/>mluv\u010d\u00ed 1,<br \/>&#8212;&#8212;&#8212;&#8212;&#8212;&#8212;&#8211;<br \/>Bere miminko, vy si pom\u00e1h\u00e1te rukou.<br \/><br \/>Veronika Hlav\u00e1\u010dov\u00e1, moder\u00e1torka<br \/>&#8212;&#8212;&#8212;&#8212;&#8212;&#8212;&#8211;<br \/>Je podzim 2019, m\u011bs\u00edc po porodu Alena bydl\u00ed s Charlotou sama v dvoupokojov\u00e9m byt\u011b v Praze, p\u0159i p\u00e9\u010di o novorozence pou\u017e\u00edv\u00e1 hmat.<br \/><br \/>mluv\u010d\u00ed 1,<br \/>&#8212;&#8212;&#8212;&#8212;&#8212;&#8212;&#8211;<br \/>Tak se pod\u00edv\u00e1me, co tam m\u00e1me, rozbalujete pl\u00ednu, a proto\u017ee nevid\u00edme, tak se tam s\u00e1hneme a m\u00e1me tam velk\u00fd poklad. Tak m\u016f\u017eu potvrdit, tak\u017ee ot\u0159eme, p\u016fjdeme.<br \/><br \/>moder\u00e1torka<br \/>&#8212;&#8212;&#8212;&#8212;&#8212;&#8212;&#8211;<br \/>Hmat. Vyu\u017e\u00edv\u00e1 absolutn\u011b\u00a0<strong>nevidom\u00e1<\/strong>\u00a0Alena. I p\u0159i p\u0159\u00edprav\u011b kojeneck\u00e9ho ml\u00e9ka, aby odm\u011b\u0159ila p\u0159esn\u00e9 mno\u017estv\u00ed vody, bere do ruky velkou injek\u010dn\u00ed st\u0159\u00edka\u010dku.<br \/><br \/>mluv\u010d\u00ed 1,<br \/>&#8212;&#8212;&#8212;&#8212;&#8212;&#8212;&#8211;<br \/>Te\u010f natahuju vodu a pust\u00edm ji do lahvi\u010dky. No, a te\u010f budeme aplikovat pr\u00e1\u0161ek t\u0159i odm\u011brky, nasad\u00edme sami\u010dku a prom\u00edch\u00e1me.<br \/><br \/>Veronika Hlav\u00e1\u010dov\u00e1, moder\u00e1torka<br \/>&#8212;&#8212;&#8212;&#8212;&#8212;&#8212;&#8211;<br \/>Kdy\u017e jde Alena s dcerou ven, voz\u00ed ko\u010d\u00e1rek za sebou, vp\u0159edu prozkoum\u00e1v\u00e1 ter\u00e9n slepeckou hol\u00ed.<br \/><br \/>mluv\u010d\u00ed 1,<br \/>&#8212;&#8212;&#8212;&#8212;&#8212;&#8212;&#8211;<br \/>Dneska se chyst\u00e1me ven, oble\u010deme si Kombin\u00e9sku, aby j\u00ed bylo teplo, druh\u00e1 noha, nasad\u00edme \u010depi\u010dku, ano, \u010cepi\u010dka je zlom, m\u00e1 pravdu a jdeme do ko\u010d\u00e1rku, do fusaku.<br \/><br \/>moder\u00e1torka<br \/>&#8212;&#8212;&#8212;&#8212;&#8212;&#8212;&#8211;<br \/>Otv\u00edr\u00e1m v\u00e1m dve\u0159e, my prozkoum\u00e1v\u00e1te cestu hol\u00ed a za sebou vezete charlotu v ko\u010d\u00e1rku.<br \/><br \/>mluv\u010d\u00ed 1,<br \/>&#8212;&#8212;&#8212;&#8212;&#8212;&#8212;&#8211;<br \/>Kam se vejdu j\u00e1. S hol\u00ed. Mus\u00ed se vej\u00edt i ko\u010d\u00e1rek, kter\u00fd je bezpe\u010dn\u011b za mnou. Jedete perfektn\u011b rovn\u011b.<br \/><br \/>Veronika Hlav\u00e1\u010dov\u00e1, moder\u00e1torka<br \/>&#8212;&#8212;&#8212;&#8212;&#8212;&#8212;&#8211;<br \/>Dopravn\u00ed prost\u0159edky v\u00e1m d\u011blaj\u00ed.<br \/><br \/>mluv\u010d\u00ed 1,<br \/>&#8212;&#8212;&#8212;&#8212;&#8212;&#8212;&#8211;<br \/>Tro\u0161ku starosti.<br \/><br \/>mluv\u010d\u00ed 2,<br \/>&#8212;&#8212;&#8212;&#8212;&#8212;&#8212;&#8211;<br \/>Te\u010f jdeme na autobus.<br \/><br \/>mluv\u010d\u00ed 3,<br \/>&#8212;&#8212;&#8212;&#8212;&#8212;&#8212;&#8211;<br \/>Cestov\u00e1n\u00ed je mnohem jednodu\u0161\u0161\u00ed, kdy\u017e.<br \/><br \/>mluv\u010d\u00ed 1,<br \/>&#8212;&#8212;&#8212;&#8212;&#8212;&#8212;&#8211;<br \/>Je autobus n\u00edzkopodla\u017en\u00ed, bezbari\u00e9rov\u00fd.<br \/><br \/>Veronika Hlav\u00e1\u010dov\u00e1, moder\u00e1torka<br \/>&#8212;&#8212;&#8212;&#8212;&#8212;&#8212;&#8211;<br \/>Je duben 2020. Charlot\u011b, kter\u00e9 \u0159\u00edk\u00e1 Alena Loty, je p\u016fl roku, hraje si nej\u010dast\u011bji na zemi, na podlo\u017ece. Kdy\u017e si nen\u00ed Alena jist\u00e1, kde p\u0159esn\u011b dcera je, zavol\u00e1 na ni a \u010dek\u00e1 na reakci, p\u0159\u00edpadn\u011b si klekne na kolena, aby na ni ne\u0161l\u00e1pla.<br \/><br \/>mluv\u010d\u00ed 4,<br \/>&#8212;&#8212;&#8212;&#8212;&#8212;&#8212;&#8211;<br \/>Na hrac\u00ed podlo\u017ece m\u00e1me spoustu hra\u010dek. Co to m\u00e1\u0161? Ko\u010di\u010dka, u\u017e na b\u0159\u00ed\u0161ku? Poj\u010f, jo, ty te\u010f p\u0159ipravujem sva\u010dinku. \u0160arlotka u\u017e sed\u00ed v sed\u00e1tku a \u010dek\u00e1, \u017ee ud\u011bl\u00e1 m\u0148a, m\u0148a, m\u0148a, m\u00e1 ur\u010dit\u011b r\u00e1da. Jabl\u00ed\u010dko s pi\u0161kotem, zat\u00edm mixuju.<br \/><br \/>Veronika Hlav\u00e1\u010dov\u00e1, moder\u00e1torka<br \/>&#8212;&#8212;&#8212;&#8212;&#8212;&#8212;&#8211;<br \/>\u0160arlota roste postupn\u011b za\u010d\u00edn\u00e1 mluvit a chodit.<br \/><br \/>mluv\u010d\u00ed 1,<br \/>&#8212;&#8212;&#8212;&#8212;&#8212;&#8212;&#8211;<br \/>M\u00edmi. Ty m\u00e1\u0161 mimi, ply\u0161\u00e1ka, mimi, a to je co loty, to je hezk\u00e9. Ne, ano.<br \/><br \/>mluv\u010d\u00ed 4,<br \/>&#8212;&#8212;&#8212;&#8212;&#8212;&#8212;&#8211;<br \/>Je to hlas.<br \/><br \/>mluv\u010d\u00ed 1,<br \/>&#8212;&#8212;&#8212;&#8212;&#8212;&#8212;&#8211;<br \/>Pro spou za ru\u010di\u010dku, v podstat\u011b si m\u011b odvede, kam pot\u0159ebuje. U\u017e je natolik samostatn\u00e1, \u017ee se ob\u010das obslou\u017e\u00ed i ze sk\u0159\u00edn\u011b.<br \/><br \/>Veronika Hlav\u00e1\u010dov\u00e1, moder\u00e1torka<br \/>&#8212;&#8212;&#8212;&#8212;&#8212;&#8212;&#8211;<br \/>My jsme te\u010f v kuchyni, kde Lotce va\u0159\u00edte.<br \/><br \/>mluv\u010d\u00ed 1,<br \/>&#8212;&#8212;&#8212;&#8212;&#8212;&#8212;&#8211;<br \/>Vy jdeme ke spor\u00e1ku. Pro\u010d? Tak co ma? Petr \u0159\u00edk\u00e1, no, ty p\u00e1l\u00ed, \u017ee p\u00e1l\u00ed, au, au a \u0161arlotka stra\u0161n\u011b r\u00e1da ovl\u00e1d\u00e1 mikrovlnku, \u017ee zapne mikrovlnku.<br \/><br \/>Veronika Hlav\u00e1\u010dov\u00e1, moder\u00e1torka<br \/>&#8212;&#8212;&#8212;&#8212;&#8212;&#8212;&#8211;<br \/>Je rok 2021. Loty jsou dva roky a miluje h\u0159i\u0161t\u011b. Alena skl\u00e1d\u00e1 slepeckou h\u016fl.<br \/><br \/>mluv\u010d\u00ed 1,<br \/>&#8212;&#8212;&#8212;&#8212;&#8212;&#8212;&#8211;<br \/>Poj\u010f z motorky a jdeme na p\u00edsek. Ne, chce\u0161 pomoct.<br \/><br \/>Veronika Hlav\u00e1\u010dov\u00e1, moder\u00e1torka<br \/>&#8212;&#8212;&#8212;&#8212;&#8212;&#8212;&#8211;<br \/>Charlotka p\u0159ijela na odr\u00e1\u017eedle. Te\u010f jsme na h\u0159i\u0161ti, kter\u00e9 je oplocen\u00e9 a je hned naproti domu, kde Alena bydl\u00ed, je tady houpa\u010dka, skluzavka, p\u00edsek a takov\u00fd d\u0159ev\u011bn\u00fd hrad.<br \/><br \/>mluv\u010d\u00ed 1,<br \/>&#8212;&#8212;&#8212;&#8212;&#8212;&#8212;&#8211;<br \/>Je to ide\u00e1ln\u00ed pr\u00e1v\u011b z toho d\u016fvodu, \u017ee je oplocen\u00e9, m\u00e1m ho r\u00e1da z toho d\u016fvodu, \u017ee je cel\u00e9 p\u00edskovat\u00e9.<br \/><br \/>Veronika Hlav\u00e1\u010dov\u00e1, moder\u00e1torka<br \/>&#8212;&#8212;&#8212;&#8212;&#8212;&#8212;&#8211;<br \/>Tak\u017ee ob\u010das. Dceru Aleny ob\u010das hl\u00edd\u00e1 t\u0159eba Magdalena, kter\u00e1 s n\u00ed podnik\u00e1 v\u011bci, kter\u00e9 Alena jako\u00a0<strong>nevidom\u00e1<\/strong>\u00a0nedok\u00e1\u017ee.<br \/><br \/>mluv\u010d\u00ed 1,<br \/>&#8212;&#8212;&#8212;&#8212;&#8212;&#8212;&#8211;<br \/>Chce\u0161 taky rukavice? No, jo, a m\u016f\u017ee ti pomoct Majda?<br \/><br \/>Veronika Hlav\u00e1\u010dov\u00e1, moder\u00e1torka<br \/>&#8212;&#8212;&#8212;&#8212;&#8212;&#8212;&#8211;<br \/>Vy jste pr\u00e1v\u011b vyrazili do sn\u011bhu s va\u0161\u00ed kamar\u00e1dkou Magdalenou, ta hl\u00edd\u00e1 Charlottu nej\u010dast\u011bji.<br \/><br \/>mluv\u010d\u00ed 1,<br \/>&#8212;&#8212;&#8212;&#8212;&#8212;&#8212;&#8211;<br \/>Ano, v podstat\u011b u\u017e se stala sou\u010d\u00e1st\u00ed na\u0161\u00ed rodiny.<br \/><br \/>Veronika Hlav\u00e1\u010dov\u00e1, moder\u00e1torka<br \/>&#8212;&#8212;&#8212;&#8212;&#8212;&#8212;&#8211;<br \/>Co se sna\u017e\u00edte Charlottu dou\u010dit? Jsou to t\u0159eba barvy, malov\u00e1n\u00ed, \u010dten\u00ed, prohl\u00ed\u017een\u00ed kn\u00ed\u017eek, st\u0159\u00edh\u00e1n\u00ed pap\u00edru.<br \/><br \/>mluv\u010d\u00ed 5,<br \/>&#8212;&#8212;&#8212;&#8212;&#8212;&#8212;&#8211;<br \/>Stejn\u011b tak i takov\u00fd v\u011bci, \u017ee jdeme a \u0159\u00edk\u00e1me, pod\u00edvej, tady je kyti\u010dka, proto\u017ee to prost\u011b jej\u00ed maminka nevid\u00ed.<br \/><br \/>Veronika Hlav\u00e1\u010dov\u00e1, moder\u00e1torka<br \/>&#8212;&#8212;&#8212;&#8212;&#8212;&#8212;&#8211;<br \/>V p\u00e1t\u00e9 \u0159ad\u011b seri\u00e1lu m\u00e1mou potm\u011b Charlotta slav\u00ed \u010dtvrt\u00e9 narozeniny. Loty, m\u00e1\u0161 r\u00e1da d\u00e1rky.<br \/><br \/>mluv\u010d\u00ed 6,<br \/>&#8212;&#8212;&#8212;&#8212;&#8212;&#8212;&#8211;<br \/>Jo, a fouk\u00e1n\u00ed sv\u00ed\u010dek.<br \/><br \/>mluv\u010d\u00ed 6,<br \/>&#8212;&#8212;&#8212;&#8212;&#8212;&#8212;&#8211;<br \/>Tak mysl\u00edm.\u017de.T\u011b \u010dek\u00e1 oslava za chvilku.<br \/><br \/>moder\u00e1torka<br \/>&#8212;&#8212;&#8212;&#8212;&#8212;&#8212;&#8211;<br \/>V \u0161est\u00e9 \u0159ad\u011b seri\u00e1lu tento t\u00fdden usly\u0161\u00edte, jak se Alen\u011b a Charlott\u011b da\u0159\u00ed v men\u0161\u00edm m\u011bst\u011b, jak tr\u00e1v\u00ed voln\u00fd \u010das nebo jak Loty zvl\u00e1dla n\u00e1stup do \u0161kolky. <\/p>\n\n\n\n<p>Radio\u017eurn\u00e1l.<\/p>\n\n\n\n<p><\/p>\n","protected":false},"excerpt":{"rendered":"<div class=\"mh-excerpt\"><p>Radio\u017eurn\u00e1l\u00a0 U\u017e \u0161est\u00fd rok Radio\u017eurn\u00e1l sleduje \u017eivot\u00a0nevidom\u00e9\u00a0Aleny, kter\u00e1 se stala m\u00e1mou a dceru Charlottu, vychov\u00e1v\u00e1 sama bez partnera. Cel\u00fd t\u00fdden v seri\u00e1lu M\u00e1mou potm\u011b usly\u0161\u00edte, <a class=\"mh-excerpt-more\" href=\"https:\/\/www.invarena.cz\/?p=54097\" title=\"M\u00e1mou potm\u011b\u00a0\">[&#8230;]<\/a><\/p>\n<\/div>","protected":false},"author":1,"featured_media":14191,"comment_status":"open","ping_status":"closed","sticky":false,"template":"","format":"standard","meta":{"footnotes":""},"categories":[7],"tags":[],"class_list":["post-54097","post","type-post","status-publish","format-standard","has-post-thumbnail","hentry","category-spolecnost"],"_links":{"self":[{"href":"https:\/\/www.invarena.cz\/index.php?rest_route=\/wp\/v2\/posts\/54097","targetHints":{"allow":["GET"]}}],"collection":[{"href":"https:\/\/www.invarena.cz\/index.php?rest_route=\/wp\/v2\/posts"}],"about":[{"href":"https:\/\/www.invarena.cz\/index.php?rest_route=\/wp\/v2\/types\/post"}],"author":[{"embeddable":true,"href":"https:\/\/www.invarena.cz\/index.php?rest_route=\/wp\/v2\/users\/1"}],"replies":[{"embeddable":true,"href":"https:\/\/www.invarena.cz\/index.php?rest_route=%2Fwp%2Fv2%2Fcomments&post=54097"}],"version-history":[{"count":0,"href":"https:\/\/www.invarena.cz\/index.php?rest_route=\/wp\/v2\/posts\/54097\/revisions"}],"wp:featuredmedia":[{"embeddable":true,"href":"https:\/\/www.invarena.cz\/index.php?rest_route=\/wp\/v2\/media\/14191"}],"wp:attachment":[{"href":"https:\/\/www.invarena.cz\/index.php?rest_route=%2Fwp%2Fv2%2Fmedia&parent=54097"}],"wp:term":[{"taxonomy":"category","embeddable":true,"href":"https:\/\/www.invarena.cz\/index.php?rest_route=%2Fwp%2Fv2%2Fcategories&post=54097"},{"taxonomy":"post_tag","embeddable":true,"href":"https:\/\/www.invarena.cz\/index.php?rest_route=%2Fwp%2Fv2%2Ftags&post=54097"}],"curies":[{"name":"wp","href":"https:\/\/api.w.org\/{rel}","templated":true}]}}