{"id":54105,"date":"2025-01-08T23:51:03","date_gmt":"2025-01-08T22:51:03","guid":{"rendered":"https:\/\/www.invarena.cz\/?p=54105"},"modified":"2025-01-08T23:51:04","modified_gmt":"2025-01-08T22:51:04","slug":"domov-v-trnove-na-plzensku-se-zmenil-na-detske-terapeuticke-centrum","status":"publish","type":"post","link":"https:\/\/www.invarena.cz\/?p=54105","title":{"rendered":"Domov v Trnov\u00e9 na Plze\u0148sku se zm\u011bnil na d\u011btsk\u00e9 terapeutick\u00e9 centrum"},"content":{"rendered":"\n<p>D\u011btsk\u00fd domov Trnov\u00e1, kter\u00fd do konce lo\u0148sk\u00e9ho roku pe\u010doval o d\u011bti do \u0161esti let, kter\u00e9 nemohou b\u00fdt ve sv\u00e9 rodin\u011b, se od ledna zm\u011bnil na D\u011btsk\u00e9 terapeutick\u00e9 centrum Trnov\u00e1. P\u00e9\u010di formou stacion\u00e1\u0159e zde najde dvacet d\u011bt\u00ed s hendikepem. Vedle terapeutick\u00e9ho centra z\u016fstane zachov\u00e1no za\u0159\u00edzen\u00ed pro d\u011bti vy\u017eaduj\u00edc\u00ed okam\u017eitou pomoc Delf\u00ednek.<\/p>\n\n\n\n<p>S koncem roku 2024 se uzav\u0159elo poskytov\u00e1n\u00ed \u00fastavn\u00ed p\u00e9\u010de pro d\u011bti do t\u0159\u00ed let na z\u00e1klad\u011b zm\u011bny z\u00e1kona o soci\u00e1ln\u011b-pr\u00e1vn\u00ed ochran\u011b d\u011bt\u00ed a zm\u011bny z\u00e1kona o zdravotn\u00edch slu\u017eb\u00e1ch a podm\u00ednk\u00e1ch jejich poskytov\u00e1n\u00ed, na jejich\u017e z\u00e1klad\u011b se zru\u0161ily pr\u00e1v\u011b d\u011btsk\u00e9 domovy do t\u0159\u00ed let. \u201eS ohledem na to, abychom t\u011bmto d\u011btem zajistili p\u00e9\u010di a mohli jsme jim poskytnout v\u0161e, co dosud dost\u00e1valy v domov\u011b v Trnov\u00e9, prob\u00edhala \u0159ada jedn\u00e1n\u00ed u\u017e cel\u00fd minul\u00fd rok. Jednali jsme s kolegy z odboru soci\u00e1ln\u00edch v\u011bc\u00ed s \u00fa\u0159ady, soudy i p\u011bstouny, abychom na\u0161li spole\u010dnou cestu z t\u00e9to nelehk\u00e9 situace, kterou n\u00e1m p\u0159ipravila legislativa,\u201c vysv\u011btluje n\u00e1m\u011bstek hejtmana pro oblast zdravotnictv\u00ed Tom\u00e1\u0161 Soukup s t\u00edm, \u017ee transformace D\u011btsk\u00e9ho domova Trnov\u00e1 byla jednozna\u010dn\u00fdm krokem vp\u0159ed.<\/p>\n\n\n\n<p>Centrum od 2. ledna zaji\u0161\u0165uje plnohodnotnou kompletn\u00ed p\u00e9\u010di o d\u011bti s kombinovan\u00fdm zdravotn\u00edm posti\u017een\u00edm, nap\u0159\u00edklad fyzioterapii, ergoterapii, logopedii, psychodiagnostiku, v\u010detn\u011b psychoterapeutick\u00e9 p\u00e9\u010de, slu\u017eby speci\u00e1ln\u00edho pedagoga a soci\u00e1ln\u011b \u2013 pr\u00e1vn\u00ed poradenstv\u00ed pro dvacet d\u011bt\u00ed, rozd\u011blen\u00fdch do dvou skupin.<\/p>\n\n\n\n<p>D\u011btsk\u00e9 terapeutick\u00e9 centrum pro d\u011bti od jednoho do sedmi let bude podle Tom\u00e1\u0161e Soukupa fungovat jako denn\u00ed stacion\u00e1\u0159, bez v\u00edkend\u016f, a pat\u0159\u00ed mezi za\u0159\u00edzen\u00ed, kter\u00e1 v kraji dosud chyb\u011bla. \u201eCentrum bude prvn\u00edm takov\u00fdm za\u0159\u00edzen\u00edm v Plze\u0148sk\u00e9m kraji, kter\u00e9 umo\u017en\u00ed rodin\u00e1m s hendikepovan\u00fdmi d\u011btmi vyu\u017e\u00edt slu\u017eeb centra za jak\u00e9si \u0161kolkovn\u00e9. Zaplat\u00ed 1500 K\u010d za d\u00edt\u011b m\u011bs\u00ed\u010dn\u011b, stravn\u00e9 na den a ostatn\u00ed slu\u017eby bude hradit poji\u0161\u0165ovna. Z\u00e1rove\u0148 bude pro d\u00edt\u011b zaji\u0161t\u011bna p\u00e9\u010de odborn\u00edk\u016f p\u0159\u00edmo v centru a rodi\u010de nebudou muset sami sh\u00e1n\u011bt odborn\u00edka, term\u00edn u n\u011bj a d\u00edt\u011b n\u011bkam p\u0159ev\u00e1\u017eet,\u201c dod\u00e1v\u00e1 Soukup.<\/p>\n\n\n\n<p>Sou\u010dasn\u011b s D\u011btsk\u00fdm terapeutick\u00fdm centrem Trnov\u00e1 z\u016fstane v b\u00fdval\u00e9m domov\u011b zachov\u00e1no tak\u00e9 za\u0159\u00edzen\u00ed pro d\u011bti vy\u017eaduj\u00edc\u00ed okam\u017eitou pomoc Delf\u00ednek. P\u0159ij\u00edm\u00e1ny zde jsou d\u011bti do 18 let.<\/p>\n\n\n\n<p>\u201eProstory centra Delf\u00ednek byly upravov\u00e1ny v tom smyslu, aby bylo za\u0159\u00edzen\u00ed p\u0159izp\u016fsobeno v\u011bt\u0161\u00edm d\u011btem a\u017e do plnoletosti. Person\u00e1ln\u011b je chod za\u0159\u00edzen\u00ed zaji\u0161t\u011bn, st\u00e1vaj\u00edc\u00ed person\u00e1l je dostate\u010dn\u011b zku\u0161en\u00fd a kvalifikovan\u00fd,\u201c vysv\u011btluje n\u00e1m\u011bstek hejtmana pro oblast soci\u00e1ln\u00edch v\u011bc\u00ed Jan Bozd\u011bch s t\u00edm, \u017ee kapacita za\u0159\u00edzen\u00ed bude osm l\u016f\u017eek. \u201eV p\u0159\u00edpad\u011b, \u017ee p\u016fjde o sourozeneckou skupinu, bude kapacita l\u016f\u017eek dev\u011bt. D\u011bti budou v Delf\u00ednku po dobu dvou m\u011bs\u00edc\u016f a pot\u00e9 se budeme sna\u017eit je um\u00edstit do p\u011bstounsk\u00e9 p\u00e9\u010de,\u201c dopl\u0148uje.<\/p>\n\n\n\n<p>V Plze\u0148sk\u00e9m kraji je aktu\u00e1ln\u011b 200 zprost\u0159edkovan\u00fdch p\u011bstoun\u016f, t\u011bch aktivn\u00edch na p\u0159echodnou dobu pak pouze 29. \u201ePot\u0159ebovali bychom vy\u0161\u0161\u00ed des\u00edtky mo\u017en\u00e1 a\u017e stovky zprost\u0159edkovan\u00fdch p\u011bstoun\u016f, t\u011bch na p\u0159echodnou dobu tak kolem dvaceti,\u201c dod\u00e1v\u00e1 Jan Bozd\u011bch. Podle n\u011bj Plze\u0148sk\u00fd kraj poskytuje spole\u010dn\u011b s p\u011btic\u00ed neziskov\u00fdch organizac\u00ed podporu p\u011bstoun\u016fm a tak\u00e9 aktivn\u011b vyhled\u00e1v\u00e1 nov\u00e9. \u201eP\u011bstounem m\u016f\u017ee b\u00fdt v podstat\u011b kdokoliv, fyzick\u00e1 osoba nebo man\u017eelsk\u00fd p\u00e1r. Nerozhoduje vzd\u011bl\u00e1n\u00ed ani sexu\u00e1ln\u00ed orientace. Co se t\u00fdk\u00e1 v\u011bku, tam se zohled\u0148uje v\u011bk d\u00edt\u011bte. Podm\u00ednkou je bydli\u0161t\u011b v \u010cR a samoz\u0159ejm\u011b z\u00e1sadn\u00ed je z\u00e1jem d\u00edt\u011bte,\u201c vysv\u011btluje Jan Bozd\u011bch.<\/p>\n\n\n\n<p>Ladislav Vaindl<\/p>\n\n\n\n<p>Plze\u0148sk\u00fd den\u00edk<\/p>\n\n\n\n<p><a href=\"https:\/\/plzensky.denik.cz\" target=\"_blank\" rel=\"noreferrer noopener\">https:\/\/plzensky.denik.cz<\/a><\/p>\n","protected":false},"excerpt":{"rendered":"<div class=\"mh-excerpt\"><p>D\u011btsk\u00fd domov Trnov\u00e1, kter\u00fd do konce lo\u0148sk\u00e9ho roku pe\u010doval o d\u011bti do \u0161esti let, kter\u00e9 nemohou b\u00fdt ve sv\u00e9 rodin\u011b, se od ledna zm\u011bnil na <a class=\"mh-excerpt-more\" href=\"https:\/\/www.invarena.cz\/?p=54105\" title=\"Domov v Trnov\u00e9 na Plze\u0148sku se zm\u011bnil na d\u011btsk\u00e9 terapeutick\u00e9 centrum\">[&#8230;]<\/a><\/p>\n<\/div>","protected":false},"author":1,"featured_media":29738,"comment_status":"open","ping_status":"closed","sticky":false,"template":"","format":"standard","meta":{"footnotes":""},"categories":[9],"tags":[],"class_list":["post-54105","post","type-post","status-publish","format-standard","has-post-thumbnail","hentry","category-zpravy"],"_links":{"self":[{"href":"https:\/\/www.invarena.cz\/index.php?rest_route=\/wp\/v2\/posts\/54105","targetHints":{"allow":["GET"]}}],"collection":[{"href":"https:\/\/www.invarena.cz\/index.php?rest_route=\/wp\/v2\/posts"}],"about":[{"href":"https:\/\/www.invarena.cz\/index.php?rest_route=\/wp\/v2\/types\/post"}],"author":[{"embeddable":true,"href":"https:\/\/www.invarena.cz\/index.php?rest_route=\/wp\/v2\/users\/1"}],"replies":[{"embeddable":true,"href":"https:\/\/www.invarena.cz\/index.php?rest_route=%2Fwp%2Fv2%2Fcomments&post=54105"}],"version-history":[{"count":0,"href":"https:\/\/www.invarena.cz\/index.php?rest_route=\/wp\/v2\/posts\/54105\/revisions"}],"wp:featuredmedia":[{"embeddable":true,"href":"https:\/\/www.invarena.cz\/index.php?rest_route=\/wp\/v2\/media\/29738"}],"wp:attachment":[{"href":"https:\/\/www.invarena.cz\/index.php?rest_route=%2Fwp%2Fv2%2Fmedia&parent=54105"}],"wp:term":[{"taxonomy":"category","embeddable":true,"href":"https:\/\/www.invarena.cz\/index.php?rest_route=%2Fwp%2Fv2%2Fcategories&post=54105"},{"taxonomy":"post_tag","embeddable":true,"href":"https:\/\/www.invarena.cz\/index.php?rest_route=%2Fwp%2Fv2%2Ftags&post=54105"}],"curies":[{"name":"wp","href":"https:\/\/api.w.org\/{rel}","templated":true}]}}