{"id":54155,"date":"2025-01-26T16:23:07","date_gmt":"2025-01-26T15:23:07","guid":{"rendered":"https:\/\/www.invarena.cz\/?p=54155"},"modified":"2025-01-26T16:23:07","modified_gmt":"2025-01-26T15:23:07","slug":"jak-se-zije-vidicim-detem-nevidomych-rodicu","status":"publish","type":"post","link":"https:\/\/www.invarena.cz\/?p=54155","title":{"rendered":"Jak se \u017eije vid\u00edc\u00edm d\u011btem nevidom\u00fdch rodi\u010d\u016f"},"content":{"rendered":"\n<p>Radio\u017eurn\u00e1l\u00a0<br \/><br \/>Dne\u0161n\u00ed d\u00edl na\u0161eho seri\u00e1lu M\u00e1mou potm\u011b je speci\u00e1ln\u00ed &#8211;\u00a0<strong>nevidomou<\/strong>\u00a0Alenu, jsme toti\u017e sezn\u00e1mili se \u010dty\u0159iat\u0159icetiletouletou Janou, kter\u00e1 vyr\u016fstala s\u00a0<strong>nevidom\u00fdmi<\/strong>\u00a0rodi\u010di a je tak v podobn\u00e9 situaci jako Alenina p\u011btilet\u00e1 dcera Charlotta. Jana t\u0159eba zmi\u0148uje, \u017ee od sv\u00fdch rodi\u010d\u016f logicky nezn\u00e1 o\u010dn\u00ed kontakt a dodnes si ho p\u0159ipom\u00edn\u00e1, kdy\u017e je s vid\u00edc\u00edmi lidmi, mus\u00ed si p\u0159ipom\u00ednat, \u017ee by m\u011bla s vid\u00edc\u00edmi lidmi udr\u017eovat o\u010dn\u00ed kontakt. Kv\u016fli hroz\u00edc\u00edmu pop\u00e1len\u00ed nebo po\u017e\u00e1ru taky jako d\u00edt\u011b nikdy nem\u011bla na narozeninov\u00e9m dortu sv\u00ed\u010dky.<br \/><br \/> moder\u00e1torka<br \/>&#8212;&#8212;&#8212;&#8212;&#8212;&#8212;&#8211;<br \/>Aleno. Tohle je Jana Brad\u00e1\u010dkov\u00e1, Jana se narodila\u00a0<strong>nevidom\u00fdm<\/strong>\u00a0rodi\u010d\u016fm.<br \/><br \/>mluv\u010d\u00ed 1,<br \/>&#8212;&#8212;&#8212;&#8212;&#8212;&#8212;&#8211;<br \/>Moc m\u011b t\u011b\u0161\u00ed. Dobr\u00fd den.<br \/><br \/> moder\u00e1torka<br \/>&#8212;&#8212;&#8212;&#8212;&#8212;&#8212;&#8211;<br \/>Alena se potk\u00e1v\u00e1 s 34letou Janou na pra\u017esk\u00e9 z\u00e1kladn\u00ed \u0161kole pro zrakov\u011b\u00a0<strong>posti\u017een\u00e9<\/strong>, Jana tady u\u010d\u00ed. Rodi\u010de ji ovlivnili p\u0159i v\u00fdb\u011bru, profese, ale je toho mnohem v\u00edc.<br \/><br \/>mluv\u010d\u00ed 1,<br \/>&#8212;&#8212;&#8212;&#8212;&#8212;&#8212;&#8211;<br \/>J\u00e1 mysl\u00edm, \u017ee m\u011b to ovlivnilo, hodn\u011b jako d\u00edt\u011b jsem byla odmalinka zvykl\u00e1 pom\u00e1hat sv\u00fdm rodi\u010d\u016fm, jsem oproti jin\u00fdm d\u011btem t\u0159eba nem\u011bla takzvan\u011b tu pubertu nebo taky ty v\u011bci, co ty d\u011bti norm\u00e1ln\u00ed &#8211; hodit ta\u0161ku a jdou prost\u011b ven s kamar\u00e1dy. Tak j\u00e1 jsem chodila n\u011bco za\u0159izovat rodi\u010d\u016fm.<br \/><br \/>moder\u00e1torka<br \/>&#8212;&#8212;&#8212;&#8212;&#8212;&#8212;&#8211;<br \/>Charlotti je te\u010f p\u011bt, chod\u00ed do \u0161kolky, m\u00e1 r\u00e1da h\u0159i\u0161t\u011b, ply\u0161ov\u00e9 pejsky, poh\u00e1dky, r\u00e1da pom\u00e1h\u00e1. Vy si, Jano, vzpomenete na va\u0161e d\u011btstv\u00ed, kdy\u017e v\u00e1m bylo kolem t\u011bch p\u011bti let?<br \/><br \/>mluv\u010d\u00ed 1,<br \/>&#8212;&#8212;&#8212;&#8212;&#8212;&#8212;&#8211;<br \/>M\u00e1ma mi jako mal\u00fd \u010detla kn\u00ed\u017eky s Braillov\u00fdm p\u00edsmem, samoz\u0159ejm\u011b t\u00e1ta mi vypr\u00e1v\u011bl, m\u011bl fakt velikou fantazii.<br \/><br \/> moder\u00e1torka<br \/>&#8212;&#8212;&#8212;&#8212;&#8212;&#8212;&#8211;<br \/>Jana si vybavuje, jak s\u00a0<strong>nevidom\u00fdmi<\/strong>\u00a0rodi\u010di hr\u00e1la karty, kter\u00e9 byly ozna\u010den\u00e9 Braillov\u00fdm p\u00edsmem. Jezdily na v\u00fdlety vlakem, chodily do muze\u00ed, kde jim popisovala, co vid\u00ed za expon\u00e1ty, vzpom\u00edn\u00e1 i na drobnosti, \u017ee jako d\u00edt\u011b nikdy nem\u011bla na narozeninov\u00e9m dortu kv\u016fli bezpe\u010dnosti sv\u00ed\u010dky.<br \/><br \/>mluv\u010d\u00ed 1,<br \/>&#8212;&#8212;&#8212;&#8212;&#8212;&#8212;&#8211;<br \/>M\u011b v\u017edycky bylo l\u00edto, proto\u017ee j\u00e1 v\u017edycky cht\u011bla m\u00edt ty sv\u00ed\u010dky na dortu a vlastn\u011b rodi\u010de se b\u00e1li.<br \/><br \/> moder\u00e1torka<br \/>&#8212;&#8212;&#8212;&#8212;&#8212;&#8212;&#8211;<br \/>Kdy\u017e se na tu Charlottu pod\u00edv\u00e1te, bavili jsme se o v\u00e1s. P\u016fsob\u00ed hodn\u011b samostatn\u011b.<br \/><br \/>mluv\u010d\u00ed 1,<br \/>&#8212;&#8212;&#8212;&#8212;&#8212;&#8212;&#8211;<br \/>J\u00e1 jsem byla taky hodn\u011b, si mysl\u00edm, samostatn\u00e9 d\u00edt\u011b, musela jsem b\u00fdt takov\u00e1 dosp\u011bl\u00e1, jsem v\u00edc byla rozumn\u011bj\u0161\u00ed, nahrazovala jsem ty jejich o\u010di.<br \/><br \/>moder\u00e1torka<br \/>&#8212;&#8212;&#8212;&#8212;&#8212;&#8212;&#8211;<br \/>A Aleno. Vy to sl\u00fdch\u00e1v\u00e1te hodn\u011b \u010dasto. \u017de je Charlotta velmi samostatn\u00e1, pom\u00e1h\u00e1.<br \/><br \/>mluv\u010d\u00ed 3,<br \/>&#8212;&#8212;&#8212;&#8212;&#8212;&#8212;&#8211;<br \/>Je to tak, neznamen\u00e1 to, \u017ee si neum\u00ed ulevit. Ned\u00e1vno mi \u0159\u00edk\u00e1 mami, pros\u00edm t\u011b, obuj mi boty. J\u00e1 jsem dneska stra\u0161n\u011b l\u00edn\u00e1. T\u0159eba te\u010f chce zkou\u0161et j\u00edzdu na kole.<br \/><br \/>mluv\u010d\u00ed 4,<br \/>&#8212;&#8212;&#8212;&#8212;&#8212;&#8212;&#8211;<br \/>Ano, je\u0161t\u011b m\u00e1m to mal\u00e9 kolo.<br \/><br \/>mluv\u010d\u00ed 2,<br \/>&#8212;&#8212;&#8212;&#8212;&#8212;&#8212;&#8211;<br \/>Odr\u00e1\u017eedlo zat\u00edm.<br \/><br \/>mluv\u010d\u00ed 4,<br \/>&#8212;&#8212;&#8212;&#8212;&#8212;&#8212;&#8211;<br \/>A u\u017e je mal\u00e9.<br \/><br \/>moder\u00e1torka<br \/>&#8212;&#8212;&#8212;&#8212;&#8212;&#8212;&#8211;<br \/>Tak\u017ee a\u017e p\u016fjdete na to \u0161lapkov\u00e9 kolo, tak vezmete n\u011bkoho, kdo vid\u00ed a nau\u010d\u00ed\u0161 se jezdit na kolet\u00e1k?<br \/><br \/>mluv\u010d\u00ed 4,<br \/>&#8212;&#8212;&#8212;&#8212;&#8212;&#8212;&#8211;<br \/>Ano.<br \/><br \/>mluv\u010d\u00ed 1,<br \/>&#8212;&#8212;&#8212;&#8212;&#8212;&#8212;&#8211;<br \/>To je t\u0159eba v\u011bc moment\u00e1ln\u011b, co nenapadne. Hrozn\u011b r\u00e1da sportuju a bohu\u017eel m\u011b k tomu moc rodi\u010de nemohli v\u00e9st, \u017ee oba dva nevid\u011bli p\u0159esn\u011b kolo, ly\u017ee, brusle. J\u00e1 jsem se na tom u\u010dila a\u017e v dosp\u011blosti a fakt v dosp\u011blosti se \u010dlov\u011bk u\u010d\u00ed h\u016f\u0159. Na kole jsem se nau\u010dila jezdit a\u017e n\u011bkdy v 15 letech.<br \/><br \/>mluv\u010d\u00ed 3,<br \/>&#8212;&#8212;&#8212;&#8212;&#8212;&#8212;&#8211;<br \/>Ur\u010dit\u011b v\u011b\u0159\u00edm tomu, \u017ee Jana m\u00e1 v\u011bci, kter\u00fd j\u00ed ovlivnili. Ale v\u00edte to, jako kdybychom \u017eili v n\u011bjak\u00e9 men\u0161inov\u00e9 spole\u010dnosti, tak n\u00e1s to prost\u011b taky ovlivn\u00ed.<br \/><br \/>moder\u00e1torka<br \/>&#8212;&#8212;&#8212;&#8212;&#8212;&#8212;&#8211;<br \/>Jana Brad\u00e1\u010dkov\u00e1 si mus\u00ed p\u0159ipom\u00ednat, aby se lidem d\u00edvala do o\u010d\u00ed. Od rodi\u010d\u016f se to nau\u010dit nemohla. Kamar\u00e1di ji upozor\u0148uj\u00ed i na to, \u017ee jim hl\u00e1s\u00ed, co jde zrovna d\u011blat nebo co zrovna vid\u00ed kolem sebe. Zvykl\u00e1 z domova je i na to, \u017ee kdy\u017e chce n\u011bkomu n\u011bco \u0159\u00edct, drkne do n\u011bj.<br \/><br \/>mluv\u010d\u00ed 1,<br \/>&#8212;&#8212;&#8212;&#8212;&#8212;&#8212;&#8211;<br \/>Rodi\u010de to \u010dasto d\u011blali, kdy\u017e t\u00e1ta se mnou cht\u011bl mluvit.<br \/><br \/> moder\u00e1torka<br \/>&#8212;&#8212;&#8212;&#8212;&#8212;&#8212;&#8211;<br \/>Co se t\u00fd\u010de zevn\u011bj\u0161ku. Jano, vy jste tak\u00e9 od rodi\u010d\u016f nemohla z\u00edskat n\u011bjakou v\u011bt\u0161\u00ed pozornost, \u017ee by t\u0159eba \u0159e\u0161ili, \u017ee u\u017e maj\u00ed tolik vr\u00e1sek, nebo \u017ee tenhle svetr u\u017e je sepran\u00fd.<br \/><br \/>mluv\u010d\u00ed 1,<br \/>&#8212;&#8212;&#8212;&#8212;&#8212;&#8212;&#8211;<br \/>U n\u00e1s se to doma ne\u0159e\u0161ilo v\u016fbec. Te\u010f se sna\u017e\u00edm na sebe db\u00e1t, hezky se obl\u00edkat, ale musela jsem k tomu doj\u00edt sama.<br \/><br \/> moder\u00e1torka<br \/>&#8212;&#8212;&#8212;&#8212;&#8212;&#8212;&#8211;<br \/>Loty, ty m\u00e1\u0161 r\u016f\u017eov\u00e9 \u0161aty.M\u00e1\u0161 tam my\u0161ku s ma\u0161li\u010dkou.<br \/><br \/>mluv\u010d\u00ed 5,<br \/>&#8212;&#8212;&#8212;&#8212;&#8212;&#8212;&#8211;<br \/>R\u016f\u017eovou, v\u00edm, \u017ee m\u00e1\u0161.<br \/><br \/>Veronika Hlav\u00e1\u010dov\u00e1, moder\u00e1torka<br \/>&#8212;&#8212;&#8212;&#8212;&#8212;&#8212;&#8211;<br \/>I mikinu i \u010depici do r\u016f\u017eova, to v\u0161echno si ur\u010duje\u0161 sama. A n\u011bkdy si m\u011bla n\u011bjak\u00fd \u00fa\u010des, gumi\u010dku, sponky. Ne, j\u00e1 v\u00edm od Jany, \u017ee j\u00ed\u00a0<strong>nevidom\u00ed<\/strong>\u00a0rodi\u010de nech\u00e1vali d\u011blat \u00fa\u010des, kter\u00fd byl hodn\u011b kr\u00e1tk\u00fd, aby to bylo jednoduch\u00e9 na myt\u00ed, na \u010des\u00e1n\u00ed. To jste n\u011bkdy zva\u017eovala, \u017ee by \u0161la Loty t\u0159eba na krat\u0161\u00ed sest\u0159ih.<br \/><br \/>mluv\u010d\u00ed 3,<br \/>&#8212;&#8212;&#8212;&#8212;&#8212;&#8212;&#8211;<br \/>Ne, j\u00e1 mysl\u00edm, \u017ee mn\u011b se na ni l\u00edb\u00ed to mik\u00e1dko, j\u00ed to i slu\u0161\u00ed.<br \/><br \/> moder\u00e1torka<br \/>&#8212;&#8212;&#8212;&#8212;&#8212;&#8212;&#8211;<br \/>Jana, kter\u00e1 se narodila\u00a0<strong>nevidom\u00fdm<\/strong>\u00a0rodi\u010d\u016fm, mluv\u00ed i o dob\u011b, na kterou hodn\u011b nerada vzpom\u00edn\u00e1. Kv\u016fli\u00a0<strong>posti\u017een\u00ed<\/strong>\u00a0rodi\u010d\u016f ji spolu\u017e\u00e1ci \u0161ikanovali.<br \/><br \/>mluv\u010d\u00ed 1,<br \/>&#8212;&#8212;&#8212;&#8212;&#8212;&#8212;&#8211;<br \/>Na z\u00e1kladn\u00ed \u0161kole. To brali d\u011bti, jako \u017ee ty se\u0161 ta s t\u011bma\u00a0<strong>nevidom\u00fdma<\/strong>\u00a0rodi\u010dema nebo teda slep\u00fdma. Oni \u0159\u00edkali.<br \/><br \/>mluv\u010d\u00ed 3,<br \/>&#8212;&#8212;&#8212;&#8212;&#8212;&#8212;&#8211;<br \/>J\u00e1 se p\u0159izn\u00e1m, \u017ee m\u00e1m mali\u010dko obavy z toho, a\u017e p\u016fjde do \u0161koly, ale v\u011b\u0159\u00edm tomu, \u017ee si s t\u00edm porad\u00edme a \u017ee Loty p\u0159ijde a \u0159ekne, \u017ee se n\u011bco d\u011bje.<br \/><br \/>moder\u00e1torka<br \/>&#8212;&#8212;&#8212;&#8212;&#8212;&#8212;&#8211;<br \/>Napad\u00e1 v\u00e1s, Jano, je\u0161t\u011b n\u011bjak\u00e1 pozn\u00e1mka sm\u011brem k Alen\u011b nebo k Charlott\u011b?<br \/><br \/>mluv\u010d\u00ed 1,<br \/>&#8212;&#8212;&#8212;&#8212;&#8212;&#8212;&#8211;<br \/>Sp\u00ed\u0161 jsem cht\u011bla ur\u010dit\u011b pozvat na n\u00e1v\u0161t\u011bvu k n\u00e1m.<br \/><br \/> moder\u00e1torka<br \/>&#8212;&#8212;&#8212;&#8212;&#8212;&#8212;&#8211;<br \/>\u0158\u00edk\u00e1 Jana Brad\u00e1\u010dkov\u00e1, dcera\u00a0<strong>nevidom\u00fdch<\/strong>\u00a0rodi\u010d\u016f, kter\u00e1 se v r\u00e1mci seri\u00e1lu M\u00e1mou potm\u011b se\u0161la s\u00a0<strong>nevidomou<\/strong>\u00a0Alenou a jej\u00ed dcerou Charlotou. <\/p>\n\n\n\n<p> Radio\u017eurn\u00e1l.<\/p>\n\n\n\n<p><\/p>\n","protected":false},"excerpt":{"rendered":"<div class=\"mh-excerpt\"><p>Radio\u017eurn\u00e1l\u00a0 Dne\u0161n\u00ed d\u00edl na\u0161eho seri\u00e1lu M\u00e1mou potm\u011b je speci\u00e1ln\u00ed &#8211;\u00a0nevidomou\u00a0Alenu, jsme toti\u017e sezn\u00e1mili se \u010dty\u0159iat\u0159icetiletouletou Janou, kter\u00e1 vyr\u016fstala s\u00a0nevidom\u00fdmi\u00a0rodi\u010di a je tak v podobn\u00e9 situaci <a class=\"mh-excerpt-more\" href=\"https:\/\/www.invarena.cz\/?p=54155\" title=\"Jak se \u017eije vid\u00edc\u00edm d\u011btem nevidom\u00fdch rodi\u010d\u016f\">[&#8230;]<\/a><\/p>\n<\/div>","protected":false},"author":1,"featured_media":7554,"comment_status":"open","ping_status":"closed","sticky":false,"template":"","format":"standard","meta":{"footnotes":""},"categories":[9],"tags":[],"class_list":["post-54155","post","type-post","status-publish","format-standard","has-post-thumbnail","hentry","category-zpravy"],"_links":{"self":[{"href":"https:\/\/www.invarena.cz\/index.php?rest_route=\/wp\/v2\/posts\/54155","targetHints":{"allow":["GET"]}}],"collection":[{"href":"https:\/\/www.invarena.cz\/index.php?rest_route=\/wp\/v2\/posts"}],"about":[{"href":"https:\/\/www.invarena.cz\/index.php?rest_route=\/wp\/v2\/types\/post"}],"author":[{"embeddable":true,"href":"https:\/\/www.invarena.cz\/index.php?rest_route=\/wp\/v2\/users\/1"}],"replies":[{"embeddable":true,"href":"https:\/\/www.invarena.cz\/index.php?rest_route=%2Fwp%2Fv2%2Fcomments&post=54155"}],"version-history":[{"count":0,"href":"https:\/\/www.invarena.cz\/index.php?rest_route=\/wp\/v2\/posts\/54155\/revisions"}],"wp:featuredmedia":[{"embeddable":true,"href":"https:\/\/www.invarena.cz\/index.php?rest_route=\/wp\/v2\/media\/7554"}],"wp:attachment":[{"href":"https:\/\/www.invarena.cz\/index.php?rest_route=%2Fwp%2Fv2%2Fmedia&parent=54155"}],"wp:term":[{"taxonomy":"category","embeddable":true,"href":"https:\/\/www.invarena.cz\/index.php?rest_route=%2Fwp%2Fv2%2Fcategories&post=54155"},{"taxonomy":"post_tag","embeddable":true,"href":"https:\/\/www.invarena.cz\/index.php?rest_route=%2Fwp%2Fv2%2Ftags&post=54155"}],"curies":[{"name":"wp","href":"https:\/\/api.w.org\/{rel}","templated":true}]}}