{"id":54157,"date":"2025-01-26T15:58:21","date_gmt":"2025-01-26T14:58:21","guid":{"rendered":"https:\/\/www.invarena.cz\/?p=54157"},"modified":"2025-01-26T16:05:12","modified_gmt":"2025-01-26T15:05:12","slug":"__trashed-5","status":"publish","type":"post","link":"https:\/\/www.invarena.cz\/?p=54157","title":{"rendered":"Nebezpe\u010dn\u00fd p\u0159echod st\u00e1le nen\u00ed do\u0159e\u0161en\u00a0\u00a0"},"content":{"rendered":"\n<p>\u010cT 1\u00a0&#8211; \u010cern\u00e9 ovce<br \/><br \/> \u010cas od \u010dasu upozor\u0148ujeme na m\u00edsta, kter\u00e1 jsou pro\u00a0<strong>nevidom\u00e9<\/strong>\u00a0nebezpe\u010dn\u00e1. N\u011bkdy vid\u00edme i snahu o n\u00e1pravu. Jindy ale jako by \u017eivot ohro\u017euj\u00edc\u00ed situace snad ani nikoho nezaj\u00edmala.<br \/><br \/>Nicole Fry\u010dov\u00e1, p\u0159edsedkyn\u011b, V\u00fdbor Rady vl\u00e1dy pro osoby\u00a0<strong>zdravotn\u011b<\/strong>\u00a0<strong>posti\u017een\u00e9<\/strong>\u00a0pro p\u0159\u00edstupnost ve\u0159ejn\u00e9 spr\u00e1vy a ve\u0159ejn\u00fdch slu\u017eeb<br \/>&#8212;&#8212;&#8212;&#8212;&#8212;&#8212;&#8211;<br \/>Pokud by se jednalo o n\u011bjakou banalitu, tak tomu rozum\u00edm, \u017ee ji m\u016f\u017eeme p\u0159estav\u011bt t\u0159eba po roce, po dvou, ale kdy\u017e \u0159eknete, \u017ee skute\u010dn\u011b jde o \u017eivot, tak bych \u010dekala n\u011bjakou rychlej\u0161\u00ed reakci a ne to, \u017ee po p\u016fl roce se nic nestane.<br \/><br \/> redaktorka<br \/>&#8212;&#8212;&#8212;&#8212;&#8212;&#8212;&#8211;<br \/>Nicole Fry\u010dov\u00e1, kter\u00e1 je p\u0159edsedkyn\u00ed V\u00fdboru Rady vl\u00e1dy pro osoby\u00a0<strong>zdravotn\u011b<\/strong>\u00a0<strong>posti\u017een\u00e9<\/strong>\u00a0pro p\u0159\u00edstupnost ve\u0159ejn\u00e9 spr\u00e1vy, hovo\u0159\u00ed o nebezpe\u010dn\u00e9m p\u0159echodu nedaleko galerie M\u00e1nes v Praze. Nejv\u011bt\u0161\u00ed probl\u00e9m je v tom, \u017ee tla\u010d\u00edtko, kter\u00e9 b\u00fdv\u00e1 pro chodce, je pro nevid\u00edc\u00edho velmi snadno zam\u011bniteln\u00e9 s tla\u010d\u00edtkem, kter\u00e9 je ur\u010deno pro dopravn\u00ed prost\u0159edky vyj\u00ed\u017ed\u011bj\u00edc\u00ed sm\u011brem od n\u00e1plavky.<br \/><br \/>Nicole Fry\u010dov\u00e1, <br \/>Tady je sign\u00e1ln\u00ed p\u00e1s, kter\u00fd nav\u00e1d\u00ed k semaforu, naraz\u00edm na semafor, v drtiv\u00e9 v\u011bt\u0161in\u011b p\u0159\u00edpad\u016f je to tla\u010d\u00edtko ve sm\u011bru p\u0159ech\u00e1zen\u00ed, zm\u00e1\u010dknu ho, te\u010f sly\u0161\u00edte, \u017ee je vlastn\u011b zelen\u00e1, proto\u017ee semafor vyd\u00e1v\u00e1 zvuk, \u017ee ano, \u017ee m\u016f\u017eu p\u0159ech\u00e1zet.<br \/><br \/> redaktorka<br \/>&#8212;&#8212;&#8212;&#8212;&#8212;&#8212;&#8211;<br \/>To, \u017ee zvukovou signalizaci vyd\u00e1v\u00e1 jin\u00fd semafor ne\u017e ten, na kter\u00e9m je um\u00edst\u011bno tla\u010d\u00edtko pro v\u00fdjezd dopravn\u00edch prost\u0159edk\u016f od n\u00e1plavky,\u00a0<strong>nevidom\u00fd<\/strong>\u00a0nepozn\u00e1. A nav\u00edc vstoup\u00ed do m\u00edsta, kde \u017e\u00e1dn\u00fd p\u0159echod nen\u00ed.<br \/><br \/>Nicole Fry\u010dov\u00e1, <br \/>V krajn\u00edm p\u0159\u00edpad\u011b se chodec m\u016f\u017ee tedy vydat p\u0159\u00edmo pod jedouc\u00ed kola.<br \/><br \/>redaktorka<br \/>&#8212;&#8212;&#8212;&#8212;&#8212;&#8212;&#8211;<br \/>Na tuto nebezpe\u010dnou situaci upozornil Nicole Fry\u010dovou\u00a0<strong>nevidom\u00fd<\/strong>\u00a0Jan Urb\u00e1nek, kter\u00fd se na Jir\u00e1skov\u011b n\u00e1m\u011bst\u00ed pohybuje pravideln\u011b, u\u017e loni na ja\u0159e.<br \/><br \/>Jan Urb\u00e1nek,\u00a0<strong>nevidom\u00fd<\/strong><br \/>&#8212;&#8212;&#8212;&#8212;&#8212;&#8212;&#8211;<br \/>Nenapadlo by m\u011b, \u017ee je tu tla\u010d\u00edtko pro \u0159idi\u010de.<br \/><br \/> redaktorka<br \/>&#8212;&#8212;&#8212;&#8212;&#8212;&#8212;&#8211;<br \/>To v\u00e1s nenapadne.<br \/><br \/>Jan Urb\u00e1nek,\u00a0<strong>nevidom\u00fd<\/strong><br \/>&#8212;&#8212;&#8212;&#8212;&#8212;&#8212;&#8211;<br \/>A nikoliv pro chodce, kter\u00e9 by m\u011blo b\u00fdt ov\u0161em tady.<br \/><br \/> redaktorka<br \/>&#8212;&#8212;&#8212;&#8212;&#8212;&#8212;&#8211;<br \/>Tak\u017ee vy byste se skute\u010dn\u011b norm\u00e1ln\u011b vrhnul mezi ty auta, kdybyste to tu u\u017e neznal.<br \/><br \/>Jan Urb\u00e1nek,\u00a0<strong>nevidom\u00fd<\/strong><br \/>&#8212;&#8212;&#8212;&#8212;&#8212;&#8212;&#8211;<br \/>Mn\u011b se to stalo. \u010cili ve chv\u00edli, kdy jsem ta auta nesly\u0161el, tak jsem zm\u00e1\u010dknul zelenou, dostal jsem zelenou a ve\u0161el jsem do vozovky a pak jsem si teprve v\u0161iml, \u017ee p\u0159ij\u00ed\u017ed\u011bj\u00ed auta, \u017ee jo.<br \/><br \/>redaktorka<br \/>&#8212;&#8212;&#8212;&#8212;&#8212;&#8212;&#8211;<br \/>A jak n\u00e1m u\u017e loni na ja\u0159e uk\u00e1zal\u00a0<strong>nevidom\u00fd<\/strong>\u00a0pan Urb\u00e1nek, nebezpe\u010dn\u00e1 situace m\u00e1 pokra\u010dov\u00e1n\u00ed. I kdy\u017e najde skute\u010dn\u00fd p\u0159echod, zm\u00e1\u010dkne spr\u00e1vn\u00e9 tla\u010d\u00edtko a po\u010dk\u00e1 na zelenou, m\u016f\u017ee se op\u011bt ocitnout v ohro\u017een\u00ed \u017eivota, proto\u017ee nepozn\u00e1, \u017ee p\u0159echod vede pouze na tramvajov\u00fd ostr\u016fvek.<br \/><br \/>Jan Urb\u00e1nek,\u00a0<strong>nevidom\u00fd<\/strong><br \/>&#8212;&#8212;&#8212;&#8212;&#8212;&#8212;&#8211;<br \/>Pokud to tu nezn\u00e1m a nev\u00edm, \u017ee ostr\u016fvkem p\u0159echod kon\u010d\u00ed, tak se domn\u00edv\u00e1m, \u017ee mohu j\u00edt d\u00e1l, nen\u00ed tam \u017e\u00e1dn\u00e1 zar\u00e1\u017eka, nen\u00ed tam \u017e\u00e1dn\u00e9 z\u00e1bradl\u00ed, je tam dokonce sjezd, kter\u00fd nazna\u010duje, \u017ee tam ten p\u0159echod pokra\u010duje, tak\u017ee vejdu do vozovky, respektive do tramvajov\u00e9 trati a pokra\u010duji a m\u016f\u017ee m\u011b sm\u00e9st tramvaj, proto\u017ee tramvaj, ta se vyhnout nem\u016f\u017ee.<br \/><br \/>Krist\u00fdna Augustov\u00e1, redaktorka<br \/>&#8212;&#8212;&#8212;&#8212;&#8212;&#8212;&#8211;<br \/>Chodec s t\u011b\u017ek\u00fdm zrakov\u00fdm posti\u017een\u00edm si tedy m\u016f\u017ee myslet, \u017ee vozovku p\u0159ejde celou. Varovn\u00fd p\u00e1s, kter\u00fd\u00a0<strong>nevidom\u00e9mu<\/strong>\u00a0\u0159\u00edk\u00e1: &#8222;pozor, n\u00e1sleduje vozovka&#8220;, je v tomto prostoru pro\u00a0<strong>nevidom\u00e9ho<\/strong>\u00a0chodce nerozpoznateln\u00fd.<br \/><br \/>Jan Urb\u00e1nek,\u00a0<strong>nevidom\u00fd<\/strong><br \/>&#8212;&#8212;&#8212;&#8212;&#8212;&#8212;&#8211;<br \/>Stalo se mi to ve chv\u00edli, kdy m\u011b zarazili zp\u00e1tky, \u017ee m\u00e1m j\u00edt, \u017ee jsem ud\u011blal n\u011bco, co jsem nem\u011bl, tak jsem se pak samoz\u0159ejm\u011b ptal, co se tu d\u011bje, proto\u017ee jsem nev\u011bd\u011bl, jak to tu vypad\u00e1, ale stalo se mi.<br \/><br \/>Krist\u00fdna Augustov\u00e1, redaktorka<br \/>&#8212;&#8212;&#8212;&#8212;&#8212;&#8212;&#8211;<br \/>Tak\u017ee ta situace pro v\u00e1s asi byla hodn\u011b nep\u0159\u00edjemn\u00e1.<br \/><br \/>Jan Urb\u00e1nek,\u00a0<strong>nevidom\u00fd<\/strong><br \/>&#8212;&#8212;&#8212;&#8212;&#8212;&#8212;&#8211;<br \/>Byla nep\u0159\u00edjemn\u00e1, byla hlavn\u011b nebezpe\u010dn\u00e1. Nep\u0159\u00edjemn\u00e1 je jedna v\u011bc, ale to, \u017ee to ohro\u017euje zdrav\u00ed, \u017eivot, tak to je dal\u0161\u00ed v\u011bc, no.<br \/><br \/>Krist\u00fdna Augustov\u00e1, redaktorka<br \/>&#8212;&#8212;&#8212;&#8212;&#8212;&#8212;&#8211;<br \/>Nicole Fry\u010dov\u00e1 na ob\u011b nebezpe\u010dn\u00e9 situace upozornila odpov\u011bdn\u00e9 u\u017e loni v b\u0159eznu.<br \/><br \/>Nicole Fry\u010dov\u00e1, p\u0159edsedkyn\u011b, V\u00fdbor Rady vl\u00e1dy pro osoby\u00a0<strong>zdravotn\u011b<\/strong>\u00a0<strong>posti\u017een\u00e9<\/strong>\u00a0pro p\u0159\u00edstupnost ve\u0159ejn\u00e9 spr\u00e1vy a ve\u0159ejn\u00fdch slu\u017eeb<br \/>&#8212;&#8212;&#8212;&#8212;&#8212;&#8212;&#8211;<br \/>J\u00e1 jsem se obracela p\u0159\u00edmo na pana n\u00e1m\u011bstka pro dopravu, pana dr. Zde\u0148ka H\u0159iba, psala jsem datovou zpr\u00e1vu na Magistr\u00e1t hlavn\u00edho m\u011bsta Prahy, bohu\u017eel \u017e\u00e1dn\u00e1 odpov\u011b\u010f nep\u0159i\u0161la, a jak vid\u00edme, tak ani nedo\u0161lo k \u017e\u00e1dn\u00e9 n\u00e1prav\u011b ze strany magistr\u00e1tu.<br \/><br \/>redaktorka<br \/>&#8212;&#8212;&#8212;&#8212;&#8212;&#8212;&#8211;<br \/>A tak jsme pana n\u00e1m\u011bstka oslovili my a \u010dekali na term\u00edn rozhovoru. Mezit\u00edm se n\u00e1m ale znovu ozvala Nicole Fry\u010dov\u00e1.<br \/><br \/>Nicole Fry\u010dov\u00e1, p\u0159edsedkyn\u011b, V\u00fdbor Rady vl\u00e1dy pro osoby\u00a0<strong>zdravotn\u011b<\/strong>\u00a0<strong>posti\u017een\u00e9<\/strong>\u00a0pro p\u0159\u00edstupnost ve\u0159ejn\u00e9 spr\u00e1vy a ve\u0159ejn\u00fdch slu\u017eeb<br \/>&#8212;&#8212;&#8212;&#8212;&#8212;&#8212;&#8211;<br \/>No, je to zaj\u00edmav\u00e9, asi zhruba dva dny po tom, co jsme spolu naposledy nat\u00e1\u010dely, tak mi p\u0159i\u0161el e-mail od pana n\u00e1m\u011bstka H\u0159iba a vyj\u00e1d\u0159il se teda k tomu m\u00e9mu dva m\u011bs\u00edce star\u00e9mu dopisu, kde tedy na n\u011bj reaguje, odkazuje m\u011b na TSK, abych s nimi nad\u00e1le tu z\u00e1le\u017eitost \u0159e\u0161ila, ale m\u016f\u017ee to b\u00fdt n\u00e1hoda, ale nemysl\u00edm si to, tak\u017ee neb\u00fdt v\u00e1s, tak si mysl\u00edm, \u017ee bych se odpov\u011bdi nikdy nedo\u010dkala.<br \/><br \/>redaktorka<br \/>&#8212;&#8212;&#8212;&#8212;&#8212;&#8212;&#8211;<br \/>\u017de by odpov\u011bdn\u00ed jednali opravdu jen, kdy\u017e se o probl\u00e9m za\u010dnou zaj\u00edmat m\u00e9dia? U\u017e v kv\u011btnu jsme se n\u00e1m\u011bstka H\u0159iba cht\u011bli zeptat, pro\u010d na dopis pan\u00ed Fry\u010dov\u00e9 odpov\u011bd\u011bl a\u017e pot\u00e9, co jsme se ho zeptali my. Jeho asistent n\u00e1m ale domluven\u00fd rozhovor ve\u010der p\u0159ed nat\u00e1\u010den\u00edm zru\u0161il. Pan n\u00e1m\u011bstek pr\u00fd nakonec nem\u00e1 \u010das. Pro\u00a0<strong>nevidom\u00e9<\/strong>\u00a0spoluob\u010dany je ale hlavn\u00ed to, aby se jejich probl\u00e9mem za\u010dal kone\u010dn\u011b n\u011bkdo zab\u00fdvat. A to se stalo. Od tiskov\u00e9 mluv\u010d\u00ed jsme se dozv\u011bd\u011bli, \u017ee Technick\u00e1 spr\u00e1va komunikac\u00ed p\u0159ipravuje ve spolupr\u00e1ci s dopravn\u00edm podnikem hlavn\u00edho m\u011bsta rekonstrukci cel\u00e9ho n\u00e1b\u0159e\u017e\u00ed. To ale nebude hned, proto n\u00e1m tiskov\u00e1 mluv\u010d\u00ed sl\u00edbila, \u017ee na semafor pro cyklisty a \u0159idi\u010de, kter\u00fd\u00a0<strong>nevidom\u00e9<\/strong>\u00a0m\u016f\u017ee zm\u00e1st a poslat pod kola aut, se zam\u011b\u0159\u00ed co nejrychleji.<br \/><br \/>Barbora Li\u0161kov\u00e1, mluv\u010d\u00ed, Technick\u00e1 spr\u00e1va komunikac\u00ed hl. m. Prahy, a.s.<br \/>&#8212;&#8212;&#8212;&#8212;&#8212;&#8212;&#8211;<br \/>By\u0165 nem\u016f\u017eeme p\u0159\u00edmo vy\u0159e\u0161it ostr\u016fvek, kter\u00fd ani nen\u00ed v na\u0161\u00ed spr\u00e1v\u011b, ale pokus\u00edme se alespo\u0148 tu signalizaci upravit anebo prov\u011b\u0159it mo\u017enost t\u00e9 \u00fapravy v co nejkrat\u0161\u00edm horizontu.<br \/><br \/>Krist\u00fdna Augustov\u00e1, redaktorka<br \/>&#8212;&#8212;&#8212;&#8212;&#8212;&#8212;&#8211;<br \/>A proto\u017ee n\u00e1m situace p\u0159ipadala pro\u00a0<strong>nevidom\u00e9<\/strong>\u00a0spoluob\u010dany opravdu nebezpe\u010dn\u00e1, po\u010dkali jsme n\u011bkolik m\u011bs\u00edc\u016f a na n\u00e1b\u0159e\u017e\u00ed jsme zajeli znovu. Po p\u016fl roce po na\u0161em prvn\u00edm nat\u00e1\u010den\u00ed jsme se na m\u00edsto vr\u00e1tili. \u00dapravu jsme ale nena\u0161li \u017e\u00e1dnou. Ani tu provizorn\u00ed. To n\u00e1s p\u0159ekvapilo. A zajeli jsme znovu za tiskovou mluv\u010d\u00ed Technick\u00e9 spr\u00e1vy komunikac\u00ed. \u017d\u00e1dn\u00e1 \u00faprava tam zat\u00edm nebyla, ani ta provizorn\u00ed. To znamen\u00e1, \u017ee vy tam nebudete nakonec nic opravovat?<br \/><br \/>Barbora Li\u0161kov\u00e1, mluv\u010d\u00ed, Technick\u00e1 spr\u00e1va komunikac\u00ed hl. m. Prahy, a.s.<br \/>&#8212;&#8212;&#8212;&#8212;&#8212;&#8212;&#8211;<br \/>\u00dapravy provedeme, ale mus\u00edme p\u0159ipravit projektovou dokumentaci, proto\u017ee my ji\u017e m\u00e1me n\u00e1vrhy, kter\u00e9 m\u00e1me odsouhlaseny, pro\u0161ly p\u0159ipom\u00ednkov\u00fdm \u0159\u00edzen\u00edm v\u010detn\u011b rozhodnut\u00ed Policie \u010cesk\u00e9 republiky nebo p\u0159\u00edslu\u0161n\u00e9ho silni\u010dn\u00edho spr\u00e1vn\u00edho \u00fa\u0159adu, ale zat\u00edm to je v n\u00e1vrhu a my pot\u0159ebujeme je\u0161t\u011b projektovou dokumentaci, abychom mohli vlastn\u011b kompletn\u00ed \u00fapravy prov\u00e9st. To znamen\u00e1 p\u0159em\u00edst\u011bn\u00ed toho matouc\u00edho tla\u010d\u00edtka, kter\u00e9 bude vym\u00edst\u011bno na speci\u00e1ln\u00ed sloupek, a to si \u017e\u00e1d\u00e1 stavebn\u00ed \u00fapravu, proto\u017ee tento sloupek tam mus\u00edme vlastn\u011b postavit nov\u011b a p\u0159iv\u00e9st do n\u011bj in\u017een\u00fdrsk\u00e9 s\u00edt\u011b. To znamen\u00e1 nap\u00e1jen\u00ed.<br \/><br \/>Krist\u00fdna Augustov\u00e1, redaktorka<br \/>&#8212;&#8212;&#8212;&#8212;&#8212;&#8212;&#8211;<br \/>Tak\u017ee jde pouze o posunut\u00ed toho tla\u010d\u00edtka.<br \/><br \/>Barbora Li\u0161kov\u00e1, mluv\u010d\u00ed, Technick\u00e1 spr\u00e1va komunikac\u00ed hl. m. Prahy, a.s.<br \/>&#8212;&#8212;&#8212;&#8212;&#8212;&#8212;&#8211;<br \/>P\u0159esn\u011b tak, p\u0159esn\u011b tak, kter\u00e9 je v tuto chv\u00edli matouc\u00ed. A to je tla\u010d\u00edtko, kter\u00e9 je pro ten v\u00fdjezd z n\u00e1b\u0159e\u017e\u00ed a ten bychom vym\u00edstili v\u00edce na to n\u00e1b\u0159e\u017e\u00ed. A tak\u00e9 toto budeme komunikovat i s odborem pam\u00e1tkov\u00e9 p\u00e9\u010de a se stavebn\u00edm \u00fa\u0159adem, jestli opravdu toto m\u016f\u017eeme takto prov\u00e9st.<br \/><br \/>Nicole Fry\u010dov\u00e1, <br \/>Te\u010f, tedy p\u016fl roku po tom, co jsme tady spole\u010dn\u011b nat\u00e1\u010dely, je tady v\u0161e v p\u016fvodn\u00edm stavu, tak\u017ee nad\u00e1le plat\u00ed ta \u017eivot ohro\u017euj\u00edc\u00ed situace. Co\u017e m\u011b tedy naprosto fascinuje.<br \/><br \/> redaktorka<br \/>&#8212;&#8212;&#8212;&#8212;&#8212;&#8212;&#8211;<br \/>M\u00e1te n\u011bjak\u00fd \u010dasov\u00fd horizont, kdy by to mohlo b\u00fdt hotov\u00e9 kone\u010dn\u011b?<br \/><br \/>Barbora Li\u0161kov\u00e1, mluv\u010d\u00ed, Technick\u00e1 spr\u00e1va komunikac\u00ed hl. m. Prahy, a.s.<br \/>&#8212;&#8212;&#8212;&#8212;&#8212;&#8212;&#8211;<br \/>Tak pokud budou vhodn\u00e9 klimatick\u00e9 podm\u00ednky, tak to m\u016f\u017ee b\u00fdt ji\u017e brzy. Ale samoz\u0159ejm\u011b jsme v zimn\u00edm obdob\u00ed, kdy vlastn\u011b nem\u016f\u017eeme prov\u00e1d\u011bt v\u0161echny pr\u00e1ce tak, jak bychom cht\u011bli, to znamen\u00e1 i \u00fapravu vodorovn\u00e9ho dopravn\u00edho zna\u010den\u00ed, i ty samotn\u00e9 stavebn\u00ed pr\u00e1ce, a proto po\u010d\u00edt\u00e1me s t\u00edm, \u017ee kdyby ty klimatick\u00e9 podm\u00ednky byly dobr\u00e9, tak se bav\u00edme v \u0159\u00e1du t\u00fddn\u016f, ale m\u016f\u017eeme se bavit i v \u0159\u00e1du m\u011bs\u00edc\u016f, pokud by nebyly vhodn\u00e9 a nebyli jsme schopni to vlastn\u011b zrealizovat stavebn\u011b.<br \/><br \/> redaktorka<br \/>&#8212;&#8212;&#8212;&#8212;&#8212;&#8212;&#8211;<br \/>A tak\u00a0<strong>nevidom\u00fdm<\/strong>\u00a0nezb\u00fdv\u00e1 ne\u017e d\u00e1le \u010dekat. Je to tak trochu zklam\u00e1n\u00ed. A co pan\u00ed Fry\u010dovou p\u0159ekvapilo snad je\u0161t\u011b v\u00edc? Sign\u00e1ln\u00ed p\u00e1s, na kter\u00fd tak\u00e9 spole\u010dn\u011b s panem Urb\u00e1nkem upozor\u0148ovala n\u00e1m\u011bstka pro dopravu u\u017e loni v b\u0159eznu, ne\u0159e\u0161\u00ed v\u016fbec nikdo.<br \/><br \/>Daniel \u0160ab\u00edk, vedouc\u00ed, Odbor komunikace, Dopravn\u00ed podnik hl. m. Prahy<br \/>&#8212;&#8212;&#8212;&#8212;&#8212;&#8212;&#8211;<br \/>Dopravn\u00ed podnik se o tomto probl\u00e9mu v tomto konkr\u00e9tn\u00edm m\u00edst\u011b dozv\u011bd\u011bl a\u017e na z\u00e1klad\u011b va\u0161eho novin\u00e1\u0159sk\u00e9ho dotazu. Do t\u00e9 doby nikdo dopravn\u00ed podnik nekontaktoval se \u017e\u00e1dost\u00ed o stavebn\u00ed \u00fapravu m\u00edsta. Dopravn\u00ed podnik nen\u00ed majitelem p\u0159echodu pro chodce ani sv\u011bteln\u00e9 signalizace. Dopravn\u00ed podnik je pouze majitelem tramvajov\u00e9ho ostr\u016fvku. Ve\u0161ker\u00e1 opat\u0159en\u00ed na m\u00edst\u011b jsme zrealizovali v souladu s platn\u00fdmi normami a projektovou dokumentac\u00ed.<br \/><br \/>Nicole Fry\u010dov\u00e1,<br \/>Tady je to natolik specifick\u00e1 situace, kdy je tady velk\u00fd provoz, je tady nestandardn\u00ed to, \u017ee zde nem\u00e1me ve sm\u011bru p\u0159ech\u00e1zen\u00ed sloupek od semaforu, kter\u00fd je a\u017e za n\u00e1mi, tedy tam d\u00e1le, tak\u017ee \u010dlov\u011bk, kter\u00fd se tady nepohybuje a\u017e tak \u010dasto, tak nem\u00e1 \u0161anci poznat, \u017ee zde ji\u017e nem\u016f\u017ee p\u0159ech\u00e1zet. Tento varovn\u00fd p\u00e1s je sice tro\u0161ku z jin\u00e9ho materi\u00e1lu, ale to, pokud m\u00e1te stoprocentn\u00ed ztr\u00e1tu zraku nebo ztr\u00e1tu zraku bl\u00ed\u017e\u00edc\u00ed se 100 %, tak je to skute\u010dn\u011b extr\u00e9mn\u011b nebezpe\u010dn\u00e9 a nem\u00e1te \u0161anci to rozpoznat.<br \/><br \/> redaktorka<br \/>&#8212;&#8212;&#8212;&#8212;&#8212;&#8212;&#8211;<br \/>Nicole Fry\u010dov\u00e1 navrhuje odd\u011blit p\u0159echod nap\u0159\u00edklad z\u00e1bradl\u00edm.<br \/><br \/>Daniel \u0160ab\u00edk, vedouc\u00ed, Odbor komunikace, Dopravn\u00ed podnik hl. m. Prahy<br \/>&#8212;&#8212;&#8212;&#8212;&#8212;&#8212;&#8211;<br \/>Z\u00e1bradl\u00ed v tom po\u017eadovan\u00e9m m\u00edst\u011b jednodu\u0161e nelze nainstalovat, proto\u017ee tam pro n\u011bj nen\u00ed dostatek m\u00edsta, aby byl dodr\u017een bezpe\u010dn\u00fd pr\u016fjezdn\u00fd profil pro tramvaje a sou\u010dasn\u011b se dalo z p\u0159echodu pro chodce od M\u00e1nesa bezpe\u010dn\u011b kolem takov\u00e9ho z\u00e1bradl\u00ed proj\u00edt na tramvajov\u00fd ostr\u016fvek. Jin\u00fdmi slovy, z\u00e1bradl\u00ed by jednodu\u0161e p\u0159ek\u00e1\u017eelo bu\u010f tramvaj\u00edm, anebo chodc\u016fm.<br \/><br \/>Nicole Fry\u010dov\u00e1, p\u0159edsedkyn\u011b, V\u00fdbor Rady vl\u00e1dy pro osoby\u00a0<strong>zdravotn\u011b<\/strong>\u00a0<strong>posti\u017een\u00e9<\/strong>\u00a0pro p\u0159\u00edstupnost ve\u0159ejn\u00e9 spr\u00e1vy a ve\u0159ejn\u00fdch slu\u017eeb<br \/>&#8212;&#8212;&#8212;&#8212;&#8212;&#8212;&#8211;<br \/>Kdy\u017e u\u017e nen\u00ed mo\u017en\u00e9 sem um\u00edstit z\u00e1bradl\u00ed, kter\u00e9 by tedy br\u00e1nilo n\u011bjak\u00e9mu plynul\u00e9mu pr\u016fchodu chodc\u016f, tak by zde ur\u010dit\u011b \u0161la n\u011bjak\u00e1 p\u0159ek\u00e1\u017eka v podob\u011b sch\u016fdku, kter\u00e1 by tedy skute\u010dn\u011b zasekla tu b\u00edlou h\u016fl, a potom je jasn\u00e9, \u017ee p\u0159ed p\u0159echodem ur\u010dit\u011b \u017e\u00e1dn\u00fd schod nebude a \u010dlov\u011bk by v\u011bd\u011bl, \u017ee tam tomu m\u00edstu se m\u00e1 ur\u010dit\u011b vyhnout. Ide\u00e1ln\u00ed bude asi uk\u00e1zat tady p\u0159\u00edmo na m\u00edst\u011b, co je za probl\u00e9m, proto\u017ee ono mnohdy i t\u0159eba z v\u00fdkresov\u00e9 dokumentace, kdy\u017e nestoj\u00edte p\u0159\u00edmo tady, nejezd\u00ed kolem v\u00e1s tramvaje, auta atd., tak to tak nemus\u00ed \u00fapln\u011b vyzn\u00edt, jak je to nebezpe\u010dn\u00e9.<br \/><br \/>Krist\u00fdna Augustov\u00e1, redaktorka<br \/>&#8212;&#8212;&#8212;&#8212;&#8212;&#8212;&#8211;<br \/>A pr\u00e1v\u011b takov\u00e1 sch\u016fzka se snad na z\u00e1klad\u011b na\u0161eho podn\u011btu kone\u010dn\u011b uskute\u010dn\u00ed.<br \/><br \/>Daniel \u0160ab\u00edk, vedouc\u00ed, Odbor komunikace, Dopravn\u00ed podnik hl. m. Prahy<br \/>&#8212;&#8212;&#8212;&#8212;&#8212;&#8212;&#8211;<br \/>Dopravn\u00ed podnik je v kontaktu s odpov\u011bdn\u00fdmi osobami ve sdru\u017een\u00ed SONS a tento t\u00fdden prob\u011bhne na m\u00edst\u011b spole\u010dn\u00e9 m\u00edstn\u00ed \u0161et\u0159en\u00ed.<br \/><br \/>Nicole Fry\u010dov\u00e1, p\u0159edsedkyn\u011b, V\u00fdbor Rady vl\u00e1dy pro osoby\u00a0<strong>zdravotn\u011b<\/strong>\u00a0<strong>posti\u017een\u00e9<\/strong>\u00a0pro p\u0159\u00edstupnost ve\u0159ejn\u00e9 spr\u00e1vy a ve\u0159ejn\u00fdch slu\u017eeb<br \/>&#8212;&#8212;&#8212;&#8212;&#8212;&#8212;&#8211;<br \/>A douf\u00e1m, \u017ee to kone\u010dn\u011b povede k n\u00e1prav\u011b, dokud se nestane n\u011bjak\u00e9 ne\u0161t\u011bst\u00ed na tomto m\u00edst\u011b, proto\u017ee to by ur\u010dit\u011b nikdo nebyl r\u00e1d.<br \/><\/p>\n","protected":false},"excerpt":{"rendered":"<div class=\"mh-excerpt\"><p>\u010cT 1\u00a0&#8211; \u010cern\u00e9 ovce \u010cas od \u010dasu upozor\u0148ujeme na m\u00edsta, kter\u00e1 jsou pro\u00a0nevidom\u00e9\u00a0nebezpe\u010dn\u00e1. N\u011bkdy vid\u00edme i snahu o n\u00e1pravu. Jindy ale jako by \u017eivot ohro\u017euj\u00edc\u00ed <a class=\"mh-excerpt-more\" href=\"https:\/\/www.invarena.cz\/?p=54157\" title=\"Nebezpe\u010dn\u00fd p\u0159echod st\u00e1le nen\u00ed do\u0159e\u0161en\u00a0\u00a0\">[&#8230;]<\/a><\/p>\n<\/div>","protected":false},"author":1,"featured_media":30317,"comment_status":"open","ping_status":"closed","sticky":false,"template":"","format":"standard","meta":{"footnotes":""},"categories":[7],"tags":[],"class_list":["post-54157","post","type-post","status-publish","format-standard","has-post-thumbnail","hentry","category-spolecnost"],"_links":{"self":[{"href":"https:\/\/www.invarena.cz\/index.php?rest_route=\/wp\/v2\/posts\/54157","targetHints":{"allow":["GET"]}}],"collection":[{"href":"https:\/\/www.invarena.cz\/index.php?rest_route=\/wp\/v2\/posts"}],"about":[{"href":"https:\/\/www.invarena.cz\/index.php?rest_route=\/wp\/v2\/types\/post"}],"author":[{"embeddable":true,"href":"https:\/\/www.invarena.cz\/index.php?rest_route=\/wp\/v2\/users\/1"}],"replies":[{"embeddable":true,"href":"https:\/\/www.invarena.cz\/index.php?rest_route=%2Fwp%2Fv2%2Fcomments&post=54157"}],"version-history":[{"count":0,"href":"https:\/\/www.invarena.cz\/index.php?rest_route=\/wp\/v2\/posts\/54157\/revisions"}],"wp:featuredmedia":[{"embeddable":true,"href":"https:\/\/www.invarena.cz\/index.php?rest_route=\/wp\/v2\/media\/30317"}],"wp:attachment":[{"href":"https:\/\/www.invarena.cz\/index.php?rest_route=%2Fwp%2Fv2%2Fmedia&parent=54157"}],"wp:term":[{"taxonomy":"category","embeddable":true,"href":"https:\/\/www.invarena.cz\/index.php?rest_route=%2Fwp%2Fv2%2Fcategories&post=54157"},{"taxonomy":"post_tag","embeddable":true,"href":"https:\/\/www.invarena.cz\/index.php?rest_route=%2Fwp%2Fv2%2Ftags&post=54157"}],"curies":[{"name":"wp","href":"https:\/\/api.w.org\/{rel}","templated":true}]}}