{"id":54166,"date":"2025-01-10T23:30:36","date_gmt":"2025-01-10T22:30:36","guid":{"rendered":"https:\/\/www.invarena.cz\/?p=54166"},"modified":"2025-01-10T23:30:37","modified_gmt":"2025-01-10T22:30:37","slug":"v-trinci-vyrostlo-unikatni-centrum-nabizi-tri-programy-pro-dusevne-nemocne","status":"publish","type":"post","link":"https:\/\/www.invarena.cz\/?p=54166","title":{"rendered":"V T\u0159inci vyrostlo unik\u00e1tn\u00ed centrum. Nab\u00edz\u00ed t\u0159i programy pro du\u0161evn\u011b nemocn\u00e9"},"content":{"rendered":"\n<p>Lid\u00e9 s du\u0161evn\u00edmi chorobami mohou naj\u00edt pot\u0159ebn\u00e9 z\u00e1zem\u00ed a vyu\u017e\u00edvat slu\u017eby nov\u00e9ho Komunitn\u00edho centra pro du\u0161evn\u00ed zdrav\u00ed v T\u0159inci. Vybudovala ho Slezsk\u00e1 diakonie s v\u00fdrazn\u00fdm p\u0159isp\u011bn\u00edm fond\u016f EU. Nov\u00e9 st\u0159edisko za v\u00edce ne\u017e 51 milion\u016f korun z\u00edskalo podporu p\u0159es 43 milion\u016f korun.<\/p>\n\n\n\n<p>Projekt Komunitn\u00edho centra pro du\u0161evn\u00ed zdrav\u00ed v T\u0159inci je reakc\u00ed na plo\u0161n\u011b nar\u016fstaj\u00edc\u00ed probl\u00e9my v t\u00e9to oblasti zdravotnictv\u00ed. Tento trend odborn\u00edci zaznamenali zejm\u00e9na v obdob\u00ed po pandemii covidu. Slezsk\u00e1 diakonie proto v T\u0159inci vytvo\u0159ila z\u00e1zem\u00ed, kde mohou lid\u00e9 s obt\u00ed\u017eemi v oblasti du\u0161evn\u00edho zdrav\u00ed nebo osoby s chronick\u00fdm onemocn\u011bn\u00edm psychiky nal\u00e9zt komplexn\u00ed podporu a pomoc.<\/p>\n\n\n\n<p>\u201eV cel\u00e9 spole\u010dnosti po\u010det osob s du\u0161evn\u00edm onemocn\u011bn\u00edm nar\u016fst\u00e1. \u0158e\u0161it to m\u016f\u017ee mimo jin\u00e9 i tento projekt, kter\u00fd byl podpo\u0159en\u00fd prost\u0159edky z fond\u016f EU a reaguje na obdob\u00ed po pandemii. N\u00e1r\u016fst po\u010dtu osob s du\u0161evn\u00edm onemocn\u011bn\u00edm m\u00e1 \u00fazk\u00e9 propojen\u00ed na d\u016fsledky pandemie covidu a dal\u0161\u00ed slo\u017eit\u00e9 situace posledn\u00edch let. Tento trend lze zaznamenat i u n\u00e1s na T\u0159inecku, a s t\u00edm souvis\u00ed vzr\u016fstaj\u00edc\u00ed pot\u0159eba t\u011bchto slu\u017eeb,\u201c vysv\u011btluje vedouc\u00ed odd\u011blen\u00ed projektov\u00e9ho \u0159\u00edzen\u00ed Slezsk\u00e9 diakonie So\u0148a Kantorov\u00e1.<\/p>\n\n\n\n<p>Nab\u00edzej\u00ed t\u0159i programy<\/p>\n\n\n\n<p>V\u00fdstavba centra prob\u00edhala mezi lety 2021 a\u017e 2023. A \u0161lo o ojedin\u011bl\u00fd projekt sdru\u017euj\u00edc\u00ed v jednom m\u00edst\u011b t\u0159i soci\u00e1ln\u00ed slu\u017eby pro osoby s du\u0161evn\u00edm onemocn\u011bn\u00edm. Ty zde najdou soci\u00e1ln\u00ed rehabilitace, podporovan\u00e9 bydlen\u00ed a soci\u00e1ln\u011b aktiviza\u010dn\u00ed slu\u017ebu.<\/p>\n\n\n\n<p>V\u0161echny t\u0159i \u010dinnosti \u00fazce spolupracuj\u00ed a poskytuj\u00ed c\u00edlov\u00e9 skupin\u011b osob s du\u0161evn\u00edm onemocn\u011bn\u00edm komplexn\u00ed podporu p\u0159izp\u016fsobenou r\u016fzn\u00fdm f\u00e1z\u00edm nemoci nebo \u017eivotn\u00edm kriz\u00edm. Lid\u00e9 do centra doraz\u00ed se sv\u00fdmi aktu\u00e1ln\u00edmi pot\u0159ebami a jeho pracovn\u00edci jsou schopni nab\u00eddnout \u0159adu mo\u017enost\u00ed. Mohou vyu\u017e\u00edvat r\u016fzn\u00e9 d\u00edlny \u2013 od tv\u016fr\u010d\u00edch p\u0159es \u0161ic\u00ed, d\u00e1le relaxa\u010dn\u00ed prostory, s\u00e1ly ke cvi\u010den\u00ed a \u00fa\u010dastnit se skupinov\u00fdch aktivit.<\/p>\n\n\n\n<p>Soci\u00e1ln\u011b aktiviza\u010dn\u00ed slu\u017eba s n\u00e1zvem JORD\u00c1N c\u00edl\u00ed na kvalitu vyu\u017eit\u00ed \u010dasu b\u011bhem dne a na rozvoj dovednost\u00ed v bezpe\u010dn\u00e9m prost\u0159ed\u00ed sm\u011brem ke zvl\u00e1d\u00e1n\u00ed nemoci a zotaven\u00ed. Slu\u017eba soci\u00e1ln\u00ed rehabilitace R\u00daT je rozcestn\u00edk, kter\u00fd je mnohdy prvn\u00edm kontaktem osob s probl\u00e9my a pracovn\u00edk\u016f Slezsk\u00e9 diakonie. Zde sm\u011b\u0159uj\u00ed podporu tak, aby byla efektivn\u00ed a c\u00edlen\u00e1. V\u011bnuj\u00ed se oblasti pracovn\u00edho uplatn\u011bn\u00ed, pracuj\u00ed tak\u00e9 s konceptem zotaven\u00ed a udr\u017een\u00ed samostatnosti v \u017eivot\u011b.<\/p>\n\n\n\n<p>Slu\u017eba NOE navazuje na soci\u00e1ln\u00ed rehabilitaci, a to v oblasti podpory lid\u00ed s du\u0161evn\u00edm onemocn\u011bn\u00edm v udr\u017een\u00ed si bydlen\u00ed, zvl\u00e1d\u00e1n\u00ed n\u00e1rok\u016f \u017eivota v samostatn\u00e9m byt\u011b \u010di v oblasti \u0159e\u0161en\u00ed financ\u00ed na bydlen\u00ed a na p\u00e9\u010di o dom\u00e1cnost i sebeobsluhu.<\/p>\n\n\n\n<p>\u201eLidem se sna\u017e\u00edme pomoci nejenom ve smyslupln\u00e9m tr\u00e1ven\u00ed \u010dasu, ale nap\u0159\u00edklad tak\u00e9 v n\u00e1vratu zp\u011bt na pracovn\u00ed trh, v oblasti vzd\u011bl\u00e1v\u00e1n\u00ed, mezilidsk\u00fdch vztah\u016f, podpory komunikace a zapojen\u00ed se do b\u011b\u017en\u00e9ho \u017eivota. Hlavn\u011b jde o to, abychom zamezili hospitalizaci u\u017eivatel\u016f a naopak je podpo\u0159ili v jejich psychick\u00e9 pohod\u011b. A p\u0159edev\u0161\u00edm je nasm\u011brovali k n\u011bjak\u00e9mu sbl\u00ed\u017een\u00ed a vz\u00e1jemn\u00e9 komunikaci, a\u0165 u\u017e s p\u0159\u00e1teli, nebo v\u016fbec v rodin\u011b,\u201c popisuje jejich pr\u00e1ci So\u0148a Kantorov\u00e1.<\/p>\n\n\n\n<p>Dotace pomohla z\u00edskat budovu<\/p>\n\n\n\n<p>D\u00edky dotaci mohla Slezsk\u00e1 diakonie koupit nevyu\u017e\u00edvan\u00fd objekt a zah\u00e1jit jeho celkovou rekonstrukci. Aby objekt bylo mo\u017eno vyu\u017e\u00edvat pro pot\u0159eby du\u0161evn\u011b nemocn\u00fdch, vznikla i p\u0159\u00edstavba pro poskytov\u00e1n\u00ed soci\u00e1ln\u00edch slu\u017eeb a do\u0161lo tak\u00e9 k \u00faprav\u00e1m vnit\u0159n\u00ed dispozice objektu. S ohledem na pot\u0159eby nemocn\u00fdch byla d\u016fle\u017eit\u00e1 rovn\u011b\u017e v\u00fdstavba v\u00fdtahu v p\u0159\u00edstavb\u011b objektu. Posledn\u00edm krokem bylo po\u0159\u00edzen\u00ed nov\u00e9ho vybaven\u00ed nezbytn\u00e9ho pro poskytov\u00e1n\u00ed t\u0159\u00ed soci\u00e1ln\u00edch slu\u017eeb. Zejm\u00e9na \u0161lo o n\u00e1bytek, ale tak\u00e9 o vybaven\u00ed terapeutick\u00fdch d\u00edlen a dal\u0161\u00edch prostor.<\/p>\n\n\n\n<p>V nov\u00e9m objektu je nab\u00edzena jak individu\u00e1ln\u00ed podpora a mo\u017enost konzultace, tak tak\u00e9 \u0159ada skupinov\u00fdch aktivit. Pravideln\u011b sem doch\u00e1zej\u00ed tak\u00e9 extern\u00ed spolupracovn\u00edci jako odborn\u00ed psychoterapeuti a psychologov\u00e9. Centrum \u00fazce spolupracuje i s rodinn\u00fdmi p\u0159\u00edslu\u0161n\u00edky, aby podpora nemocn\u00fdm byla co nejefektivn\u011bj\u0161\u00ed.<\/p>\n\n\n\n<p>Pro Slezskou diakonii nejde o prvn\u00ed evropsk\u00fd projekt. Tato k\u0159es\u0165ansk\u00e1 neziskov\u00e1 organizace poskytuje pomoc velk\u00e9mu mno\u017estv\u00ed pot\u0159ebn\u00fdch bez ohledu na jejich n\u00e1bo\u017eensk\u00e9 p\u0159esv\u011bd\u010den\u00ed u\u017e v\u00edce ne\u017e 30 let. V Moravskoslezsk\u00e9m kraji provozuje v\u00edce ne\u017e sto soci\u00e1ln\u00edch slu\u017eeb a n\u011bkolik st\u0159edisek m\u00e1 i v Jihomoravsk\u00e9m kraji. Diakonie vybudovala chr\u00e1n\u011bn\u00e9 bydlen\u00ed v n\u011bkolika lokalit\u00e1ch, domovy pro seniory i zdravotn\u011b posti\u017een\u00e9 \u010di n\u00edzkoprahov\u00e1 za\u0159\u00edzen\u00ed pro d\u011bti a ml\u00e1de\u017e.<\/p>\n\n\n\n<p>Radim \u0160lezingr<\/p>\n\n\n\n<p>Moravskoslezsk\u00fd den\u00edk<\/p>\n\n\n\n<p><a href=\"https:\/\/moravskoslezsky.denik.cz\" target=\"_blank\" rel=\"noreferrer noopener\">https:\/\/moravskoslezsky.denik.cz<\/a><\/p>\n","protected":false},"excerpt":{"rendered":"<div class=\"mh-excerpt\"><p>Lid\u00e9 s du\u0161evn\u00edmi chorobami mohou naj\u00edt pot\u0159ebn\u00e9 z\u00e1zem\u00ed a vyu\u017e\u00edvat slu\u017eby nov\u00e9ho Komunitn\u00edho centra pro du\u0161evn\u00ed zdrav\u00ed v T\u0159inci. Vybudovala ho Slezsk\u00e1 diakonie s v\u00fdrazn\u00fdm <a class=\"mh-excerpt-more\" href=\"https:\/\/www.invarena.cz\/?p=54166\" title=\"V T\u0159inci vyrostlo unik\u00e1tn\u00ed centrum. Nab\u00edz\u00ed t\u0159i programy pro du\u0161evn\u011b nemocn\u00e9\">[&#8230;]<\/a><\/p>\n<\/div>","protected":false},"author":1,"featured_media":14167,"comment_status":"open","ping_status":"closed","sticky":false,"template":"","format":"standard","meta":{"footnotes":""},"categories":[9],"tags":[],"class_list":["post-54166","post","type-post","status-publish","format-standard","has-post-thumbnail","hentry","category-zpravy"],"_links":{"self":[{"href":"https:\/\/www.invarena.cz\/index.php?rest_route=\/wp\/v2\/posts\/54166","targetHints":{"allow":["GET"]}}],"collection":[{"href":"https:\/\/www.invarena.cz\/index.php?rest_route=\/wp\/v2\/posts"}],"about":[{"href":"https:\/\/www.invarena.cz\/index.php?rest_route=\/wp\/v2\/types\/post"}],"author":[{"embeddable":true,"href":"https:\/\/www.invarena.cz\/index.php?rest_route=\/wp\/v2\/users\/1"}],"replies":[{"embeddable":true,"href":"https:\/\/www.invarena.cz\/index.php?rest_route=%2Fwp%2Fv2%2Fcomments&post=54166"}],"version-history":[{"count":0,"href":"https:\/\/www.invarena.cz\/index.php?rest_route=\/wp\/v2\/posts\/54166\/revisions"}],"wp:featuredmedia":[{"embeddable":true,"href":"https:\/\/www.invarena.cz\/index.php?rest_route=\/wp\/v2\/media\/14167"}],"wp:attachment":[{"href":"https:\/\/www.invarena.cz\/index.php?rest_route=%2Fwp%2Fv2%2Fmedia&parent=54166"}],"wp:term":[{"taxonomy":"category","embeddable":true,"href":"https:\/\/www.invarena.cz\/index.php?rest_route=%2Fwp%2Fv2%2Fcategories&post=54166"},{"taxonomy":"post_tag","embeddable":true,"href":"https:\/\/www.invarena.cz\/index.php?rest_route=%2Fwp%2Fv2%2Ftags&post=54166"}],"curies":[{"name":"wp","href":"https:\/\/api.w.org\/{rel}","templated":true}]}}