{"id":54176,"date":"2025-01-10T23:47:20","date_gmt":"2025-01-10T22:47:20","guid":{"rendered":"https:\/\/www.invarena.cz\/?p=54176"},"modified":"2025-01-10T23:47:20","modified_gmt":"2025-01-10T22:47:20","slug":"anicka-s-mozkovou-obrnou-sni-o-studiu-na-vysoke-skole","status":"publish","type":"post","link":"https:\/\/www.invarena.cz\/?p=54176","title":{"rendered":"Ani\u010dka s mozkovou obrnou sn\u00ed o studiu na vysok\u00e9 \u0161kole"},"content":{"rendered":"\n<p>Ve t\u0159ech letech ji byla stanovena diagn\u00f3za d\u011btsk\u00e1 mozkov\u00e1 obrna \u2013 kvadrupar\u00e9za. Proto je odk\u00e1z\u00e1na na invalidn\u00ed voz\u00edk, a na t\u00e9m\u011b\u0159 neust\u00e1lou pomoc druh\u00e9 osoby. I p\u0159es nep\u0159\u00edzniv\u00fd osud sedmn\u00e1ctilet\u00e1 Ani\u010dka Stehl\u00edkov\u00e1 z A\u0161e studuje tamn\u00ed gymn\u00e1zium a nav\u0161t\u011bvuje keramick\u00fd a dramatick\u00fd krou\u017eek. Jej\u00edm snem je vystudovat vysokou \u0161kolu. Ke kvalitn\u011bj\u0161\u00edmu \u017eivotu ji pom\u00e1haj\u00ed rehabilitace ve specializovan\u00fdch centrech. Tamn\u00ed pobyty v\u0161ak nehrad\u00ed zdravotn\u00ed poji\u0161\u0165ovny. Ani\u010dce se proto rozhodl pomoci Nada\u010dn\u00ed fond Franti\u0161ka \u0160t\u011bp\u00e1nka, kter\u00fd pro d\u00edvku po\u0159\u00e1d\u00e1 benefi\u010dn\u00ed den. V\u00fdt\u011b\u017eek z akce bude pou\u017eit na neurorehabilita\u010dn\u00ed pobyt v centru H\u00e1jek.<\/p>\n\n\n\n<p>\u201eDruh\u00fd ro\u010dn\u00edk benefi\u010dn\u00edho dne se stane prvn\u00ed velkou akc\u00ed na\u0161eho fondu v leto\u0161n\u00edm roce. Stejn\u011b jako b\u011bhem prvn\u00edho ro\u010dn\u00edku budou moci n\u00e1v\u0161t\u011bvn\u00edci i tentokr\u00e1t p\u0159isp\u011bt na pomoc 17let\u00e9 Ani\u010dce z A\u0161e. P\u0159\u00edmo na m\u00edst\u011b tak\u00e9 vznikne obraz Jakuba Pa\u0165hy, jen\u017e tvo\u0159\u00ed pod um\u011bleck\u00fdm jm\u00e9nem Artwo. Hotov\u00e9 d\u00edlo vydra\u017e\u00edme a v\u00fdt\u011b\u017eek rovn\u011b\u017e v\u011bnujeme Ani\u010dce. Moc se t\u011b\u0161\u00edme na v\u0161echny n\u00e1v\u0161t\u011bvn\u00edky a v\u011b\u0159\u00edme, \u017ee se jim program bude l\u00edbit. Z\u00e1rove\u0148 bych cht\u011bla pod\u011bkovat v\u0161em, kte\u0159\u00ed v minul\u00e9m roce pom\u00e1hali prost\u0159ednictv\u00edm nada\u010dn\u00edho fondu lidem v nesn\u00e1z\u00edch. Budu moc r\u00e1da, kdy\u017e zvl\u00e1dneme pom\u00e1hat i letos, jak nejv\u00edc to p\u016fjde,\u201c \u0159ekla Barbora \u0160t\u011bp\u00e1nkov\u00e1, kter\u00e1 stoj\u00ed v \u010dele nada\u010dn\u00edho fondu.<\/p>\n\n\n\n<p>V programu vystoup\u00ed p\u011bveck\u00fd sbor Kolib\u0159\u00edci ze ZU\u0160 Sokolov, tane\u010dn\u00ed skupina Beat Generation, FIDO \u2013 kluk s kytarou \u010di MC Matheus a DJ Maniac. P\u0159\u00edchoz\u00ed se mohou t\u011b\u0161it i na vystoupen\u00ed Denn\u00edho centra Mate\u0159\u00eddou\u0161ka. Hlavn\u00edmi hv\u011bzdami akce se stane skupina Prago Union \u2013 Kato a DJ Ramel. Moderov\u00e1n\u00ed ve\u010dera se op\u011bt ujme Filip Koryta. Mimoto bude pro z\u00e1jemce p\u0159ipravena tombola i prodejn\u00ed st\u00e1nek nada\u010dn\u00edho merche.<\/p>\n\n\n\n<p>Vstupn\u00e9 si p\u0159\u00edchoz\u00ed budou moci zakoupit pouze na m\u00edst\u011b. Z\u00e1kladn\u00ed vstup bude \u010dinit 200 korun, vstup v\u010detn\u011b tomboly pak 300 korun.<\/p>\n\n\n\n<p>Akce se uskute\u010dn\u00ed v sobotu 8. \u00fanora od 18 hodin v Alfa klubu Sokolov.<\/p>\n\n\n\n<p>Nada\u010dn\u00ed fond Franti\u0161ka \u0160t\u011bp\u00e1nka byl zalo\u017een v roce 2022. Jeho vznik vych\u00e1zel z vyj\u00e1d\u0159en\u00ed \u00facty k charitativn\u00ed \u010dinnosti v\u00fdznamn\u00e9ho podnikatele a sokolovsk\u00e9ho patriota Franti\u0161ka \u0160t\u011bp\u00e1nka s c\u00edlem pomoci t\u011bm, kte\u0159\u00ed to pot\u0159ebuj\u00ed, a to v r\u00e1mci cel\u00e9ho Karlovarsk\u00e9ho kraje. Hlavn\u00edm c\u00edlem fondu je poskytnout rychlou pomoc d\u011btem, rodin\u00e1m i dosp\u011bl\u00fdm, kte\u0159\u00ed se ocitli ve slo\u017eit\u00e9 \u017eivotn\u00ed situaci a nen\u00ed v jejich sil\u00e1ch ji \u0159e\u0161it. Od doby sv\u00e9ho vzniku do konce roku 2024 fond pomohl 67 \u017eadatel\u016fm celkovou \u010d\u00e1stkou ve v\u00fd\u0161i t\u00e9m\u011b\u0159 3,1 milionu korun. V\u00edce o aktivit\u00e1ch NFF\u0160 najdou z\u00e1jemci na webov\u00fdch str\u00e1nk\u00e1ch fondu.<\/p>\n\n\n\n<p>Roman Cichocki<\/p>\n\n\n\n<p>Tachovsk\u00fd den\u00edk<\/p>\n\n\n\n<p><a href=\"https:\/\/tachovsky.denik.cz\" target=\"_blank\" rel=\"noreferrer noopener\">https:\/\/tachovsky.denik.cz<\/a><\/p>\n","protected":false},"excerpt":{"rendered":"<div class=\"mh-excerpt\"><p>Ve t\u0159ech letech ji byla stanovena diagn\u00f3za d\u011btsk\u00e1 mozkov\u00e1 obrna \u2013 kvadrupar\u00e9za. Proto je odk\u00e1z\u00e1na na invalidn\u00ed voz\u00edk, a na t\u00e9m\u011b\u0159 neust\u00e1lou pomoc druh\u00e9 osoby. <a class=\"mh-excerpt-more\" href=\"https:\/\/www.invarena.cz\/?p=54176\" title=\"Ani\u010dka s mozkovou obrnou sn\u00ed o studiu na vysok\u00e9 \u0161kole\">[&#8230;]<\/a><\/p>\n<\/div>","protected":false},"author":1,"featured_media":20673,"comment_status":"open","ping_status":"closed","sticky":false,"template":"","format":"standard","meta":{"footnotes":""},"categories":[9],"tags":[],"class_list":["post-54176","post","type-post","status-publish","format-standard","has-post-thumbnail","hentry","category-zpravy"],"_links":{"self":[{"href":"https:\/\/www.invarena.cz\/index.php?rest_route=\/wp\/v2\/posts\/54176","targetHints":{"allow":["GET"]}}],"collection":[{"href":"https:\/\/www.invarena.cz\/index.php?rest_route=\/wp\/v2\/posts"}],"about":[{"href":"https:\/\/www.invarena.cz\/index.php?rest_route=\/wp\/v2\/types\/post"}],"author":[{"embeddable":true,"href":"https:\/\/www.invarena.cz\/index.php?rest_route=\/wp\/v2\/users\/1"}],"replies":[{"embeddable":true,"href":"https:\/\/www.invarena.cz\/index.php?rest_route=%2Fwp%2Fv2%2Fcomments&post=54176"}],"version-history":[{"count":0,"href":"https:\/\/www.invarena.cz\/index.php?rest_route=\/wp\/v2\/posts\/54176\/revisions"}],"wp:featuredmedia":[{"embeddable":true,"href":"https:\/\/www.invarena.cz\/index.php?rest_route=\/wp\/v2\/media\/20673"}],"wp:attachment":[{"href":"https:\/\/www.invarena.cz\/index.php?rest_route=%2Fwp%2Fv2%2Fmedia&parent=54176"}],"wp:term":[{"taxonomy":"category","embeddable":true,"href":"https:\/\/www.invarena.cz\/index.php?rest_route=%2Fwp%2Fv2%2Fcategories&post=54176"},{"taxonomy":"post_tag","embeddable":true,"href":"https:\/\/www.invarena.cz\/index.php?rest_route=%2Fwp%2Fv2%2Ftags&post=54176"}],"curies":[{"name":"wp","href":"https:\/\/api.w.org\/{rel}","templated":true}]}}