{"id":54180,"date":"2025-01-13T06:29:49","date_gmt":"2025-01-13T05:29:49","guid":{"rendered":"https:\/\/www.invarena.cz\/?p=54180"},"modified":"2025-01-13T06:30:07","modified_gmt":"2025-01-13T05:30:07","slug":"novy-system-davek-se-jeste-zmekci","status":"publish","type":"post","link":"https:\/\/www.invarena.cz\/?p=54180","title":{"rendered":"Nov\u00fd syst\u00e9m d\u00e1vek\u00a0se je\u0161t\u011b zm\u011bk\u010d\u00ed"},"content":{"rendered":"\n<p>\u010cT 1\u00a0<\/p>\n\n\n\n<p><br \/><strong>Ministr<\/strong>\u00a0<strong>pr\u00e1ce<\/strong>\u00a0Marian Jure\u010dka chce navrhnout zm\u011bny v tzv. superd\u00e1vce. \u0158ekl to v po\u0159adu T\u00fdden v politice. Zm\u00edrnit se maj\u00ed n\u011bkter\u00e1 krit\u00e9ria. D\u00e1vky te\u010f m\u016f\u017ee podle resortu teoreticky \u010derpat a\u017e 29 % obyvatel \u010ceska a po reform\u011b to m\u00e1 b\u00fdt jen 22 %.<br \/><br \/>Marian Jure\u010dka,\u00a0<strong>ministr<\/strong>\u00a0<strong>pr\u00e1ce<\/strong>\u00a0a soci\u00e1ln\u00edch v\u011bc\u00ed \/KDU-\u010cSL\/<br \/>&#8212;&#8212;&#8212;&#8212;&#8212;&#8212;&#8211;<br \/>Bereme n\u011bkter\u00e9 argumenty v tom, abychom je\u0161t\u011b roz\u0161\u00ed\u0159ili tu ochranu t\u0159eba t\u00e9 zranitelnosti u t\u011bch n\u011bkter\u00fdch osob a i t\u0159eba s t\u00edm c\u00edlem pr\u00e1v\u011b u t\u011bch rodin s d\u011btmi, tak, abychom opravdu tam je\u0161t\u011b ty \u00fapravy ud\u011blali ve prosp\u011bch t\u011bch ob\u010dan\u016f, \u017eadatel\u016f.<\/p>\n","protected":false},"excerpt":{"rendered":"<div class=\"mh-excerpt\"><p>\u010cT 1\u00a0 Ministr\u00a0pr\u00e1ce\u00a0Marian Jure\u010dka chce navrhnout zm\u011bny v tzv. superd\u00e1vce. \u0158ekl to v po\u0159adu T\u00fdden v politice. Zm\u00edrnit se maj\u00ed n\u011bkter\u00e1 krit\u00e9ria. D\u00e1vky te\u010f m\u016f\u017ee <a class=\"mh-excerpt-more\" href=\"https:\/\/www.invarena.cz\/?p=54180\" title=\"Nov\u00fd syst\u00e9m d\u00e1vek\u00a0se je\u0161t\u011b zm\u011bk\u010d\u00ed\">[&#8230;]<\/a><\/p>\n<\/div>","protected":false},"author":1,"featured_media":24717,"comment_status":"open","ping_status":"closed","sticky":false,"template":"","format":"standard","meta":{"footnotes":""},"categories":[1],"tags":[],"class_list":["post-54180","post","type-post","status-publish","format-standard","has-post-thumbnail","hentry","category-nezarazene"],"_links":{"self":[{"href":"https:\/\/www.invarena.cz\/index.php?rest_route=\/wp\/v2\/posts\/54180","targetHints":{"allow":["GET"]}}],"collection":[{"href":"https:\/\/www.invarena.cz\/index.php?rest_route=\/wp\/v2\/posts"}],"about":[{"href":"https:\/\/www.invarena.cz\/index.php?rest_route=\/wp\/v2\/types\/post"}],"author":[{"embeddable":true,"href":"https:\/\/www.invarena.cz\/index.php?rest_route=\/wp\/v2\/users\/1"}],"replies":[{"embeddable":true,"href":"https:\/\/www.invarena.cz\/index.php?rest_route=%2Fwp%2Fv2%2Fcomments&post=54180"}],"version-history":[{"count":0,"href":"https:\/\/www.invarena.cz\/index.php?rest_route=\/wp\/v2\/posts\/54180\/revisions"}],"wp:featuredmedia":[{"embeddable":true,"href":"https:\/\/www.invarena.cz\/index.php?rest_route=\/wp\/v2\/media\/24717"}],"wp:attachment":[{"href":"https:\/\/www.invarena.cz\/index.php?rest_route=%2Fwp%2Fv2%2Fmedia&parent=54180"}],"wp:term":[{"taxonomy":"category","embeddable":true,"href":"https:\/\/www.invarena.cz\/index.php?rest_route=%2Fwp%2Fv2%2Fcategories&post=54180"},{"taxonomy":"post_tag","embeddable":true,"href":"https:\/\/www.invarena.cz\/index.php?rest_route=%2Fwp%2Fv2%2Ftags&post=54180"}],"curies":[{"name":"wp","href":"https:\/\/api.w.org\/{rel}","templated":true}]}}