{"id":54184,"date":"2025-01-13T06:43:04","date_gmt":"2025-01-13T05:43:04","guid":{"rendered":"https:\/\/www.invarena.cz\/?p=54184"},"modified":"2025-01-13T06:43:05","modified_gmt":"2025-01-13T05:43:05","slug":"davky-v-hmotne-nouzi-na-slovensku","status":"publish","type":"post","link":"https:\/\/www.invarena.cz\/?p=54184","title":{"rendered":"D\u00e1vky v hmotn\u00e9 nouzi na Slovensku\u00a0\u00a0"},"content":{"rendered":"\n<p>NOVA\u00a0&#8211; Televizn\u00ed noviny<br \/><br \/>Slovensk\u00e1 vl\u00e1da m\u00e1 v pl\u00e1nu zm\u011bnit syst\u00e9m rozd\u00e1v\u00e1n\u00ed d\u00e1vek lidem v hmotn\u00e9 nouzi. Podle ministra soci\u00e1ln\u00edch v\u011bc\u00ed nen\u00ed pr\u00fd d\u016fvod podporovat ty, kter\u00fdm se jen nechce pracovat.<br \/><br \/>Na stole je tak n\u00e1vrh nov\u00e9ho z\u00e1kona, kter\u00fd bude bu\u010f \u00fapln\u011b odeb\u00edrat st\u00e1tn\u00ed podporu, nebo ji kr\u00e1tit.<br \/><br \/>Slovensko m\u00e1 dost lid\u00ed, kte\u0159\u00ed neopr\u00e1vn\u011bn\u011b vyu\u017e\u00edvaj\u00ed st\u00e1tn\u00ed podpory. Ministerstvo soci\u00e1ln\u00edch v\u011bc\u00ed proto m\u00e1 v pl\u00e1nu zav\u00e9st z\u00e1kon o kr\u00e1cen\u00ed \u010di odebr\u00e1n\u00ed d\u00e1vek.<br \/><br \/>Erik Tom\u00e1\u0161, slovensk\u00fd\u00a0<strong>ministr<\/strong>\u00a0<strong>pr\u00e1ce<\/strong>, soci\u00e1ln\u00edch v\u011bc\u00ed a rodiny<br \/>&#8212;&#8212;&#8212;&#8212;&#8212;&#8212;&#8211;<br \/>Kdy\u017e \u010dlov\u011bk, kter\u00fd m\u016f\u017ee pracovat, odm\u00edtne vhodnou pracovn\u00ed nab\u00eddku z \u00da\u0159adu pr\u00e1ce, p\u0159ijde o d\u00e1vku v hmotn\u00e9 nouzi, mu bude kr\u00e1cena. Kdy\u017e odm\u00edtne pracovn\u00ed nab\u00eddku poprv\u00e9, d\u00e1vka v hmotn\u00e9 nouzi se mu odebere nebo bude kr\u00e1cena na jeden m\u011bs\u00edc. Pokud odm\u00edtne pracovat opakovan\u011b, tak to bude na t\u0159i m\u011bs\u00edce. A cel\u00e9 se to bude cyklicky opakovat a\u017e do doby, dokud takov\u00fd \u010dlov\u011bk nep\u0159ijme vhodnou pracovn\u00ed nab\u00eddku.<br \/><br \/>redaktorka<br \/>&#8212;&#8212;&#8212;&#8212;&#8212;&#8212;&#8211;<br \/>A pokud do pr\u00e1ce nakonec nenastoup\u00ed, budou pro doty\u010dn\u00e9ho platit stejn\u00e1 pravidla. V\u00fdjimku budou m\u00edt lid\u00e9 se zdravotn\u00edm nebo soci\u00e1ln\u00edm omezen\u00edm.<br \/><br \/>anketa<br \/>&#8212;&#8212;&#8212;&#8212;&#8212;&#8212;&#8211;<br \/>Ti, co jsou nezam\u011bstnan\u00ed, te\u010f budou m\u00edt pr\u016fser tro\u0161ku.<br \/><br \/> redaktorka<br \/>&#8212;&#8212;&#8212;&#8212;&#8212;&#8212;&#8211;<br \/>N\u00e1vrh z\u00e1kona p\u0159ich\u00e1z\u00ed v dob\u011b, kdy m\u00e1 Slovensko historicky nejni\u017e\u0161\u00ed nezam\u011bstnanost. Objevuje se proto i kritika.<br \/><br \/>Simona Petr\u00edk, poslankyn\u011b N\u00e1rodn\u00ed rady Slovensk\u00e9 republiuky<br \/>&#8212;&#8212;&#8212;&#8212;&#8212;&#8212;&#8211;<br \/>D\u00e1vka v hmotn\u00e9 nouzi nem\u00e1 slou\u017eit jako n\u00e1tlakov\u00fd n\u00e1stroj. Je to nevyhnuteln\u00e9 minimum k p\u0159e\u017eit\u00ed. Ministr z\u00e1rove\u0148 st\u00e1le nezp\u0159esnil, kdy m\u016f\u017ee uchaze\u010d pracovn\u00ed nab\u00eddku odm\u00edtnout bez toho, aby o d\u00e1vku p\u0159i\u0161el.<br \/><br \/>redaktorka<br \/>&#8212;&#8212;&#8212;&#8212;&#8212;&#8212;&#8211;<br \/>Slovensko je tak dal\u0161\u00ed evropskou zem\u00ed, kter\u00e1 m\u00e1 v pl\u00e1nu skon\u010dit se \u0160t\u011bdr\u00fdm soci\u00e1ln\u00edm syst\u00e9mem. P\u0159\u00edsn\u00e1 pravidla u\u017e zavedla nap\u0159\u00edklad Velk\u00e1 Brit\u00e1nie.<br \/><br \/>Keir Starmer, britsk\u00fd premi\u00e9r<br \/>&#8212;&#8212;&#8212;&#8212;&#8212;&#8212;&#8211;<br \/>Ka\u017ed\u00fd osm\u00fd mlad\u00fd \u010dlov\u011bk je bez zam\u011bstn\u00e1n\u00ed, nevzd\u011bl\u00e1v\u00e1 se a ani se ne\u00fa\u010dastn\u00ed odborn\u00e9 p\u0159\u00edpravy.<br \/><br \/>redaktorka<br \/>&#8212;&#8212;&#8212;&#8212;&#8212;&#8212;&#8211;<br \/>Brit\u0161t\u00ed \u017eadatel\u00e9 o d\u00e1vky, kte\u0159\u00ed si nenajdou pr\u00e1ci d\u00e9le ne\u017e 18 m\u011bs\u00edc\u016f, mus\u00ed absolvovat pracovn\u00ed st\u00e1\u017ee. Pokud to odm\u00edtnou, ztrat\u00ed podle vl\u00e1dy na ur\u010ditou dobu p\u0159\u00edstup k d\u00e1vk\u00e1m. Karol\u00edna Pickov\u00e1, televize Nova.<br \/><br \/>A zp\u0159\u00eds\u0148ovat pravidla pro v\u00fdplatu soci\u00e1ln\u00edch d\u00e1vek se chyst\u00e1 i \u010cesko. Ministerstvo pr\u00e1ce a soci\u00e1ln\u00edch v\u011bc\u00ed je chce zrevidovat tak, aby byla d\u00e1vka pouze jedna. Lid\u00e9, kte\u0159\u00ed se dostate\u010dn\u011b nesna\u017e\u00ed z\u00edskat pr\u00e1ci, podle nov\u00fdch pravidel na d\u00e1vku nedos\u00e1hnou. A naopak ti, kte\u0159\u00ed si zam\u011bstn\u00e1n\u00ed sh\u00e1n\u00ed usilovn\u011b, by si mohli polep\u0161it.<br \/><br \/>\u00da\u0159ad pr\u00e1ce k posledn\u00edmu dni lo\u0148sk\u00e9ho roku v \u010cesku evidoval v\u00edce ne\u017e 300 000 uchaze\u010d\u016f o zam\u011bstn\u00e1n\u00ed. Pod\u00edl nezam\u011bstnan\u00fdch tak ke konci roku vzrostl na 4,1 %. Motivovat lidi k tomu, aby si na\u0161li zam\u011bstn\u00e1n\u00ed, chce\u00a0<strong>ministr<\/strong>\u00a0<strong>pr\u00e1ce<\/strong>\u00a0a soci\u00e1ln\u00edch v\u011bc\u00ed t\u00edm, \u017ee jim po p\u016fl roce zanikne n\u00e1rok na soci\u00e1ln\u00ed d\u00e1vky.<br \/><br \/>Marian Jure\u010dka,\u00a0<strong>ministr<\/strong>\u00a0<strong>pr\u00e1ce<\/strong>\u00a0a soci\u00e1ln\u00edch v\u011bc\u00ed \/KDU-\u010cSL\/<br \/>&#8212;&#8212;&#8212;&#8212;&#8212;&#8212;&#8211;<br \/>Pokud nebude aktivn\u011b se rekvalifikovat a sm\u011b\u0159ovat do zam\u011bstn\u00e1n\u00ed, tak tam bude institut ve\u0159ejn\u00e9 slu\u017eby v minim\u00e1ln\u00edm rozsahu 30 hodin m\u011bs\u00ed\u010dn\u011b. Pokud odm\u00edtne i toto, tak v ten okam\u017eik mu skon\u010d\u00ed n\u00e1rok na podporu.<br \/><br \/>redaktor<br \/>&#8212;&#8212;&#8212;&#8212;&#8212;&#8212;&#8211;<br \/>Naopak ti, kte\u0159\u00ed budou intenzivn\u011b nov\u00e9 pracovn\u00ed m\u00edsto hledat nebo p\u0159ijmou i h\u016f\u0159e placenou pr\u00e1ci, budou moci dos\u00e1hnout na tzv. pracovn\u00ed bonus.<br \/><br \/>Eva Decroix, poslankyn\u011b, m\u00edstop\u0159edsedkyn\u011b strany \/ODS\/<br \/>&#8212;&#8212;&#8212;&#8212;&#8212;&#8212;&#8211;<br \/>J\u00e1 si mysl\u00edm, \u017ee ten syst\u00e9m m\u00e1 v\u017edy podporovat ty, kte\u0159\u00ed se ocitnou v nouzi, ale sou\u010dasn\u011b m\u00e1 zohled\u0148ovat a m\u00e1 motivovat k tomu, aby lid\u00e9 z\u016fst\u00e1vali, aby se rychle vraceli na pracovn\u00ed trh.<br \/><br \/> redaktor<br \/>&#8212;&#8212;&#8212;&#8212;&#8212;&#8212;&#8211;<br \/>Zm\u011bny jsou sou\u010d\u00e1st\u00ed rozs\u00e1hl\u00e9 reformy soci\u00e1ln\u00edch d\u00e1vek, kterou vl\u00e1da schv\u00e1lila v z\u00e1\u0159\u00ed lo\u0148sk\u00e9ho roku. Chce v n\u00ed spojit \u010dty\u0159i v sou\u010dasn\u00e9 dob\u011b vypl\u00e1cen\u00e9 d\u00e1vky do jedn\u00e9 tzv. super-d\u00e1vky<br \/><br \/>Ale\u0161 Juchelka, m\u00edstop\u0159edseda Poslaneck\u00e9 sn\u011bmovny \/ANO\/<br \/>&#8212;&#8212;&#8212;&#8212;&#8212;&#8212;&#8211;<br \/>Po\u0159\u00e1d tady m\u00e1me p\u0159es 250 000 voln\u00fdch pracovn\u00edch m\u00edst. A prost\u011b lid\u00e9, pokud cht\u011bj\u00ed pracovat, tak si tu pr\u00e1ci v\u017edycky najdou.<br \/><br \/>redaktor<br \/>&#8212;&#8212;&#8212;&#8212;&#8212;&#8212;&#8211;<br \/>Neziskov\u00fdm organizac\u00edm ale vad\u00ed, \u017ee o n\u00e1rok na soci\u00e1ln\u00ed d\u00e1vky by mohli p\u0159ij\u00edt i lid\u00e9 jen kv\u016fli tomu, \u017ee \u017eij\u00ed ve spole\u010dn\u00e9 dom\u00e1cnosti.<br \/><br \/>Daniel H\u016fle, vedouc\u00ed programu Dluhov\u00e9ho poradenstv\u00ed \u010clov\u011bka v t\u00edsni<br \/>&#8212;&#8212;&#8212;&#8212;&#8212;&#8212;&#8211;<br \/>Pokud ta rodina se postar\u00e1 o n\u011bjak\u00fdho toho sv\u00fdho strejdu, tak najednou cel\u00e1 ta rodina p\u0159ijde o jakoby o d\u00e1vky. D\u011bti p\u0159ijdou o d\u011btsk\u00e9 p\u0159\u00eddavky atd. To ned\u00e1v\u00e1 smysl, proto\u017ee to pr\u00e1v\u011b penalizuje ten princip solidarity.<br \/><br \/>redaktor<br \/>&#8212;&#8212;&#8212;&#8212;&#8212;&#8212;&#8211;<br \/>N\u00e1vrh te\u010f \u010dek\u00e1 v Poslaneck\u00e9 sn\u011bmovn\u011b druh\u00e9 \u010dten\u00ed. Pokud reforma projde legislativn\u00edm procesem, m\u011bla by platit od \u010dervence. <\/p>\n\n\n\n<p> televize Nova<\/p>\n","protected":false},"excerpt":{"rendered":"<div class=\"mh-excerpt\"><p>NOVA\u00a0&#8211; Televizn\u00ed noviny Slovensk\u00e1 vl\u00e1da m\u00e1 v pl\u00e1nu zm\u011bnit syst\u00e9m rozd\u00e1v\u00e1n\u00ed d\u00e1vek lidem v hmotn\u00e9 nouzi. Podle ministra soci\u00e1ln\u00edch v\u011bc\u00ed nen\u00ed pr\u00fd d\u016fvod podporovat ty, <a class=\"mh-excerpt-more\" href=\"https:\/\/www.invarena.cz\/?p=54184\" title=\"D\u00e1vky v hmotn\u00e9 nouzi na Slovensku\u00a0\u00a0\">[&#8230;]<\/a><\/p>\n<\/div>","protected":false},"author":1,"featured_media":8835,"comment_status":"open","ping_status":"closed","sticky":false,"template":"","format":"standard","meta":{"footnotes":""},"categories":[9],"tags":[],"class_list":["post-54184","post","type-post","status-publish","format-standard","has-post-thumbnail","hentry","category-zpravy"],"_links":{"self":[{"href":"https:\/\/www.invarena.cz\/index.php?rest_route=\/wp\/v2\/posts\/54184","targetHints":{"allow":["GET"]}}],"collection":[{"href":"https:\/\/www.invarena.cz\/index.php?rest_route=\/wp\/v2\/posts"}],"about":[{"href":"https:\/\/www.invarena.cz\/index.php?rest_route=\/wp\/v2\/types\/post"}],"author":[{"embeddable":true,"href":"https:\/\/www.invarena.cz\/index.php?rest_route=\/wp\/v2\/users\/1"}],"replies":[{"embeddable":true,"href":"https:\/\/www.invarena.cz\/index.php?rest_route=%2Fwp%2Fv2%2Fcomments&post=54184"}],"version-history":[{"count":0,"href":"https:\/\/www.invarena.cz\/index.php?rest_route=\/wp\/v2\/posts\/54184\/revisions"}],"wp:featuredmedia":[{"embeddable":true,"href":"https:\/\/www.invarena.cz\/index.php?rest_route=\/wp\/v2\/media\/8835"}],"wp:attachment":[{"href":"https:\/\/www.invarena.cz\/index.php?rest_route=%2Fwp%2Fv2%2Fmedia&parent=54184"}],"wp:term":[{"taxonomy":"category","embeddable":true,"href":"https:\/\/www.invarena.cz\/index.php?rest_route=%2Fwp%2Fv2%2Fcategories&post=54184"},{"taxonomy":"post_tag","embeddable":true,"href":"https:\/\/www.invarena.cz\/index.php?rest_route=%2Fwp%2Fv2%2Ftags&post=54184"}],"curies":[{"name":"wp","href":"https:\/\/api.w.org\/{rel}","templated":true}]}}