{"id":54187,"date":"2025-01-19T05:16:07","date_gmt":"2025-01-19T04:16:07","guid":{"rendered":"https:\/\/www.invarena.cz\/?p=54187"},"modified":"2025-02-25T14:40:56","modified_gmt":"2025-02-25T13:40:56","slug":"dvtv-jindra-landova-se-stara-o-dceru-s-vzacnou-diagnozou-svalove-atrofie","status":"publish","type":"post","link":"https:\/\/www.invarena.cz\/?p=54187","title":{"rendered":"DVTV: Jindra Landov\u00e1\u00a0se star\u00e1 o dceru s vz\u00e1cnou diagn\u00f3zou svalov\u00e9 atrofie"},"content":{"rendered":"\n<p>DVTV\u00a0&#8211; Drtinov\u00e1 Veselovsk\u00fd &#8211; Rozhovor I<\/p>\n\n\n\n<p><a href=\"https:\/\/www.dvtv.cz\/search\">DVTV | Prvn\u00ed internetov\u00e1 televize v \u010cesku<\/a><br \/><br \/>Oby\u010dejn\u00e1 m\u00e1ma, kter\u00e1 si nejv\u00edc na sv\u011bt\u011b p\u0159eje \u0159e\u0161it oby\u010dejn\u00e9 v\u011bci. T\u011bmito slovy se na blogu p\u0159edstavuje Jindra Landov\u00e1. Realita je ale \u010dasto jin\u00e1. Star\u00e1 se toti\u017e o dceru se speci\u00e1ln\u00edmi pot\u0159ebami a vz\u00e1cnou diagn\u00f3zou svalov\u00e9 atrofie. Krom\u011b toho \u0161\u00ed\u0159\u00ed osv\u011btu. Zalo\u017eila neziskovou organizaci a nov\u011b tak\u00e9 projekt V\u00fdtahy do \u0161kol, kter\u00fd upozor\u0148uje na bari\u00e9ry ve \u0161kolstv\u00ed pro lidi na voz\u00edku. A te\u010f je hostem DVTV, dobr\u00fd den.<br \/>Jak velkou nebo neoby\u010dejnou odvahu jste musela m\u00edt, abyste si \u0159ekla, jsem oby\u010dejn\u00e1 m\u00e1ma?<br \/><br \/>Jindra Landov\u00e1, autorka, V\u00fdtahy do \u0161kol<br \/>&#8212;&#8212;&#8212;&#8212;&#8212;&#8212;&#8211;<br \/>Velkou odvahu, j\u00e1 nev\u00edm, jestli j\u00ed m\u00e1m, ale asi vystoupit se sv\u00fdm p\u0159\u00edb\u011bhem na ve\u0159ejnost, je prost\u011b jako t\u011b\u017ek\u00fd. A je zat\u00edm kus pr\u00e1ce a roky taky n\u011bjak\u00fd pr\u00e1ce na sob\u011b, abych to t\u00e9ma mohla n\u011bjak ve\u0159ejn\u011b na ve\u0159ejnosti komunikovat. A p\u0159esn\u011b si pamatuju, kdy\u017e jsem to ud\u011blala poprv\u00fd, \u017ee jsem z toho m\u011bla pak 14 dn\u00ed deprese. Nen\u00ed to jako lehk\u00fd.<br \/><br \/>moder\u00e1tor<br \/>&#8212;&#8212;&#8212;&#8212;&#8212;&#8212;&#8211;<br \/>Tak jste odv\u00e1\u017en\u00e1 nebo je odv\u00e1\u017en\u00e1 va\u0161e dcera?<br \/><br \/>Jindra Landov\u00e1, <br \/>Jsme.<br \/><br \/>moder\u00e1tor<br \/>&#8212;&#8212;&#8212;&#8212;&#8212;&#8212;&#8211;<br \/>Jste odv\u00e1\u017en\u00e9?<br \/><br \/>Jindra Landov\u00e1, <br \/>Jsme odv\u00e1\u017en\u00fd u\u017e jenom proto, \u017ee te\u010fka tady sed\u00edm s v\u00e1mi.<br \/><br \/>moder\u00e1tor<br \/>&#8212;&#8212;&#8212;&#8212;&#8212;&#8212;&#8211;<br \/>Pro\u010d vlastn\u011b zrovna tahle charakteristika? Pro\u010d je tam ta v\u011bta jako oby\u010dejn\u00e1 m\u00e1ma?<br \/><br \/>Jindra Landov\u00e1, <br \/>Proto\u017ee \u010dasto sl\u00fdch\u00e1m od hodn\u011b lid\u00ed, \u017ee jsem neoby\u010dejn\u00e1 nebo skv\u011bl\u00e1 t\u00edm, jak se stav\u00edm k tomu, \u017ee se mi narodilo d\u00edt\u011b s handicapem. Moje dcera m\u00e1 genetick\u00e9 onemocn\u011bn\u00ed. To znamen\u00e1, \u017ee za to nikdo nem\u016f\u017ee. Narodila se tak. M\u00e1 svalovou dystrofii, co\u017e je progresivn\u00ed onemocn\u011bn\u00ed, kde ji postupn\u011b ochabuj\u00ed svaly. A my jsme si n\u011bjak \u0159ekli, \u017ee n\u00e1s to nezlom\u00ed, \u017ee prost\u011b budeme \u017e\u00edt \u017eivot i s t\u00edm, n\u00e1m prost\u011b byly rozdan\u00fd n\u011bjak\u00fd karty, tak se k tomu n\u011bjak stav\u00edme. A ten n\u00e1zev mi n\u011bjak p\u0159i\u0161el, proto\u017ee je to opravdu moje nejvroucn\u011bj\u0161\u00ed p\u0159\u00e1n\u00ed. J\u00e1 si p\u0159eju spoustu v\u011bc\u00ed, kter\u00fd \u0159e\u0161\u00edm, abych je \u0159e\u0161it nemusela. A kdyby tady byl n\u011bjak\u00fd podporuj\u00edc\u00ed syst\u00e9m, tak bych je opravdu \u0159e\u0161it nemusela. A nejsem jedin\u00e1, t\u011bch rodi\u010d\u016f, jako jsem j\u00e1, je velk\u00e1 spousta.<br \/><br \/> moder\u00e1tor<br \/>&#8212;&#8212;&#8212;&#8212;&#8212;&#8212;&#8211;<br \/>Kdy\u017e m\u016f\u017eu jako trochu do minulosti, tak jako v jak\u00fd moment jste vlastn\u011b zjistili, \u017ee va\u0161e dcera se s t\u00edmhle genetick\u00fdm onemocn\u011bn\u00edm narodila, \u017ee ho m\u00e1?<br \/><br \/>Jindra Landov\u00e1, <br \/>J\u00e1 jsem si toho za\u010dala v\u0161\u00edmat, kdy\u017e byl dce\u0159i rok a p\u016fl, a ne\u017e jsme se dostali k l\u00e9ka\u0159\u016fm, tak prvn\u00ed podez\u0159en\u00ed na tuto diagn\u00f3zu bylo, kdy\u017e j\u00ed byly dva roky.<br \/><br \/>moder\u00e1tor<br \/>&#8212;&#8212;&#8212;&#8212;&#8212;&#8212;&#8211;<br \/>A ta diagn\u00f3za se, on ten n\u00e1zev je jako takov\u00fd zvl\u00e1\u0161tn\u00ed. Vlastn\u011b kolagen \u0161est, svalov\u00e1 dystrofie. Je to tak. Co to je za onemocn\u011bn\u00ed?<br \/><br \/>Jindra Landov\u00e1, <br \/>Je to velmi vz\u00e1cn\u00fd onemocn\u011bn\u00ed. V \u010cech\u00e1ch je jenom opravdu p\u00e1r lid\u00ed, ale ve sv\u011bt\u011b je docela velk\u00e1 komunita, se kterou jsme v kontaktu. Spad\u00e1 to do skupiny svalov\u00fdch dystrofi\u00ed. Ty jsou si hodn\u011b podobn\u00fd, ale t\u011bch r\u016fzn\u00fdch druh\u016f je \u0161\u00edlen\u011b moc. A je to o tom, \u017ee se narod\u00ed d\u00edt\u011b, kter\u00fd je zd\u00e1nliv\u011b zdrav\u00fd a postupn\u011b mu ub\u00fdv\u00e1 svalov\u00e1 s\u00edla. Ty d\u011bti, t\u0159eba moje dcera norm\u00e1ln\u011b chodila. Norm\u00e1ln\u011b se nau\u010dila chodit ve 13 m\u011bs\u00edc\u00edch. Ale te\u010fka t\u0159eba letos tu schopnost ztratila. Te\u010fka chod\u00ed u\u017e jenom opravdu malinkato s pomoc\u00ed speci\u00e1ln\u00edch ort\u00e9z.<br \/><br \/>Martin Veselovsk\u00fd, moder\u00e1tor<br \/>&#8212;&#8212;&#8212;&#8212;&#8212;&#8212;&#8211;<br \/>A je to nel\u00e9\u010diteln\u00e9?<br \/><br \/>Jindra Landov\u00e1, autorka, V\u00fdtahy do \u0161kol<br \/>&#8212;&#8212;&#8212;&#8212;&#8212;&#8212;&#8211;<br \/>V tuhle chv\u00edli je to nel\u00e9\u010diteln\u00e9.<br \/><br \/>Martin Veselovsk\u00fd, moder\u00e1tor<br \/>&#8212;&#8212;&#8212;&#8212;&#8212;&#8212;&#8211;<br \/>To znamen\u00e1, jako z toho, jak jste odpov\u011bd\u011bla, jako p\u0159edpokl\u00e1d\u00e1m, \u017ee tam n\u011bkde jako vid\u00edte.<br \/><br \/>Jindra Landov\u00e1, autorka, V\u00fdtahy do \u0161kol<br \/>&#8212;&#8212;&#8212;&#8212;&#8212;&#8212;&#8211;<br \/>Ve sv\u011bt\u011b se vyv\u00edjej\u00ed l\u00e9ky na n\u011bkter\u00e9 jin\u00e1 onemocn\u011bn\u00ed. Viz tady sb\u00edrky, kter\u00e9 tady b\u011b\u017eely na l\u00e9ky za 50 milion\u016f a tak, tak pro jin\u00e1 genetick\u00e1 onemocn\u011bn\u00ed u\u017e tady n\u011bjak\u00e1 l\u00e9\u010dba existuje, ale nen\u00ed to tak, \u017ee by se ty lidi \u00fapln\u011b vyl\u00e9\u010dili. Um\u00ed to tlumit p\u0159\u00edznaky. Ale moje dcera u\u017e, i kdyby se n\u011bco vyvinulo, tak u\u017e vlastn\u011b nikdy nejde zvr\u00e1tit ten stav, kter\u00fd m\u00e1 te\u010fka.<br \/><br \/>Martin Veselovsk\u00fd, moder\u00e1tor<br \/>&#8212;&#8212;&#8212;&#8212;&#8212;&#8212;&#8211;<br \/>Jak dlouho, mimochodem, tak jak \u0159\u00edk\u00e1te, jako v \u010cesku vlastn\u011b konkr\u00e9tn\u011b touhle svalovou dystrofi\u00ed trp\u00ed jenom n\u011bkolik lid\u00ed. Tak, jak dlouho jim trvalo vlastn\u011b, ne\u017e se dostali k t\u00e9 diagn\u00f3ze?<br \/><br \/>Jindra Landov\u00e1, autorka, V\u00fdtahy do \u0161kol<br \/>&#8212;&#8212;&#8212;&#8212;&#8212;&#8212;&#8211;<br \/>P\u011bt m\u011bs\u00edc\u016f. Vlastn\u011b, kdy\u017e bylo vysloven\u00fd to podez\u0159en\u00ed, tak n\u00e1m byla odebran\u00e1 nebo dce\u0159i byla odebran\u00e1 krev, a to potom jde na genetick\u00e9 testov\u00e1n\u00ed a p\u011bt m\u011bs\u00edc\u016f to trvalo, ne\u017e n\u00e1m \u0159ekli tento verdikt.<br \/><br \/>Martin Veselovsk\u00fd, moder\u00e1tor<br \/>&#8212;&#8212;&#8212;&#8212;&#8212;&#8212;&#8211;<br \/>Jako d\u00e1 se n\u011bjak popsat, jako co potom vlastn\u011b nastane, jako na stran\u011b rodi\u010d\u016f?<br \/><br \/>Jindra Landov\u00e1, autorka, V\u00fdtahy do \u0161kol<br \/>&#8212;&#8212;&#8212;&#8212;&#8212;&#8212;&#8211;<br \/>No, takov\u00fd temno. Je to \u0161\u00edlen\u00fd, je to opravdu stra\u0161n\u00fd. Vy n\u011bjak fungujete, j\u00e1 si pamatuju, \u017ee prost\u011b jsem n\u011bjak fungovala. Mus\u00edte, za\u010d\u00edn\u00e1te vlastn\u011b \u0159e\u0161it, co s t\u00edm m\u016f\u017eete ud\u011blat. A v p\u0159\u00edpad\u011b svalov\u00fd dystrofie jedin\u00e1 v\u011bc, kter\u00e1 se d\u00e1 d\u011blat, je odd\u00e1lit progresi toho onemocn\u011bn\u00ed. To znamen\u00e1 n\u011bjak\u00fdm zp\u016fsobem rehabilitovat. Tak\u017ee moje dcera cvi\u010d\u00ed fyzioterapie, absolvuje r\u016fzn\u00e9 druhy terapi\u00ed a nej\u00fa\u010dinn\u011bj\u0161\u00ed je hiporehabilitace. Teda rehabilitace pomoc\u00ed kon\u00ed. To je neobl\u00edben\u011bj\u0161\u00ed.<br \/><br \/>Martin Veselovsk\u00fd, moder\u00e1tor<br \/>&#8212;&#8212;&#8212;&#8212;&#8212;&#8212;&#8211;<br \/>To je nej\u00fa\u010dinn\u011bj\u0161\u00ed nebo nejobl\u00edben\u011bj\u0161\u00ed?<br \/><br \/>Jindra Landov\u00e1, autorka, V\u00fdtahy do \u0161kol<br \/>&#8212;&#8212;&#8212;&#8212;&#8212;&#8212;&#8211;<br \/>Oboje z\u00e1rove\u0148.<br \/><br \/>Martin Veselovsk\u00fd, moder\u00e1tor<br \/>&#8212;&#8212;&#8212;&#8212;&#8212;&#8212;&#8211;<br \/>Jako fakt?<br \/><br \/>Jindra Landov\u00e1, autorka, V\u00fdtahy do \u0161kol<br \/>&#8212;&#8212;&#8212;&#8212;&#8212;&#8212;&#8211;<br \/>Ano, my jezd\u00edme do skv\u011bl\u00e9ho centra. Hiporehabilitace Mir\u00e1kl. A tam opravdu d\u011blaj\u00ed s t\u011bma d\u011btma z\u00e1zraky. Tak\u017ee dcera d\u00edky tomu te\u010fka dote\u010fka nem\u00e1 probl\u00e9my. Prost\u011b t\u0159eba se skoli\u00f3zou a je na tom relativn\u011b dob\u0159e. Kdybysme se nestarali, tak u\u017e by na tom byla mnohem h\u016f\u0159.<br \/><br \/>Martin Veselovsk\u00fd, moder\u00e1tor<br \/>&#8212;&#8212;&#8212;&#8212;&#8212;&#8212;&#8211;<br \/>Jako jak\u00e9 pot\u0159eby vlastn\u011b ona m\u00e1 jako vzhledem k tomu, jak to onemocn\u011bn\u00ed postihuje?<br \/><br \/>Jindra Landov\u00e1, autorka, V\u00fdtahy do \u0161kol<br \/>&#8212;&#8212;&#8212;&#8212;&#8212;&#8212;&#8211;<br \/>Ona m\u00e1 pot\u0159eby \u00fapln\u011b stejn\u00fd jako kter\u00e1koliv jin\u00e1 holka. Je to, svalov\u00e1 dystrofie se v\u011bt\u0161inou t\u00fdk\u00e1 jenom toho fyzi\u010dna. Tak\u017ee ment\u00e1ln\u011b ona je \u00fapln\u011b stejn\u00e1. Te\u010fka 11 let jde do puberty.<br \/><br \/>Martin Veselovsk\u00fd, moder\u00e1tor<br \/>&#8212;&#8212;&#8212;&#8212;&#8212;&#8212;&#8211;<br \/>Tak\u017ee je v\u0161echno v po\u0159\u00e1dku.<br \/><br \/>Jindra Landov\u00e1, autorka, V\u00fdtahy do \u0161kol<br \/>&#8212;&#8212;&#8212;&#8212;&#8212;&#8212;&#8211;<br \/>V\u0161echno je \u00fapln\u011b v po\u0159\u00e1dku. A \u0159e\u0161\u00ed \u00fapln\u011b stejn\u00fd v\u011bci jako jej\u00ed vrstevn\u00edci, ale nav\u00edc pr\u00e1v\u011b mus\u00ed hodn\u011b \u010dasu tr\u00e1vit na rehabilitac\u00edch, cvi\u010dit. A tam m\u00e1 za sebou odcvi\u010deno v\u00edc ne\u017e kdejak\u00fd vrcholov\u00fd sportovec.<br \/><br \/>Martin Veselovsk\u00fd, moder\u00e1tor<br \/>&#8212;&#8212;&#8212;&#8212;&#8212;&#8212;&#8211;<br \/>A mus\u00ed na t\u011bch kon\u00edch.<br \/><br \/>Jindra Landov\u00e1, autorka, V\u00fdtahy do \u0161kol<br \/>&#8212;&#8212;&#8212;&#8212;&#8212;&#8212;&#8211;<br \/>Ne t\u011bch kon\u00edch chce. To, ona asi chce jednoho po\u0159\u00eddit dom\u016f. Tak akor\u00e1t, \u017ee bydl\u00edme v panel\u00e1ku, tak nev\u00edm, jak se tam vejde.<br \/><br \/>Martin Veselovsk\u00fd, moder\u00e1tor<br \/>&#8212;&#8212;&#8212;&#8212;&#8212;&#8212;&#8211;<br \/>Jasn\u011b, malej k\u016f\u0148.<br \/><br \/>Jindra Landov\u00e1, autorka, V\u00fdtahy do \u0161kol<br \/>&#8212;&#8212;&#8212;&#8212;&#8212;&#8212;&#8211;<br \/>To ne, ona je docela velik\u00e1.<br \/><br \/>Martin Veselovsk\u00fd, moder\u00e1tor<br \/>&#8212;&#8212;&#8212;&#8212;&#8212;&#8212;&#8211;<br \/>Jo takhle, rozum\u00edm. Mimochodem p\u0159edpokl\u00e1d\u00e1m, \u017ee to je \u00famysl, \u017ee na fotografi\u00edch, t\u0159eba na Instagramu neukazuje ten sv\u016fj obli\u010dej.<br \/><br \/>Jindra Landov\u00e1, autorka, V\u00fdtahy do \u0161kol<br \/>&#8212;&#8212;&#8212;&#8212;&#8212;&#8212;&#8211;<br \/>Kdyby bylo na mn\u011b, tak j\u00e1 bych j\u00ed neukazovala v\u016fbec, proto jsem zalo\u017eila blok &#8222;Oby\u010dejn\u00e1 m\u00e1ma&#8220;, kter\u00fd je o mn\u011b a ne o n\u00ed, proto\u017ee respektuji jej\u00ed pr\u00e1vo na soukrom\u00ed. Ale bohu\u017eel, kdy\u017e chcete n\u011bco d\u011blat, n\u011bco komunikovat, tak se to neobejde bez toho hlubok\u00fdho lidsk\u00fdho p\u0159\u00edb\u011bhu. Tak\u017ee te\u010fka t\u0159eba na posledn\u00ed aktu\u00e1ln\u00ed sb\u00edrku V\u00fdtahy do \u0161kol, jsem ji pou\u017eila. A zrovna aktu\u00e1ln\u011b v\u010dera jsme nat\u00e1\u010deli report\u00e1\u017e spolu, kde ona m\u011bla jenom jezdit na voz\u00edku a byla na m\u011b stra\u0161n\u011b na\u0161tvan\u00e1. Tak\u017ee aktu\u00e1ln\u011b ona u\u017e nechce v\u016fbec nikde b\u00fdt vid\u011bt a vystupovat. Ona chce prost\u011b.<br \/><br \/>Martin Veselovsk\u00fd, moder\u00e1tor<br \/>&#8212;&#8212;&#8212;&#8212;&#8212;&#8212;&#8211;<br \/>Je to jej\u00ed rozhodnut\u00ed.<br \/><br \/>Jindra Landov\u00e1, autorka, V\u00fdtahy do \u0161kol<br \/>&#8212;&#8212;&#8212;&#8212;&#8212;&#8212;&#8211;<br \/>Je to jej\u00ed rozhodnut\u00ed a j\u00e1 ho samoz\u0159ejm\u011b chci a budu maxim\u00e1ln\u011b respektovat.<br \/><br \/>Martin Veselovsk\u00fd, moder\u00e1tor<br \/>&#8212;&#8212;&#8212;&#8212;&#8212;&#8212;&#8211;<br \/>No, jasn\u011b. K tomu, jak jste \u0159\u00edkala, jako kdy\u017e v\u00e1m n\u011bkdo \u0159\u00edk\u00e1, \u017ee jste neoby\u010dejn\u00e1, ve smyslu tom, jako co v\u0161echno mus\u00edte zvl\u00e1dnout a tak. Kdy\u017e budu citovat z va\u0161eho blogu. Nejsem ani vyvolen\u00e1, ani siln\u00e1, ani nijak v\u00fdjime\u010dn\u00e1. A p\u0159esto se mi narodila dcera, kter\u00e1 m\u011b nau\u010dila v\u00edc ne\u017e v\u0161echny \u0161koly, kurzy a \u0161kolen\u00ed, kter\u00e9 jsem v \u017eivot\u011b absolvovala.<br \/><br \/>Jindra Landov\u00e1, autorka, V\u00fdtahy do \u0161kol<br \/>&#8212;&#8212;&#8212;&#8212;&#8212;&#8212;&#8211;<br \/>Je to tak.<br \/><br \/>Martin Veselovsk\u00fd, moder\u00e1tor<br \/>&#8212;&#8212;&#8212;&#8212;&#8212;&#8212;&#8211;<br \/>Co to znamen\u00e1?<br \/><br \/>Jindra Landov\u00e1, autorka, V\u00fdtahy do \u0161kol<br \/>&#8212;&#8212;&#8212;&#8212;&#8212;&#8212;&#8211;<br \/>Je to, \u017ee je to takov\u00e1 \u0161kola \u017eivota. Tyhle ty d\u011bti, kdyby jim byl dan\u00fd v\u00edc prostor a ta spole\u010dnost se nau\u010dila vlastn\u011b, \u017ee oni nejsou p\u0159\u00edt\u011b\u017e, \u017ee jsou opravdu nositel\u00e9 n\u011bjak\u00fdch hodnot, kter\u00fd maj\u00ed smysl opravdu. Kdy\u017e m\u00e1te takov\u00fd d\u00edt\u011b takov\u00e1, tak v\u00e1m n\u011bjak\u00fd t\u0159eba materi\u00e1ln\u00ed v\u011bci p\u0159ijdou najednou \u00fapln\u011b jako absurdn\u00ed, \u017ee se n\u011bkdo hon\u00ed za n\u011bjak\u00fdma materi\u00e1ln\u00ed statkama. Nebo v\u0161echny mo\u017en\u00fd v\u011bci a tak. A tyhlety d\u011bti, kdyby m\u011bly v\u00edc prostoru, tak by n\u00e1m fakt uk\u00e1zaly jako, co jsou opravdov\u00fd hodnoty v \u017eivot\u011b. Oni v\u00e1s nau\u010d\u00ed trp\u011blivosti, l\u00e1sce, soucitu. A to nejenom ty s fyzick\u00fdma handicapama, ale i ty s t\u011bma kombinovanejma posti\u017een\u00edm, kde je tam i n\u011bjak\u00fd ment\u00e1ln\u00ed handicap. A j\u00e1 v\u017edycky \u0159\u00edk\u00e1m, kdy\u017e si chcete opravdu seberozv\u00edjet, tak si po\u0159i\u010fte nebo hl\u00eddejte nebo se n\u011bjak zkuste dostat mezi d\u011bti s handicapem a ty v\u00e1s opravdu nau\u010dej nejv\u00edc.<br \/><br \/>Martin Veselovsk\u00fd, moder\u00e1tor<br \/>&#8212;&#8212;&#8212;&#8212;&#8212;&#8212;&#8211;<br \/>J\u00e1 tu zku\u0161enost vlastn\u011b nem\u00e1m. Jako, nebo jenom tak jako ob\u010das jako letmo. Tak jako jak\u00e1 ta zku\u0161enost vlastn\u011b je? Jako rozum\u00edm s t\u00edm jako materi\u00e1lem, \u017ee se \u010dlov\u011bk asi d\u00edv\u00e1 jako z jin\u00e9ho \u00fahlu, z nadhledu a tak d\u00e1le. Ale to asi nen\u00ed v\u0161echno, ne?<br \/><br \/>Jindra Landov\u00e1, autorka, V\u00fdtahy do \u0161kol<br \/>&#8212;&#8212;&#8212;&#8212;&#8212;&#8212;&#8211;<br \/>Ne, ale j\u00e1 d\u00e1m p\u0159\u00edklad. T\u0159eba d\u011bti s leh\u010d\u00edma ment\u00e1ln\u00edma handicapama, kter\u00fd norm\u00e1ln\u011b mluv\u011bj. Tak oni jsou brut\u00e1ln\u011b up\u0159\u00edmn\u00fd. Nebo d\u011bti, kter\u00fd maj\u00ed trocha autistick\u00e9ho spektra, ty taky. Ty v\u00e1m prost\u011b, my si tady furt hrajeme n\u011bjak\u00fd role a m\u00e1me n\u011bjak\u00fd masky. Ale tyhle ty d\u011bti ne, ty v\u00e1m p\u0159\u00edmo \u0159eknou, jako jo, ty m\u011b \u0161tve\u0161, ne\u0161tve\u0161 s sebou chci b\u00fdt, nechci. Takhle to je, a to ne moc v\u0161ichni d\u00e1v\u00e1me.<br \/><br \/>Martin Veselovsk\u00fd, moder\u00e1tor<br \/>&#8212;&#8212;&#8212;&#8212;&#8212;&#8212;&#8211;<br \/>Jestli va\u0161e dcera te\u010f vch\u00e1z\u00ed do puberty, tak to si u\u017eijete prost\u011b \u00fapln\u011b kr\u00e1sn\u011b, tu pravdivost jako.<br \/><br \/>Jindra Landov\u00e1, autorka, V\u00fdtahy do \u0161kol<br \/>&#8212;&#8212;&#8212;&#8212;&#8212;&#8212;&#8211;<br \/>Tu tam m\u00e1me, no.<br \/><br \/>Martin Veselovsk\u00fd, moder\u00e1tor<br \/>&#8212;&#8212;&#8212;&#8212;&#8212;&#8212;&#8211;<br \/>Tu tam m\u00e1te.<br \/><br \/>Jindra Landov\u00e1, autorka, V\u00fdtahy do \u0161kol<br \/>&#8212;&#8212;&#8212;&#8212;&#8212;&#8212;&#8211;<br \/>Se s t\u00edm taky moc, ona hodn\u011b r\u00e1da si pov\u00edd\u00e1 a je hodn\u011b taky up\u0159\u00edmn\u00e1. Tak\u017ee tam j\u00e1 to dost\u00e1v\u00e1m taky z prvn\u00ed ruky.<br \/><br \/>Martin Veselovsk\u00fd, moder\u00e1tor<br \/>&#8212;&#8212;&#8212;&#8212;&#8212;&#8212;&#8211;<br \/>\u0158\u00edkala jste, jako kdyby spole\u010dnost tyhle d\u011bti vlastn\u011b v\u00edc jako za\u0159adila vlastn\u011b atd, \u017ee bychom se od nich spoustu v\u011bc\u00ed dozv\u011bd\u011bli. To znamen\u00e1, \u017ee ta spole\u010dnost vlastn\u011b na d\u011bti, jako je va\u0161e dcera a podobn\u00e9, jako jin\u00e9 lidi, nen\u00ed p\u0159ipraven\u00e1?<br \/><br \/>Jindra Landov\u00e1, autorka, V\u00fdtahy do \u0161kol<br \/>&#8212;&#8212;&#8212;&#8212;&#8212;&#8212;&#8211;<br \/>V\u016fbec.<br \/><br \/>Martin Veselovsk\u00fd, moder\u00e1tor<br \/>&#8212;&#8212;&#8212;&#8212;&#8212;&#8212;&#8211;<br \/>Jako v\u016fbec?<br \/><br \/>Jindra Landov\u00e1, autorka, V\u00fdtahy do \u0161kol<br \/>&#8212;&#8212;&#8212;&#8212;&#8212;&#8212;&#8211;<br \/>Po\u0159\u00e1d, je to stra\u0161n\u011b smutn\u00fd, proto\u017ee jsme tady 35 let po p\u00e1du komunismu, kdy se tyhle ty lidi zav\u00edrali do \u00fastav\u016f. Ale my se po\u0159\u00e1d tv\u00e1\u0159\u00edme jako, \u017ee tady nejsou. Tak\u017ee j\u00e1 t\u0159eba aktu\u00e1ln\u011b \u0159e\u0161\u00edm to, \u017ee nem\u00e1m, nem\u016f\u017eu naj\u00edt pro dceru druh\u00fd stupe\u0148 z\u00e1kladn\u00ed \u0161koly, kam by \u0161la, proto\u017ee \u0161koly v m\u011bstsk\u00fd \u010d\u00e1sti Praha 13, kam my spad\u00e1me, jsou bari\u00e9rov\u00fd. Tak\u017ee ona nem\u00e1 kam j\u00edt na druh\u00fd stupe\u0148 z\u00e1kladn\u00ed \u0161koly. A to nen\u00ed jedinej probl\u00e9m. T\u011bch probl\u00e9m\u016f je velk\u00e1 \u0159ada. Jako nejsou speci\u00e1ln\u00ed \u0161koly. Nen\u00ed n\u011bjak\u00e1 podpora, nen\u00ed podpora n\u00e1s. Mn\u011b se ofici\u00e1ln\u011b \u0159\u00edk\u00e1 neform\u00e1ln\u00ed pe\u010duj\u00edc\u00ed, kdy\u017e pe\u010duju o d\u00edt\u011b s handicapem.<br \/><br \/>Martin Veselovsk\u00fd, moder\u00e1tor<br \/>&#8212;&#8212;&#8212;&#8212;&#8212;&#8212;&#8211;<br \/>Pardon, jak neform\u00e1ln\u00ed?<br \/><br \/>Jindra Landov\u00e1, autorka, V\u00fdtahy do \u0161kol<br \/>&#8212;&#8212;&#8212;&#8212;&#8212;&#8212;&#8211;<br \/>Neform\u00e1ln\u00ed pe\u010duj\u00edc\u00ed je \u010dlov\u011bk, kter\u00fd se star\u00e1 o osobu bl\u00edzkou.<br \/><br \/>Martin Veselovsk\u00fd, moder\u00e1tor<br \/>&#8212;&#8212;&#8212;&#8212;&#8212;&#8212;&#8211;<br \/>Terminus technicus v soci\u00e1ln\u00edch slu\u017eb\u00e1ch.<br \/><br \/>Jindra Landov\u00e1, autorka, V\u00fdtahy do \u0161kol<br \/>&#8212;&#8212;&#8212;&#8212;&#8212;&#8212;&#8211;<br \/>To je terminus technicus, ale kter\u00fd vlastn\u011b nem\u00e1 n\u011bjak\u00fd ukotven\u00ed v z\u00e1kon\u011b.<br \/><br \/>Martin Veselovsk\u00fd, moder\u00e1tor<br \/>&#8212;&#8212;&#8212;&#8212;&#8212;&#8212;&#8211;<br \/>Jo.<br \/><br \/>Jindra Landov\u00e1, autorka, V\u00fdtahy do \u0161kol<br \/>&#8212;&#8212;&#8212;&#8212;&#8212;&#8212;&#8211;<br \/>Nebo u\u017e tro\u0161ku za\u010d\u00edn\u00e1, ale je\u0161t\u011b moc ne. Tak\u017ee lidi jako j\u00e1, kte\u0159\u00ed maj\u00ed je\u0161t\u011b t\u0159eba se staraj\u00ed o d\u011bti, kter\u00fd jsou je\u0161t\u011b mnohem v\u00edc\u00a0<strong>posti\u017een\u00fd<\/strong>\u00a0a nem\u016f\u017eou pracovat, tak nemaj\u00ed v\u016fbec \u017e\u00e1dnou podporu od st\u00e1tu. Nemaj\u00ed n\u00e1rok na d\u016fchod, na dovolenou. A p\u0159itom je to pr\u00e1ce 24 hodin denn\u011b opravdu t\u011b\u017ek\u00e1. A ty lidi kon\u010dej opravdu \u0161patn\u011b. A zn\u00e1m spoustu pe\u010duj\u00edc\u00edch, kte\u0159\u00ed po 20, 30 letech p\u00e9\u010de kon\u010d\u00ed prost\u011b s rakovinama, s t\u011b\u017ek\u00fdma onemocn\u011bn\u00edma.<br \/><br \/>Martin Veselovsk\u00fd, moder\u00e1tor<br \/>&#8212;&#8212;&#8212;&#8212;&#8212;&#8212;&#8211;<br \/>Ch\u00e1pu.<br \/><br \/>Jindra Landov\u00e1, autorka, V\u00fdtahy do \u0161kol<br \/>&#8212;&#8212;&#8212;&#8212;&#8212;&#8212;&#8211;<br \/>Ale nem\u016f\u017eou stonat, proto\u017ee se mus\u00ed starat.<br \/><br \/>Martin Veselovsk\u00fd, moder\u00e1tor<br \/>&#8212;&#8212;&#8212;&#8212;&#8212;&#8212;&#8211;<br \/>Tohle to je dal\u0161\u00ed citace z va\u0161ich text\u016f. Neust\u00e1le nar\u00e1\u017e\u00edm na bari\u00e9ry, kter\u00e9 pramen\u00ed z toho, \u017ee lid\u00e9 nev\u011bd\u00ed, \u017ee netu\u0161\u00ed, jak se \u017eije takov\u00fdm rodin\u00e1m, jako je ta na\u0161e. M\u016f\u017eete to rozv\u00e9st?<br \/><br \/>Jindra Landov\u00e1, autorka, V\u00fdtahy do \u0161kol<br \/>&#8212;&#8212;&#8212;&#8212;&#8212;&#8212;&#8211;<br \/>Jo, jako vy, kdy\u017e m\u00e1te d\u011bti, tak je d\u00e1te do \u0161koly, tak j\u00e1 t\u0159eba nem\u016f\u017eu naj\u00edt \u0161kolu. Chcete, aby chodili na n\u011bjak\u00fd krou\u017eek, j\u00e1 nem\u016f\u017eu sehnat krou\u017eek. Chcete v l\u00e9t\u011b, aby d\u00edt\u011b jelo na t\u00e1bor, tam my zrovna m\u00e1me \u0161t\u011bst\u00ed, \u017ee dcera m\u00e1 jet kam na t\u00e1bor, ale spoustu jako jinejch ne. Pot\u0159ebuju pro ni n\u011bjak\u00fd pom\u016fcky. Ty, kter\u00fd jsou pro ni vhodn\u00fd, poji\u0161\u0165ovna nepropl\u00e1c\u00ed. V\u0161echno je vlastn\u011b stra\u0161n\u011b finan\u010dn\u011b n\u00e1ro\u010dn\u00fd.<br \/><br \/>Martin Veselovsk\u00fd, moder\u00e1tor<br \/>&#8212;&#8212;&#8212;&#8212;&#8212;&#8212;&#8211;<br \/>Poji\u0161\u0165ovna nepropl\u00e1c\u00ed?<br \/><br \/>Jindra Landov\u00e1, autorka, V\u00fdtahy do \u0161kol<br \/>&#8212;&#8212;&#8212;&#8212;&#8212;&#8212;&#8211;<br \/>N\u011bkter\u00fd pom\u016fcky ne. T\u0159eba my konkr\u00e9tn\u011b m\u00e1me takov\u00fd speci\u00e1ln\u00ed ort\u00e9zy, pro kter\u00fd si jezd\u00edme do Rakouska. A tam, proto\u017ee to je dodavatel ze zahrani\u010d\u00ed, ale v \u010cech\u00e1ch takov\u00fd dodavatel neexistuje, tak nem\u00e1me v\u016fbec n\u00e1rok. A jedny ort\u00e9zy, na kter\u00fd my m\u00e1me na rok, stoj\u00ed 160 000.<br \/><br \/>Martin Veselovsk\u00fd, moder\u00e1tor<br \/>&#8212;&#8212;&#8212;&#8212;&#8212;&#8212;&#8211;<br \/>A ty nem\u00e1te n\u00e1rok, proto\u017ee dcera roste.<br \/><br \/>Jindra Landov\u00e1, autorka, V\u00fdtahy do \u0161kol<br \/>&#8212;&#8212;&#8212;&#8212;&#8212;&#8212;&#8211;<br \/>Ano.<br \/><br \/>Martin Veselovsk\u00fd, moder\u00e1tor<br \/>&#8212;&#8212;&#8212;&#8212;&#8212;&#8212;&#8211;<br \/>Jasn\u011b. K tomu vzd\u011bl\u00e1vac\u00edmu syst\u00e9mu a ke \u0161kol\u00e1m, proto\u017ee za chv\u00edli se dostaneme i k va\u0161emu projektu, V\u00fdtahy do \u0161kol. A jako jak to vlastn\u011b bylo \u00fapln\u011b na za\u010d\u00e1tku, kdy\u017e m\u011bla dcera vstoupit do vzd\u011bl\u00e1vac\u00edho syst\u00e9mu jako do \u0161kolky?<br \/><br \/>Jindra Landov\u00e1, autorka, V\u00fdtahy do \u0161kol<br \/>&#8212;&#8212;&#8212;&#8212;&#8212;&#8212;&#8211;<br \/>My jsme je\u0161t\u011b, j\u00e1 m\u00e1m man\u017eela Brazilce. A ob\u011b d\u011bti se narodily v Belgii. My jsme \u017eili v Belgii. A kdy\u017e jsme se dozv\u011bd\u011bli diagn\u00f3zu, tak jsme se rozhodli vr\u00e1tit do \u010cech, proto\u017ee j\u00e1 jsem si neum\u011bla p\u0159edstavit, \u017ee budu \u017e\u00edt n\u011bkde v zahrani\u010d\u00ed a nebudu rozum\u011bt, jak to tam chod\u00ed a podobn\u011b. Tak\u017ee jsme se p\u0159est\u011bhovali do \u010cech, hledali jsme \u0161kolku. A j\u00e1 jsem na\u0161la \u0161kolku, kdy\u017e jsme se p\u0159est\u011bhovali, kde bylo voln\u00e9 m\u00edsto. Oni ty voln\u00fd m\u00edsta v pr\u016fb\u011bhu roku moc nejsou. Ale tam jsem \u0161la. Pan\u00ed \u0159editelka dceru vid\u011bla. A pak najednou voln\u00fd m\u00edsto nebylo. A ona mi \u0159ekla, \u017ee m\u00e1m d\u00e1t dceru do speci\u00e1ln\u00ed \u0161koly. Tak j\u00e1 jsem je\u0161t\u011b tenkr\u00e1t jako nev\u011bd\u011bla, co to znamen\u00e1. Tak jsem volala do speci\u00e1ln\u00ed \u0161koly, a kdy\u017e se dozv\u011bd\u011bli, \u017ee dcera m\u00e1 jenom fyzick\u00fd handicap, tak mi \u0159ekli, \u017ee jsem asi padla na hlavu, \u017ee tam v\u016fbec nepat\u0159\u00ed, \u017ee m\u00e1 j\u00edt do norm\u00e1ln\u00edch \u0161kol.<br \/><br \/>Martin Veselovsk\u00fd, moder\u00e1tor<br \/>&#8212;&#8212;&#8212;&#8212;&#8212;&#8212;&#8211;<br \/>A speci\u00e1ln\u00ed \u0161kola je?<br \/><br \/>Jindra Landov\u00e1, autorka, V\u00fdtahy do \u0161kol<br \/>&#8212;&#8212;&#8212;&#8212;&#8212;&#8212;&#8211;<br \/>Tam jsou d\u011bti t\u0159eba s t\u011b\u017ekejma jako kombinovan\u00fdma\u00a0<strong>posti\u017een\u00fdma<\/strong>, kter\u00fd opravdu t\u0159eba jenom le\u017eej a neum\u00ed jako nedok\u00e1\u017eou komunikovat.<br \/><br \/>Martin Veselovsk\u00fd, moder\u00e1tor<br \/>&#8212;&#8212;&#8212;&#8212;&#8212;&#8212;&#8211;<br \/>A ta argumentace zrovna t\u00e9 pan\u00ed \u0159editelky, t\u00e9 norm\u00e1ln\u00ed \u0161kolky byla jak\u00e1?<br \/><br \/>Jindra Landov\u00e1, autorka, V\u00fdtahy do \u0161kol<br \/>&#8212;&#8212;&#8212;&#8212;&#8212;&#8212;&#8211;<br \/>Jak\u00e1 \u017e\u00e1dn\u00e1, ona se mnou nekomunikovala. To je, n\u011bkte\u0159\u00ed lid\u00e9 se toho pr\u00e1v\u011b proto, \u017ee to neznaj\u00ed a ty lidi jsou tak vy\u010dle\u0148ovan\u00fd, tak oni se to hodn\u011b lid\u00ed bojej, jako nemaj\u00ed.<br \/><br \/>Martin Veselovsk\u00fd, moder\u00e1tor<br \/>&#8212;&#8212;&#8212;&#8212;&#8212;&#8212;&#8211;<br \/>Dok\u00e1\u017eete to pochopit?<br \/><br \/>Jindra Landov\u00e1, autorka, V\u00fdtahy do \u0161kol<br \/>&#8212;&#8212;&#8212;&#8212;&#8212;&#8212;&#8211;<br \/>Asi to dok\u00e1\u017eu pochopit. J\u00e1 jsem, ne\u017e se mi narodila dcera, tak jsem taky v\u016fbec vlastn\u011b. J\u00e1 m\u00e1m teda sestru s lehk\u00fdm fyzick\u00fdm handicapem, tak\u017ee se n\u011bjak, n\u011bjak\u00fdm zp\u016fsobem v tom pohybuju, ale to je opravdu lehkej handicap. Ale taky jsem to d\u0159\u00edv v\u016fbec neznala. A nev\u011bd\u011bla jsem, nikdy jsem nem\u011bla spolu\u017e\u00e1ka na voz\u00edku nebo kamar\u00e1da.<br \/><br \/>Martin Veselovsk\u00fd, moder\u00e1tor<br \/>&#8212;&#8212;&#8212;&#8212;&#8212;&#8212;&#8211;<br \/>No, a jak to dopadlo p\u0159ed lety s tou \u0161kolkou?<br \/><br \/>Jindra Landov\u00e1, autorka, V\u00fdtahy do \u0161kol<br \/>&#8212;&#8212;&#8212;&#8212;&#8212;&#8212;&#8211;<br \/>My jsme na\u0161li soukromou \u0161kolu, \u0161kolku. A kdy\u017e \u0161la do, vlastn\u011b, kdy\u017e byla p\u0159ed\u0161kol\u00e1k, tak j\u00ed vzali do jedn\u00e9 takov\u00e9 integra\u010dn\u00ed \u0161kolce. Pak ale byl probl\u00e9m s hled\u00e1n\u00edm prvn\u00edho stupn\u011b. To j\u00e1 jsem oslovila p\u011bt \u0161kol. To jsme bydleli v Praze na H\u00e1j\u00edch. A v\u0161ude m\u011b poslali do h\u00e1je. \u017de kdy\u017e jsem \u0161la do sp\u00e1dov\u00fd \u0161koly, co\u017e byla ta p\u00e1t\u00e1 \u0161kola. A pan\u00ed \u0159editelka mi \u0161la uk\u00e1zat schody, \u017ee jak to budeme d\u011blat. Tak jsem j\u00ed \u0159ekla, \u017ee u\u017e jsem schody vid\u011bla, \u017ee mockr\u00e1t d\u011bkuju a \u0161la jsem dom\u016f bre\u010det, kde jsem bre\u010dela dva dny.<br \/><br \/>Martin Veselovsk\u00fd, moder\u00e1tor<br \/>&#8212;&#8212;&#8212;&#8212;&#8212;&#8212;&#8211;<br \/>A ta sp\u00e1dov\u00e1 \u0161kola jako krom\u011b mnoha jin\u00fdch v\u011bc\u00ed, ona m\u00e1 p\u0159ece za povinnost jako to d\u00edt\u011b z t\u00e9 sp\u00e1dov\u00e9 oblasti vz\u00edt. Tam nebyl v\u00fdtah?<br \/><br \/>Jindra Landov\u00e1, autorka, V\u00fdtahy do \u0161kol<br \/>&#8212;&#8212;&#8212;&#8212;&#8212;&#8212;&#8211;<br \/>Ne, tam nebyl v\u00fdtah. Teoreticky tady vlastn\u011b pr\u00e1va rodi\u010d\u016f, jako jsem j\u00e1, existuj\u00ed. Ale v praxi jsou n\u011bkdy nevymahateln\u00e1. Pokud to nen\u00ed jako v\u016fle.<br \/><br \/>Martin Veselovsk\u00fd, moder\u00e1tor<br \/><br \/>&#8212;&#8212;&#8212;&#8212;&#8212;&#8212;&#8211;<br \/>Jako t\u0159eba jako jak\u00e1 pr\u00e1va?<br \/><br \/>Jindra Landov\u00e1, autorka, V\u00fdtahy do \u0161kol<br \/>&#8212;&#8212;&#8212;&#8212;&#8212;&#8212;&#8211;<br \/>Jako, \u017ee to d\u00edt\u011b sp\u00e1dov\u00e1 \u0161kola prost\u011b mus\u00ed p\u0159ijmout.<br \/><br \/>Martin Veselovsk\u00fd, moder\u00e1tor<br \/>&#8212;&#8212;&#8212;&#8212;&#8212;&#8212;&#8211;<br \/>Rozum\u00edm, ch\u00e1pu.<br \/><br \/>Jindra Landov\u00e1, autorka, V\u00fdtahy do \u0161kol<br \/>&#8212;&#8212;&#8212;&#8212;&#8212;&#8212;&#8211;<br \/>No, ale kdy\u017e oni s t\u00edm nejsou ochotn\u00fd nic d\u011blat, tak vy zase nechcete d\u00e1vat d\u00edt\u011b do \u0161koly, kde teda se nebude m\u00edt jak moc pohybovat, nebo v\u00e1m \u0159eknou, ale nedostane se do j\u00eddelny. Tak u\u017e vlastn\u011b bude vy\u010dlen\u011bn\u00fd z toho kolektivu. A j\u00e1 taky chci, aby moje \u0161kola, moje dcera chodila do \u0161koly, kde bude p\u0159ij\u00edman\u00e1, kde j\u00ed bude dob\u0159e.<br \/><br \/>Martin Veselovsk\u00fd, moder\u00e1tor<br \/>&#8212;&#8212;&#8212;&#8212;&#8212;&#8212;&#8211;<br \/>Jasn\u011b.<br \/><br \/>Jindra Landov\u00e1, autorka, V\u00fdtahy do \u0161kol<br \/>&#8212;&#8212;&#8212;&#8212;&#8212;&#8212;&#8211;<br \/>A ne n\u011bkde, kde nebude moct j\u00edt se spolu\u017e\u00e1kama na ob\u011bd.<br \/><br \/>Martin Veselovsk\u00fd, moder\u00e1tor<br \/>&#8212;&#8212;&#8212;&#8212;&#8212;&#8212;&#8211;<br \/>M\u00e1m pocit jako, \u017ee je mo\u017en\u00e1 jako prav\u00e1 chv\u00edle na to pustit si video, kter\u00fdm uvozujete vlastn\u011b cel\u00fd projekt. V\u00fdtahy do \u0161kol.<br \/><br \/>Martin Veselovsk\u00fd, moder\u00e1tor<br \/>&#8212;&#8212;&#8212;&#8212;&#8212;&#8212;&#8211;<br \/>\/Uk\u00e1zka\/<br \/><br \/>Martin Veselovsk\u00fd, moder\u00e1tor<br \/>&#8212;&#8212;&#8212;&#8212;&#8212;&#8212;&#8211;<br \/>Vy u\u017e jste zjevn\u011b p\u00e1rkr\u00e1t tenhle ten klip vid\u011bla. No, jednak teda, pro\u010d maj\u00ed kukly ty chlapi?<br \/><br \/>Jindra Landov\u00e1, autorka, V\u00fdtahy do \u0161kol<br \/>&#8212;&#8212;&#8212;&#8212;&#8212;&#8212;&#8211;<br \/>No, m\u011b kdy\u017e tohle napadlo, tak jsem si \u0159\u00edkala, \u017ee by bylo fajn, \u017ee by to bylo cool, by ji tam jako vyneslo n\u011bjak\u00e1 jak\u00e1 urna nebo komando. No, vypadaj\u00ed tak. A j\u00e1 v\u00e1m te\u010fka, \u017ee jste to, vy n\u011bco prozrad\u00edm, kdo to je. Tohle v\u0161echno jsou pe\u010duj\u00edc\u00ed tat\u00ednci. To jsou tat\u00ednci, kte\u0159\u00ed maj\u00ed taky d\u00edt\u011b s handicapem. A j\u00e1 jsem je oslovila, jestli by mi nepomohli nato\u010dit tenhle klip. A oni byli tak laskav\u00ed, \u017ee se sjeli vlastn\u011b zdaleka zbl\u00edzka a p\u0159ijeli v tom sv\u00fdm nabit\u00e9m \u010dase. A vid\u00edte, jak maj\u00ed ty svaly, tak to fakt nejsou kluci z posilovny.<br \/><br \/>Martin Veselovsk\u00fd, moder\u00e1tor<br \/>&#8212;&#8212;&#8212;&#8212;&#8212;&#8212;&#8211;<br \/>Pr\u00e1v\u011b chci \u0159\u00edct, \u017ee jako sice pe\u010duj\u00edc\u00ed tat\u00ednci, ale jako nakonec jako j\u00e1 bych se b\u00e1l to, \u017ee to jsou jako lidi z urny.<br \/><br \/>Jindra Landov\u00e1, autorka, V\u00fdtahy do \u0161kol<br \/>&#8212;&#8212;&#8212;&#8212;&#8212;&#8212;&#8211;<br \/>No, a oni maj\u00ed asi ty svaly z toho, jak nosej ty d\u011bti, proto\u017ee jsou v\u0161ude bari\u00e9ry, tak je na voz\u00edku mus\u00ed v\u0161ude p\u0159en\u00e1\u0161et, tak z toho maj\u00ed asi tady ty svaly.<br \/><br \/>Martin Veselovsk\u00fd, moder\u00e1tor<br \/>&#8212;&#8212;&#8212;&#8212;&#8212;&#8212;&#8211;<br \/>No, to je takovej jako zaj\u00edmavej vedlej\u0161\u00ed efekt, bez kter\u00fdho by se m\u00e1m pocit, jako r\u00e1di obe\u0161li. Ale, no, a te\u010f k t\u00e9 podstat\u011b v\u011bci. Jako jak vlastn\u011b byste si p\u0159edstavovala, \u017ee by to ide\u00e1ln\u011b \u0161kola, kter\u00e1, jak jste \u0159\u00edkala, kdy\u017e jste sh\u00e1n\u011bli prvn\u00ed stupe\u0148 pro va\u0161\u00ed dceru. M\u00e1 jenom schody a nem\u00e1 ten v\u00fdtah. Jak by to vlastn\u011b m\u011bla ud\u011blat, aby jako dodr\u017eela ten p\u0159edpis, \u017ee prost\u011b to sp\u00e1dov\u00e9 d\u00edt\u011b prost\u011b k sob\u011b vezme?<br \/><br \/>Jindra Landov\u00e1, autorka, V\u00fdtahy do \u0161kol<br \/>&#8212;&#8212;&#8212;&#8212;&#8212;&#8212;&#8211;<br \/>No, j\u00e1 nev\u00edm, jak ona by to m\u011bla ud\u011blat. J\u00e1 v\u00edm, \u017ee j\u00e1 bych to \u0159e\u0161it nem\u011bla. A ta \u0161kola u\u017e to m\u011bla d\u00e1vno vy\u0159e\u0161it t\u00edm, \u017ee m\u00e1 b\u00fdt bezbari\u00e9rov\u00e1. \u010cesk\u00e1 republika v tomhle m\u00e1 n\u011bjak\u00fd mezin\u00e1rodn\u00ed vlastn\u011b z\u00e1vazky. Na z\u00e1klad\u011b Evropsk\u00fd unie, OSN, jsou n\u011bjak\u00fd \u00famluvy lid\u00ed, pr\u00e1v s posti\u017een\u00edm. A \u010cesk\u00e1 republika jim v\u016fbec nedost\u00e1v\u00e1. Tak\u017ee norm\u00e1ln\u00ed to bejv\u00e1 tak, \u017ee na t\u0159eba m\u011bstsk\u00fd \u010d\u00e1sti v okrese maj\u00ed b\u00fdt aspo\u0148 n\u011bjak\u00fd bezbari\u00e9rov\u00fd \u0161koly. A vlastn\u011b je to i na ka\u017ed\u00e9m \u0159editeli, aby se o tohle to staral. A p\u0159esn\u011b dneska u\u017e je rok 2024. A my je\u0161t\u011b po\u0159\u00e1d se tady jako bav\u00edme o tom, \u017ee lidi na voz\u00edku se nedostanou do \u0161koly. A ono se to net\u00fdk\u00e1 jenom t\u011bch \u017e\u00e1k\u016f. Ono se to t\u00fdk\u00e1 i t\u0159eba ostatn\u00edch d\u011bt\u00ed po \u00farazech, zam\u011bstnanc\u016f, kte\u0159\u00ed m\u016f\u017eou m\u00edt n\u011bjak\u00fd handicap. Voli\u010d\u016f, kte\u0159\u00ed chod\u00ed k volb\u00e1m. Jo, rodi\u010d\u016f, kte\u0159\u00ed chod\u00ed na t\u0159\u00eddn\u00ed sch\u016fzky. Tak\u017ee to je opravdu pot\u0159eba. A t\u0159eba nap\u0159\u00edklad ve \u0160v\u00e9dsku je to tak, \u017ee u\u017e prost\u011b ze z\u00e1kona ka\u017ed\u00e1 ve\u0159ejn\u00e1 instituce mus\u00ed b\u00fdt bezbari\u00e9rov\u00e1.<br \/><br \/>Martin Veselovsk\u00fd, moder\u00e1tor<br \/>&#8212;&#8212;&#8212;&#8212;&#8212;&#8212;&#8211;<br \/>\u0158\u00edkala jste, \u017ee te\u010f m\u00e1te probl\u00e9m se sh\u00e1n\u011bn\u00edm druh\u00e9ho stupn\u011b. Kdy\u017e zase z va\u0161eho blogu ocituju dotaz pan\u00ed \u0159editelky, kdy\u017e jste sh\u00e1n\u011bli tehdy prvn\u00ed stupe\u0148, tak bylo prvn\u00ed a druhou t\u0159\u00eddu by to asi n\u011bjak \u0161lo, ale pak u\u017e ne. Uzdrav\u00ed se dcera do t\u00e9 doby? A jak to bude d\u011blat s t\u011bmi schody, tak to bylo p\u0159ed p\u00e1r lety. Jako s \u010d\u00edm se potk\u00e1v\u00e1te te\u010f?<br \/><br \/>Jindra Landov\u00e1, autorka, V\u00fdtahy do \u0161kol<br \/>&#8212;&#8212;&#8212;&#8212;&#8212;&#8212;&#8211;<br \/>J\u00e1 jsem oslovila vlastn\u011b te\u010fka na\u0161\u00ed sp\u00e1dovou \u0161kolu, proto\u017ee dcera chod\u00ed do jin\u00e9 \u0161koly, ne\u017e je sp\u00e1dov\u00e1, proto\u017ee to byla nejmen\u0161\u00ed \u0161kola v m\u00edst\u011b na\u0161eho bydli\u0161t\u011b a je\u0161t\u011b hodn\u011b takov\u00e1 integra\u010dn\u00ed, inkluzivn\u00ed. A kde je dcera moc spokojen\u00e1. Ale vid\u011bli jsme, \u017ee to bude jenom na prvn\u00ed stupe\u0148. A tak jsem cht\u011bla tady pokra\u010dovat v t\u00fd na\u0161\u00ed sp\u00e1dov\u00fd. No, a tam jsme byli p\u0159ijat\u00fd velmi mile, \u017ee dceru velmi r\u00e1di p\u0159ijmou. To bylo jako p\u0159ekvapen\u00ed, proto\u017ee j\u00e1 jsem zase byla p\u0159ipraven\u00e1, \u017ee n\u00e1s odm\u00edtnou, oni n\u00e1s p\u0159ijali. Ale pak \u0161li za z\u0159izovatelem a z\u0159izovatel ale teda jsou barov\u00fd, nemaj\u00ed v\u00fdtah a \u0161li za z\u0159izovatelem. A z\u0159izovatel \u0159ekl ok, ale j\u00e1 na to nem\u00e1m pen\u00edze, abych tady n\u011bjak\u00fd v\u00fdtah vybudoval.<br \/><br \/>Martin Veselovsk\u00fd, moder\u00e1tor<br \/>&#8212;&#8212;&#8212;&#8212;&#8212;&#8212;&#8211;<br \/>A z\u0159izovatel je m\u011bstsk\u00e1 \u010d\u00e1st.<br \/><br \/>Jindra Landov\u00e1, autorka, V\u00fdtahy do \u0161kol<br \/>&#8212;&#8212;&#8212;&#8212;&#8212;&#8212;&#8211;<br \/>M\u011bstsk\u00e1 \u010d\u00e1st Praha 13.<br \/><br \/>Martin Veselovsk\u00fd, moder\u00e1tor<br \/>&#8212;&#8212;&#8212;&#8212;&#8212;&#8212;&#8211;<br \/>Tak\u017ee co bude?<br \/><br \/>Jindra Landov\u00e1, autorka, V\u00fdtahy do \u0161kol<br \/>&#8212;&#8212;&#8212;&#8212;&#8212;&#8212;&#8211;<br \/>No, to by m\u011b taky zaj\u00edmalo, co bude. J\u00e1 jsem, j\u00e1 nev\u00edm, kde se to ve mn\u011b sebralo. J\u00e1 jsem je oslovila v kv\u011btnu, co\u017e j\u00e1 j\u00e1 jsem je teda oslovila, u\u017e kdy\u017e dcera \u0161la na ten prvn\u00ed stupe\u0148. Tak\u017ee oni v\u011bd\u00ed, \u017ee tam tu \u017ea\u010dku na voz\u00edku maj a \u017ee to budou muset \u0159e\u0161it, kdy\u017e st\u00e1vaj\u00edc\u00ed \u0161kola m\u00e1 jenom prvn\u00ed stupe\u0148. Tak\u017ee to nen\u00ed tak, \u017ee by to bylo t\u00fd m\u011bstsk\u00fd \u010d\u00e1sti nezn\u00e1m\u00fd. A j\u00e1 jsem tam nakr\u00e1\u010dela, \u0159ekla jsem, \u017ee ty pen\u00edze se\u017eenu. Jestli si je probl\u00e9m jenom finance, tak finance nejsou probl\u00e9m, \u017ee j\u00e1 to se\u017eenu, proto\u017ee p\u016fsob\u00edm v neziskov\u00e9m sektoru. V\u011bnuju se tro\u0161ku fundraisnku, tak jsem si \u0159ekla, \u017ee to n\u011bjak d\u00e1m, ale tvrd\u011b jsem narazila.<br \/><br \/>Martin Veselovsk\u00fd, moder\u00e1tor<br \/>&#8212;&#8212;&#8212;&#8212;&#8212;&#8212;&#8211;<br \/>Na co?<br \/><br \/>Jindra Landov\u00e1, autorka, V\u00fdtahy do \u0161kol<br \/>&#8212;&#8212;&#8212;&#8212;&#8212;&#8212;&#8211;<br \/>No, na dva probl\u00e9my, \u017ee j\u00e1 nejsem kone\u010dn\u00fd p\u0159\u00edjemce v\u00fdtahu. Vlastn\u011b tam je \u0161kola a je\u0161t\u011b z\u0159izovatel. Tak\u017ee i t\u0159eba nadace, pro nadace to byl probl\u00e9m, pro firmy. A dal\u0161\u00ed probl\u00e9m, kterej je, tak prost\u011b i t\u0159eba firemn\u00ed d\u00e1rci si mysl\u00ed, \u017ee by to m\u011bl platit st\u00e1t a ne, aby na to p\u0159isp\u00edval.<br \/><br \/>Martin Veselovsk\u00fd, moder\u00e1tor<br \/>&#8212;&#8212;&#8212;&#8212;&#8212;&#8212;&#8211;<br \/>To vlastn\u011b mo\u017en\u00e1 nen\u00ed jako \u00fapln\u011b \u0161patn\u00fd n\u00e1zor.<br \/><br \/>Jindra Landov\u00e1, autorka, V\u00fdtahy do \u0161kol<br \/>&#8212;&#8212;&#8212;&#8212;&#8212;&#8212;&#8211;<br \/>Ne, j\u00e1 se s n\u00edm zcela ztoto\u017e\u0148uju. J\u00e1 si to taky mysl\u00edm. Kor kdy\u017e na cel\u00fd m\u011bstsk\u00fd \u010d\u00e1sti nen\u00ed ani jedna \u0161kola zcela bez bari\u00e9r.<br \/><br \/>Martin Veselovsk\u00fd, moder\u00e1tor<br \/>&#8212;&#8212;&#8212;&#8212;&#8212;&#8212;&#8211;<br \/>No, a ten projekt V\u00fdtah do \u0161kol, tak jako co by m\u011bl ud\u011blat, co by jako bylo jeho spr\u00e1vn\u00fdm v\u00fdsledkem?<br \/><br \/>Jindra Landov\u00e1, autorka, V\u00fdtahy do \u0161kol<br \/>&#8212;&#8212;&#8212;&#8212;&#8212;&#8212;&#8211;<br \/>Aby se o tom t\u00e9matu tro\u0161ku v\u00edc za\u010dalo mluvit a n\u011bco se s t\u00edm d\u011blat. T\u0159eba v Praze existujou u\u017e dv\u011b m\u011bstsk\u00fd \u010d\u00e1sti, Praha 1 a Praha 6, kde maj\u00ed \u010dlov\u011bka u\u017e p\u0159\u00edmo na bezbari\u00e9rovost. Ono je to te\u010fka za\u010d\u00edn\u00e1 b\u00fdt tro\u0161ku v\u00edc sexy t\u00e9ma, ale bohu\u017eel pro n\u011bkter\u00fd politiky to st\u00e1le je\u0161t\u011b t\u00e9ma nen\u00ed, proto\u017ee za to nejsou politick\u00fd body. Tak\u017ee j\u00e1 i t\u00edm, \u017ee rozvi\u0159uju to t\u00e9ma, tak j\u00e1 douf\u00e1m, \u017ee lidi se budou v\u00edc sv\u00fdch politik\u016f pt\u00e1t. A co d\u011bl\u00e1te pro lidi s handicapy? Co d\u011bl\u00e1te pro bezbari\u00e9rovost? Proto\u017ee ta bezbari\u00e9rovost se t\u00fdk\u00e1 opravdu jako ka\u017ed\u00fdho z n\u00e1s. Ka\u017ed\u00fd n\u011bkdy m\u00e1 t\u0159eba mal\u00fd d\u00edt\u011b v ko\u010d\u00e1rku, tak pot\u0159ebujete m\u00edt p\u0159\u00edstupn\u00fd, ale ten ko\u010d\u00e1rek zvednete a kdy\u017e tak p\u0159ejdete ty schody.<br \/><br \/>Martin Veselovsk\u00fd, moder\u00e1tor<br \/>&#8212;&#8212;&#8212;&#8212;&#8212;&#8212;&#8211;<br \/>Ten voz\u00edk je trochu jin\u00fd a jin\u00fd p\u0159\u00edb\u011bh.<br \/><br \/>Jindra Landov\u00e1, autorka, V\u00fdtahy do \u0161kol<br \/>&#8212;&#8212;&#8212;&#8212;&#8212;&#8212;&#8211;<br \/>Ka\u017ed\u00fdmu se stane \u00faraz. A je\u0161t\u011b jak st\u00e1rne populace, tak sta\u0159\u00ed lid\u00e9 taky maj\u00ed probl\u00e9my se schody. Tak\u017ee to fakt jako je. Je to opravdu t\u00e9ma pro v\u0161echny.<br \/><br \/>Martin Veselovsk\u00fd, moder\u00e1tor<br \/>&#8212;&#8212;&#8212;&#8212;&#8212;&#8212;&#8211;<br \/>Co v\u00e1m na tuhle iniciativu teda krom\u011b toho, \u017ee u\u017e jako \u017ee je na v\u00e1s dcera na\u0161tvan\u00e1, proto\u017ee jste j\u00ed p\u0159im\u011bla fungovat v tom a \u00fa\u010dinkovat v tom videu. Jako co ona vlastn\u011b na to, co vy d\u011bl\u00e1te, jak\u00fdm zp\u016fsobem komunikujete cel\u00e9 to t\u00e9ma, co ona v\u00e1m na to \u0159\u00edk\u00e1?<br \/><br \/>Jindra Landov\u00e1, autorka, V\u00fdtahy do \u0161kol<br \/>&#8212;&#8212;&#8212;&#8212;&#8212;&#8212;&#8211;<br \/>No, te\u010fka aktu\u00e1ln\u011b u\u017e j\u00ed to \u0161tve. Ona u\u017e nechce, prost\u011b nechce se t\u00edm zab\u00fdv\u00e1. Chce z\u016fstat v nast\u00e1vaj\u00edc\u00ed \u0161kole, co\u017e jako nejde, je tam jenom prvn\u00ed stupe\u0148. A ona ze v\u0161eho nejv\u00edc si p\u0159eje b\u00fdt jako ostatn\u00ed. Ona chce prost\u011b zaplout a b\u00fdt takov\u00e1 nen\u00e1padn\u00e1, co\u017e na tom voz\u00edku se neda\u0159\u00ed. Tak\u017ee ona rozhodn\u011b nestoj\u00ed o n\u011bjakou jako extra pozornost a no.<br \/><br \/>Martin Veselovsk\u00fd, moder\u00e1tor<br \/>&#8212;&#8212;&#8212;&#8212;&#8212;&#8212;&#8211;<br \/>Vlastn\u011b asi se to d\u00e1 nazvat inkluz\u00ed. Jako, jak to funguje vlastn\u011b v t\u00e9 \u0161kole, jako, kam chod\u00ed jako? Vy jste to \u0159\u00edkala na za\u010d\u00e1tku na\u0161eho rozhovoru, \u017ee jako lid\u00e9 nejsou zvykl\u00ed, \u017ee by kolem nich vlastn\u011b byl n\u011bkdo na voz\u00edku s n\u011bjak\u00fdm handicapem a tak d\u00e1le. A proto vlastn\u011b o tom moc nev\u011bd\u00ed. Asi se ost\u00fdchaj\u00ed mnoha v\u011bc\u00ed, ale jejich spolu\u017e\u00e1ci vlastn\u011b jsou na to zvykl\u00ed, \u017ee tam je n\u011bkdo s voz\u00edkem prost\u011b a tak d\u00e1le.<br \/><br \/>Jindra Landov\u00e1, autorka, V\u00fdtahy do \u0161kol<br \/>&#8212;&#8212;&#8212;&#8212;&#8212;&#8212;&#8211;<br \/>Takhle to u\u017e potom funguje. Ono jezd\u00ed i na norm\u00e1ln\u00ed t\u00e1bory. Kdy\u017e to m\u00e1te, zn\u00e1te to odmali\u010dka. Tak pro ty d\u011bti je to \u00fapln\u011b norm\u00e1ln\u00ed. A\u0165 je ten handicap jak\u00fdkoliv, nebo a\u0165 je, oni maj\u00ed ve t\u0159\u00edd\u011b cizince t\u0159eba, nebo jsou tam nadan\u00e9 d\u011bti. Tak ka\u017ed\u00fd prost\u011b, ka\u017ed\u00fd to d\u00edt\u011b je n\u011bjak\u00fdm zp\u016fsobem jedine\u010dn\u00fd. A zrovna ono je na voz\u00edku, tak ji n\u011bkdo pom\u016f\u017ee ob\u010das n\u011bco podat, ob\u010das n\u011bco a je to \u00fapln\u011b norm\u00e1ln\u00ed. J\u00e1 m\u00e1m je\u0161t\u011b syna zdrav\u00fdho mlad\u0161\u00edho. A ten se pohybuje mezi r\u016fzn\u00fdmi d\u011btmi odmali\u010dka. A ten taky, ten m\u00e1 kamar\u00e1dy s poruchou autistick\u00e9ho spektra. Prost\u011b k\u00e1mo\u0161e na voz\u00edku a bere to \u00fapln\u011b norm\u00e1ln\u011b, \u00fapln\u011b p\u0159irozen\u011b.<br \/><br \/>Martin Veselovsk\u00fd, moder\u00e1tor<br \/>&#8212;&#8212;&#8212;&#8212;&#8212;&#8212;&#8211;<br \/>Jako vid\u00edm v\u00e1s tedy p\u0159ed sebou. Jako vy se usm\u00edv\u00e1te o tom, kdy\u017e o tom mluv\u00edte a tak d\u00e1le. Na druhou stranu si dok\u00e1\u017eu p\u0159edstavit vlastn\u011b jako, \u017ee kdy\u017e m\u00e1te za sebou ty zku\u0161enosti, jako kdy v\u00e1m od \u0159editelky, po obvodn\u00ed doktorku a tak d\u00e1le, lid\u00e9 \u0159\u00edkaj\u00ed, jako va\u0161e dcera vlastn\u011b nem\u016f\u017ee b\u00fdt sou\u010d\u00e1st\u00ed norm\u00e1ln\u011b toho kolektivu, proto\u017ee jsou tady schody nebo j\u00e1 nev\u00edm, cokoliv. Jako jste na\u0161tvan\u00e1?<br \/><br \/>Jindra Landov\u00e1, autorka, V\u00fdtahy do \u0161kol<br \/>&#8212;&#8212;&#8212;&#8212;&#8212;&#8212;&#8211;<br \/>N\u011bkdy jsem na\u0161tvan\u00e1, n\u011bkdy to nezvl\u00e1d\u00e1m. Zrovna te\u010fka jsem u\u017e stra\u0161n\u011b vy\u010derpan\u00e1. M\u00e1m n\u011bjak\u00fd zdravotn\u00ed probl\u00e9my. Ale j\u00e1 jsem asi bojovnice. A j\u00e1 jsem se rozhodla, \u017ee m\u011b to nepolo\u017e\u00ed, \u017ee m\u011b to naopak pos\u00edl\u00ed. Tak\u017ee m\u011b ka\u017ed\u00e1 takov\u00e1hle v\u011bc, i kdy\u017e zrovna te\u010fka t\u0159eba mi nen\u00ed dob\u0159e, proto\u017ee tenhle projekt v\u00fdtahy do \u0161kol mi bere v\u00edc energie, ne\u017e m\u00e1m. Tak ono m\u011b to v kone\u010dn\u00e9m d\u016fsledku n\u011bjak\u00fdm zp\u016fsobem zase pos\u00edl\u00ed a zase jako jdeme d\u00e1l. A je fascinuj\u00edc\u00ed b\u00fdt u toho, kdy\u017e se vlastn\u011b cel\u00fd to t\u00e9ma n\u011bjak posouv\u00e1 a.<br \/><br \/>Martin Veselovsk\u00fd, moder\u00e1tor<br \/>&#8212;&#8212;&#8212;&#8212;&#8212;&#8212;&#8211;<br \/>A posouv\u00e1 se? To by m\u011b zaj\u00edmalo.<br \/><br \/>Jindra Landov\u00e1, autorka, V\u00fdtahy do \u0161kol<br \/>&#8212;&#8212;&#8212;&#8212;&#8212;&#8212;&#8211;<br \/>N\u011bco se posouv\u00e1, n\u011bco se m\u011bn\u00ed. Sed\u00edm tady, vy tady m\u00e1te rozhovor s oby\u010dejnou m\u00e1mou, kdo by si to p\u0159edstavil p\u0159ed p\u00e1r lety.<br \/><br \/>Martin Veselovsk\u00fd, moder\u00e1tor<br \/>&#8212;&#8212;&#8212;&#8212;&#8212;&#8212;&#8211;<br \/>Jsem skoro jako cht\u011bl \u0159\u00edct, \u017ee jste neoby\u010dejn\u00e1 m\u00e1ma, s t\u00edm byste nesouhlasila. A do toho bysme se jenom blb\u011b zapletli. Ale j\u00e1 m\u00e1m je\u0161t\u011b, tu\u0161\u00edm, dv\u011b fotografie z va\u0161eho Instagramu. Ta prvn\u00ed fotka je z dolomit. To nen\u00ed ona, je\u0161t\u011b tu druhou jsem m\u011bl na mysli. A v tom p\u0159\u00edsp\u011bvku vlastn\u011b popisujete, jak\u00e9 to bylo u l\u00e9ka\u0159ky va\u0161\u00ed dcery, kter\u00e1 \u0159\u00edk\u00e1. P\u00ed\u0161u, \u017ee va\u0161e dcera nem\u016f\u017ee sportovat. \u0158\u00edk\u00e1 l\u00e9ka\u0159ka, chyst\u00e1 se to napsat do jednoho lejstra. A vy \u0159\u00edk\u00e1te, moje dcera m\u016f\u017ee sportovat. Odpov\u00edd\u00e1m l\u00e9ka\u0159ce, ano, a co m\u016f\u017ee d\u011blat vypt\u00e1v\u00e1 se d\u00e1le? Na to se nedalo odpov\u011bd\u011bt nic jin\u00e9ho ne\u017e v\u0161echno. M\u016f\u017ee d\u011blat v\u0161echno?<br \/><br \/>Jindra Landov\u00e1, autorka, V\u00fdtahy do \u0161kol<br \/>&#8212;&#8212;&#8212;&#8212;&#8212;&#8212;&#8211;<br \/>No, jasn\u011b.<br \/><br \/>Jindra Landov\u00e1, <br \/>Ona nem\u00e1 jako omezen\u00ed, co by nemohla. Ona to jenom m\u016f\u017ee d\u011blat v r\u00e1mci t\u011bch jej\u00edch, toho jej\u00edho, co m\u016f\u017ee. Tak\u017ee ona m\u016f\u017ee p\u0159esn\u011b, ona m\u016f\u017ee i l\u00edtat.<br \/><br \/>moder\u00e1tor<br \/>&#8212;&#8212;&#8212;&#8212;&#8212;&#8212;&#8211;<br \/>To je va\u0161e dcera ve v\u011btrn\u00e9m tunelu. U\u017eila si to?<br \/><br \/>Jindra Landov\u00e1, <br \/>U\u017eila si to \u00fapln\u011b. To bylo takov\u00fd spln\u011bn\u00fd p\u0159\u00e1n\u00ed jej\u00ed. J\u00e1 jsem moc r\u00e1da, \u017ee jsme dostali p\u0159\u00edle\u017eitost, vzali jsme tam 10 d\u011bt\u00ed s handicapem, ud\u011blali jsme pro n\u011b takovouhle n\u00e1dhernou akci a moje dcera tam chce d\u011blat instruktorku. Tak\u017ee nem\u016f\u017ee chodit, ale m\u016f\u017ee l\u00edtat, m\u016f\u017ee prost\u011b v\u0161echno.<br \/><br \/> moder\u00e1tor<br \/>&#8212;&#8212;&#8212;&#8212;&#8212;&#8212;&#8211;<br \/>To je super. No, mn\u011b vlastn\u011b, kdy\u017e jsem tohle to \u010detl jako od t\u00e9 l\u00e9ka\u0159ky, tak to znamen\u00e1, jako ona vlastn\u011b va\u0161\u00ed dceru podcenila nebo?<br \/><br \/>Jindra Landov\u00e1, <br \/>J\u00e1 si mysl\u00edm, \u017ee to je neznalost zase. Je to, byla to l\u00e9ka\u0159ka, kter\u00e1 n\u00e1m vypl\u0148ovala n\u011bjak\u00fd lejstr o tom, co m\u016f\u017ee a nem\u016f\u017ee. A v\u017edy\u0165 v\u00edte, \u017ee t\u0159eba paralympi\u00e1da, tak tam jsou vlastn\u011b handicapovan\u00fd sportovci. Tak by \u010dlov\u011bk \u0159ekl, \u017ee nem\u016f\u017eou n\u011bco d\u011blat, kdy\u017e, j\u00e1 nev\u00edm, nemaj\u00ed nohu nebo maj\u00ed n\u011bjak\u00fd jin\u00fd omezen\u00ed, nem\u016f\u017eou d\u011blat. Prost\u011b v\u0161echno, ale n\u011bco jenom n\u011bjak\u00fdm v r\u00e1mci jejich jako omezen\u00ed. Tak\u017ee to, \u017ee jste na voz\u00edku, v\u00e1s jako nelimituje v tom, v\u00e9st aktivn\u00ed a napln\u011bn\u00fd \u017eivot.<br \/><br \/>moder\u00e1tor<br \/>&#8212;&#8212;&#8212;&#8212;&#8212;&#8212;&#8211;<br \/>J\u00e1 jsem se u\u017e jednou ptal, jestli jako rozum\u00edte n\u011bkdy tomu, kdy\u017e n\u011bkdo jako v\u00e1m \u0159ekne, tohle asi \u00fapln\u011b nejde a tak d\u00e1le. Jako, kdy\u017e se s takovouhle reakc\u00ed jako potk\u00e1te, a to u\u017e je jedno, jestli ve vzd\u011bl\u00e1vac\u00edm syst\u00e9mu nebo n\u011bkde jinde. Jako je to lenost nebo?<br \/><br \/>Jindra Landov\u00e1, <br \/>Je to neznalost, a j\u00e1 j\u00ed pr\u00e1v\u011b.<br \/><br \/>moder\u00e1tor<br \/>&#8212;&#8212;&#8212;&#8212;&#8212;&#8212;&#8211;<br \/>Je to vlastn\u011b neznalost.<br \/><br \/>Jindra Landov\u00e1, <br \/>Je to neznalost. A j\u00e1 j\u00ed vlastn\u011b rozum\u00edm, tak\u017ee se na ty lidi nezlob\u00edm. Ale z\u00e1le\u017e\u00ed, kdo to je, kdo to \u0159\u00edk\u00e1 a jestli si to nech\u00e1 vysv\u011btlit. Tady jsem jenom l\u00e9ka\u0159ce odv\u011btila, \u017ee moje dcera m\u016f\u017ee d\u011blat v\u0161echno v r\u00e1mci jejich limit\u016f.<br \/><br \/> moder\u00e1tor<br \/>&#8212;&#8212;&#8212;&#8212;&#8212;&#8212;&#8211;<br \/>Napsala to do toho lejstra?<br \/><br \/>Jindra Landov\u00e1, <br \/>Jo, napsala. A tak samoz\u0159ejm\u011b j\u00e1, kdy\u017e ona jede, moje dcera jede na t\u00e1bor nebo na \u0161kolu v p\u0159\u00edrod\u011b, tak tam v\u011bd\u00ed, j\u00e1 ji tam nepos\u00edl\u00e1m, jako \u017ee bych jim neozn\u00e1mila, \u017ee je na voz\u00edku to. Tak\u017ee oni samoz\u0159ejm\u011b v\u011bd\u00ed, jak\u00fd m\u00e1 omezen\u00ed a n\u011bjak\u00fdm zp\u016fsobem s t\u00edm pracujeme. Ale, i kdy\u017e n\u011bkdo n\u011bco komentuje, n\u00e1m se hodn\u011b st\u00e1valo, my jsme j\u00ed dlouh\u00e9 roky nosili v nos\u00edtku, kdy\u017e jsme chodili na v\u00fdlety. A jej\u00ed mlad\u0161\u00ed br\u00e1cha vlastn\u011b b\u011bhal okolo. A ona jako velk\u00e1 holka byla v nos\u00edtku nebo se vozila v ko\u010d\u00e1rku, je\u0161t\u011b ne\u017e jsme m\u011bli voz\u00edk. Tak ty koment\u00e1\u0159e lid\u00ed, je\u017ei\u0161, ta je l\u00edn\u00e1 a br\u00e1\u0161ka je \u0161ikovnej, ten ut\u00edk\u00e1.<br \/><br \/>Martin Veselovsk\u00fd, moder\u00e1tor<br \/>&#8212;&#8212;&#8212;&#8212;&#8212;&#8212;&#8211;<br \/>To \u0159\u00edkali jako kolemjdouc\u00ed lidi?<br \/><br \/>Jindra Landov\u00e1, <br \/>To \u0159\u00edkali kolemjdouc\u00ed lidi. Ale opravdu na to se ned\u00e1 zlobit.<br \/><br \/>Martin Veselovsk\u00fd, moder\u00e1tor<br \/>&#8212;&#8212;&#8212;&#8212;&#8212;&#8212;&#8211;<br \/>Fakt?<br \/><br \/>Jindra Landov\u00e1, <br \/>To je neznalost.<br \/><br \/>Martin Veselovsk\u00fd, moder\u00e1tor<br \/>&#8212;&#8212;&#8212;&#8212;&#8212;&#8212;&#8211;<br \/>M\u011b zaujalo to, kdy\u017e jste \u0159\u00edkala, \u017ee sv\u00fdm projektem V\u00fdtahy do \u0161kol, jako chcete vlastn\u011b postr\u010dit tu debatu jako, aby jako politici se t\u0159eba o to v\u00edc za\u010dali zaj\u00edmat a tak d\u00e1le. Tak p\u016fjdete sama do politiky?<br \/><br \/>Jindra Landov\u00e1, <br \/>J\u00e1 ne, j\u00e1 to v\u016fbec, j\u00e1 ani nechci se v\u011bnovat.<br \/><br \/>Martin Veselovsk\u00fd, moder\u00e1tor<br \/>&#8212;&#8212;&#8212;&#8212;&#8212;&#8212;&#8211;<br \/>Jsem r\u00e1d, \u017ee jsem v\u00e1s pobavil.<br \/><br \/>Jindra Landov\u00e1, <br \/>To jste m\u011b pobavil hodn\u011b.<br \/><br \/>moder\u00e1tor<br \/>&#8212;&#8212;&#8212;&#8212;&#8212;&#8212;&#8211;<br \/>No ne, tak jako.<br \/><br \/>Jindra Landov\u00e1, <br \/>M\u011b bav\u00ed asi, m\u00e1m nad\u00e1n\u00ed asi na jin\u00fd aktivity, tam by m\u011b byla \u0161koda. M\u011b bav\u00ed organizovat akce pr\u00e1v\u011b volno\u010dasov\u00fdho charakteru. A\u0165 u\u017e pro d\u011bti s handicapem nebo pro pe\u010duj\u00edc\u00ed maminky jako jsem j\u00e1. Tak\u017ee to m\u011b bav\u00ed. A v tom vid\u00edm n\u011bjakej smysl. A tu politiku nech\u00e1m lidem, kte\u0159\u00ed na to maj\u00ed \u017ealudek.<br \/><br \/> moder\u00e1tor<br \/>&#8212;&#8212;&#8212;&#8212;&#8212;&#8212;&#8211;<br \/>Jak vlastn\u011b se bude \u017eivot va\u0161\u00ed dcery vyv\u00edjet d\u00e1l?<br \/><br \/>Jindra Landov\u00e1, <br \/>To nev\u00edm. Budoucnost je takov\u00fd tabu t\u00e9ma pro v\u0161echny rodi\u010de, jako jsem j\u00e1. Proto\u017ee vy v\u00edte, \u017ee to d\u00edt\u011b v\u00e1s pot\u0159ebuje a tady pr\u00e1v\u011b nen\u00ed ten syst\u00e9m. Nikdo nev\u00ed, co s t\u00edm d\u00edt\u011btem bude. Vy ho nem\u00e1te vlastn\u011b kam d\u00e1t, kam um\u00edstit. Jedin\u00fd, co je po\u0159\u00e1d existuje, jsou \u00fastavy, kam opravdu nikdo z n\u00e1s nechce. Tak\u017ee j\u00e1 douf\u00e1m, \u017ee bude studovat. Pak si bude m\u00edt pr\u00e1ci vlastn\u011b, kterou bude schopn\u00e1 vykon\u00e1vat i v r\u00e1mci sv\u00fdch omezen\u00ed. Je to mo\u017en\u00fd. Dneska u\u017e ty technologie jsou prost\u011b fakt na vysok\u00fd \u00farovni. Tak\u017ee j\u00e1 v\u011b\u0159\u00edm tomu, \u017ee si bude \u017e\u00edt takov\u00fd \u017eivot, jak\u00fd si ud\u011bl\u00e1, prost\u011b hezkej a fajn.<br \/><br \/>Martin Veselovsk\u00fd, moder\u00e1tor<br \/>&#8212;&#8212;&#8212;&#8212;&#8212;&#8212;&#8211;<br \/>Tak d\u011bkuju p\u011bkn\u011b za rozhovor a dr\u017ete se.<br \/><br \/><a href=\"https:\/\/www.dvtv.cz\/search\">DVTV | Prvn\u00ed internetov\u00e1 televize v \u010cesku<\/a><br \/><br \/><\/p>\n","protected":false},"excerpt":{"rendered":"<div class=\"mh-excerpt\"><p>DVTV\u00a0&#8211; Drtinov\u00e1 Veselovsk\u00fd &#8211; Rozhovor I DVTV | Prvn\u00ed internetov\u00e1 televize v \u010cesku Oby\u010dejn\u00e1 m\u00e1ma, kter\u00e1 si nejv\u00edc na sv\u011bt\u011b p\u0159eje \u0159e\u0161it oby\u010dejn\u00e9 v\u011bci. T\u011bmito <a class=\"mh-excerpt-more\" href=\"https:\/\/www.invarena.cz\/?p=54187\" title=\"DVTV: Jindra Landov\u00e1\u00a0se star\u00e1 o dceru s vz\u00e1cnou diagn\u00f3zou svalov\u00e9 atrofie\">[&#8230;]<\/a><\/p>\n<\/div>","protected":false},"author":1,"featured_media":5657,"comment_status":"open","ping_status":"closed","sticky":false,"template":"","format":"standard","meta":{"footnotes":""},"categories":[9],"tags":[],"class_list":["post-54187","post","type-post","status-publish","format-standard","has-post-thumbnail","hentry","category-zpravy"],"_links":{"self":[{"href":"https:\/\/www.invarena.cz\/index.php?rest_route=\/wp\/v2\/posts\/54187","targetHints":{"allow":["GET"]}}],"collection":[{"href":"https:\/\/www.invarena.cz\/index.php?rest_route=\/wp\/v2\/posts"}],"about":[{"href":"https:\/\/www.invarena.cz\/index.php?rest_route=\/wp\/v2\/types\/post"}],"author":[{"embeddable":true,"href":"https:\/\/www.invarena.cz\/index.php?rest_route=\/wp\/v2\/users\/1"}],"replies":[{"embeddable":true,"href":"https:\/\/www.invarena.cz\/index.php?rest_route=%2Fwp%2Fv2%2Fcomments&post=54187"}],"version-history":[{"count":0,"href":"https:\/\/www.invarena.cz\/index.php?rest_route=\/wp\/v2\/posts\/54187\/revisions"}],"wp:featuredmedia":[{"embeddable":true,"href":"https:\/\/www.invarena.cz\/index.php?rest_route=\/wp\/v2\/media\/5657"}],"wp:attachment":[{"href":"https:\/\/www.invarena.cz\/index.php?rest_route=%2Fwp%2Fv2%2Fmedia&parent=54187"}],"wp:term":[{"taxonomy":"category","embeddable":true,"href":"https:\/\/www.invarena.cz\/index.php?rest_route=%2Fwp%2Fv2%2Fcategories&post=54187"},{"taxonomy":"post_tag","embeddable":true,"href":"https:\/\/www.invarena.cz\/index.php?rest_route=%2Fwp%2Fv2%2Ftags&post=54187"}],"curies":[{"name":"wp","href":"https:\/\/api.w.org\/{rel}","templated":true}]}}