{"id":54191,"date":"2025-01-13T06:58:56","date_gmt":"2025-01-13T05:58:56","guid":{"rendered":"https:\/\/www.invarena.cz\/?p=54191"},"modified":"2025-01-13T06:58:58","modified_gmt":"2025-01-13T05:58:58","slug":"zajem-o-penize-na-dostupne-bydleni","status":"publish","type":"post","link":"https:\/\/www.invarena.cz\/?p=54191","title":{"rendered":"Z\u00e1jem o pen\u00edze na dostupn\u00e9 bydlen\u00ed\u00a0\u00a0"},"content":{"rendered":"\n<p>\u010cT 1\u00a0&#8211; Ud\u00e1losti<br \/><br \/>Mimo\u0159\u00e1dn\u00fd z\u00e1jem o pen\u00edze na n\u00e1jemn\u00ed bydlen\u00ed. Za prvn\u00ed t\u0159i m\u011bs\u00edce, kdy ministerstvo program spustilo, u\u017e eviduje \u017e\u00e1dosti za v\u00edc ne\u017e \u010dty\u0159i a \u010dtvrt miliardy.<br \/><br \/>K dispozici je p\u0159itom maxim\u00e1ln\u011b sedm miliard. Pokud by v\u0161ichni dosavadn\u00ed \u017eadatel\u00e9 usp\u011bli, vznikne p\u0159es 1300 nov\u00fdch byt\u016f.<br \/><br \/>Podle ministra pro m\u00edstn\u00ed rozvoj p\u0159itom obce p\u0159ipravuj\u00ed projekty za dal\u0161\u00ed des\u00edtky miliard, i proto opozice vol\u00e1 po dopln\u011bn\u00ed pen\u011bz na v\u00fdstavbu.<br \/><br \/>Petr Kulh\u00e1nek, ministr pro m\u00edstn\u00ed rozvoj \/STAN\/<br \/>&#8212;&#8212;&#8212;&#8212;&#8212;&#8212;&#8211;<br \/>T\u011bch sedm miliard korun minim\u00e1ln\u011b na ty dva roky bude sta\u010dit, ale my se samoz\u0159ejm\u011b u\u017e na rozpo\u010det roku 2026 budeme bavit na t\u00e9ma pokra\u010dov\u00e1n\u00ed tohoto programu.<br \/><br \/>Radim Fiala, p\u0159edseda poslaneck\u00e9ho klubu, m\u00edstop\u0159edseda hnut\u00ed \/SPD\/<br \/>&#8212;&#8212;&#8212;&#8212;&#8212;&#8212;&#8211;<br \/>Samoz\u0159ejm\u011b je pot\u0159eba pos\u00edlit ty finan\u010dn\u00ed prost\u0159edky do bydlen\u00ed.<br \/><br \/>moder\u00e1torka \u010cT<br \/>&#8212;&#8212;&#8212;&#8212;&#8212;&#8212;&#8211;<br \/>Do byt\u016f se maj\u00ed st\u011bhovat mlad\u00e9 rodiny, senio\u0159i anebo zdravotn\u00edci, taky hasi\u010di a dal\u0161\u00ed pot\u0159ebn\u00e9 profese. Jejich m\u011bs\u00ed\u010dn\u00ed n\u00e1jem bude ni\u017e\u0161\u00ed, ne\u017e je na trhu obvykl\u00e9.<br \/><br \/>Josef \u0158eh\u00e1k, starosta Lou\u0148ovic, p\u0159edseda svazku obc\u00ed Lo\u0161bates \/nestr.\/<br \/>&#8212;&#8212;&#8212;&#8212;&#8212;&#8212;&#8211;<br \/>Tady u t\u00e9 op\u011brn\u00e9 zdi bude st\u00e1t nov\u00fd bytov\u00fd d\u016fm pro u\u010ditele.<br \/><br \/>redaktorka \u010cT<br \/>&#8212;&#8212;&#8212;&#8212;&#8212;&#8212;&#8211;<br \/>&#8230; nebo oprava star\u00e9ho domu, kter\u00fd chce obec vyu\u017e\u00edt.<br \/><br \/>Martin Sobotka, starosta Dob\u0159an \/nestr.\/<br \/>&#8212;&#8212;&#8212;&#8212;&#8212;&#8212;&#8211;<br \/>Ten d\u016fm pot\u0159ebuje prost\u011b komplexn\u00ed rekonstrukci, \u00fapln\u011b jako od hol\u00e9ho zdiva.<br \/><br \/> redaktorka \u010cT<br \/>&#8212;&#8212;&#8212;&#8212;&#8212;&#8212;&#8211;<br \/>I tady by m\u011bly vzniknout n\u00e1jemn\u00ed byty. Starostov\u00e9 Dob\u0159an na Plze\u0148sku i st\u0159edo\u010desk\u00fdch Lou\u0148ovic te\u010f \u010dekaj\u00ed, zda se sv\u00fdmi \u017e\u00e1dostmi usp\u011bj\u00ed a z\u00edskaj\u00ed st\u00e1tn\u00ed podporu.<br \/><br \/>Petr Kulh\u00e1nek, ministr pro m\u00edstn\u00ed rozvoj \/STAN\/<br \/>&#8212;&#8212;&#8212;&#8212;&#8212;&#8212;&#8211;<br \/>I ta kontrola trv\u00e1 chv\u00edli d\u00e9le, ne\u017e jsme \u010dekali, ale do konce ledna p\u0159edpokl\u00e1d\u00e1me, \u017ee ten prvn\u00ed bal\u00edk \u017e\u00e1dost\u00ed, kter\u00fd p\u016fjde k financov\u00e1n\u00ed, by m\u011bl b\u00fdt hotov.<br \/><br \/>Daniel Ry\u0161\u00e1vka, \u0159editel St\u00e1tn\u00edho fondu podpory investic<br \/>&#8212;&#8212;&#8212;&#8212;&#8212;&#8212;&#8211;<br \/>Maxim\u00e1ln\u00ed \u010d\u00e1stka pro jednoho \u017eadatele je 250 000 000 K\u010d.<br \/><br \/>redaktorka \u010cT<br \/>&#8212;&#8212;&#8212;&#8212;&#8212;&#8212;&#8211;<br \/>V Ne\u010dtinech obci s 600 obyvateli dostali p\u0159\u00edsp\u011bvek z p\u0159edch\u00e1zej\u00edc\u00edho pilotn\u00edho programu. D\u011bln\u00edci tady te\u010f opravuj\u00ed star\u0161\u00ed d\u016fm.<br \/><br \/>Ji\u0159\u00ed K\u0159emen\u00e1k, starosta Ne\u010dtin \/nestr.\/<br \/>&#8212;&#8212;&#8212;&#8212;&#8212;&#8212;&#8211;<br \/>Byl to slo\u017eitej proces od projektu a\u017e po vlastn\u011b pod\u00e1n\u00ed \u017e\u00e1dosti o dotace, dopl\u0148ov\u00e1n\u00ed r\u016fzn\u00fdch drobn\u00fdch v\u011bc\u00ed, nedostatk\u016f, ale poda\u0159ilo se a te\u010f u\u017e jedeme na pln\u00fd obr\u00e1tky.<br \/><br \/>Eli\u0161ka Z\u00e1lesk\u00e1, redaktorka \u010cT<br \/>&#8212;&#8212;&#8212;&#8212;&#8212;&#8212;&#8211;<br \/>U\u017e te\u010f se hl\u00e1s\u00ed m\u00edstn\u00ed, kte\u0159\u00ed by se sem r\u00e1di nast\u011bhovali. Prostor bude pro p\u011bt dom\u00e1cnost\u00ed.<br \/><br \/>Byty by m\u011bly b\u00fdt hotov\u00e9 do konce leto\u0161n\u00edho roku. Celkem vyjde p\u0159estavba na 12 000 000 K\u010d.<br \/><br \/>Karel Havl\u00ed\u010dek, m\u00edstop\u0159edseda sn\u011bmovny, 1. m\u00edstop\u0159edseda strany \/ANO\/<br \/>&#8212;&#8212;&#8212;&#8212;&#8212;&#8212;&#8211;<br \/>V\u00edce stav\u011bt se bude tehdy, pokud bude rychle povolovac\u00ed \u0159\u00edzen\u00ed, pokud bude v\u011bt\u0161\u00ed nab\u00eddka, ne\u017e je popt\u00e1vka. A to je to, o co se mus\u00ed ten st\u00e1t op\u0159\u00edt.<br \/><br \/>Eli\u0161ka Z\u00e1lesk\u00e1, redaktorka \u010cT<br \/>&#8212;&#8212;&#8212;&#8212;&#8212;&#8212;&#8211;<br \/>Op\u0159\u00edt se chce vl\u00e1da taky o z\u00e1kon o podpo\u0159e bydlen\u00ed. Ve sn\u011bmovn\u011b ale n\u00e1vrh, kter\u00fd c\u00edl\u00ed na ochranu milion\u016f a p\u016fl lid\u00ed ohro\u017een\u00fdch bytovou nouz\u00ed, \u010dek\u00e1 na druh\u00e9 \u010dten\u00ed p\u011bt m\u011bs\u00edc\u016f.<br \/><br \/>Mikol\u00e1\u0161 Opletal, mluv\u010d\u00ed, Za bydlen\u00ed<br \/>&#8212;&#8212;&#8212;&#8212;&#8212;&#8212;&#8211;<br \/>Z\u00e1kon, kter\u00fd by u n\u00e1s \u0159e\u0161il bydlen\u00ed pro zraniteln\u00e9 \u010d\u00e1sti obyvatelstva, tady prost\u011b dlouhodob\u011b sch\u00e1z\u00ed. V tuhle chv\u00edli to vlastn\u011b \u0159e\u0161\u00ed jenom vlastn\u011b soci\u00e1ln\u00ed d\u00e1vky.<br \/><br \/>Eli\u0161ka Z\u00e1lesk\u00e1, redaktorka \u010cT<br \/>&#8212;&#8212;&#8212;&#8212;&#8212;&#8212;&#8211;<br \/>Koalice se m\u011bs\u00edce p\u0159ela o z\u0159\u00edzen\u00ed kontaktn\u00edch m\u00edst, kam by lid\u00e9 chodili sv\u00e9 probl\u00e9my \u0159e\u0161it. Nakonec se dohodla na vzniku 115 nov\u00fdch \u00favazk\u016f.<br \/><br \/>Petr Kulh\u00e1nek, ministr pro m\u00edstn\u00ed rozvoj \/STAN\/<br \/>&#8212;&#8212;&#8212;&#8212;&#8212;&#8212;&#8211;<br \/>My jsme ve v\u011bcn\u00e9 shod\u011b s klubem ODS a tak\u00e9 s Ministerstvem pr\u00e1ce a soci\u00e1ln\u00edch v\u011bc\u00ed.<br \/><br \/>Marian Jure\u010dka, vicepremi\u00e9r,\u00a0<strong>ministr<\/strong>\u00a0<strong>pr\u00e1ce<\/strong>\u00a0\/KDU-\u010cSL\/<br \/>&#8212;&#8212;&#8212;&#8212;&#8212;&#8212;&#8211;<br \/>V r\u00e1mci koalice se to mus\u00ed je\u0161t\u011b fin\u00e1ln\u011b potvrdit.<br \/><br \/>Eli\u0161ka Z\u00e1lesk\u00e1, redaktorka \u010cT<br \/>&#8212;&#8212;&#8212;&#8212;&#8212;&#8212;&#8211;<br \/>Doladit bylo nutn\u00e9 prov\u00e1zanost se syst\u00e9mem d\u00e1vek.<br \/><br \/>Martin Kupka, ministr dopravy, m\u00edstop\u0159edseda strany \/ODS\/<br \/>&#8212;&#8212;&#8212;&#8212;&#8212;&#8212;&#8211;<br \/>Aby to dob\u0159e fungovalo tak, jako to funguje u\u017e v n\u011bkter\u00fdch m\u011bstech, kde si s dostupn\u00fdm bydlen\u00edm dok\u00e1zali poradit, tak je d\u016fle\u017eit\u00e9, aby tady i ta kontaktn\u00ed m\u00edsta byla \u00fazce spjata s t\u011bmi, kte\u0159\u00ed s t\u011bmi lidmi opravdu pracuj\u00ed v dennodenn\u00edm re\u017eimu?<br \/><br \/>Jakub Mich\u00e1lek, p\u0159edseda poslaneck\u00e9ho klubu strany \/Pir\u00e1ti\/<br \/>&#8212;&#8212;&#8212;&#8212;&#8212;&#8212;&#8211;<br \/>Pr\u00e1v\u011b ze strany ODS toto t\u00e9ma bylo odsouv\u00e1no, zleh\u010dov\u00e1no, a proto ty z\u00e1kony, kter\u00e9 dneska le\u017e\u00ed v Poslaneck\u00e9 sn\u011bmovn\u011b, je\u0161t\u011b nejsou schv\u00e1leny.<br \/><br \/>Eli\u0161ka Z\u00e1lesk\u00e1, redaktorka \u010cT<br \/>&#8212;&#8212;&#8212;&#8212;&#8212;&#8212;&#8211;<br \/>\u00dapravy, na kter\u00fdch se koalice dohodla, te\u010f sep\u00ed\u0161e do komplexn\u00edho pozm\u011b\u0148ovac\u00edho n\u00e1vrhu, sn\u011bmovn\u00ed v\u00fdbor by ho mohl projednat na za\u010d\u00e1tku \u00fanora. Redakce a Eli\u0161ka Z\u00e1lesk\u00e1, \u010cesk\u00e1 televize.<br \/><br \/>Barbora Krou\u017ekov\u00e1, moder\u00e1torka \u010cT<br \/>&#8212;&#8212;&#8212;&#8212;&#8212;&#8212;&#8211;<br \/>Samospr\u00e1vy, firmy a c\u00edrkve mohou o podporu \u017e\u00e1dat od lo\u0148sk\u00e9ho \u0159\u00edjna. Zat\u00edm o pen\u00edze usiluj\u00ed hlavn\u011b obce. T\u0159etinu \u017e\u00e1dost\u00ed poslaly i soukrom\u00e9 podniky.<br \/><br \/>A komu jsou byty ur\u010deny? N\u00e1jemn\u00ed smlouvu lze uzav\u0159\u00edt jen s t\u011bmi, kte\u0159\u00ed nejsou vlastn\u00edky nebo spoluvlastn\u00edky nemovitosti. \u0158e\u0161\u00ed se i p\u0159\u00edjem dom\u00e1cnosti. Limit spl\u0148uje v podstat\u011b ka\u017ed\u00fd, kdo se ne\u0159ad\u00ed mezi asi 20 % obyvatel s nejvy\u0161\u0161\u00edmi v\u00fdd\u011blky, a taky naprost\u00e1 v\u011bt\u0161ina senior\u016f.<br \/><br \/> moder\u00e1torka \u010cT<br \/>&#8212;&#8212;&#8212;&#8212;&#8212;&#8212;&#8211;<br \/>Nejv\u011bt\u0161\u00ed popt\u00e1vku po nov\u00fdch bytech fond eviduje z Moravskoslezsk\u00e9ho, Jihomoravsk\u00e9ho a Zl\u00ednsk\u00e9ho kraje. V programu je vy\u010dlen\u011bno do poloviny roku 2026 u\u017e zm\u00edn\u011bn\u00fdch sedm miliard.<br \/><br \/>A tady vid\u00edme mo\u017enosti, jak finance pou\u017e\u00edt. Lze je vlo\u017eit do v\u00fdstavby nov\u00e9ho bytov\u00e9ho domu nebo do rekonstrukce. Lze koupit i hotov\u00e9 byty.<\/p>\n\n\n\n<p><a href=\"https:\/\/monitoring.anopress.cz\/files\/dnload\/final\/medical_00322_57889068.htm#obsah\"><br \/><\/a><\/p>\n","protected":false},"excerpt":{"rendered":"<div class=\"mh-excerpt\"><p>\u010cT 1\u00a0&#8211; Ud\u00e1losti Mimo\u0159\u00e1dn\u00fd z\u00e1jem o pen\u00edze na n\u00e1jemn\u00ed bydlen\u00ed. Za prvn\u00ed t\u0159i m\u011bs\u00edce, kdy ministerstvo program spustilo, u\u017e eviduje \u017e\u00e1dosti za v\u00edc ne\u017e \u010dty\u0159i <a class=\"mh-excerpt-more\" href=\"https:\/\/www.invarena.cz\/?p=54191\" title=\"Z\u00e1jem o pen\u00edze na dostupn\u00e9 bydlen\u00ed\u00a0\u00a0\">[&#8230;]<\/a><\/p>\n<\/div>","protected":false},"author":1,"featured_media":5533,"comment_status":"open","ping_status":"closed","sticky":false,"template":"","format":"standard","meta":{"footnotes":""},"categories":[1],"tags":[],"class_list":["post-54191","post","type-post","status-publish","format-standard","has-post-thumbnail","hentry","category-nezarazene"],"_links":{"self":[{"href":"https:\/\/www.invarena.cz\/index.php?rest_route=\/wp\/v2\/posts\/54191","targetHints":{"allow":["GET"]}}],"collection":[{"href":"https:\/\/www.invarena.cz\/index.php?rest_route=\/wp\/v2\/posts"}],"about":[{"href":"https:\/\/www.invarena.cz\/index.php?rest_route=\/wp\/v2\/types\/post"}],"author":[{"embeddable":true,"href":"https:\/\/www.invarena.cz\/index.php?rest_route=\/wp\/v2\/users\/1"}],"replies":[{"embeddable":true,"href":"https:\/\/www.invarena.cz\/index.php?rest_route=%2Fwp%2Fv2%2Fcomments&post=54191"}],"version-history":[{"count":0,"href":"https:\/\/www.invarena.cz\/index.php?rest_route=\/wp\/v2\/posts\/54191\/revisions"}],"wp:featuredmedia":[{"embeddable":true,"href":"https:\/\/www.invarena.cz\/index.php?rest_route=\/wp\/v2\/media\/5533"}],"wp:attachment":[{"href":"https:\/\/www.invarena.cz\/index.php?rest_route=%2Fwp%2Fv2%2Fmedia&parent=54191"}],"wp:term":[{"taxonomy":"category","embeddable":true,"href":"https:\/\/www.invarena.cz\/index.php?rest_route=%2Fwp%2Fv2%2Fcategories&post=54191"},{"taxonomy":"post_tag","embeddable":true,"href":"https:\/\/www.invarena.cz\/index.php?rest_route=%2Fwp%2Fv2%2Ftags&post=54191"}],"curies":[{"name":"wp","href":"https:\/\/api.w.org\/{rel}","templated":true}]}}