{"id":54195,"date":"2025-01-13T07:05:57","date_gmt":"2025-01-13T06:05:57","guid":{"rendered":"https:\/\/www.invarena.cz\/?p=54195"},"modified":"2025-01-13T07:11:02","modified_gmt":"2025-01-13T06:11:02","slug":"od-zacatku-ledna-se-na-urad-prace-zapsalo-pres-internet-40-novych-uchazecu-o-zamestnani","status":"publish","type":"post","link":"https:\/\/www.invarena.cz\/?p=54195","title":{"rendered":"Od za\u010d\u00e1tku ledna se na \u00da\u0159ad pr\u00e1ce zapsalo p\u0159es internet 40\u00a0% nov\u00fdch uchaze\u010d\u016f o zam\u011bstn\u00e1n\u00ed\u00a0\u00a0"},"content":{"rendered":"\n<p>Radio\u017eurn\u00e1l<\/p>\n\n\n\n<p><br \/>Od za\u010d\u00e1tku ledna se na \u00da\u0159ad pr\u00e1ce zapsalo p\u0159es internet 40 % nov\u00fdch uchaze\u010d\u016f o zam\u011bstn\u00e1n\u00ed. Registrace p\u0159es aplikaci Jenda je mo\u017en\u00e1 pr\u00e1v\u011b od za\u010d\u00e1tku roku. Podle Ministerstva pr\u00e1ce syst\u00e9m mimo jin\u00e9 ulevil \u00fa\u0159edn\u00edk\u016fm.<br \/><br \/>V lednu se na \u00da\u0159ad pr\u00e1ce hl\u00e1s\u00ed nejv\u00edc lid\u00ed v cel\u00e9m roce, proto\u017ee jim \u010dasto skon\u010dil \u00favazek ke konci roku.<br \/><br \/>Lucie Kudov\u00e1, \u0159editelka \u00da\u0159adu pr\u00e1ce pro Prahu 9<br \/>&#8212;&#8212;&#8212;&#8212;&#8212;&#8212;&#8211;<br \/>Letos po dlouh\u00e9 dob\u011b se stalo, \u017ee se netvo\u0159ily fronty.<br \/><br \/>redaktor<br \/>&#8212;&#8212;&#8212;&#8212;&#8212;&#8212;&#8211;<br \/>Popisuje \u0159editelka \u00da\u0159adu pr\u00e1ce pro Prahu 9 Lucie Kudov\u00e1. Podle lidoveck\u00e9ho\u00a0<strong>ministra<\/strong>\u00a0<strong>pr\u00e1ce<\/strong>\u00a0Mariana Jure\u010dky se d\u00edky digitalizaci m\u016f\u017eou \u00fa\u0159edn\u00edci zam\u011b\u0159it t\u0159eba na rekvalifikace uchaze\u010d\u016f, co\u017e n\u00e1sledn\u011b vede taky k jejich vy\u0161\u0161\u00edm v\u00fdd\u011blk\u016fm.<br \/><br \/>Marian Jure\u010dka,\u00a0<strong>ministr<\/strong>\u00a0<strong>pr\u00e1ce<\/strong>\u00a0a soci\u00e1ln\u00edch v\u011bc\u00ed, vicepremi\u00e9r \/KDU-\u010cSL\/<br \/>&#8212;&#8212;&#8212;&#8212;&#8212;&#8212;&#8211;<br \/>I kdy\u017e je toto nedobrovoln\u00e9, ta zm\u011bna zam\u011bstn\u00e1n\u00ed, ten \u010dlov\u011bk dostal tu v\u00fdpov\u011b\u010f, tak p\u0159esto to jeho nov\u00e9 zam\u011bstn\u00e1n\u00ed v pr\u016fm\u011bru znamen\u00e1 plus 8 % toho jeho v\u00fdd\u011blku.<br \/><br \/>Jakub Vik, redaktor<br \/>&#8212;&#8212;&#8212;&#8212;&#8212;&#8212;&#8211;<br \/>Odbory hladk\u00fd za\u010d\u00e1tek fungov\u00e1n\u00ed nov\u00e9ho syst\u00e9mu v\u00edtaj\u00ed. Zd\u016fraz\u0148uj\u00ed ale pr\u00e1v\u011b nutnost, aby \u00da\u0159ad pr\u00e1ce uchaze\u010d\u016fm dok\u00e1zal po pod\u00e1n\u00ed \u017e\u00e1dosti opravdu pomoct. <\/p>\n\n\n\n<p><\/p>\n","protected":false},"excerpt":{"rendered":"<div class=\"mh-excerpt\"><p>Radio\u017eurn\u00e1l Od za\u010d\u00e1tku ledna se na \u00da\u0159ad pr\u00e1ce zapsalo p\u0159es internet 40 % nov\u00fdch uchaze\u010d\u016f o zam\u011bstn\u00e1n\u00ed. Registrace p\u0159es aplikaci Jenda je mo\u017en\u00e1 pr\u00e1v\u011b od <a class=\"mh-excerpt-more\" href=\"https:\/\/www.invarena.cz\/?p=54195\" title=\"Od za\u010d\u00e1tku ledna se na \u00da\u0159ad pr\u00e1ce zapsalo p\u0159es internet 40\u00a0% nov\u00fdch uchaze\u010d\u016f o zam\u011bstn\u00e1n\u00ed\u00a0\u00a0\">[&#8230;]<\/a><\/p>\n<\/div>","protected":false},"author":1,"featured_media":1077,"comment_status":"open","ping_status":"closed","sticky":false,"template":"","format":"standard","meta":{"footnotes":""},"categories":[7],"tags":[],"class_list":["post-54195","post","type-post","status-publish","format-standard","has-post-thumbnail","hentry","category-spolecnost"],"_links":{"self":[{"href":"https:\/\/www.invarena.cz\/index.php?rest_route=\/wp\/v2\/posts\/54195","targetHints":{"allow":["GET"]}}],"collection":[{"href":"https:\/\/www.invarena.cz\/index.php?rest_route=\/wp\/v2\/posts"}],"about":[{"href":"https:\/\/www.invarena.cz\/index.php?rest_route=\/wp\/v2\/types\/post"}],"author":[{"embeddable":true,"href":"https:\/\/www.invarena.cz\/index.php?rest_route=\/wp\/v2\/users\/1"}],"replies":[{"embeddable":true,"href":"https:\/\/www.invarena.cz\/index.php?rest_route=%2Fwp%2Fv2%2Fcomments&post=54195"}],"version-history":[{"count":0,"href":"https:\/\/www.invarena.cz\/index.php?rest_route=\/wp\/v2\/posts\/54195\/revisions"}],"wp:featuredmedia":[{"embeddable":true,"href":"https:\/\/www.invarena.cz\/index.php?rest_route=\/wp\/v2\/media\/1077"}],"wp:attachment":[{"href":"https:\/\/www.invarena.cz\/index.php?rest_route=%2Fwp%2Fv2%2Fmedia&parent=54195"}],"wp:term":[{"taxonomy":"category","embeddable":true,"href":"https:\/\/www.invarena.cz\/index.php?rest_route=%2Fwp%2Fv2%2Fcategories&post=54195"},{"taxonomy":"post_tag","embeddable":true,"href":"https:\/\/www.invarena.cz\/index.php?rest_route=%2Fwp%2Fv2%2Ftags&post=54195"}],"curies":[{"name":"wp","href":"https:\/\/api.w.org\/{rel}","templated":true}]}}