{"id":54201,"date":"2025-01-13T15:43:12","date_gmt":"2025-01-13T14:43:12","guid":{"rendered":"https:\/\/www.invarena.cz\/?p=54201"},"modified":"2025-01-13T15:43:13","modified_gmt":"2025-01-13T14:43:13","slug":"dvojcata-maji-desitky-zachvatu-denne-vyzaduji-celodenni-peci","status":"publish","type":"post","link":"https:\/\/www.invarena.cz\/?p=54201","title":{"rendered":"Dvoj\u010data maj\u00ed des\u00edtky z\u00e1chvat\u016f denn\u011b. Vy\u017eaduj\u00ed celodenn\u00ed p\u00e9\u010di"},"content":{"rendered":"\n<p>\u0160imon a Mat\u011bj byli na\u0161\u00edm vymodlen\u00fdm p\u0159\u00e1n\u00edm. U\u017e v miminkovsk\u00e9m v\u011bku jsme si v\u0161imli, \u017ee zaost\u00e1vaj\u00ed ve v\u00fdvoji, a pozd\u011bji se p\u0159idaly epileptick\u00e9 z\u00e1chvaty. L\u00e9ka\u0159i n\u00e1m pozd\u011bji ozn\u00e1mili, \u017ee dvoj\u010data trp\u00ed diagn\u00f3zou \u2013 Lennox\u016fv-Gastaut\u016fv syndrom. \u010cten\u00e1\u0159 Jan napsal dal\u0161\u00ed d\u00edl seri\u00e1lu M\u016fj boj s nemoc\u00ed.<\/p>\n\n\n\n<p>Cel\u00fd \u010dl\u00e1nek naleznete na idnes.cz: <a href=\"https:\/\/www.idnes.cz\/onadnes\/zdravi\/muj-boj-s-nemoci-lennoxuv-gastautuv-syndrom.A250106_090608_zdravi_pet\" target=\"_blank\" rel=\"noreferrer noopener\">https:\/\/www.idnes.cz\/onadnes\/zdravi\/muj-boj-s-nemoci-lennoxuv-gastautuv-syndrom.A250106_090608_zdravi_pet<\/a><\/p>\n","protected":false},"excerpt":{"rendered":"<div class=\"mh-excerpt\"><p>\u0160imon a Mat\u011bj byli na\u0161\u00edm vymodlen\u00fdm p\u0159\u00e1n\u00edm. U\u017e v miminkovsk\u00e9m v\u011bku jsme si v\u0161imli, \u017ee zaost\u00e1vaj\u00ed ve v\u00fdvoji, a pozd\u011bji se p\u0159idaly epileptick\u00e9 z\u00e1chvaty. L\u00e9ka\u0159i <a class=\"mh-excerpt-more\" href=\"https:\/\/www.invarena.cz\/?p=54201\" title=\"Dvoj\u010data maj\u00ed des\u00edtky z\u00e1chvat\u016f denn\u011b. Vy\u017eaduj\u00ed celodenn\u00ed p\u00e9\u010di\">[&#8230;]<\/a><\/p>\n<\/div>","protected":false},"author":1,"featured_media":1875,"comment_status":"open","ping_status":"closed","sticky":false,"template":"","format":"standard","meta":{"footnotes":""},"categories":[9],"tags":[],"class_list":["post-54201","post","type-post","status-publish","format-standard","has-post-thumbnail","hentry","category-zpravy"],"_links":{"self":[{"href":"https:\/\/www.invarena.cz\/index.php?rest_route=\/wp\/v2\/posts\/54201","targetHints":{"allow":["GET"]}}],"collection":[{"href":"https:\/\/www.invarena.cz\/index.php?rest_route=\/wp\/v2\/posts"}],"about":[{"href":"https:\/\/www.invarena.cz\/index.php?rest_route=\/wp\/v2\/types\/post"}],"author":[{"embeddable":true,"href":"https:\/\/www.invarena.cz\/index.php?rest_route=\/wp\/v2\/users\/1"}],"replies":[{"embeddable":true,"href":"https:\/\/www.invarena.cz\/index.php?rest_route=%2Fwp%2Fv2%2Fcomments&post=54201"}],"version-history":[{"count":0,"href":"https:\/\/www.invarena.cz\/index.php?rest_route=\/wp\/v2\/posts\/54201\/revisions"}],"wp:featuredmedia":[{"embeddable":true,"href":"https:\/\/www.invarena.cz\/index.php?rest_route=\/wp\/v2\/media\/1875"}],"wp:attachment":[{"href":"https:\/\/www.invarena.cz\/index.php?rest_route=%2Fwp%2Fv2%2Fmedia&parent=54201"}],"wp:term":[{"taxonomy":"category","embeddable":true,"href":"https:\/\/www.invarena.cz\/index.php?rest_route=%2Fwp%2Fv2%2Fcategories&post=54201"},{"taxonomy":"post_tag","embeddable":true,"href":"https:\/\/www.invarena.cz\/index.php?rest_route=%2Fwp%2Fv2%2Ftags&post=54201"}],"curies":[{"name":"wp","href":"https:\/\/api.w.org\/{rel}","templated":true}]}}