{"id":54204,"date":"2025-01-13T15:48:44","date_gmt":"2025-01-13T14:48:44","guid":{"rendered":"https:\/\/www.invarena.cz\/?p=54204"},"modified":"2025-01-13T15:48:44","modified_gmt":"2025-01-13T14:48:44","slug":"kudy-povede-dalsi-cesta-opavskeho-ctyrlistku","status":"publish","type":"post","link":"https:\/\/www.invarena.cz\/?p=54204","title":{"rendered":"Kudy povede dal\u0161\u00ed cesta opavsk\u00e9ho \u010cty\u0159l\u00edstku?"},"content":{"rendered":"\n<p>\u010cty\u0159l\u00edstek nelikvidujeme, jen st\u011bhujeme, vzkazuje rodi\u010d\u016fm m\u011bsto Opava. Informace o likvidaci D\u011btsk\u00e9ho centra \u010cty\u0159l\u00edstek pronikly na ve\u0159ejnost a vzbudily mezi Opavany nev\u016fli i kritick\u00e9 ohlasy.<\/p>\n\n\n\n<p>Azylov\u00fd d\u016fm pro matky s d\u011btmi, kter\u00fd byl ve \u010cty\u0159l\u00edstku z\u0159\u00edzen\u00fd jako pomoc matk\u00e1m s d\u011btmi z Ukrajiny, u\u017e nen\u00ed vyu\u017e\u00edvan\u00fd. Nejv\u011bt\u0161\u00edm probl\u00e9mem je \u0159e\u0161en\u00ed ohledn\u011b pokra\u010dov\u00e1n\u00edm odleh\u010dovac\u00ed slu\u017eby v pobytov\u00e9 form\u011b pro d\u011bti a d\u011btsk\u00e9ho rehabilita\u010dn\u00edho stacion\u00e1\u0159e pro d\u011bti ve v\u011bku 2 a\u017e 7 let, poskytuj\u00edc\u00ed denn\u00ed rehabilita\u010dn\u00ed cvi\u010den\u00ed a odborn\u00e9 ambulance.<\/p>\n\n\n\n<p>\u201eP\u0159\u00edmo v Opav\u011b a okol\u00ed je sice re\u00e1ln\u00e1 kapacita mate\u0159sk\u00fdch \u0161kol pro d\u011bti se speci\u00e1ln\u00edmi vzd\u011bl\u00e1vac\u00edmi pot\u0159ebami napln\u011bna, ale ve spolupr\u00e1ci krajsk\u00fdch odbor\u016f \u0161kolstv\u00ed, ml\u00e1de\u017ee a sportu a odboru zdravotnictv\u00ed byly zpracov\u00e1ny studie pro roz\u0161\u00ed\u0159en\u00ed prostor ve dvou jin\u00fdch krajsk\u00fdch organizac\u00edch s kapacitou 24 a\u017e 40 d\u011bt\u00ed v z\u00e1vislosti na z\u00e1va\u017enosti jejich posti\u017een\u00ed,\u201c vysv\u011btluje n\u00e1m\u011bstek prim\u00e1tora Michal Koko\u0161ek s t\u00edm, \u017ee je po\u010d\u00edt\u00e1no s roz\u0161\u00ed\u0159en\u00edm odborn\u00fdch ambulanc\u00ed v organizaci M\u0160 Eli\u0161ka. V n\u00ed dojde k roz\u0161\u00ed\u0159en\u00ed o dv\u011b t\u0159\u00eddy pro p\u0159ed\u0161koln\u00ed vzd\u011bl\u00e1v\u00e1n\u00ed v\u010detn\u011b z\u00e1zem\u00ed a t\u00e9\u017e k vybudov\u00e1n\u00ed jedn\u00e9 t\u0159\u00eddy speci\u00e1ln\u00ed mate\u0159sk\u00e9 \u0161koly i z\u00e1zem\u00ed v Z\u00e1kladn\u00ed \u0161kole Praskova, specializuj\u00edc\u00ed se na vzd\u011bl\u00e1v\u00e1n\u00ed \u017e\u00e1k\u016f se zrakov\u00fdm posti\u017een\u00edm a vadami \u0159e\u010di.<\/p>\n\n\n\n<p>Ne\u017e se v\u0161ak povede zajistit pot\u0159ebn\u00e9 stavebn\u00ed a dal\u0161\u00ed \u00fapravy, budou v\u0161echny uveden\u00e9 slu\u017eby \u010cty\u0159l\u00edstku pokra\u010dovat ve st\u00e1vaj\u00edc\u00edch prostor\u00e1ch minim\u00e1ln\u011b do konce \u0161koln\u00edho roku 2026\/2027. \u201eNicm\u00e9n\u011b odhaduji, \u017ee pot\u0159ebn\u00e9 projektov\u00e9 a stavebn\u00ed pr\u00e1ce zaberou n\u00e1sleduj\u00edc\u00ed t\u0159i roky, ne\u017e bude mo\u017en\u00e9 st\u00e1vaj\u00edc\u00ed objekt \u00fapln\u011b opustit,\u201d dod\u00e1v\u00e1 Michal Koko\u0161ek. V r\u00e1mci st\u00e1vaj\u00edc\u00ed slu\u017eeb bude tak\u00e9 i nad\u00e1le prob\u00edhat p\u0159\u00edjem d\u011bt\u00ed se speci\u00e1ln\u00edmi vzd\u011bl\u00e1vac\u00edmi pot\u0159ebami.<\/p>\n\n\n\n<p>D\u016fvod\u016f k postupn\u00e9mu p\u0159enesen\u00ed slu\u017eeb jinam je v\u00edc, hlavn\u00edm je \u0161patn\u00fd stav budovy a jej\u00ed dispozice. Objekt nen\u00ed bezbari\u00e9rov\u00fd, m\u00e1 \u00fazk\u00e9 chodby a neumo\u017e\u0148uje transport u\u017eivatel\u016f na l\u016f\u017eku ani na standardn\u00edm voz\u00edku. Sv\u00fdm \u010dlen\u011bn\u00edm je uzp\u016fsoben\u00fd pot\u0159eb\u00e1m z minulosti, kdy byl je\u0161t\u011b d\u011btsk\u00fdm domovem. Jde o energeticky n\u00e1ro\u010dn\u00fd objekt se zastaral\u00fdmi rozvody technologi\u00ed vyt\u00e1p\u011bn\u00ed, vody, elekt\u0159iny a plynu a u t\u00e9to z \u010d\u00e1sti pam\u00e1tkov\u011b chr\u00e1n\u011bn\u00e9 budovy je nav\u00edc nutn\u00e1 oprava st\u0159echy a fas\u00e1dy. Podle odborn\u00edk\u016f by ani n\u00e1kladn\u00e1 rekonstrukce nezajistila jeho transformaci na pln\u011b vyhovuj\u00edc\u00ed provoz, ur\u010den\u00fd specializovan\u00e9 p\u00e9\u010di a rozvoji d\u011btsk\u00fdch klient\u016f. Proto dojde k postupn\u00e9mu uvoln\u011bn\u00ed za\u0159\u00edzen\u00ed a jeho p\u0159evodu do jin\u00fdch prostor.<\/p>\n\n\n\n<p>Jitka Hru\u0161kov\u00e1<\/p>\n\n\n\n<p>Opavsk\u00fd den\u00edk<\/p>\n\n\n\n<p><a href=\"https:\/\/opavsky.denik.cz\" target=\"_blank\" rel=\"noreferrer noopener\">https:\/\/opavsky.denik.cz<\/a><\/p>\n","protected":false},"excerpt":{"rendered":"<div class=\"mh-excerpt\"><p>\u010cty\u0159l\u00edstek nelikvidujeme, jen st\u011bhujeme, vzkazuje rodi\u010d\u016fm m\u011bsto Opava. Informace o likvidaci D\u011btsk\u00e9ho centra \u010cty\u0159l\u00edstek pronikly na ve\u0159ejnost a vzbudily mezi Opavany nev\u016fli i kritick\u00e9 ohlasy. <a class=\"mh-excerpt-more\" href=\"https:\/\/www.invarena.cz\/?p=54204\" title=\"Kudy povede dal\u0161\u00ed cesta opavsk\u00e9ho \u010cty\u0159l\u00edstku?\">[&#8230;]<\/a><\/p>\n<\/div>","protected":false},"author":1,"featured_media":14681,"comment_status":"open","ping_status":"closed","sticky":false,"template":"","format":"standard","meta":{"footnotes":""},"categories":[9],"tags":[],"class_list":["post-54204","post","type-post","status-publish","format-standard","has-post-thumbnail","hentry","category-zpravy"],"_links":{"self":[{"href":"https:\/\/www.invarena.cz\/index.php?rest_route=\/wp\/v2\/posts\/54204","targetHints":{"allow":["GET"]}}],"collection":[{"href":"https:\/\/www.invarena.cz\/index.php?rest_route=\/wp\/v2\/posts"}],"about":[{"href":"https:\/\/www.invarena.cz\/index.php?rest_route=\/wp\/v2\/types\/post"}],"author":[{"embeddable":true,"href":"https:\/\/www.invarena.cz\/index.php?rest_route=\/wp\/v2\/users\/1"}],"replies":[{"embeddable":true,"href":"https:\/\/www.invarena.cz\/index.php?rest_route=%2Fwp%2Fv2%2Fcomments&post=54204"}],"version-history":[{"count":0,"href":"https:\/\/www.invarena.cz\/index.php?rest_route=\/wp\/v2\/posts\/54204\/revisions"}],"wp:featuredmedia":[{"embeddable":true,"href":"https:\/\/www.invarena.cz\/index.php?rest_route=\/wp\/v2\/media\/14681"}],"wp:attachment":[{"href":"https:\/\/www.invarena.cz\/index.php?rest_route=%2Fwp%2Fv2%2Fmedia&parent=54204"}],"wp:term":[{"taxonomy":"category","embeddable":true,"href":"https:\/\/www.invarena.cz\/index.php?rest_route=%2Fwp%2Fv2%2Fcategories&post=54204"},{"taxonomy":"post_tag","embeddable":true,"href":"https:\/\/www.invarena.cz\/index.php?rest_route=%2Fwp%2Fv2%2Ftags&post=54204"}],"curies":[{"name":"wp","href":"https:\/\/api.w.org\/{rel}","templated":true}]}}