{"id":54210,"date":"2025-01-13T15:59:12","date_gmt":"2025-01-13T14:59:12","guid":{"rendered":"https:\/\/www.invarena.cz\/?p=54210"},"modified":"2025-01-13T15:59:13","modified_gmt":"2025-01-13T14:59:13","slug":"hanka-rabenhauptova-ziskala-cenu-za-mapovani-barier","status":"publish","type":"post","link":"https:\/\/www.invarena.cz\/?p=54210","title":{"rendered":"Hanka Rabenhauptov\u00e1 z\u00edskala cenu za mapov\u00e1n\u00ed bari\u00e9r"},"content":{"rendered":"\n<p>Jedna z cen Rady \u010desk\u00e9 vl\u00e1dy pro osoby se zdravotn\u00edm posti\u017een\u00edm putuje do Prachatic. Z\u00edskala ji Hanka Rabenhauptov\u00e1. Porota vyb\u00edrala z p\u011btadvaceti fotografi\u00ed, a tu Hanky Rabenhauptov\u00e9 ocenila t\u0159et\u00edm m\u00edstem.<\/p>\n\n\n\n<p>V leto\u0161n\u00edm 31. ro\u010dn\u00edku fotografick\u00e9 sout\u011b\u017ee o Cenu za publicistick\u00e9 pr\u00e1ce zam\u011b\u0159en\u00e9 na t\u00e9ma zdravotn\u00edho posti\u017een\u00ed a fotografi\u00ed bylo vyhl\u00e1\u0161eno t\u00e9ma \u201eZa pozn\u00e1n\u00edm hendikepu navzdory\u201c. Hanka Rabenhauptov\u00e1 p\u0159ihl\u00e1sila fotografii \u201eMapov\u00e1n\u00ed bari\u00e9r ve m\u011bst\u011b Prachatice\u201c. Na fotografii je zachycena skupina osob se zdravotn\u00edm posti\u017een\u00edm, nevidom\u00ed, voz\u00ed\u010dk\u00e1\u0159i, lid\u00e9 s holemi, rodi\u010de s d\u011btmi, senio\u0159i, projektant, z\u00e1stupce m\u011bsta, kter\u00e1 ka\u017edoro\u010dn\u011b vyr\u00e1\u017e\u00ed mapovat bari\u00e9ry ve m\u011bst\u011b Prachatice. Tato aktivita m\u00e1 za c\u00edl identifikovat p\u0159ek\u00e1\u017eky, kter\u00e9 br\u00e1n\u00ed osob\u00e1m se zdravotn\u00edm posti\u017een\u00edm ve voln\u00e9m pohybu a \u00fa\u010dasti na ve\u0159ejn\u00e9m \u017eivot\u011b. \u010clenov\u00e9 skupiny se spole\u010dn\u011b sna\u017e\u00ed naj\u00edt \u0159e\u0161en\u00ed, kter\u00e1 by zlep\u0161ila p\u0159\u00edstupnost m\u011bsta a umo\u017enila v\u0161em jeho obyvatel\u016fm \u017e\u00edt komfortn\u011bji a nez\u00e1visleji. Fotografie zachycuje moment spolupr\u00e1ce a vz\u00e1jemn\u00e9 podpory mezi jednotliv\u00fdmi \u00fa\u010dastn\u00edky, kte\u0159\u00ed svou aktivitou p\u0159isp\u00edvaj\u00ed k celkov\u00e9mu zlep\u0161en\u00ed kvality \u017eivota ve m\u011bst\u011b. T\u00edmto zp\u016fsobem se nap\u0159\u00edklad da\u0159\u00ed odstra\u0148ovat architektonick\u00e9 bari\u00e9ry, zlep\u0161ovat signalizaci a ozna\u010den\u00ed, \u010di zaji\u0161\u0165ovat p\u0159\u00edstupnost ve\u0159ejn\u00e9 dopravy.<\/p>\n\n\n\n<p>Fotografii Hanka Rabenhauptov\u00e1 po\u0159\u00eddila loni v srpnu v Prachatic\u00edch. P\u0159ed p\u00e1r dny Hanka Rabenhauptov\u00e1 p\u0159evzala cenu na \u00da\u0159adu vl\u00e1dy \u010cesk\u00e9 republiky v Praze. Gratulujeme.<\/p>\n\n\n\n<p>Jana Vandl\u00ed\u010dkov\u00e1<\/p>\n\n\n\n<p>Prachatick\u00fd den\u00edk<\/p>\n\n\n\n<p><a href=\"https:\/\/prachaticky.denik.cz\" target=\"_blank\" rel=\"noreferrer noopener\">https:\/\/prachaticky.denik.cz<\/a><\/p>\n","protected":false},"excerpt":{"rendered":"<div class=\"mh-excerpt\"><p>Jedna z cen Rady \u010desk\u00e9 vl\u00e1dy pro osoby se zdravotn\u00edm posti\u017een\u00edm putuje do Prachatic. Z\u00edskala ji Hanka Rabenhauptov\u00e1. Porota vyb\u00edrala z p\u011btadvaceti fotografi\u00ed, a tu <a class=\"mh-excerpt-more\" href=\"https:\/\/www.invarena.cz\/?p=54210\" title=\"Hanka Rabenhauptov\u00e1 z\u00edskala cenu za mapov\u00e1n\u00ed bari\u00e9r\">[&#8230;]<\/a><\/p>\n<\/div>","protected":false},"author":1,"featured_media":33375,"comment_status":"open","ping_status":"closed","sticky":false,"template":"","format":"standard","meta":{"footnotes":""},"categories":[9],"tags":[],"class_list":["post-54210","post","type-post","status-publish","format-standard","has-post-thumbnail","hentry","category-zpravy"],"_links":{"self":[{"href":"https:\/\/www.invarena.cz\/index.php?rest_route=\/wp\/v2\/posts\/54210","targetHints":{"allow":["GET"]}}],"collection":[{"href":"https:\/\/www.invarena.cz\/index.php?rest_route=\/wp\/v2\/posts"}],"about":[{"href":"https:\/\/www.invarena.cz\/index.php?rest_route=\/wp\/v2\/types\/post"}],"author":[{"embeddable":true,"href":"https:\/\/www.invarena.cz\/index.php?rest_route=\/wp\/v2\/users\/1"}],"replies":[{"embeddable":true,"href":"https:\/\/www.invarena.cz\/index.php?rest_route=%2Fwp%2Fv2%2Fcomments&post=54210"}],"version-history":[{"count":0,"href":"https:\/\/www.invarena.cz\/index.php?rest_route=\/wp\/v2\/posts\/54210\/revisions"}],"wp:featuredmedia":[{"embeddable":true,"href":"https:\/\/www.invarena.cz\/index.php?rest_route=\/wp\/v2\/media\/33375"}],"wp:attachment":[{"href":"https:\/\/www.invarena.cz\/index.php?rest_route=%2Fwp%2Fv2%2Fmedia&parent=54210"}],"wp:term":[{"taxonomy":"category","embeddable":true,"href":"https:\/\/www.invarena.cz\/index.php?rest_route=%2Fwp%2Fv2%2Fcategories&post=54210"},{"taxonomy":"post_tag","embeddable":true,"href":"https:\/\/www.invarena.cz\/index.php?rest_route=%2Fwp%2Fv2%2Ftags&post=54210"}],"curies":[{"name":"wp","href":"https:\/\/api.w.org\/{rel}","templated":true}]}}