{"id":54225,"date":"2025-01-15T11:28:48","date_gmt":"2025-01-15T10:28:48","guid":{"rendered":"https:\/\/www.invarena.cz\/?p=54225"},"modified":"2025-01-15T11:28:48","modified_gmt":"2025-01-15T10:28:48","slug":"vice-volna-pro-zamestnance","status":"publish","type":"post","link":"https:\/\/www.invarena.cz\/?p=54225","title":{"rendered":"V\u00edce volna pro zam\u011bstnance\u00a0\u00a0"},"content":{"rendered":"\n<p>Prima\u00a0&#8211; Hlavn\u00ed zpr\u00e1vy<br \/><br \/>Zam\u011bstnanci by mohli m\u00edt n\u00e1rok na dal\u0161\u00ed voln\u00e9 dny. V\u00edce volna by mohli m\u00edt lid\u00e9 v p\u0159\u00edpad\u011b \u00famrt\u00ed v rodin\u011b nebo jin\u00fdch mimo\u0159\u00e1dn\u00fdch ud\u00e1lost\u00ed, jako jsou nap\u0159\u00edklad povodn\u011b.<br \/><br \/>Polep\u0161it se maj\u00ed stejnopohlavn\u00ed p\u00e1ry a zcela zm\u011bnit se m\u00e1 re\u017eim volna ve v\u00fdpov\u011bdn\u00ed lh\u016ft\u011b. Po\u010d\u00edt\u00e1 s t\u00edm n\u00e1vrh vl\u00e1dn\u00edho na\u0159\u00edzen\u00ed, kter\u00e9 Ministerstvo pr\u00e1ce poslalo do p\u0159ipom\u00ednkov\u00e9ho \u0159\u00edzen\u00ed.<br \/><br \/>A pokud chcete chytr\u00fdm pl\u00e1nov\u00e1n\u00edm z\u00edskat a\u017e m\u011bs\u00edc volna nav\u00edc, na\u010dt\u011bte si QR k\u00f3d v report\u00e1\u017ei.<br \/><br \/>A\u017e p\u011bt dn\u00ed volna by mohli m\u00edt lid\u00e9 v p\u0159\u00edpad\u011b \u00famrt\u00ed man\u017eela, man\u017eelky, partnera, partnerky, druha a dru\u017eky, d\u00edt\u011bte, vnuka, rodi\u010de, prarodi\u010de nebo sourozence.<br \/><br \/>Marian Jure\u010dka,\u00a0<strong>ministr<\/strong>\u00a0<strong>pr\u00e1ce<\/strong>\u00a0a soci\u00e1ln\u00edch v\u011bc\u00ed \/KDU-\u010cSL\/<br \/>&#8212;&#8212;&#8212;&#8212;&#8212;&#8212;&#8211;<br \/>Je tady mo\u017enost m\u00edt p\u0159ek\u00e1\u017eku na stran\u011b zam\u011bstnance, kter\u00fd t\u0159eba pot\u0159ebuje se s tou situaci vyrovnat, je to samoz\u0159ejm\u011b neplacen\u00e9 volno, ale je to n\u011bjak\u00e9, \u0159ekn\u011bme, roz\u0161\u00ed\u0159en\u00ed t\u011bch benefit\u016f, kter\u00e9 pamatuj\u00ed na tyto, \u0159ekn\u011bme, mimo\u0159\u00e1dn\u00e9 \u017eivotn\u00ed situace.<br \/><br \/>redaktorka<br \/>&#8212;&#8212;&#8212;&#8212;&#8212;&#8212;&#8211;<br \/>Dva dny neplacen\u00e9ho volna by mohl m\u00edt zam\u011bstnanec, kter\u00fd je ve v\u00fdpov\u011bdn\u00ed lh\u016ft\u011b, kter\u00fd si pot\u0159ebuje rychleji naj\u00edt pr\u00e1ci a vyu\u017eije k tomu poradensk\u00e9 slu\u017eby \u00da\u0159adu pr\u00e1ce. V p\u0159\u00edpad\u011b, \u017ee d\u00e1 zam\u011bstnavatel zam\u011bstnanci v\u00fdpov\u011b\u010f nap\u0159\u00edklad z d\u016fvodu nadbyte\u010dnosti, bude m\u00edt n\u00e1rok na \u010dty\u0159i placen\u00e9 dny volna. V p\u0159\u00edpad\u011b, \u017ee bude zam\u011bstnanec propu\u0161t\u011bn za poru\u0161en\u00ed pracovn\u00edch povinnost\u00ed, bude m\u00edt pouze dva neplacen\u00e9 dny volna. Pokud zam\u011bstnanec pod\u00e1 v\u00fdpov\u011b\u010f s\u00e1m nebo se na odchodu domluv\u00ed, dostane nov\u011b \u010dty\u0159i dny neplacen\u00e9ho volna.<br \/><br \/>Nov\u011b tak\u00e9 z\u00edskaj\u00ed n\u00e1rok na volno p\u00e1ry stejn\u00e9ho pohlav\u00ed, kter\u00e9 uzav\u0159ou partnerstv\u00ed. Celkem se bude jednat o dva dny, z nich\u017e jeden bude placen\u00fd.<br \/><br \/>Marian Jure\u010dka,\u00a0<strong>ministr<\/strong>\u00a0<strong>pr\u00e1ce<\/strong>\u00a0a soci\u00e1ln\u00edch v\u011bc\u00ed \/KDU-\u010cSL\/<br \/>&#8212;&#8212;&#8212;&#8212;&#8212;&#8212;&#8211;<br \/>Ten n\u00e1vrh na\u0159\u00edzen\u00ed vl\u00e1dy \u0159e\u0161\u00ed n\u011bkolik oblast\u00ed. Za prv\u00e9 sjednocuje ty mo\u017enosti toho volna v situac\u00edch, kdy dneska tu m\u00e1me v z\u00e1kon\u011b ve vztahu k man\u017eelstv\u00ed, uzav\u00edr\u00e1n\u00ed man\u017eelstv\u00ed, tak aby to vlastn\u011b princip\u00e1ln\u011b stejn\u011b platilo i pro partnerstv\u00ed.<br \/><br \/>redaktorka<br \/>&#8212;&#8212;&#8212;&#8212;&#8212;&#8212;&#8211;<br \/><strong>Ministr<\/strong>\u00a0<strong>pr\u00e1ce<\/strong>\u00a0a soci\u00e1ln\u00edch v\u011bc\u00ed Marian Jure\u010dka chce n\u00e1vrh p\u0159edlo\u017eit na vl\u00e1d\u011b v n\u00e1sleduj\u00edc\u00edch t\u00fddnech. Pokud ho vl\u00e1da schv\u00e1l\u00ed, zm\u011bna by mohla za\u010d\u00edt platit je\u0161t\u011b letos. <\/p>\n\n\n\n<p> CNN Prima News.<\/p>\n\n\n\n<p><a href=\"https:\/\/monitoring.anopress.cz\/files\/dnload\/final\/medical_00322_26072501.htm#obsah\"><br \/><\/a><\/p>\n","protected":false},"excerpt":{"rendered":"<div class=\"mh-excerpt\"><p>Prima\u00a0&#8211; Hlavn\u00ed zpr\u00e1vy Zam\u011bstnanci by mohli m\u00edt n\u00e1rok na dal\u0161\u00ed voln\u00e9 dny. V\u00edce volna by mohli m\u00edt lid\u00e9 v p\u0159\u00edpad\u011b \u00famrt\u00ed v rodin\u011b nebo jin\u00fdch <a class=\"mh-excerpt-more\" href=\"https:\/\/www.invarena.cz\/?p=54225\" title=\"V\u00edce volna pro zam\u011bstnance\u00a0\u00a0\">[&#8230;]<\/a><\/p>\n<\/div>","protected":false},"author":1,"featured_media":12418,"comment_status":"open","ping_status":"closed","sticky":false,"template":"","format":"standard","meta":{"footnotes":""},"categories":[9],"tags":[],"class_list":["post-54225","post","type-post","status-publish","format-standard","has-post-thumbnail","hentry","category-zpravy"],"_links":{"self":[{"href":"https:\/\/www.invarena.cz\/index.php?rest_route=\/wp\/v2\/posts\/54225","targetHints":{"allow":["GET"]}}],"collection":[{"href":"https:\/\/www.invarena.cz\/index.php?rest_route=\/wp\/v2\/posts"}],"about":[{"href":"https:\/\/www.invarena.cz\/index.php?rest_route=\/wp\/v2\/types\/post"}],"author":[{"embeddable":true,"href":"https:\/\/www.invarena.cz\/index.php?rest_route=\/wp\/v2\/users\/1"}],"replies":[{"embeddable":true,"href":"https:\/\/www.invarena.cz\/index.php?rest_route=%2Fwp%2Fv2%2Fcomments&post=54225"}],"version-history":[{"count":0,"href":"https:\/\/www.invarena.cz\/index.php?rest_route=\/wp\/v2\/posts\/54225\/revisions"}],"wp:featuredmedia":[{"embeddable":true,"href":"https:\/\/www.invarena.cz\/index.php?rest_route=\/wp\/v2\/media\/12418"}],"wp:attachment":[{"href":"https:\/\/www.invarena.cz\/index.php?rest_route=%2Fwp%2Fv2%2Fmedia&parent=54225"}],"wp:term":[{"taxonomy":"category","embeddable":true,"href":"https:\/\/www.invarena.cz\/index.php?rest_route=%2Fwp%2Fv2%2Fcategories&post=54225"},{"taxonomy":"post_tag","embeddable":true,"href":"https:\/\/www.invarena.cz\/index.php?rest_route=%2Fwp%2Fv2%2Ftags&post=54225"}],"curies":[{"name":"wp","href":"https:\/\/api.w.org\/{rel}","templated":true}]}}