{"id":54236,"date":"2025-01-17T03:55:59","date_gmt":"2025-01-17T02:55:59","guid":{"rendered":"https:\/\/www.invarena.cz\/?p=54236"},"modified":"2025-01-17T03:56:00","modified_gmt":"2025-01-17T02:56:00","slug":"pristi-tyden-jsou-zimni-hry-pro-handicapovanou-mladez","status":"publish","type":"post","link":"https:\/\/www.invarena.cz\/?p=54236","title":{"rendered":"P\u0159\u00ed\u0161t\u00ed t\u00fdden jsou zimn\u00ed hry pro handicapovanou ml\u00e1de\u017e"},"content":{"rendered":"\n<p><\/p>\n\n\n\n<p>Po\u0159adatel\u00e9 zvou na <strong>Winter Games Emil Open<\/strong>, t\u0159et\u00ed ro\u010dn\u00edk evropsk\u00fdch zimn\u00edch her pro handicapovan\u00e9 d\u011bti, ml\u00e1de\u017e a mlad\u00e9 dosp\u011bl\u00e9, kter\u00e9 se uskute\u010dn\u00ed v Ji\u017en\u00edch \u010cech\u00e1ch ve dnech\u00a0<strong>22.-26. 1. 2025<\/strong>.<\/p>\n\n\n\n<p>V \u010cesk\u00fdch Bud\u011bjovic\u00edch v Clarion Congress Hotel budou hry\u00a0<strong>ofici\u00e1ln\u011b zah\u00e1jeny<\/strong>. Mo\u017en\u00e1 je \u00fa\u010dast na hr\u00e1ch samotn\u00fdch, a\u0165 u\u017e na sjezdovk\u00e1ch ve Skiare\u00e1lu Lipno, tak na Hokejov\u00e9m centru Pouzar v \u010desk\u00fdch Bud\u011bjovic\u00edch. <\/p>\n\n\n\n<p>Ve st\u0159edu 22. ledna 2025 na Slavnostn\u00edm zahajovac\u00edm ceremoni\u00e1lu hry zah\u00e1j\u00ed:<\/p>\n\n\n\n<ul class=\"wp-block-list\">\n<li>Dagmar \u0160kodov\u00e1 Parmov\u00e1,<br \/>prim\u00e1torka statut\u00e1rn\u00edho m\u011bsta \u010cesk\u00e9 Bud\u011bjovice<br \/>\u2022 David \u0160tojdl,<br \/>n\u00e1m\u011bstek hejtmana Jiho\u010desk\u00e9ho kraje<\/li>\n\n\n\n<li>Ivan Kafka,<br \/>z\u00e1stupce gener\u00e1ln\u00edho partnera<br \/>ENERGIE AG BOHEMIA<br \/>\u2022 Pavel Zbo\u017e\u00ednek,<br \/>prezident organiza\u010dn\u00edho v\u00fdboru<br \/>V4 Winter Games Emil Open<br \/><br \/>T\u00edmto jste tak\u00e9 zv\u00e1ni na oba sportovn\u00ed dny her, \u010dtvrtek 23. a p\u00e1tek 24. ledna, b\u011bhem nich\u017e se m\u016f\u017eete<br \/>pono\u0159it do nezapomenuteln\u00e9 atmosf\u00e9ry tohoto sportovn\u00edho sv\u00e1tku a z\u00e1rove\u0148 m\u00edt mo\u017enost setkat se s<br \/>\u00fa\u010dastn\u00edky her a jejich rodinami bu\u010f na sjezdovce Lipensk\u00e1 v Are\u00e1lu Lipno nebo v Hokejov\u00e9m centru<br \/>Pouzar v \u010cesk\u00fdch Bud\u011bjovic\u00edch. Slavnostn\u00ed ukon\u010den\u00ed her prob\u011bhne v p\u00e1tek 24. ledna od 19 do 21 hodin.<br \/>Po\u0159adatel\u00e9 pros\u00ed o potvrzen\u00ed \u00fa\u010dasti a informaci, kter\u00fd den a kam p\u0159ijedete,<\/li>\n<\/ul>\n","protected":false},"excerpt":{"rendered":"<div class=\"mh-excerpt\"><p>Po\u0159adatel\u00e9 zvou na Winter Games Emil Open, t\u0159et\u00ed ro\u010dn\u00edk evropsk\u00fdch zimn\u00edch her pro handicapovan\u00e9 d\u011bti, ml\u00e1de\u017e a mlad\u00e9 dosp\u011bl\u00e9, kter\u00e9 se uskute\u010dn\u00ed v Ji\u017en\u00edch \u010cech\u00e1ch <a class=\"mh-excerpt-more\" href=\"https:\/\/www.invarena.cz\/?p=54236\" title=\"P\u0159\u00ed\u0161t\u00ed t\u00fdden jsou zimn\u00ed hry pro handicapovanou ml\u00e1de\u017e\">[&#8230;]<\/a><\/p>\n<\/div>","protected":false},"author":1,"featured_media":10548,"comment_status":"open","ping_status":"closed","sticky":false,"template":"","format":"standard","meta":{"footnotes":""},"categories":[7],"tags":[],"class_list":["post-54236","post","type-post","status-publish","format-standard","has-post-thumbnail","hentry","category-spolecnost"],"_links":{"self":[{"href":"https:\/\/www.invarena.cz\/index.php?rest_route=\/wp\/v2\/posts\/54236","targetHints":{"allow":["GET"]}}],"collection":[{"href":"https:\/\/www.invarena.cz\/index.php?rest_route=\/wp\/v2\/posts"}],"about":[{"href":"https:\/\/www.invarena.cz\/index.php?rest_route=\/wp\/v2\/types\/post"}],"author":[{"embeddable":true,"href":"https:\/\/www.invarena.cz\/index.php?rest_route=\/wp\/v2\/users\/1"}],"replies":[{"embeddable":true,"href":"https:\/\/www.invarena.cz\/index.php?rest_route=%2Fwp%2Fv2%2Fcomments&post=54236"}],"version-history":[{"count":0,"href":"https:\/\/www.invarena.cz\/index.php?rest_route=\/wp\/v2\/posts\/54236\/revisions"}],"wp:featuredmedia":[{"embeddable":true,"href":"https:\/\/www.invarena.cz\/index.php?rest_route=\/wp\/v2\/media\/10548"}],"wp:attachment":[{"href":"https:\/\/www.invarena.cz\/index.php?rest_route=%2Fwp%2Fv2%2Fmedia&parent=54236"}],"wp:term":[{"taxonomy":"category","embeddable":true,"href":"https:\/\/www.invarena.cz\/index.php?rest_route=%2Fwp%2Fv2%2Fcategories&post=54236"},{"taxonomy":"post_tag","embeddable":true,"href":"https:\/\/www.invarena.cz\/index.php?rest_route=%2Fwp%2Fv2%2Ftags&post=54236"}],"curies":[{"name":"wp","href":"https:\/\/api.w.org\/{rel}","templated":true}]}}