{"id":54244,"date":"2025-01-18T05:35:12","date_gmt":"2025-01-18T04:35:12","guid":{"rendered":"https:\/\/www.invarena.cz\/?p=54244"},"modified":"2025-01-18T05:35:25","modified_gmt":"2025-01-18T04:35:25","slug":"rozhovor-s-predsedou-ceskeho-paralympijskeho-vyboru","status":"publish","type":"post","link":"https:\/\/www.invarena.cz\/?p=54244","title":{"rendered":"Rozhovor s p\u0159edsedou \u010cesk\u00e9ho paralympijsk\u00e9ho v\u00fdboru"},"content":{"rendered":"\n<p>Radio\u017eurn\u00e1l\u00a0&#8211; Dvac\u00edtka Radio\u017eurn\u00e1lu<br \/><\/p>\n\n\n\n<p>Jak jsou na tom handicapovan\u00ed se sportem? K \u010demu m\u00e1 slou\u017eit nov\u00e9 specializovan\u00e9 centrum pro\u00a0<strong>posti\u017een\u00e9<\/strong>? A da\u0159\u00ed se prosazovat parasporty na stejnou \u00farove\u0148, jako maj\u00ed b\u011b\u017en\u00e9 sporty? Hostem Dvaceti minut Radio\u017eurn\u00e1lu, kter\u00e9 vys\u00edl\u00e1 tak\u00e9 \u010cesk\u00fd rozhlas Plus, je dnes p\u0159edseda \u010cesk\u00e9ho paralympijsk\u00e9ho v\u00fdboru, sen\u00e1tor Zbyn\u011bk S\u00fdkora z ODS. Dobr\u00fd den.<br \/><br \/>Dnes jste spolu s premi\u00e9rem a\u00a0<strong>ministrem<\/strong>\u00a0<strong>pr\u00e1ce<\/strong>\u00a0a soci\u00e1ln\u00edch v\u011bc\u00ed p\u0159edstavili ve Strakov\u011b akademii p\u0159ipravovan\u00e9 specializovan\u00e9 sportovn\u00ed centrum, kter\u00e9 umo\u017en\u00ed systematickou profesionalizaci vrcholov\u00fdch sportovc\u016f s handicapem. Kdy a jak ten n\u00e1pad vznikl?<br \/><br \/>Zbyn\u011bk S\u00fdkora, p\u0159edseda \u010cesk\u00e9ho paralympijsk\u00e9ho v\u00fdboru<br \/>&#8212;&#8212;&#8212;&#8212;&#8212;&#8212;&#8211;<br \/>Tak ano, je to pravda. Dnes jsme p\u0159edstavili my\u0161lenku vzniku sportovn\u00edho rezortn\u00edho centra pod\u00a0<strong>MPSV<\/strong>. Kdy ten n\u00e1pad vznikl? J\u00e1 vlastn\u011b, oni u\u017e to budou \u010dty\u0159i roky, kdy m\u00e1m tu \u010dest b\u00fdt v \u010dele paralympijsk\u00e9ho hnut\u00ed v \u010cesk\u00e9 republice. A my jsme vlastn\u011b po n\u00e1stupu, proto\u017ee to nebyl jenom m\u016fj n\u00e1stup, ale toho t\u00fdmu, kter\u00fd jsme budovali, po n\u00e1stupu do t\u011bch funkc\u00ed a do toho \u010dela paralympijsk\u00e9ho hnut\u00ed vlastn\u011b tenkr\u00e1t \u0159e\u0161ili, to byla takov\u00e1 ta doba t\u011bsn\u011b p\u0159ed paralympi\u00e1dou v Pekingu, tak\u017ee ty prvn\u00ed dva m\u011bs\u00edce jsme ne\u0159e\u0161ili nic jin\u00e9ho ne\u017e prost\u011b zajistit tu \u00fa\u010dast. Ale hned po tom, co se n\u00e1m malinko rozv\u00e1zali ruce, jsme si \u0159ekli, \u017ee prost\u011b pot\u0159ebujeme jako noty, podle kter\u00fdch jako pojedeme, tak\u017ee jsme za\u010dali pracovat na strategii, strategii paralympijsk\u00e9ho hnut\u00ed v \u010cesk\u00e9 republice na n\u00e1sleduj\u00edc\u00edch 10 let. To se n\u00e1m povedlo. \u010clensk\u00e1 sch\u016fze n\u00e1m ji v roce 22 schv\u00e1lila a vlastn\u011b jeden z t\u011bch hlavn\u00edch pil\u00ed\u0159\u016f t\u00e9to strategie n\u00e1m vy\u0161lo, \u017ee je pot\u0159eba zalo\u017eit vlastn\u00ed rezortn\u00ed sportovn\u00ed centrum pro sportovce s handicapem.<br \/><br \/>Vladim\u00edr Kroc, moder\u00e1tor<br \/>&#8212;&#8212;&#8212;&#8212;&#8212;&#8212;&#8211;<br \/>A pro\u010d je to pot\u0159eba?<br \/><br \/>Zbyn\u011bk S\u00fdkora, p\u0159edseda \u010cesk\u00e9ho paralympijsk\u00e9ho v\u00fdboru<br \/>&#8212;&#8212;&#8212;&#8212;&#8212;&#8212;&#8211;<br \/>Pro\u010d je to pot\u0159eba? J\u00e1 na to um\u00edm odpov\u011b\u010f dlouze i kr\u00e1tce, odpov\u00edm taky tak. Prost\u011b pakli\u017ee chceme a je to politick\u00e9 rozhodnut\u00ed veden\u00ed \u010cesk\u00e9 republiky, pakli\u017ee chceme na parasportovn\u00edm poli nebo na poli sportu handicapovan\u00fdch vozit medaile z vrcholov\u00fdch akc\u00ed, jako je t\u0159eba paralympi\u00e1da, tak prost\u011b pot\u0159ebujeme sko\u010dit do profesion\u00e1ln\u00edho re\u017eimu, tak proto je to pot\u0159eba, proto\u017ee toto centrum n\u00e1m to umo\u017e\u0148uje.<br \/><br \/>Vladim\u00edr Kroc, moder\u00e1tor<br \/>&#8212;&#8212;&#8212;&#8212;&#8212;&#8212;&#8211;<br \/>Kolik m\u00e1me u n\u00e1s profesion\u00e1ln\u00edch handicapovan\u00fdch sportovc\u016f?<br \/><br \/>Zbyn\u011bk S\u00fdkora, p\u0159edseda \u010cesk\u00e9ho paralympijsk\u00e9ho v\u00fdboru<br \/>&#8212;&#8212;&#8212;&#8212;&#8212;&#8212;&#8211;<br \/>To je t\u011b\u017ek\u00e1 ot\u00e1zka. Poj\u010fme si definovat, co je profesion\u00e1ln\u00ed sportovec obecn\u011b. Za m\u011b je profesion\u00e1ln\u00ed sportovec ten, kter\u00fd dost\u00e1v\u00e1 pen\u00edze, mzdu, plat za to, \u017ee chod\u00ed do pr\u00e1ce na tr\u00e9ninky, na rehabilitace, na fyzio, na ment\u00e1ln\u00ed p\u0159\u00edpravu atd. A prost\u011b reprezentuje \u010ceskou republiku na vrcholov\u00fdch akc\u00edch, prost\u011b v\u011bnuje se sportu v pracovn\u00ed dob\u011b. A ne po pracovn\u00ed dob\u011b, to je za m\u011b \u010dist\u00fd profesion\u00e1ln\u00ed p\u0159\u00edstup. A tohleto my v \u010cesk\u00e9 republice jsme m\u011bli opravdu velmi omezen\u011b nebo u jednotk\u00e1ch p\u0159\u00edpad\u016f. V\u00edm, \u017ee t\u0159eba n\u00e1\u0161 \u010desk\u00fd parahokej se sna\u017e\u00ed k tomu co nejv\u00edce p\u0159ibl\u00ed\u017eit a opravdu ti kluci to d\u011blaj\u00ed dob\u0159e, ale zdaleka se je\u0161t\u011b nep\u0159ibli\u017euj\u00ed tomuhle modelu, kter\u00fd t\u0159eba popisujeme my. Tak\u017ee tohleto my pot\u0159ebujeme a to n\u00e1m sportovn\u00ed rezortn\u00ed centrum, kter\u00e9 pravd\u011bpodobn\u011b se rozjede v prvn\u00ed polovin\u011b tohoto roku. Nebo ne pravd\u011bpodobn\u011b. S velkou jistotou. Tak to n\u00e1m m\u00e1 prost\u011b zajistit.<br \/><br \/>Vladim\u00edr Kroc, moder\u00e1tor<br \/>&#8212;&#8212;&#8212;&#8212;&#8212;&#8212;&#8211;<br \/>Tak je \u017e\u00e1douc\u00ed, ale aby t\u011bch handicapovan\u00fdch profesion\u00e1ln\u00edch sportovc\u016f p\u0159ib\u00fdvalo? M\u00e1m na mysli to, jestli je rozhoduj\u00edc\u00ed, \u017ee jde o profesion\u00e1ly, jestli by nebylo vhodn\u011bj\u0161\u00ed umo\u017enit co nej\u0161ir\u0161\u00edmu okruhu handicapovan\u00fdch, aby mohli sportovat?<br \/><br \/>Zbyn\u011bk S\u00fdkora, p\u0159edseda \u010cesk\u00e9ho paralympijsk\u00e9ho v\u00fdboru<br \/>&#8212;&#8212;&#8212;&#8212;&#8212;&#8212;&#8211;<br \/>Tak j\u00e1 budu r\u00e1d, kdy\u017e t\u00e9ma parasportu prost\u011b pokvete obecn\u011b od A do Z, proto\u017ee samoz\u0159ejm\u011b my stav\u00edme pyramidu a na \u0161pi\u010dce t\u00fd pyramidy je tady rezortn\u00ed centrum s t\u011bma medailema. A ty sportovce, kte\u0159\u00ed n\u00e1m jako voz\u00ed ty medaile, chceme pr\u00e1v\u011b vyu\u017e\u00edvat motiva\u010dn\u011b, ale to je a\u017e ta t\u0159e\u0161ni\u010dka na dortu. A samoz\u0159ejm\u011b tu pyramidu je pot\u0159eba stav\u011bt odspoda. Tak\u017ee my se mus\u00edme v\u011bnovat tomu t\u00e9matu obecn\u011b, ale je pot\u0159eba je\u0161t\u011b \u0159\u00edct, j\u00e1 na to \u010dasto zapom\u00edn\u00e1m a mrz\u00ed m\u011b to, \u017ee vlastn\u011b v \u010cesk\u00e9 republice existuj\u00ed v sou\u010dasnosti t\u0159i rezortn\u00ed centra. Dukla, co\u017e je ministerstvo obrany, Olymp, co\u017e je ministerstvo vnitra a Victoria, co\u017e je ministerstvo \u0161kolstv\u00ed. A my vlastn\u011b ty na\u0161e sportovce m\u00e1me te\u010f um\u00edst\u011bn\u00e9 v t\u011bchto resortn\u00edch centrech v\u011bt\u0161inov\u011b. A j\u00e1 \u0159\u00edk\u00e1m na\u0161e sportovce, ale mysl\u00edm i\u00a0<strong>nesly\u0161\u00edc\u00ed<\/strong>, proto\u017ee \u010cesk\u00fd paralympijsk\u00fd v\u00fdbor nezast\u0159e\u0161uje\u00a0<strong>nesly\u0161\u00edc\u00ed<\/strong>. Od toho maj\u00ed oni \u010cesk\u00fd deaflympijsk\u00fd v\u00fdbor, ale te\u010f mluv\u00edm obecn\u011b o sportu handicapovan\u00fdch, v\u010detn\u011b\u00a0<strong>nesly\u0161\u00edc\u00edch<\/strong>. Tak\u017ee v\u011bt\u0161inov\u011b je m\u00e1me um\u00edst\u011bn\u00e9 pr\u00e1v\u011b v rezortn\u00edm centru Victoria, co\u017e je podpora obrovsk\u00e1 pro n\u00e1s. Oni, my si t\u00fd podpory v\u00e1\u017e\u00edme, ale na to ta podpora nen\u00ed v takov\u00e9 v\u00fd\u0161i, by\u0165 je to skv\u011bl\u00e9, znovu opakuji, nen\u00ed v takov\u00e9 v\u00fd\u0161i, aby n\u00e1m dovolila pr\u00e1v\u011b d\u00e1t ty v\u00fdpov\u011bdi v t\u011bch sv\u00fdch sou\u010dasn\u00fdch zam\u011bstn\u00e1n\u00edch a p\u0159estat sportovat po pr\u00e1ci, ale pr\u00e1v\u011b v t\u00e9 pracovn\u00ed dob\u011b. A to se n\u00e1m pr\u00e1v\u011b d\u011bje t\u00edmto rezortn\u00edm sportovn\u00edm centrem, co\u017e je jedna v\u011bc. A druh\u00e1 v\u011bc je systematizace. J\u00e1 jsem systematik od narozen\u00ed a m\u00e1m r\u00e1d syst\u00e9movost a my prost\u011b tady te\u010f jako systematicky uchop\u00edme v\u0161echny ty sportovce, d\u00e1me tomu. Nebo respektive j\u00e1 \u0159\u00edk\u00e1m, my d\u00e1me, ale ono to bude resortn\u00ed centrum ministerstva pr\u00e1ce a soci\u00e1ln\u00edch v\u011bc\u00ed. A \u00faloha \u010cesk\u00e9ho paralympijsk\u00e9ho v\u00fdboru v tom vzniku je jak\u00e1si koordina\u010dn\u00ed \u010di dod\u00e1n\u00ed jistoty, prost\u011b sportovn\u011b odborn\u00e1, po t\u00e9 sportovn\u011b odborn\u00e9 str\u00e1nce dodat ministerstvu jistotu, \u017ee jdou spr\u00e1vn\u00fdm sm\u011brem. Tak\u017ee n\u00e1m tohle umo\u017en\u00ed systematicky to uchopit tu podporu a prost\u011b sebest\u0159edn\u011b \u0159\u00edk\u00e1m na rovinu, prost\u011b jdeme po t\u00fd profesionalizaci proto, \u017ee chceme co nejl\u00e9pe reprezentovat \u010ceskou republiku na vrcholov\u00fdch akc\u00edch a vozit ty medaile.<br \/><br \/>Vladim\u00edr Kroc, moder\u00e1tor<br \/>&#8212;&#8212;&#8212;&#8212;&#8212;&#8212;&#8211;<br \/>Ch\u00e1pu, ale v \u010dem tedy spo\u010d\u00edv\u00e1 ten proces? Ta proklamovan\u00e1 systematick\u00e1 profesionalizace vrcholov\u00fdch sportovc\u016f s handicapem?<br \/><br \/>Zbyn\u011bk S\u00fdkora, p\u0159edseda \u010cesk\u00e9ho paralympijsk\u00e9ho v\u00fdboru<br \/>&#8212;&#8212;&#8212;&#8212;&#8212;&#8212;&#8211;<br \/>Spo\u010d\u00edv\u00e1 v tom, \u017ee te\u010f existuje p\u0159\u00edpravn\u00fd t\u00fdm na p\u016fd\u011b ministerstva pr\u00e1ce a soci\u00e1ln\u00edch v\u011bc\u00ed, kter\u00fd m\u00e1 za \u00fakol v prvn\u00edm kvart\u00e1lu d\u00e1t dohromady konkr\u00e9tn\u00ed podobu toho rezortn\u00edho centra. Rezortn\u00ed centrum pod\u00a0<strong>MPSV<\/strong>\u00a0bude organiza\u010dn\u00ed slo\u017eka st\u00e1tu, to znamen\u00e1, te\u010f \u00fapln\u011b natvrdo. Moje p\u0159edstava, a to je moje p\u0159edstava, \u017ee to bude 1, 2, mo\u017en\u00e1 t\u0159i kancel\u00e1\u0159e, kde budou sed\u011bt jednotky \u00fa\u0159edn\u00edk\u016f v \u010dele s n\u011bjak\u00fdm \u0159editelem pravd\u011bpodobn\u011b. A ti vyrob\u00ed pravidla, noty, \u0159\u00e1dy, dokumenty tak, aby mohli prost\u011b zam\u011bstnat na\u0161e sportovce. To znamen\u00e1, na\u0161i sportovci budou pravd\u011bpodobn\u011b vybran\u00ed sportovci, budou osloveni s nab\u00eddkou prost\u011b j\u00edt sportovat do pr\u00e1ce tak jako b\u011b\u017en\u011b olympionici, tak\u017ee v tomhle spo\u010d\u00edv\u00e1 ta profesionalizace a systematizace, proto\u017ee takhle se to dote\u010fka \u00fapln\u011b ned\u011blo, to znamen\u00e1, my jsme te\u010f byli v takov\u00e9m jako mezist\u00e1diu.<br \/><br \/>Vladim\u00edr Kroc, moder\u00e1tor<br \/>&#8212;&#8212;&#8212;&#8212;&#8212;&#8212;&#8211;<br \/>Souvis\u00ed ta aktivita s va\u0161\u00edm p\u0159edsevzet\u00edm, s n\u00edm\u017e jste kandidoval na \u0161\u00e9fa paralympijsk\u00e9ho v\u00fdboru, a to zrovnopr\u00e1vnit parasport s b\u011b\u017en\u00fdm sportem?<br \/><br \/>Zbyn\u011bk S\u00fdkora, p\u0159edseda \u010cesk\u00e9ho paralympijsk\u00e9ho v\u00fdboru<br \/>&#8212;&#8212;&#8212;&#8212;&#8212;&#8212;&#8211;<br \/>Ve sta procentech, olympionici nebo klasi\u010dt\u00ed sportovci to takhle maj\u00ed, Dukla, Olymp, M\u0160MT. A te\u010f to prost\u011b budeme m\u00edt takhle i my.<br \/><br \/>Vladim\u00edr Kroc, moder\u00e1tor<br \/>&#8212;&#8212;&#8212;&#8212;&#8212;&#8212;&#8211;<br \/>A nakolik se v\u00e1m to dosud da\u0159ilo?<br \/><br \/>Zbyn\u011bk S\u00fdkora, p\u0159edseda \u010cesk\u00e9ho paralympijsk\u00e9ho v\u00fdboru<br \/>&#8212;&#8212;&#8212;&#8212;&#8212;&#8212;&#8211;<br \/>To je sp\u00ed\u0161 ot\u00e1zka asi na jin\u00e9. Je mi jako \u017einantn\u00ed soudit s\u00e1m sebe, ale tak, jak \u0159\u00edk\u00e1m, v\u0161echno vych\u00e1z\u00ed z t\u00e9 strategie, kterou jsme si schv\u00e1lili, \u010dlensk\u00e1 sch\u016fze, to znamen\u00e1, na\u0161i \u010dlenov\u00e9 n\u00e1m ji schv\u00e1lili a my podle n\u00ed jedem. Tam prost\u011b postupn\u00fdmi kroky napl\u0148ujeme tohle to na\u0161e heslo a mus\u00edm \u0159\u00edct, \u017ee se n\u00e1m to da\u0159\u00ed, proto\u017ee ka\u017ed\u00fd rok jsme si v\u017edycky jako sedli a \u0159ekli jsme si, tak poj\u010fme si zrevidovat, co se n\u00e1m da\u0159\u00ed, co se n\u00e1m neda\u0159\u00ed. A mus\u00edm \u0159\u00edct, \u017ee ty body se n\u00e1m da\u0159\u00ed plnit. N\u011bkter\u00e9 m\u00e9n\u011b, pomaleji, ale n\u011bkter\u00e9 t\u0159eba rychleji anebo zcela, tak\u017ee kdy\u017e bych m\u011bl zhodnotit svoji pr\u00e1ci, tak se n\u00e1m da\u0159\u00ed tu strategii napl\u0148ovat.<br \/><br \/>Vladim\u00edr Kroc, moder\u00e1tor<br \/>&#8212;&#8212;&#8212;&#8212;&#8212;&#8212;&#8211;<br \/>P\u0159edseda \u010cesk\u00e9ho paralympijsk\u00e9ho v\u00fdboru Zbyn\u011bk S\u00fdkora je dnes na\u0161\u00edm hostem. Pro\u010d to specializovan\u00e9 sportovn\u00ed centrum pro handicapovan\u00e9 spad\u00e1 pod ministerstvo pr\u00e1ce a soci\u00e1ln\u00edch v\u011bc\u00ed? Nebylo by vhodn\u011bj\u0161\u00ed, syst\u00e9mov\u011bj\u0161\u00ed, aby ho spravovalo ministerstvo \u0161kolstv\u00ed, kam tedy v\u011bt\u0161ina sportu pat\u0159\u00ed?<br \/><br \/>Zbyn\u011bk S\u00fdkora, p\u0159edseda \u010cesk\u00e9ho paralympijsk\u00e9ho v\u00fdboru<br \/>&#8212;&#8212;&#8212;&#8212;&#8212;&#8212;&#8211;<br \/>My tam vid\u00edme ty synergick\u00e9 efekty pr\u00e1v\u011b ve spojen\u00ed s t\u00edm ministerstvem pr\u00e1ce a soci\u00e1ln\u00edch v\u011bc\u00ed. Vlastn\u011b j\u00e1, kdy\u017e jsem oslovil pana prezidenta republiky na paralympi\u00e1d\u011b v Pa\u0159\u00ed\u017ei s touhle my\u0161lenkou, tak mi polo\u017eil stejnou ot\u00e1zku, pro\u010d\u00a0<strong>MPSV<\/strong>? Proto\u017ee samoz\u0159ejm\u011b my jsme sportovci, chceme b\u00fdt vn\u00edm\u00e1ni jako sportovci, ale ten handicap k n\u00e1m prost\u011b pat\u0159\u00ed, je to sou\u010d\u00e1st toho na\u0161eho p\u0159\u00edb\u011bhu. A my se sna\u017e\u00edme t\u00edm p\u0159\u00edb\u011bhem na\u0161im \u017eivotn\u00edm \u010dasto prost\u011b motivovat, motivovat sob\u011b podobn\u00e9 p\u0159\u00edpady atd. A tito klienti, za\u010d\u00ednaj\u00edc\u00ed sportovci jsou velmi, velmi \u010dasto klienti\u00a0<strong>MPSV<\/strong>, tak\u017ee tady se to p\u0159\u00edmo nab\u00edz\u00ed, \u017ee my prost\u011b budeme sportovat pod\u00a0<strong>MPSV<\/strong>\u00a0a sou\u010d\u00e1st\u00ed t\u00fd pr\u00e1ce na\u0161\u00ed nebo t\u011bch sportovc\u016f bude i t\u0159eba motivovat a bavit se i o t\u011bchhle t\u011bch v\u011bcech pr\u00e1v\u011b s odborn\u00edky nebo s jin\u00fdmi odv\u011btv\u00edmi\u00a0<strong>MPSV<\/strong>. Tak\u017ee proto.<br \/><br \/>Vladim\u00edr Kroc, moder\u00e1tor<br \/>&#8212;&#8212;&#8212;&#8212;&#8212;&#8212;&#8211;<br \/>Jak jsem pochopil, tak zat\u00edm ta p\u0159edstava je\u0161t\u011b nen\u00ed \u00fapln\u011b konkr\u00e9tn\u00ed, teprve se rod\u00ed, ale kde tedy m\u00e1 to centrum s\u00eddlit?<br \/><br \/>Zbyn\u011bk S\u00fdkora, p\u0159edseda \u010cesk\u00e9ho paralympijsk\u00e9ho v\u00fdboru<br \/>&#8212;&#8212;&#8212;&#8212;&#8212;&#8212;&#8211;<br \/>To je v\u0161echno je\u0161t\u011b otev\u0159en\u00e9 a nen\u00ed to ot\u00e1zka na m\u011b. To centrum bude pod\u00a0<strong>MPSV<\/strong>, tak\u017ee tohle je zcela jist\u011b v gesci\u00a0<strong>MPSV<\/strong>, ale jak \u0159\u00edk\u00e1m, j\u00e1 si dok\u00e1\u017eu p\u0159edstavit, \u017ee n\u011bkde v Praze budou 1, 2 kancel\u00e1\u0159e, kde prost\u011b pudou ti lid\u00e9 do pr\u00e1ce d\u011blat to, o \u010dem se bav\u00edme.<br \/><br \/>Vladim\u00edr Kroc, moder\u00e1tor<br \/>&#8212;&#8212;&#8212;&#8212;&#8212;&#8212;&#8211;<br \/>A s jak\u00fdm rozpo\u010dtem, kdy\u017e to person\u00e1ln\u00ed z\u00e1zem\u00ed, jak se zd\u00e1, nebude velk\u00e9?<br \/><br \/>Zbyn\u011bk S\u00fdkora, p\u0159edseda \u010cesk\u00e9ho paralympijsk\u00e9ho v\u00fdboru<br \/>&#8212;&#8212;&#8212;&#8212;&#8212;&#8212;&#8211;<br \/>To, co my si, j\u00e1 pova\u017euji za extr\u00e9mn\u011b d\u016fle\u017eit\u00e9, tak aby se co nejv\u00edce pen\u011bz dostalo p\u0159\u00edmo k t\u011bm sportovc\u016fm. To znamen\u00e1, j\u00e1 u\u017e dneska m\u016f\u017eu \u0159\u00edci, \u017ee my se bav\u00edme n\u011bkde kolem 60, 70, mo\u017en\u00e1 80 milionech ro\u010dn\u011b a troufale si to naz\u00fdv\u00e1me jako mal\u00e9 \u00fasporn\u00e9 rezortn\u00ed centrum, proto\u017ee rozpo\u010dty n\u011bkter\u00fdch ostatn\u00edch center jsou prost\u011b \u0159\u00e1dov\u011b jinde, tak\u017ee proto takhle. A chceme. A zase \u0159\u00edk\u00e1m, mluv\u00edm za sebe, nev\u00edm, jak to v\u0161echno dopadne, ale j\u00e1 bych si dok\u00e1zal p\u0159edstavit, \u017ee 10 % nebo \u017ee ten provoz toho centra bude t\u0159eba n\u011bkde kolem 10 % tohohle rozpo\u010dtu a zbytek, tedy 90 % prost\u011b p\u016fjde na platy a na zaji\u0161t\u011bn\u00ed sportovn\u00ed p\u0159\u00edpravy, fyzio, rehabilitace, tren\u00e9\u0159i atd. Pr\u00e1v\u011b do t\u011bch na\u0161ich sportovc\u016f.<br \/><br \/>Vladim\u00edr Kroc, moder\u00e1tor<br \/>&#8212;&#8212;&#8212;&#8212;&#8212;&#8212;&#8211;<br \/>A jakou roli m\u00e1te v tom cel\u00e9m projektu vy?<br \/><br \/>Zbyn\u011bk S\u00fdkora, p\u0159edseda \u010cesk\u00e9ho paralympijsk\u00e9ho v\u00fdboru<br \/>&#8212;&#8212;&#8212;&#8212;&#8212;&#8212;&#8211;<br \/>Tak moje role pomali\u010dku kon\u010d\u00ed. J\u00e1 jsem vlastn\u011b oslovil pana prezidenta, n\u00e1sledn\u011b pana ministra Jure\u010dku na paralympijsk\u00fdch hr\u00e1ch v Pa\u0159\u00ed\u017ei, \u00fa\u010dastnil jsem se od z\u00e1\u0159\u00ed do konce roku pr\u00e1v\u011b t\u011bch koordina\u010dn\u00edch sch\u016fzek, kde jsme si prost\u011b vyjas\u0148ovali celou tu problematiku. A te\u010f u\u017e se r\u00e1d st\u00e1hnu do pozad\u00ed. A t\u0159eba ob\u010das zajdu na ka\u017edou druhou nebo t\u0159et\u00ed sch\u016fzku, jenom se s\u00e1m sebe ujistit, \u017ee v\u0161echno jde podle toho, jak c\u00edt\u00edme, \u017ee jde spr\u00e1vn\u011b. Tak\u017ee moje ambice tam nejsou jako t\u00e9m\u011b\u0159 \u017e\u00e1dn\u00e9. Osobn\u011b.<br \/><br \/>Vladim\u00edr Kroc, moder\u00e1tor<br \/>&#8212;&#8212;&#8212;&#8212;&#8212;&#8212;&#8211;<br \/>Ono by v\u00e1m to asi ani ta sou\u010dasn\u00e1 vyt\u00ed\u017eenost nedovolila, proto\u017ee krom\u011b toho, \u017ee jste p\u0159edseda paralympijsk\u00e9ho v\u00fdboru, tak jste nov\u011b taky \u010dlenem Sen\u00e1tu?<br \/><br \/>Zbyn\u011bk S\u00fdkora, p\u0159edseda \u010cesk\u00e9ho paralympijsk\u00e9ho v\u00fdboru<br \/>&#8212;&#8212;&#8212;&#8212;&#8212;&#8212;&#8211;<br \/>P\u0159esn\u011b tak.<br \/><br \/>Vladim\u00edr Kroc, moder\u00e1tor<br \/>&#8212;&#8212;&#8212;&#8212;&#8212;&#8212;&#8211;<br \/>U\u017e m\u00e1te pro to centrum n\u00e1zev?<br \/><br \/>Zbyn\u011bk S\u00fdkora, p\u0159edseda \u010cesk\u00e9ho paralympijsk\u00e9ho v\u00fdboru<br \/>&#8212;&#8212;&#8212;&#8212;&#8212;&#8212;&#8211;<br \/>U\u017e jsme se o n\u00e1zvu bavili. J\u00e1 ho neprozrad\u00edm, proto\u017ee je\u0161t\u011b nenastal nebo v\u011b\u0159\u00edm, \u017ee nenastal ten spr\u00e1vn\u00fd \u010das, ale je to jedna z v\u011bc\u00ed, kterou \u0159e\u0161\u00edme a pokud to vyjde, tak j\u00e1 jsem jako, vytvo\u0159\u00ed mi to \u00fasm\u011bv na tv\u00e1\u0159i, pokud vyjde ta na\u0161e my\u0161lenka, ale te\u010f v\u00e1m ho je\u0161t\u011b ne\u0159eknu.<br \/><br \/>Vladim\u00edr Kroc, moder\u00e1tor<br \/>&#8212;&#8212;&#8212;&#8212;&#8212;&#8212;&#8211;<br \/>To je \u0161koda. Pro\u010d jste vlastn\u011b zrovna dnes p\u0159edstavili tu my\u0161lenku toho centra, kdy\u017e je\u0161t\u011b nen\u00ed \u00fapln\u011b jasn\u00e9, vlastn\u011b i vy jste na za\u010d\u00e1tku se opravil, \u017ee s velkou pravd\u011bpodobnost\u00ed pak jste \u0159ekl, \u017ee s jistotou za\u010dne fungovat v prvn\u00ed polovin\u011b tohoto roku. Opravdu za\u010dne?<br \/><br \/>Zbyn\u011bk S\u00fdkora, p\u0159edseda \u010cesk\u00e9ho paralympijsk\u00e9ho v\u00fdboru<br \/>&#8212;&#8212;&#8212;&#8212;&#8212;&#8212;&#8211;<br \/>Nic nen\u00ed jist\u00e9. Samoz\u0159ejm\u011b my vyvineme v\u0161echno pro to, aby za\u010dlo, ale prost\u011b \u017eijeme v re\u00e1ln\u00e9m sv\u011bt\u011b. A tady nen\u00ed nic jist\u00e9. Nicm\u00e9n\u011b j\u00e1 bych tady \u0159ekl d\u016fle\u017eitou v\u011bc, ono proto, aby n\u00e1m bylo umo\u017en\u011bno nebo aby na p\u016fd\u011b\u00a0<strong>MPSV<\/strong>\u00a0bylo umo\u017en\u011bno vzniknout, d\u00e1t vzniknout organiza\u010dn\u00ed slo\u017ece st\u00e1tu neboli resortn\u00edmu sportovn\u00edmu centru, je pot\u0159eba zm\u011bnit z\u00e1kon o podpo\u0159e sportu aktu\u00e1ln\u011b platn\u00fd. Ona ta zm\u011bna je \u00fapln\u011b miniaturn\u00ed. Je pot\u0159eba roz\u0161\u00ed\u0159it jeden odstavec, kde se p\u00ed\u0161e o tom, \u017ee mo\u017enost z\u0159\u00eddit centra maj\u00ed t\u0159i ministerstva, jak jsem o nich hovo\u0159il, vnitro, obrana a \u0161kolstv\u00ed. A my pot\u0159ebujeme tento odstavec roz\u0161\u00ed\u0159it i o to \u010dtvrt\u00e9 ministerstvo a to je samoz\u0159ejm\u011b ot\u00e1zka na politiky, na sn\u011bmovnu, na Sen\u00e1t, tak\u017ee my jsme museli \u0159e\u0161it i tento probl\u00e9m. A samoz\u0159ejm\u011b jsme a proto, aby to mohlo proj\u00edt ve zrychlen\u00e9m \u010dten\u00ed, to znamen\u00e1 sn\u011bmovnou jenom jednou a pak rovnou do Sen\u00e1tu, tak jsme pot\u0159ebovali podporu nap\u0159\u00ed\u010d politick\u00e9m spektrem. A to byla vlastn\u011b na\u0161e pr\u00e1ce te\u010f posledn\u00edch dvou m\u011bs\u00edc\u016f, kdy jsme tu podporu vyjedn\u00e1vali, j\u00e1 jsem velmi r\u00e1d a velmi d\u011bkuji cel\u00e9mu politick\u00e9mu spektru za to, \u017ee ta podpora se povedla dojednat a my jsme \u010dekali na pr\u00e1v\u011b stanovisko posledn\u00edho klubu ke v\u010derej\u0161\u00edmu dni. A shodou okolnost\u00ed, tak\u017ee to je jeden d\u016fvod, kdy jsme se rozhodli pak u\u017e to ve\u0159ejn\u011b komunikovat. A druh\u00fd d\u016fvod je samoz\u0159ejm\u011b vyt\u00ed\u017eenost pana premi\u00e9ra, proto\u017ee my jsme samoz\u0159ejm\u011b to jednali, jednali jsme o tom s panem premi\u00e9rem a domluvili jsme se na t\u00e9hle strategii, proto\u017ee j\u00e1 i osobn\u011b si zakl\u00e1d\u00e1m na tom komunikovat, komunikovat a \u0161\u00ed\u0159it ty informace, kdy\u017e m\u016f\u017eeme. A tak\u017ee n\u00e1m z toho vy\u0161el dne\u0161n\u00ed den, kdy prost\u011b pan premi\u00e9r \u0159ekl, \u017ee m\u00e1 tu kapacitu, vid\u00ed tam prostor a tak\u017ee tak.<br \/><br \/>Vladim\u00edr Kroc, moder\u00e1tor<br \/>&#8212;&#8212;&#8212;&#8212;&#8212;&#8212;&#8211;<br \/>Hostem Dvaceti minut Radio\u017eurn\u00e1lu je p\u0159edseda \u010cesk\u00e9ho paralympijsk\u00e9ho v\u00fdboru, sen\u00e1tor Zbyn\u011bk S\u00fdkora. Existuj\u00ed podobn\u00e1 centra v zahrani\u010d\u00ed? M\u00e1te n\u011bjak\u00fd p\u0159edobraz, kde jste se inspirovali?<br \/><br \/>Zbyn\u011bk S\u00fdkora, p\u0159edseda \u010cesk\u00e9ho paralympijsk\u00e9ho v\u00fdboru<br \/>&#8212;&#8212;&#8212;&#8212;&#8212;&#8212;&#8211;<br \/>Podobn\u00e1 centra existuj\u00ed v zahrani\u010d\u00ed. J\u00e1 nev\u00edm te\u010f p\u0159esn\u011b jejich n\u00e1zvy, ani nev\u00edm, jak to, kdo to jak vznik\u00e1, jak to maj\u00ed nastaven\u00fd. Opravdu to asi z\u00e1le\u017e\u00ed st\u00e1t od st\u00e1tu, ale v\u00edm, \u017ee tenhle ten profesion\u00e1ln\u00ed re\u017eim prost\u011b jako a te\u010f kouk\u00e1m t\u0159eba sp\u00ed\u0161 sm\u011brem z\u00e1padn\u00ed Evropy nebo Ameriky, \u017ee to je jako b\u011b\u017en\u00e9, proto\u017ee na paralympijsk\u00fdch hr\u00e1ch v Pa\u0159\u00ed\u017ei bylo 4000, bezm\u00e1la 4400 sportovc\u016f a pro v\u011bt\u0161inu z nich ten profesion\u00e1ln\u00ed re\u017eim je prost\u011b b\u011b\u017enou sou\u010d\u00e1st\u00ed jejich sportovn\u00ed n\u00e1pln\u011b, tak\u017ee ur\u010dit\u011b ty podobn\u00e9 re\u017eimy jsou.<br \/><br \/>Vladim\u00edr Kroc, moder\u00e1tor<br \/>&#8212;&#8212;&#8212;&#8212;&#8212;&#8212;&#8211;<br \/>A kolik sport\u016f a kter\u00e9 bude to nov\u00e9 centrum podporovat?<br \/><br \/>Zbyn\u011bk S\u00fdkora, p\u0159edseda \u010cesk\u00e9ho paralympijsk\u00e9ho v\u00fdboru<br \/>&#8212;&#8212;&#8212;&#8212;&#8212;&#8212;&#8211;<br \/>To je v\u0161echno te\u010f jako v p\u0159\u00edprav\u00e1ch. Samoz\u0159ejm\u011b. Neum\u00edm to te\u010f \u0159\u00edct, ani mi to nep\u0159\u00edslu\u0161\u00ed, ale chceme zajistit profesion\u00e1ln\u00ed reprezentaci st\u00e1tu na vrcholov\u00fdch akc\u00edch, to znamen\u00e1, v\u011bt\u0161inov\u011b to budou paralympijsk\u00e9 sporty, deaflympijsk\u00e9 sporty atd. Ale to konkr\u00e9tn\u00ed sporty. J\u00e1 si dok\u00e1\u017eu p\u0159edstavit, \u017ee to bude, \u017ee je vlastn\u011b drobet jedno, jak\u00fd sport to bude. Nebo parasport. Jde o tu v\u00fdkonnost, jde o ty krit\u00e9ria, to, co j\u00e1 kladu si jako za extr\u00e9mn\u011b d\u016fle\u017eit\u00e9, je nastavit ta krit\u00e9ria transparentn\u00ed, jasn\u00e1, \u010diteln\u00e1 dop\u0159edu tak, aby ka\u017ed\u00fd ten sportovec a jeho klub a jeho svaz a jeho tren\u00e9r prost\u011b v\u011bd\u011bl. Aha, kdy\u017e spln\u00edm tohle, tohle, tohle, m\u00e1m \u0161anci, \u017ee budu zam\u011bstn\u00e1n, tak\u017ee sp\u00ed\u0161 nen\u00ed to o sportech, je to sp\u00ed\u0161 o t\u011bch krit\u00e9ri\u00edch.<br \/><br \/>Vladim\u00edr Kroc, moder\u00e1tor<br \/>&#8212;&#8212;&#8212;&#8212;&#8212;&#8212;&#8211;<br \/>J\u00e1 jsem se zeptal takto i proto, \u017ee jedn\u00edm z c\u00edl\u016f va\u0161\u00ed pr\u00e1ce ve veden\u00ed paralympijsk\u00e9ho v\u00fdboru je podpora v\u0161ech parasport\u016f, ale jde to v\u016fbec?<br \/><br \/>Zbyn\u011bk S\u00fdkora, p\u0159edseda \u010cesk\u00e9ho paralympijsk\u00e9ho v\u00fdboru<br \/>&#8212;&#8212;&#8212;&#8212;&#8212;&#8212;&#8211;<br \/>Ony ty sporty r\u016fzn\u011b vznikaj\u00ed atd. Tak\u017ee j\u00e1 si mysl\u00edm, \u017ee to \u00fapln\u011b nejde, sna\u017e\u00edme se, aby to \u0161lo prost\u011b, kdy\u017e ne ze sta procent, tak co nejv\u00edce, co n\u00e1m s\u00edly sta\u010d\u00ed, my tu pr\u00e1ci prost\u011b d\u011bl\u00e1me tak, jak um\u00edme. A v\u011b\u0159\u00edme, \u017ee to d\u011bl\u00e1me z nejlep\u0161\u00edm sv\u011bdom\u00edm a v\u011bdom\u00edm. J\u00e1 neum\u00edm na tohle odpov\u011bd\u011bt. Sna\u017e\u00edme se.<br \/><br \/>Vladim\u00edr Kroc, moder\u00e1tor<br \/>&#8212;&#8212;&#8212;&#8212;&#8212;&#8212;&#8211;<br \/>Za dal\u0161\u00ed c\u00edl jste si vytkl profesionalizaci reprezentant\u016f, kdo tedy bude moci aspirovat na \u010dlenstv\u00ed v tom specializovan\u00e9m sportovn\u00edm centru? Jak\u00e1 jsou krit\u00e9ria, nebo jak\u00e1 budou krit\u00e9ria?<br \/><br \/>Zbyn\u011bk S\u00fdkora, p\u0159edseda \u010cesk\u00e9ho paralympijsk\u00e9ho v\u00fdboru<br \/>&#8212;&#8212;&#8212;&#8212;&#8212;&#8212;&#8211;<br \/>Ta krit\u00e9ria je\u0161t\u011b neexistujou. Ten p\u0159\u00edpravn\u00fd t\u00fdm na p\u016fd\u011b\u00a0<strong>MPSV<\/strong>\u00a0vznikl 1. 1. 2025, tak\u017ee funguje 14 dn\u00ed a takhle daleko podle m\u00fdch informac\u00ed je\u0161t\u011b nejsou. Ale j\u00e1 si dok\u00e1\u017eu p\u0159edstavit, \u017ee my tady neobjevujeme Ameriku, co se t\u00fd\u010de krit\u00e9ri\u00ed, tohle to p\u0159ece funguje na Dukle, na Olympu, na M\u0160MT. Tak\u017ee tam ur\u010dit\u011b ten p\u0159\u00edpravn\u00fd t\u00fdm se bude inspirovat t\u011bmito krit\u00e9rii. Samoz\u0159ejm\u011b parasport a sport handicapovan\u00fdch m\u00e1 sv\u00e1 specifika, tak\u017ee to ur\u010dit\u011b bude p\u0159edm\u011btem dal\u0161\u00edch jako sch\u016fzek toho p\u0159\u00edpravn\u00e9ho t\u00fdmu. Tak\u017ee na tohle neum\u00edm odpov\u011bd\u011bt, ale nebudeme vym\u00fd\u0161let nic nov\u00e9ho.<br \/><br \/>Vladim\u00edr Kroc, moder\u00e1tor<br \/>&#8212;&#8212;&#8212;&#8212;&#8212;&#8212;&#8211;<br \/>A m\u00e1te p\u0159edstavu, kolika sportovc\u016f handicapovan\u00fdch by se to mohlo t\u00fdkat?<br \/><br \/>Zbyn\u011bk S\u00fdkora, p\u0159edseda \u010cesk\u00e9ho paralympijsk\u00e9ho v\u00fdboru<br \/>&#8212;&#8212;&#8212;&#8212;&#8212;&#8212;&#8211;<br \/>Ano. Vy\u0161\u0161\u00ed des\u00edtky, vy\u0161\u0161\u00ed des\u00edtky. My te\u010f d\u00edky podpo\u0159e Victorie jsme na ni\u017e\u0161\u00edch des\u00edtk\u00e1ch a plus samoz\u0159ejm\u011b jednotky sportovc\u016f jsou jako \u010d\u00e1ste\u010dn\u011b podporov\u00e1ni pr\u00e1v\u011b i z Dukly, z Olympu. A te\u010f by se to m\u011blo pr\u00e1v\u011b nebo my v\u011b\u0159\u00edme, \u017ee ten rozpo\u010det, ty alokovan\u00e9 pen\u00edze n\u00e1m pokryjou vy\u0161\u0161\u00ed des\u00edtky zimn\u00edch, letn\u00edch paralympijsk\u00fdch her, deaflympijsk\u00fdch her nap\u0159\u00ed\u010d handicapy.<br \/><br \/>Vladim\u00edr Kroc, moder\u00e1tor<br \/>&#8212;&#8212;&#8212;&#8212;&#8212;&#8212;&#8211;<br \/>Tak\u00e9 chcete vybudovat sportovn\u011b rehabilita\u010dn\u00ed centrum po vzoru \u0160v\u00fdcarska. To m\u00e1 souvislost s tou dnes p\u0159edstavenou instituc\u00ed?<br \/><br \/>Zbyn\u011bk S\u00fdkora, p\u0159edseda \u010cesk\u00e9ho paralympijsk\u00e9ho v\u00fdboru<br \/>&#8212;&#8212;&#8212;&#8212;&#8212;&#8212;&#8211;<br \/>To je dobr\u00e1 ot\u00e1zka. D\u011bkuji za n\u00ed. J\u00e1 toho vyu\u017eiju. Rozd\u00edl mezi rezortn\u00edm sportovn\u00edm centrem a sportovn\u00edm centrem jako takov\u00fdm. My se opravdu nebav\u00edme o tom, \u017ee budou vznikat nov\u00e1 sportovi\u0161t\u011b jako typu Zadov, Nymburk atd. Ne, to jsou ty sportovn\u00ed centra, my si v\u011b\u0159\u00edme, \u017ee inkluze je spr\u00e1vn\u00e1 cesta, zas pracujeme na n\u00ed a my nechceme ty sportovce na\u0161e vytrh\u00e1vat z t\u011bch sportovn\u00edch svaz\u016f a z t\u011bch sv\u00fdch sportovi\u0161\u0165, kde oni jsou zvykl\u00ed sportovat v t\u011bch klasick\u00fdch klubech.<br \/><br \/>Vladim\u00edr Kroc, moder\u00e1tor<br \/>&#8212;&#8212;&#8212;&#8212;&#8212;&#8212;&#8211;<br \/>Chcete jim zkr\u00e1tka umo\u017enit, aby to mohli d\u011blat profesion\u00e1ln\u011b?<br \/><br \/>Zbyn\u011bk S\u00fdkora, p\u0159edseda \u010cesk\u00e9ho paralympijsk\u00e9ho v\u00fdboru<br \/>&#8212;&#8212;&#8212;&#8212;&#8212;&#8212;&#8211;<br \/>Chceme jim d\u00e1t pen\u00edze na platy, prost\u011b chceme jim zaplatit tu jejich pr\u00e1ci, tak\u017ee tady nejdeme proti inkluzi. A sportovn\u00ed centrum, na kter\u00e9 se m\u011b pt\u00e1te, tak to je pr\u00e1v\u011b to druh\u00fd, to sportovn\u00ed. A to s t\u00edm, jako s touto my\u0161lenkou to nesouvis\u00ed, ale samoz\u0159ejm\u011b je to nem\u00e9n\u011b pot\u0159ebn\u00fd krok a a\u017e si od\u0161krtneme toto centrum, tak p\u016fjdeme zase d\u00e1l v na\u0161\u00ed strategii.<br \/><br \/>Vladim\u00edr Kroc, moder\u00e1tor<br \/>&#8212;&#8212;&#8212;&#8212;&#8212;&#8212;&#8211;<br \/>Pov\u011bzte, jak jste s t\u00edm z\u00e1m\u011brem daleko?<br \/><br \/>Zbyn\u011bk S\u00fdkora, p\u0159edseda \u010cesk\u00e9ho paralympijsk\u00e9ho v\u00fdboru<br \/>&#8212;&#8212;&#8212;&#8212;&#8212;&#8212;&#8211;<br \/>Moc ne. Tady up\u0159\u00edmn\u011b mus\u00edm \u0159\u00edct, \u017ee ne. Bav\u00edme se o tom, stra\u0161n\u011b by se n\u00e1m to l\u00edbilo m\u00edt prost\u011b sv\u016fj parasportovn\u00ed Nymburk, to tak prost\u011b je, ale daleko nejsme, daleko nejsme. Jsme prost\u011b na za\u010d\u00e1tku od posledn\u00ed na\u0161\u00ed debaty, kdy jste se m\u011b na to tak\u00e9 ptal, jsme se moc neposunuli.<br \/><br \/>Vladim\u00edr Kroc, moder\u00e1tor<br \/>&#8212;&#8212;&#8212;&#8212;&#8212;&#8212;&#8211;<br \/>Jak d\u016fle\u017eit\u00fd v\u016fbec obecn\u011b je sport pro handicapovan\u00e9?<br \/><br \/>Zbyn\u011bk S\u00fdkora, p\u0159edseda \u010cesk\u00e9ho paralympijsk\u00e9ho v\u00fdboru<br \/>&#8212;&#8212;&#8212;&#8212;&#8212;&#8212;&#8211;<br \/>Extr\u00e9mn\u011b a \u010d\u00edm vy\u0161\u0161\u00ed ten handicap je, t\u00edm d\u016fle\u017eit\u011bj\u0161\u00ed ten parasport nebo sport handicapovan\u00fdch prost\u011b m\u016f\u017ee pro toho sportovce b\u00fdt. Proto\u017ee t\u00edm vlastn\u011b, \u010d\u00edm vy\u0161\u0161\u00ed m\u00e1te handicap, t\u00edm v\u00edc v\u00e1m, v\u00e1s jako omezuje, t\u011bch mo\u017enost\u00ed m\u00e1te p\u0159irozen\u011b m\u00ed\u0148, a proto, kdy\u017e najdete n\u011bco, co m\u016f\u017eete d\u011blat a m\u016f\u017eete prost\u011b se c\u00edtit v tom dob\u0159e. A je\u0161t\u011b k tomu reprezentovat zemi, ve kter\u00e9 \u017eijete, proto\u017ee ka\u017ed\u00fd z n\u00e1s, ka\u017ed\u00fd jeden parasportovec je prost\u011b hrd\u00fd reprezentant, tak t\u00edm v\u00edc se logicky na to upnete.<br \/><br \/>Vladim\u00edr Kroc, moder\u00e1tor<br \/>&#8212;&#8212;&#8212;&#8212;&#8212;&#8212;&#8211;<br \/>Te\u010f se zept\u00e1m mo\u017en\u00e1 tro\u0161ku p\u0159\u00edk\u0159e, ale \u0159\u00edk\u00e1 se, \u017ee vrcholov\u00fd sport nen\u00ed \u00fapln\u011b prosp\u011b\u0161n\u00fd organismu. Jak je to u handicapovan\u00fdch, je \u017e\u00e1douc\u00ed, aby se v\u011bnovali vrcholov\u00e9mu sportu?<br \/><br \/>Zbyn\u011bk S\u00fdkora, p\u0159edseda \u010cesk\u00e9ho paralympijsk\u00e9ho v\u00fdboru<br \/>&#8212;&#8212;&#8212;&#8212;&#8212;&#8212;&#8211;<br \/>J\u00e1 s\u00e1m jsem sportovec, po\u0159\u00e1d se pova\u017euju za sportovce, i kdy\u017e u\u017e dneska t\u0159eba ne tak aktivn\u00edho jako kdysi. Ale je to pravda. Samoz\u0159ejm\u011b ne nadarmo se tady nab\u00edz\u00ed pou\u017e\u00edt to heslo sportem k trval\u00e9 invalidit\u011b. Tak u n\u00e1s to asi je tak jako p\u0159irozen\u00e9. Samoz\u0159ejm\u011b to tak je, ale my prost\u011b pot\u0159ebujeme ten profesion\u00e1ln\u00ed p\u0159\u00edstup a ten re\u017eim u\u017e jenom tady z toho d\u016fvodu, abysme si pr\u00e1v\u011b ta t\u011bla neni\u010dili a v\u011b\u0159\u00edme, \u017ee v tomhletom profesion\u00e1ln\u00edm re\u017eimu pr\u00e1v\u011b odpadnou tyhlety t\u0159eba \u00farazy z nedostate\u010dn\u00e9 rehabilitace, regenerace atd., \u017ee tohle minimalizujeme, ale samoz\u0159ejm\u011b vrcholov\u00fd sport je prost\u011b profesion\u00e1ln\u00ed pr\u00e1ce a nen\u00ed to jenom o tom, \u017ee jdu sportovat, ale mus\u00edm prost\u011b pe\u010dovat o to t\u011blo.<br \/><br \/>Vladim\u00edr Kroc, moder\u00e1tor<br \/>&#8212;&#8212;&#8212;&#8212;&#8212;&#8212;&#8211;<br \/>Vy z\u00e1vodn\u011b jste hr\u00e1l basket, florbal, badminton?<br \/><br \/>Zbyn\u011bk S\u00fdkora, p\u0159edseda \u010cesk\u00e9ho paralympijsk\u00e9ho v\u00fdboru<br \/>&#8212;&#8212;&#8212;&#8212;&#8212;&#8212;&#8211;<br \/>J\u00e1 ano, \u0159ekl jste to dob\u0159e, hraju badminton, te\u010f teda k m\u00e9mu p\u0159ekvapen\u00ed jsem byl nominov\u00e1n do reprezentace i na rok 25, co\u017e, \u010deho\u017e si samoz\u0159ejm\u011b nesm\u00edrn\u011b v\u00e1\u017e\u00edm. Te\u010f jedu na prvn\u00ed reprezenta\u010dn\u00ed soust\u0159ed\u011bn\u00ed do Brna, tak\u017ee se na to t\u011b\u0161\u00edm, ale opravdu dok\u00e1zal bych si p\u0159edstavit. Nebo takhle. Jsem velmi daleko od toho, \u017ee bych t\u0159eba mohl tr\u00e9novat denn\u011b nebo dokonce dvakr\u00e1t denn\u011b a rehabilitovat atd. Tak\u017ee j\u00e1 ano, v\u011bnuju se dneska nyn\u00ed jenom badmintonu, sna\u017e\u00edm se dr\u017eet 2\u20133 tr\u00e9ninky t\u00fddn\u011b, velmi \u010dasto brzy r\u00e1no. A kdy\u017e to vyjde a jsem zdr\u00e1v, tak prost\u011b vyjedu na n\u011bjakej mezin\u00e1rodn\u00ed turnaj, proto\u017ee ono j\u00e1 prost\u011b jsem na voz\u00edku 23 let, 22 let sportuju a poka\u017ed\u00fd, kdy\u017e si obl\u00edknu na sebe ten dres s t\u00edm lv\u00ed\u010dkem, tak m\u00e1m takov\u00fd mra\u017een\u00ed. A to je pocit, kter\u00fdho j\u00e1 se nechci vzd\u00e1t, proto\u017ee c\u00edt\u00edm ten n\u00e1val toho dopaminu a tady toho, a tohle j\u00e1 prost\u011b pot\u0159ebuju.<br \/><br \/>Vladim\u00edr Kroc, moder\u00e1tor<br \/>&#8212;&#8212;&#8212;&#8212;&#8212;&#8212;&#8211;<br \/>Da\u0159\u00ed se odbour\u00e1vat p\u0159edsudky ve\u0159ejnosti v\u016f\u010di\u00a0<strong>posti\u017een\u00fdm<\/strong>?<br \/><br \/>Zbyn\u011bk S\u00fdkora, p\u0159edseda \u010cesk\u00e9ho paralympijsk\u00e9ho v\u00fdboru<br \/>&#8212;&#8212;&#8212;&#8212;&#8212;&#8212;&#8211;<br \/>Mysl\u00edm, \u017ee se to da\u0159\u00ed, zapla\u0165p\u00e1nb\u016fh, \u017ee \u017eijeme v dob\u011b, ve kter\u00e9 \u017eijeme, \u017ee, jak jsem \u0159\u00edkal p\u0159ed chvilkou, j\u00e1 jsem 23 let na voz\u00edku a kdy\u017e srovn\u00e1m to, co se d\u011blo p\u0159ed 20 lety a to, co se d\u011bje te\u010f, tak se to da\u0159\u00ed. Je to prost\u011b samoz\u0159ejm\u011b i t\u00edm, \u017ee se m\u011bn\u00ed, lidi se m\u011bn\u00ed, vyv\u00edj\u00ed, ta doba jde dop\u0159edu, hodn\u011b lid\u00ed to t\u00e9ma, na tom t\u00e9matu pracuje, na tom odbour\u00e1v\u00e1n\u00ed p\u0159edsudk\u016f. J\u00e1 jsem stra\u0161n\u011b r\u00e1d sou\u010d\u00e1st\u00ed toho t\u00fdmu, kter\u00fd pr\u00e1v\u011b odbour\u00e1v\u00e1 ty p\u0159edsudky atd. Tak\u017ee ano, da\u0159\u00ed se. Ale takhle j\u00e1 jsem nastaven v\u017edycky jako na tu pozitivn\u00ed vlnu, tak\u017ee nikdy v\u00e1m asi ne\u0159eknu, \u017ee je to v\u0161echno \u0161patn\u011b atd. Da\u0159\u00ed se. Ale na druhou stranu je\u0161t\u011b jsme hodn\u011b daleko od ide\u00e1ln\u00edho stavu.<br \/><br \/>Vladim\u00edr Kroc, moder\u00e1tor<br \/>&#8212;&#8212;&#8212;&#8212;&#8212;&#8212;&#8211;<br \/>A jsou t\u0159eba popul\u00e1rn\u011bj\u0161\u00ed pr\u00e1v\u011b parasporty i u n\u00e1s pro publikum?<br \/><br \/>Zbyn\u011bk S\u00fdkora, p\u0159edseda \u010cesk\u00e9ho paralympijsk\u00e9ho v\u00fdboru<br \/>&#8212;&#8212;&#8212;&#8212;&#8212;&#8212;&#8211;<br \/>To si mysl\u00edm, \u017ee jsou, proto\u017ee te\u010f vlastn\u011b od konce lo\u0148sk\u00e9ho roku m\u00e1me statistiky, kde jsme si porovn\u00e1vali pr\u00e1v\u011b paralympi\u00e1du, olympi\u00e1du atd., proto\u017ee to jsou data, se kter\u00fdmi j\u00e1 r\u00e1d pracuji, proto\u017ee n\u00e1m prost\u011b uk\u00e1\u017eou n\u00e1vodnou cestu, co zlep\u0161it nebo co naopak d\u011bl\u00e1me dob\u0159e. A ty \u010d\u00edsla n\u00e1s p\u0159ekvapily z t\u00e9 Pa\u0159\u00ed\u017ee, byly obrovsk\u00fd, my jsme si hodn\u011b dali z\u00e1le\u017eet na to, abysme byli vid\u011bt, proto\u017ee t\u00edm, \u017ee jste vid\u011bt a ukazujete pr\u00e1v\u011b ty, motiva\u010dn\u00edm zp\u016fsobem ty na\u0161e p\u0159\u00edb\u011bhy atd. ve\u0159ejnosti, tak t\u00edm pr\u00e1v\u011b ty p\u0159edsudky odbour\u00e1v\u00e1te. A ta \u010d\u00edsla byla enormn\u00ed a kolikr\u00e1t jsem byl i p\u0159ekvapen, \u017ee v n\u011bkter\u00fdch m\u00edstech byly t\u0159eba v\u011bt\u0161\u00ed ne\u017e nebo vy\u0161\u0161\u00ed ne\u017e ty \u010d\u00edsla ne\u017e u olympionik\u016f. Tak\u017ee stra\u0161n\u011b m\u011b t\u011b\u0161\u00ed ten z\u00e1jem a j\u00e1 jsem se byl pod\u00edvat na olympi\u00e1du i paralympi\u00e1du, j\u00e1 jsem nepoznal rozd\u00edl, z pohledu div\u00e1ka jsem prost\u011b sed\u011bl v plaveck\u00fdm stadionu La Def\u00e9nce Arena. Omluvte moji v\u00fdslovnost a prost\u011b tam bylo 17 000 lid\u00ed na olympi\u00e1d\u011b a ono tam bylo \u00fapln\u011b stejn\u011b 17 000 lid\u00ed na paralympi\u00e1d\u011b. A kdy\u017e vy\u0161el nebo kdy\u017e za\u010dal plavat Francouz, jako dom\u00e1c\u00ed plavec, tak to v\u00e1m teda p\u0159eju za\u017e\u00edt. J\u00e1 jsem m\u011bl chvilkama strach, \u017ee ta ar\u00e9na spadne, nespadla teda.<br \/><br \/>Vladim\u00edr Kroc, moder\u00e1tor<br \/>&#8212;&#8212;&#8212;&#8212;&#8212;&#8212;&#8211;<br \/>To bylo Dvacet minut Radio\u017eurn\u00e1lu, kter\u00e9 vys\u00edlal tak\u00e9 \u010cesk\u00fd rozhlas Plus, se sen\u00e1torem ODS a p\u0159edsedou \u010cesk\u00e9ho paralympijsk\u00e9ho v\u00fdboru Zby\u0148kem S\u00fdkorou. D\u011bkuju za rozhovor, m\u011bjte se hezky, na shledanou.<br \/><br \/><\/p>\n","protected":false},"excerpt":{"rendered":"<div class=\"mh-excerpt\"><p>Radio\u017eurn\u00e1l\u00a0&#8211; Dvac\u00edtka Radio\u017eurn\u00e1lu Jak jsou na tom handicapovan\u00ed se sportem? K \u010demu m\u00e1 slou\u017eit nov\u00e9 specializovan\u00e9 centrum pro\u00a0posti\u017een\u00e9? A da\u0159\u00ed se prosazovat parasporty na stejnou <a class=\"mh-excerpt-more\" href=\"https:\/\/www.invarena.cz\/?p=54244\" title=\"Rozhovor s p\u0159edsedou \u010cesk\u00e9ho paralympijsk\u00e9ho v\u00fdboru\">[&#8230;]<\/a><\/p>\n<\/div>","protected":false},"author":1,"featured_media":22010,"comment_status":"open","ping_status":"closed","sticky":false,"template":"","format":"standard","meta":{"footnotes":""},"categories":[12],"tags":[],"class_list":["post-54244","post","type-post","status-publish","format-standard","has-post-thumbnail","hentry","category-rozhovory"],"_links":{"self":[{"href":"https:\/\/www.invarena.cz\/index.php?rest_route=\/wp\/v2\/posts\/54244","targetHints":{"allow":["GET"]}}],"collection":[{"href":"https:\/\/www.invarena.cz\/index.php?rest_route=\/wp\/v2\/posts"}],"about":[{"href":"https:\/\/www.invarena.cz\/index.php?rest_route=\/wp\/v2\/types\/post"}],"author":[{"embeddable":true,"href":"https:\/\/www.invarena.cz\/index.php?rest_route=\/wp\/v2\/users\/1"}],"replies":[{"embeddable":true,"href":"https:\/\/www.invarena.cz\/index.php?rest_route=%2Fwp%2Fv2%2Fcomments&post=54244"}],"version-history":[{"count":0,"href":"https:\/\/www.invarena.cz\/index.php?rest_route=\/wp\/v2\/posts\/54244\/revisions"}],"wp:featuredmedia":[{"embeddable":true,"href":"https:\/\/www.invarena.cz\/index.php?rest_route=\/wp\/v2\/media\/22010"}],"wp:attachment":[{"href":"https:\/\/www.invarena.cz\/index.php?rest_route=%2Fwp%2Fv2%2Fmedia&parent=54244"}],"wp:term":[{"taxonomy":"category","embeddable":true,"href":"https:\/\/www.invarena.cz\/index.php?rest_route=%2Fwp%2Fv2%2Fcategories&post=54244"},{"taxonomy":"post_tag","embeddable":true,"href":"https:\/\/www.invarena.cz\/index.php?rest_route=%2Fwp%2Fv2%2Ftags&post=54244"}],"curies":[{"name":"wp","href":"https:\/\/api.w.org\/{rel}","templated":true}]}}