{"id":5427,"date":"2013-05-22T18:05:21","date_gmt":"2013-05-22T16:05:21","guid":{"rendered":"http:\/\/www.invarena.cz\/?p=5427"},"modified":"2013-05-22T18:05:21","modified_gmt":"2013-05-22T16:05:21","slug":"vyrobce-softwaru-sap-chce-zamestnat-stovky-autistu","status":"publish","type":"post","link":"https:\/\/www.invarena.cz\/?p=5427","title":{"rendered":"V\u00fdrobce softwaru SAP chce zam\u011bstnat stovky autist\u016f"},"content":{"rendered":"<p><strong>N\u011bmeck\u00fd v\u00fdrobce podnikov\u00e9ho softwaru SAP hodl\u00e1 v p\u0159\u00ed\u0161t\u00edch letech p\u0159ijmout stovky lid\u00ed trp\u00edc\u00edch autismem. Firma tvrd\u00ed, \u017ee tito lid\u00e9 maj\u00ed jedine\u010dn\u00fd talent pro pr\u00e1ci v informa\u010dn\u00edch technologi\u00edch. SAP p\u016fsob\u00ed i v \u010cesku a m\u016f\u017ee p\u0159ijmout i \u010desk\u00e9 autisty.<\/strong><\/p>\n<p><!--more--><\/p>\n<p>Do roku 2020 by autist\u00e9 m\u011bli p\u0159edstavovat asi procento v\u0161ech zam\u011bstnanc\u016f firmy. Informoval o tom dnes zpravodajsk\u00fd server BBC.<\/p>\n<p>\u0160est autist\u016f ji\u017e SAP zam\u011bstn\u00e1v\u00e1 ve sv\u00fdch kancel\u00e1\u0159\u00edch v indick\u00e9m B\u00e9ngal\u00faru, kde testuj\u00ed software. Podle firmy se i d\u00edky t\u011bmto zam\u011bstnanc\u016fm v podniku zv\u00fd\u0161ila produktivita pr\u00e1ce. SAP chce te\u010f autisty zam\u011bstnat i v jin\u00fdch zem\u00edch.<\/p>\n<p>&#8222;Zam\u011bstn\u00e1v\u00e1n\u00edm lid\u00ed, kte\u0159\u00ed uva\u017euj\u00ed jinak a kte\u0159\u00ed podn\u011bcuj\u00ed inovace, bude SAP p\u0159ipraven \u010delit \u00fakol\u016fm 21. stolet\u00ed,&#8220; \u0159ekla Luisa Delgadov\u00e1 z veden\u00ed SAP.<\/p>\n<p>V \u010cesku si program\u00e1to\u0159i vyd\u011bl\u00e1vaj\u00ed kolem 45 000 K\u010d, v N\u011bmecku v p\u0159epo\u010dtu asi 80 tis\u00edc K\u010d m\u011bs\u00ed\u010dn\u011b.<\/p>\n<p>Autismus je vrozen\u00e9 celo\u017eivotn\u00ed posti\u017een\u00ed mozkov\u00fdch funkc\u00ed. D\u016fsledkem poruchy \u010dlov\u011bk nerozum\u00ed zcela tomu, co vid\u00ed, sly\u0161\u00ed a pro\u017e\u00edv\u00e1. V n\u011bkter\u00fdch oblastech autist\u00e9 naprosto selh\u00e1vaj\u00ed, v jin\u00fdch ale mohou usp\u011bt. N\u011bkte\u0159\u00ed jsou nadpr\u016fm\u011brn\u011b inteligentn\u00ed a jsou schopni v\u011bnovat mimo\u0159\u00e1dnou pozornost detail\u016fm.<\/p>\n<p>SAP se soust\u0159ed\u00ed na software vhodn\u00fd pro pot\u0159eby podnikatel\u016f a firem, nap\u0159\u00edklad na programy pro spr\u00e1vu mezd, evidenci z\u00e1sob a veden\u00ed \u00fa\u010detnictv\u00ed. Pronik\u00e1 v\u0161ak i do takzvan\u00fdch &#8222;cloud&#8220; technologi\u00ed, kter\u00e9 umo\u017e\u0148uj\u00ed ukl\u00e1dat data a procesy p\u0159es internet na vzd\u00e1len\u00e9 servery jin\u00fdch firem. D\u00edky tomu pak mohou u\u0161et\u0159it na n\u00e1kladech.<\/p>\n<p>Spole\u010dnost SAP m\u00e1 po cel\u00e9m sv\u011bt\u011b zhruba 65.000 zam\u011bstnanc\u016f.<\/p>\n<p>Celkem firma za prvn\u00ed t\u0159i m\u011bs\u00edce leto\u0161n\u00edho roku hospoda\u0159ila s \u010dist\u00fdm ziskem 520 milion\u016f eur (13,4 miliardy K\u010d), co\u017e bylo o 17 procent v\u00edce ne\u017e loni. Mezi konkurenty SAP pat\u0159\u00ed hlavn\u011b americk\u00e1 spole\u010dnost Oracle.<\/p>\n<p>invArena<\/p>\n","protected":false},"excerpt":{"rendered":"<div class=\"mh-excerpt\"><p>N\u011bmeck\u00fd v\u00fdrobce podnikov\u00e9ho softwaru SAP hodl\u00e1 v p\u0159\u00ed\u0161t\u00edch letech p\u0159ijmout stovky lid\u00ed trp\u00edc\u00edch autismem. Firma tvrd\u00ed, \u017ee tito lid\u00e9 maj\u00ed jedine\u010dn\u00fd talent pro pr\u00e1ci v <a class=\"mh-excerpt-more\" href=\"https:\/\/www.invarena.cz\/?p=5427\" title=\"V\u00fdrobce softwaru SAP chce zam\u011bstnat stovky autist\u016f\">[&#8230;]<\/a><\/p>\n<\/div>","protected":false},"author":1,"featured_media":0,"comment_status":"open","ping_status":"open","sticky":false,"template":"","format":"standard","meta":{"footnotes":""},"categories":[7],"tags":[],"class_list":["post-5427","post","type-post","status-publish","format-standard","hentry","category-spolecnost"],"_links":{"self":[{"href":"https:\/\/www.invarena.cz\/index.php?rest_route=\/wp\/v2\/posts\/5427","targetHints":{"allow":["GET"]}}],"collection":[{"href":"https:\/\/www.invarena.cz\/index.php?rest_route=\/wp\/v2\/posts"}],"about":[{"href":"https:\/\/www.invarena.cz\/index.php?rest_route=\/wp\/v2\/types\/post"}],"author":[{"embeddable":true,"href":"https:\/\/www.invarena.cz\/index.php?rest_route=\/wp\/v2\/users\/1"}],"replies":[{"embeddable":true,"href":"https:\/\/www.invarena.cz\/index.php?rest_route=%2Fwp%2Fv2%2Fcomments&post=5427"}],"version-history":[{"count":0,"href":"https:\/\/www.invarena.cz\/index.php?rest_route=\/wp\/v2\/posts\/5427\/revisions"}],"wp:attachment":[{"href":"https:\/\/www.invarena.cz\/index.php?rest_route=%2Fwp%2Fv2%2Fmedia&parent=5427"}],"wp:term":[{"taxonomy":"category","embeddable":true,"href":"https:\/\/www.invarena.cz\/index.php?rest_route=%2Fwp%2Fv2%2Fcategories&post=5427"},{"taxonomy":"post_tag","embeddable":true,"href":"https:\/\/www.invarena.cz\/index.php?rest_route=%2Fwp%2Fv2%2Ftags&post=5427"}],"curies":[{"name":"wp","href":"https:\/\/api.w.org\/{rel}","templated":true}]}}