{"id":54286,"date":"2025-01-20T05:27:09","date_gmt":"2025-01-20T04:27:09","guid":{"rendered":"https:\/\/www.invarena.cz\/?p=54286"},"modified":"2025-01-20T05:27:17","modified_gmt":"2025-01-20T04:27:17","slug":"misto-penez-obedy-a-krouzky","status":"publish","type":"post","link":"https:\/\/www.invarena.cz\/?p=54286","title":{"rendered":"M\u00edsto pen\u011bz ob\u011bdy a krou\u017eky\u00a0\u00a0"},"content":{"rendered":"\n<p>Prima\u00a0&#8211; Hlavn\u00ed zpr\u00e1vy<br \/><br \/>Revoluce ve st\u00e1tn\u00ed soci\u00e1ln\u00ed podpo\u0159e nem\u00e1 kon\u010dit super d\u00e1vkou.<br \/><br \/>Ano,\u00a0<strong>ministr<\/strong>\u00a0<strong>pr\u00e1ce<\/strong>\u00a0a soci\u00e1ln\u00edch v\u011bc\u00ed Marian Jure\u010dka z KDU-\u010cSL chce, aby pen\u00edze ur\u010den\u00e9 na p\u0159\u00eddavky pro d\u011bti bylo mo\u017en\u00e9 nam\u00edsto rodi\u010d\u016fm pos\u00edlat nap\u0159\u00edklad p\u0159\u00edmo jako \u00fahradu t\u0159eba \u0161koln\u00edch ob\u011bd\u016f, anebo z\u00e1jmov\u00fdch krou\u017ek\u016f.<br \/><br \/>Opozice tvrd\u00ed, \u017ee by tato mo\u017enost m\u011bla b\u00fdt schv\u00e1lena je\u0161t\u011b p\u0159edt\u00edm, ne\u017e odstartuje superd\u00e1vka.<br \/><br \/>Berou od st\u00e1tu p\u0159\u00eddavky na d\u011bti, ale nekupuj\u00ed d\u011btem \u0161koln\u00ed ob\u011bdy, anebo sv\u00e9 ratolesti nepos\u00edlaj\u00ed do \u0161koly. Takov\u00ed rodi\u010de by v budoucnu o finan\u010dn\u00ed podporu st\u00e1tu nemuseli \u00fapln\u011b p\u0159ij\u00edt, ale do\u010dkaj\u00ed se z\u00e1sadn\u00edch zm\u011bn. Po\u010d\u00edt\u00e1 s t\u00edm ministerstvo pr\u00e1ce.<br \/><br \/>Marian Jure\u010dka,\u00a0<strong>ministr<\/strong>\u00a0<strong>pr\u00e1ce<\/strong>\u00a0a soci\u00e1ln\u00edch v\u011bc\u00ed, vicepremi\u00e9r \/KDU-\u010cSL\/<br \/>&#8212;&#8212;&#8212;&#8212;&#8212;&#8212;&#8211;<br \/>V okam\u017eiku, kdy spust\u00edme revizi d\u00e1vek, rozjedeme ji v praxi, co\u017e po\u010d\u00edt\u00e1me, \u017ee se stane v leto\u0161n\u00edm roce, tak v t\u00e9 dal\u0161\u00ed f\u00e1zi vid\u00edme i na to, \u017ee bychom dok\u00e1zali technologicky d\u00edky digitalizaci to, \u017ee bychom potom um\u011bli \u010d\u00e1st t\u00e9 d\u00e1vky p\u0159\u00edpadn\u011b p\u0159\u00edmo pos\u00edlat nap\u0159\u00edklad na \u00fahradu ob\u011bd\u016f ve \u0161kole. Nap\u0159\u00edklad na \u00fahradu ZU\u0160ky nebo t\u0159eba sportovn\u00ed aktivity.<br \/><br \/>redaktorka<br \/>&#8212;&#8212;&#8212;&#8212;&#8212;&#8212;&#8211;<br \/>M\u011bly by se p\u0159\u00eddavky na d\u011bti pos\u00edlat m\u00edsto rodi\u010d\u016fm rovnou, t\u0159eba \u0161kole na \u0161koln\u00ed ob\u011bdy, anebo t\u0159eba na krou\u017eky?<br \/><br \/>osoba<br \/>&#8212;&#8212;&#8212;&#8212;&#8212;&#8212;&#8211;<br \/>A j\u00e1 si mysl\u00edm, \u017ee ano, proto\u017ee p\u0159ece jenom n\u011bkter\u00fd ty rodi\u010de to pak m\u016f\u017eou vyu\u017e\u00edt na n\u011bco jin\u00e9ho, ne\u017e na co je to p\u0159esn\u011b jako ur\u010den\u00fd.<br \/><br \/>osoba<br \/>&#8212;&#8212;&#8212;&#8212;&#8212;&#8212;&#8211;<br \/>Mysl\u00edm, \u017ee to ur\u010dit\u011b dob\u0159e, proto\u017ee n\u011bkter\u00fd d\u011bti v Praze, v centru, nemaj\u00ed na ob\u011bdy a jsou tam s d\u011btma, kter\u00fd prost\u011b jako maj\u00ed hodn\u011b pen\u011bz a tyhle d\u011bti nemaj\u00ed ob\u011bdy a koukaj\u00ed na n\u011b.<br \/><br \/>redaktorka<br \/>&#8212;&#8212;&#8212;&#8212;&#8212;&#8212;&#8211;<br \/>Na n\u011b jak konkr\u00e9tn\u011b a za jak\u00fdch podm\u00ednek budou sm\u011bt \u00fa\u0159ady rodi\u010de takto obch\u00e1zet, bude ministerstvo teprve \u0159e\u0161it.<br \/><br \/>Marian Jure\u010dka,\u00a0<strong>ministr<\/strong>\u00a0<strong>pr\u00e1ce<\/strong>\u00a0a soci\u00e1ln\u00edch v\u011bc\u00ed, vicepremi\u00e9r \/KDU-\u010cSL\/<br \/>&#8212;&#8212;&#8212;&#8212;&#8212;&#8212;&#8211;<br \/>Po\u010d\u00edt\u00e1me s t\u00edm, \u017ee t\u0159eba na z\u00e1klad\u011b podn\u011btu OSPOD\u016e, kter\u00fd zn\u00e1 tu situaci v rodin\u011b velmi dob\u0159e. N\u00e1m \u0159eknou: Je pot\u0159eba uhradit ty a ty v\u011bci v r\u00e1mci z\u00e1jmu toho d\u00edt\u011bte a my to budeme um\u011bt.<br \/><br \/> redaktorka<br \/>&#8212;&#8212;&#8212;&#8212;&#8212;&#8212;&#8211;<br \/>Za posledn\u00ed \u010dty\u0159i roky vzrostla \u010d\u00e1stka, kterou st\u00e1t vypl\u00e1c\u00ed na p\u0159\u00eddavc\u00edch na d\u011bti v\u00edc ne\u017e dvojn\u00e1sobn\u011b. C\u00edlem ale podle ministra nejsou \u00faspory. St\u00e1t chce m\u00edt podle n\u011bj jistotu, \u017ee ty pen\u00edze pln\u00ed sv\u016fj \u00fa\u010del a jsou ve prosp\u011bch d\u00edt\u011bte.<br \/><br \/>Daniel Prokop, sociolog, PAQ Research<br \/>&#8212;&#8212;&#8212;&#8212;&#8212;&#8212;&#8211;<br \/>\/nesrozumiteln\u00e9\/ a podobn\u011b je dobr\u00fd jako n\u00e1hrada toho zabavov\u00e1n\u00ed, proto\u017ee v t\u00e9 d\u00e1vce se m\u00e1 zabavovat a podporovat d\u011bti, kdy\u017e nechod\u00ed do \u0161koly, nebo kdy\u017e ten rodi\u010d n\u011bjak jakoby nespolupracuje s \u00fa\u0159adem pr\u00e1ce v\u016fbec. To mi p\u0159ijde jako. \u00dapln\u011b zabavit je docela dost tvrd\u00e9. Tak\u017ee bych to, kdyby se to nahradilo t\u00edm, \u017ee to v t\u00e9 chv\u00edli p\u0159epos\u00edlaj\u00ed na ty slu\u017eby, tak by to bylo ide\u00e1ln\u00ed.<br \/><br \/>redaktorka<br \/>&#8212;&#8212;&#8212;&#8212;&#8212;&#8212;&#8211;<br \/>Podobn\u011b p\u0159itom mluv\u00ed i opozice.<br \/><br \/>Ale\u0161 Juchelka, m\u00edstop\u0159edseda Poslaneck\u00e9 sn\u011bmovny Parlamentu \u010cR \/ANO\/<br \/>&#8212;&#8212;&#8212;&#8212;&#8212;&#8212;&#8211;<br \/>Rad\u011bji ne\u017e by to d\u00edt\u011b by bylo kr\u00e1ceno d\u00edky neaktivit\u011b t\u011bch rodi\u010d\u016f tak, aby spravovala \u0161kola. V tomto duchu chci m\u00edt i pozm\u011b\u0148ovac\u00ed n\u00e1vrh. My jsme se o tom o tom s ministerstvem bavili. Ti \u0159\u00edkaj\u00ed, \u017ee se \u0161koly stav\u00ed na zadn\u00ed, \u017ee to d\u011blat necht\u011bj\u00ed.<br \/><br \/>redaktorka<br \/>&#8212;&#8212;&#8212;&#8212;&#8212;&#8212;&#8211;<br \/>Podle ministra Jure\u010dky by novinka mohla b\u00fdt spu\u0161t\u011bna od roku 2027. Pokud by ale p\u0159istoupil na n\u00e1vrhy opozice, mohlo by v\u0161e za\u010d\u00edt fungovat je\u0161t\u011b letos. <\/p>\n","protected":false},"excerpt":{"rendered":"<div class=\"mh-excerpt\"><p>Prima\u00a0&#8211; Hlavn\u00ed zpr\u00e1vy Revoluce ve st\u00e1tn\u00ed soci\u00e1ln\u00ed podpo\u0159e nem\u00e1 kon\u010dit super d\u00e1vkou. Ano,\u00a0ministr\u00a0pr\u00e1ce\u00a0a soci\u00e1ln\u00edch v\u011bc\u00ed Marian Jure\u010dka z KDU-\u010cSL chce, aby pen\u00edze ur\u010den\u00e9 na p\u0159\u00eddavky <a class=\"mh-excerpt-more\" href=\"https:\/\/www.invarena.cz\/?p=54286\" title=\"M\u00edsto pen\u011bz ob\u011bdy a krou\u017eky\u00a0\u00a0\">[&#8230;]<\/a><\/p>\n<\/div>","protected":false},"author":1,"featured_media":40832,"comment_status":"open","ping_status":"closed","sticky":false,"template":"","format":"standard","meta":{"footnotes":""},"categories":[1],"tags":[],"class_list":["post-54286","post","type-post","status-publish","format-standard","has-post-thumbnail","hentry","category-nezarazene"],"_links":{"self":[{"href":"https:\/\/www.invarena.cz\/index.php?rest_route=\/wp\/v2\/posts\/54286","targetHints":{"allow":["GET"]}}],"collection":[{"href":"https:\/\/www.invarena.cz\/index.php?rest_route=\/wp\/v2\/posts"}],"about":[{"href":"https:\/\/www.invarena.cz\/index.php?rest_route=\/wp\/v2\/types\/post"}],"author":[{"embeddable":true,"href":"https:\/\/www.invarena.cz\/index.php?rest_route=\/wp\/v2\/users\/1"}],"replies":[{"embeddable":true,"href":"https:\/\/www.invarena.cz\/index.php?rest_route=%2Fwp%2Fv2%2Fcomments&post=54286"}],"version-history":[{"count":0,"href":"https:\/\/www.invarena.cz\/index.php?rest_route=\/wp\/v2\/posts\/54286\/revisions"}],"wp:featuredmedia":[{"embeddable":true,"href":"https:\/\/www.invarena.cz\/index.php?rest_route=\/wp\/v2\/media\/40832"}],"wp:attachment":[{"href":"https:\/\/www.invarena.cz\/index.php?rest_route=%2Fwp%2Fv2%2Fmedia&parent=54286"}],"wp:term":[{"taxonomy":"category","embeddable":true,"href":"https:\/\/www.invarena.cz\/index.php?rest_route=%2Fwp%2Fv2%2Fcategories&post=54286"},{"taxonomy":"post_tag","embeddable":true,"href":"https:\/\/www.invarena.cz\/index.php?rest_route=%2Fwp%2Fv2%2Ftags&post=54286"}],"curies":[{"name":"wp","href":"https:\/\/api.w.org\/{rel}","templated":true}]}}