{"id":54302,"date":"2025-01-20T15:15:43","date_gmt":"2025-01-20T14:15:43","guid":{"rendered":"https:\/\/www.invarena.cz\/?p=54302"},"modified":"2025-01-20T15:15:44","modified_gmt":"2025-01-20T14:15:44","slug":"nemel-mit-sanci-presto-prezil-ivan-z-liberce-bojuje-dal-ale-potrebuje-pomoc","status":"publish","type":"post","link":"https:\/\/www.invarena.cz\/?p=54302","title":{"rendered":"Nem\u011bl m\u00edt \u0161anci, p\u0159esto p\u0159e\u017eil. Ivan z Liberce bojuje d\u00e1l, ale pot\u0159ebuje pomoc"},"content":{"rendered":"\n<p>Libere\u010dan Ivan Drl\u00edk na posledn\u00ed rok dvac\u00e1t\u00e9ho stolet\u00ed nevzpom\u00edn\u00e1 v dobr\u00e9m. V\u00e1\u017en\u00e1 nehoda mu obr\u00e1tila \u017eivot vzh\u016fru nohama a upoutala ho na invalidn\u00ed voz\u00edk. S p\u0159ib\u00fdvaj\u00edc\u00edmi l\u00e9ty se p\u0159id\u00e1vaj\u00ed dal\u0161\u00ed zdravotn\u00ed pot\u00ed\u017ee a objevuj\u00ed se komplikace spojen\u00e9 s t\u011blesn\u00fdm hendikepem. Nyn\u00ed prost\u0159ednictv\u00edm platformy Donio sh\u00e1n\u00ed finance, kter\u00e9 by mu pomohly zaplatit osobn\u00ed asistenci.&nbsp;<\/p>\n\n\n\n<p>V osudn\u00fd den jel Ivan Drl\u00edk do pr\u00e1ce. Vybavuje si, jak ho za\u010dalo p\u0159edj\u00ed\u017ed\u011bt auto bez sv\u011bteln\u00e9 signalizace o za\u0159azen\u00ed. Aby p\u0159ede\u0161el st\u0159etu, prudce se\u0161l\u00e1pl brzdu, na\u010de\u017e jeho auto dostalo smyk a stalo se neovladateln\u00fdm. Naposledy si pamatuje ukrutnou bolest, kdy\u017e se sna\u017eil z auta dostat ven. Probral se po n\u011bkolika dnech v nemocnici. \u201ePo probuzen\u00ed jsem se dozv\u011bd\u011bl, \u017ee mi l\u00e9ka\u0159i ned\u00e1vali skoro \u017e\u00e1dnou \u0161anci, \u017ee to p\u0159e\u017eiji. Ale z\u0159ejm\u011b duchovn\u00ed s\u00edla a t\u011blo z\u00e1pasily v boji o p\u0159e\u017eit\u00ed, i s n\u00e1sledky, kter\u00e9 m\u00e1m po zbytek sv\u00e9ho \u017eivota,\u201c \u0159ekl Ivan Drl\u00edk s t\u00edm, \u017ee sice p\u0159e\u017eil, ale kv\u016fli poran\u011bn\u00ed m\u00edchy skon\u010dil na voz\u00edku.<\/p>\n\n\n\n<p>Na za\u010d\u00e1tku st\u00e1le v\u011b\u0159il, \u017ee kdy\u017e bude dostate\u010dn\u011b cvi\u010dit, op\u011bt se postav\u00ed na nohy. Takov\u00e1 o\u010dek\u00e1v\u00e1n\u00ed se nane\u0161t\u011bst\u00ed nevyplnila. J\u00edzda na kole, b\u011bh, fotbal \u010di tenis se tak staly jen vzpom\u00ednkami. Nav\u00edc, jak plyne \u010das, p\u0159id\u00e1vaj\u00ed se dal\u0161\u00ed zdravotn\u00ed pot\u00ed\u017ee. \u201ePosledn\u00ed dobou m\u00e1m pocit, \u017ee m\u00fdm druh\u00fdm domovem je nemocnice, proto\u017ee neust\u00e1le trp\u00edm z\u00e1n\u011bty mo\u010dov\u00fdch cest. I kdy\u017e pou\u017e\u00edv\u00e1m nejmodern\u011bj\u0161\u00ed c\u00e9vky,\u201c sv\u011b\u0159il se.<\/p>\n\n\n\n<p>Nakonec se rozhodl na platform\u011b Donio zalo\u017eit sb\u00edrku (<a href=\"https:\/\/donio.cz\/osobni-asistence-pro-ivana-drlika\" target=\"_blank\" rel=\"noreferrer noopener\">https:\/\/donio.cz\/osobni-asistence-pro-ivana-drlika<\/a>) a obr\u00e1tit se s prosbou o pomoc na ve\u0159ejnost. R\u00e1d by uhradil osobn\u00ed asistenci, ale nen\u00ed schopen v\u0161e financovat. Obrac\u00ed ka\u017edou korunu. \u201eBez ciz\u00ed pomoci nejsem schopen v\u0161e zvl\u00e1dat. Pokud by se vybrala vy\u0161\u0161\u00ed \u010d\u00e1stka, r\u00e1d bych si uhradil ve\u0161ker\u00e9 kompenza\u010dn\u00ed pom\u016fcky, kter\u00e9 nejsou hrazeny,\u201c uzav\u0159el vypr\u00e1v\u011bn\u00ed Ivan Drl\u00edk.<\/p>\n\n\n\n<p>Ji\u0159\u00ed Louda<\/p>\n\n\n\n<p>Libereck\u00fd den\u00edk<\/p>\n\n\n\n<p><a href=\"https:\/\/liberecky.denik.cz\" target=\"_blank\" rel=\"noreferrer noopener\">https:\/\/liberecky.denik.cz<\/a><\/p>\n","protected":false},"excerpt":{"rendered":"<div class=\"mh-excerpt\"><p>Libere\u010dan Ivan Drl\u00edk na posledn\u00ed rok dvac\u00e1t\u00e9ho stolet\u00ed nevzpom\u00edn\u00e1 v dobr\u00e9m. V\u00e1\u017en\u00e1 nehoda mu obr\u00e1tila \u017eivot vzh\u016fru nohama a upoutala ho na invalidn\u00ed voz\u00edk. S <a class=\"mh-excerpt-more\" href=\"https:\/\/www.invarena.cz\/?p=54302\" title=\"Nem\u011bl m\u00edt \u0161anci, p\u0159esto p\u0159e\u017eil. Ivan z Liberce bojuje d\u00e1l, ale pot\u0159ebuje pomoc\">[&#8230;]<\/a><\/p>\n<\/div>","protected":false},"author":1,"featured_media":19889,"comment_status":"open","ping_status":"closed","sticky":false,"template":"","format":"standard","meta":{"footnotes":""},"categories":[9],"tags":[],"class_list":["post-54302","post","type-post","status-publish","format-standard","has-post-thumbnail","hentry","category-zpravy"],"_links":{"self":[{"href":"https:\/\/www.invarena.cz\/index.php?rest_route=\/wp\/v2\/posts\/54302","targetHints":{"allow":["GET"]}}],"collection":[{"href":"https:\/\/www.invarena.cz\/index.php?rest_route=\/wp\/v2\/posts"}],"about":[{"href":"https:\/\/www.invarena.cz\/index.php?rest_route=\/wp\/v2\/types\/post"}],"author":[{"embeddable":true,"href":"https:\/\/www.invarena.cz\/index.php?rest_route=\/wp\/v2\/users\/1"}],"replies":[{"embeddable":true,"href":"https:\/\/www.invarena.cz\/index.php?rest_route=%2Fwp%2Fv2%2Fcomments&post=54302"}],"version-history":[{"count":0,"href":"https:\/\/www.invarena.cz\/index.php?rest_route=\/wp\/v2\/posts\/54302\/revisions"}],"wp:featuredmedia":[{"embeddable":true,"href":"https:\/\/www.invarena.cz\/index.php?rest_route=\/wp\/v2\/media\/19889"}],"wp:attachment":[{"href":"https:\/\/www.invarena.cz\/index.php?rest_route=%2Fwp%2Fv2%2Fmedia&parent=54302"}],"wp:term":[{"taxonomy":"category","embeddable":true,"href":"https:\/\/www.invarena.cz\/index.php?rest_route=%2Fwp%2Fv2%2Fcategories&post=54302"},{"taxonomy":"post_tag","embeddable":true,"href":"https:\/\/www.invarena.cz\/index.php?rest_route=%2Fwp%2Fv2%2Ftags&post=54302"}],"curies":[{"name":"wp","href":"https:\/\/api.w.org\/{rel}","templated":true}]}}