{"id":54306,"date":"2025-01-20T15:27:45","date_gmt":"2025-01-20T14:27:45","guid":{"rendered":"https:\/\/www.invarena.cz\/?p=54306"},"modified":"2025-01-20T15:27:45","modified_gmt":"2025-01-20T14:27:45","slug":"frydek-mistek-pod-vanocnim-stromem-se-vybralo-pres-81-tisic-na-canisterapii","status":"publish","type":"post","link":"https:\/\/www.invarena.cz\/?p=54306","title":{"rendered":"Fr\u00fddek-M\u00edstek: Pod V\u00e1no\u010dn\u00edm stromem se vybralo p\u0159es 81 tis\u00edc na canisterapii"},"content":{"rendered":"\n<p>D\u00e1rci p\u0159isp\u011bli 81 347 korun do m\u011bstsk\u00e9 sb\u00edrky V\u00e1no\u010dn\u00ed strom. Podpo\u0159ili tak canisterapii, poskytovanou organizac\u00ed Podan\u00e9 ruce ob\u010dan\u016fm s posti\u017een\u00edm, \u017eij\u00edc\u00edm v pobytov\u00fdch soci\u00e1ln\u00edch a zdravotnick\u00fdch za\u0159\u00edzen\u00edch nebo nav\u0161t\u011bvuj\u00edc\u00edm speci\u00e1ln\u00ed \u0161koly a denn\u00ed stacion\u00e1\u0159e v na\u0161em m\u011bst\u011b.<\/p>\n\n\n\n<p>Cel\u00fd \u010dl\u00e1nek naleznete v Parlamentn\u00edch Listech: <a href=\"https:\/\/www.parlamentnilisty.cz\/politika\/obce-volicum\/Frydek-Mistek-Pod-Vanocnim-stromem-se-vybralo-pres-81-tisic-na-canisterapii-767968\" target=\"_blank\" rel=\"noreferrer noopener\">https:\/\/www.parlamentnilisty.cz\/politika\/obce-volicum\/Frydek-Mistek-Pod-Vanocnim-stromem-se-vybralo-pres-81-tisic-na-canisterapii-767968<\/a><\/p>\n","protected":false},"excerpt":{"rendered":"<div class=\"mh-excerpt\"><p>D\u00e1rci p\u0159isp\u011bli 81 347 korun do m\u011bstsk\u00e9 sb\u00edrky V\u00e1no\u010dn\u00ed strom. Podpo\u0159ili tak canisterapii, poskytovanou organizac\u00ed Podan\u00e9 ruce ob\u010dan\u016fm s posti\u017een\u00edm, \u017eij\u00edc\u00edm v pobytov\u00fdch soci\u00e1ln\u00edch a <a class=\"mh-excerpt-more\" href=\"https:\/\/www.invarena.cz\/?p=54306\" title=\"Fr\u00fddek-M\u00edstek: Pod V\u00e1no\u010dn\u00edm stromem se vybralo p\u0159es 81 tis\u00edc na canisterapii\">[&#8230;]<\/a><\/p>\n<\/div>","protected":false},"author":1,"featured_media":14150,"comment_status":"open","ping_status":"closed","sticky":false,"template":"","format":"standard","meta":{"footnotes":""},"categories":[9],"tags":[],"class_list":["post-54306","post","type-post","status-publish","format-standard","has-post-thumbnail","hentry","category-zpravy"],"_links":{"self":[{"href":"https:\/\/www.invarena.cz\/index.php?rest_route=\/wp\/v2\/posts\/54306","targetHints":{"allow":["GET"]}}],"collection":[{"href":"https:\/\/www.invarena.cz\/index.php?rest_route=\/wp\/v2\/posts"}],"about":[{"href":"https:\/\/www.invarena.cz\/index.php?rest_route=\/wp\/v2\/types\/post"}],"author":[{"embeddable":true,"href":"https:\/\/www.invarena.cz\/index.php?rest_route=\/wp\/v2\/users\/1"}],"replies":[{"embeddable":true,"href":"https:\/\/www.invarena.cz\/index.php?rest_route=%2Fwp%2Fv2%2Fcomments&post=54306"}],"version-history":[{"count":0,"href":"https:\/\/www.invarena.cz\/index.php?rest_route=\/wp\/v2\/posts\/54306\/revisions"}],"wp:featuredmedia":[{"embeddable":true,"href":"https:\/\/www.invarena.cz\/index.php?rest_route=\/wp\/v2\/media\/14150"}],"wp:attachment":[{"href":"https:\/\/www.invarena.cz\/index.php?rest_route=%2Fwp%2Fv2%2Fmedia&parent=54306"}],"wp:term":[{"taxonomy":"category","embeddable":true,"href":"https:\/\/www.invarena.cz\/index.php?rest_route=%2Fwp%2Fv2%2Fcategories&post=54306"},{"taxonomy":"post_tag","embeddable":true,"href":"https:\/\/www.invarena.cz\/index.php?rest_route=%2Fwp%2Fv2%2Ftags&post=54306"}],"curies":[{"name":"wp","href":"https:\/\/api.w.org\/{rel}","templated":true}]}}