{"id":54350,"date":"2025-01-23T11:28:44","date_gmt":"2025-01-23T10:28:44","guid":{"rendered":"https:\/\/www.invarena.cz\/?p=54350"},"modified":"2025-01-23T11:28:45","modified_gmt":"2025-01-23T10:28:45","slug":"seberte-duchodcum-dejte-to-na-armadu-rutte-prisel-s-planem-kde-vzit-penize-na-obranu","status":"publish","type":"post","link":"https:\/\/www.invarena.cz\/?p=54350","title":{"rendered":"Seberte d\u016fchodc\u016fm, dejte to na arm\u00e1du. Rutte p\u0159i\u0161el s pl\u00e1nem, kde vz\u00edt pen\u00edze na obranu"},"content":{"rendered":"\n<p>Nov\u00fd gener\u00e1ln\u00ed tajemn\u00edk NATO Mark Rutte&nbsp;<a href=\"https:\/\/www.politico.eu\/article\/welfare-finance-nato-boss-european-parliament-mark-rutte-secretary-general-gdp-defense\/\" rel=\"noreferrer noopener\" target=\"_blank\">vyzval<\/a>&nbsp;Evropsk\u00fd parlament k z\u00e1sadn\u00edmu p\u0159ehodnocen\u00ed rozpo\u010dtov\u00fdch priorit s c\u00edlem pos\u00edlit obrann\u00e9 rozpo\u010dty. Upozornil, \u017ee bez zv\u00fd\u0161en\u00ed v\u00fddaj\u016f na obranu m\u016f\u017ee b\u00fdt evropsk\u00e1 bezpe\u010dnost v\u00e1\u017en\u011b ohro\u017eena.<\/p>\n\n\n\n<p>Rutte pouk\u00e1zal na to, \u017ee evropsk\u00e9 zem\u011b v pr\u016fm\u011bru vynakl\u00e1daj\u00ed a\u017e \u010dtvrtinu sv\u00fdch n\u00e1rodn\u00edch p\u0159\u00edjm\u016f na d\u016fchody, zdravotnictv\u00ed a soci\u00e1ln\u00ed zabezpe\u010den\u00ed. Podle n\u011bj by sta\u010dila mal\u00e1 \u010d\u00e1st t\u011bchto prost\u0159edk\u016f k v\u00fdznamn\u00e9mu pos\u00edlen\u00ed obrany.<\/p>\n\n\n\n<p><a href=\"https:\/\/www.msn.com\/cs-cz\/zpravy\/Zahrani%C4%8Dn%C3%AD\/seberte-d%C5%AFchodc%C5%AFm-dejte-to-na-arm%C3%A1du-rutte-p%C5%99i%C5%A1el-s-pl%C3%A1nem-kde-vz%C3%ADt-pen%C3%ADze-na-obranu\/ar-AA1xHOm3?ocid=msedgdhp&amp;pc=U531&amp;cvid=0b4d6f56021a495191cf4d97f7f7986b&amp;ei=14\">POKRA\u010cOV\u00c1N\u00cd<\/a><\/p>\n","protected":false},"excerpt":{"rendered":"<div class=\"mh-excerpt\"><p>Nov\u00fd gener\u00e1ln\u00ed tajemn\u00edk NATO Mark Rutte&nbsp;vyzval&nbsp;Evropsk\u00fd parlament k z\u00e1sadn\u00edmu p\u0159ehodnocen\u00ed rozpo\u010dtov\u00fdch priorit s c\u00edlem pos\u00edlit obrann\u00e9 rozpo\u010dty. Upozornil, \u017ee bez zv\u00fd\u0161en\u00ed v\u00fddaj\u016f na obranu m\u016f\u017ee <a class=\"mh-excerpt-more\" href=\"https:\/\/www.invarena.cz\/?p=54350\" title=\"Seberte d\u016fchodc\u016fm, dejte to na arm\u00e1du. Rutte p\u0159i\u0161el s pl\u00e1nem, kde vz\u00edt pen\u00edze na obranu\">[&#8230;]<\/a><\/p>\n<\/div>","protected":false},"author":1,"featured_media":54351,"comment_status":"open","ping_status":"closed","sticky":false,"template":"","format":"standard","meta":{"footnotes":""},"categories":[1],"tags":[],"class_list":["post-54350","post","type-post","status-publish","format-standard","has-post-thumbnail","hentry","category-nezarazene"],"_links":{"self":[{"href":"https:\/\/www.invarena.cz\/index.php?rest_route=\/wp\/v2\/posts\/54350","targetHints":{"allow":["GET"]}}],"collection":[{"href":"https:\/\/www.invarena.cz\/index.php?rest_route=\/wp\/v2\/posts"}],"about":[{"href":"https:\/\/www.invarena.cz\/index.php?rest_route=\/wp\/v2\/types\/post"}],"author":[{"embeddable":true,"href":"https:\/\/www.invarena.cz\/index.php?rest_route=\/wp\/v2\/users\/1"}],"replies":[{"embeddable":true,"href":"https:\/\/www.invarena.cz\/index.php?rest_route=%2Fwp%2Fv2%2Fcomments&post=54350"}],"version-history":[{"count":0,"href":"https:\/\/www.invarena.cz\/index.php?rest_route=\/wp\/v2\/posts\/54350\/revisions"}],"wp:featuredmedia":[{"embeddable":true,"href":"https:\/\/www.invarena.cz\/index.php?rest_route=\/wp\/v2\/media\/54351"}],"wp:attachment":[{"href":"https:\/\/www.invarena.cz\/index.php?rest_route=%2Fwp%2Fv2%2Fmedia&parent=54350"}],"wp:term":[{"taxonomy":"category","embeddable":true,"href":"https:\/\/www.invarena.cz\/index.php?rest_route=%2Fwp%2Fv2%2Fcategories&post=54350"},{"taxonomy":"post_tag","embeddable":true,"href":"https:\/\/www.invarena.cz\/index.php?rest_route=%2Fwp%2Fv2%2Ftags&post=54350"}],"curies":[{"name":"wp","href":"https:\/\/api.w.org\/{rel}","templated":true}]}}