{"id":5437,"date":"2013-05-22T20:31:36","date_gmt":"2013-05-22T18:31:36","guid":{"rendered":"http:\/\/www.invarena.cz\/?p=5437"},"modified":"2014-10-20T20:12:58","modified_gmt":"2014-10-20T18:12:58","slug":"bolest-je-tak-velka-ze-se-z-ni-rodice-nemohou-ani-vyplakat","status":"publish","type":"post","link":"https:\/\/www.invarena.cz\/?p=5437","title":{"rendered":"&#8222;Bolest je tak velk\u00e1, \u017ee se z n\u00ed rodi\u010de nemohou ani vyplakat&#8220;"},"content":{"rendered":"<p><strong>Ji\u0159\u00ed Jankovsk\u00fd (foto) vystudoval na kn\u011bze, pracoval jako d\u011btsk\u00fd psycholog, p\u0159edn\u00e1\u0161\u00ed na Jiho\u010desk\u00e9 univerzit\u011b. &#8222;N\u011bkdy jsem se c\u00edtil zoufal\u00fd, ale v\u017edy vy\u0161lo najevo, \u017ee v\u0161echno, co m\u011b potkalo, m\u011blo smysl,&#8220; \u0159\u00edk\u00e1.<\/strong><\/p>\n<p><!--more--><\/p>\n<p>Na osudov\u00e1 setk\u00e1n\u00ed m\u00e1 Ji\u0159\u00ed Jankovsk\u00fd \u0161t\u011bst\u00ed. D\u00edky tomu, \u017ee v rodn\u00e9 \u017delivi v kl\u00e1\u0161te\u0159e jako ministrant potkal opata V\u00edta Tajovsk\u00e9ho, rozhodl se, \u017ee bude kn\u011bzem. O \u010dty\u0159i roky pozd\u011bji se zase na svatb\u011b sv\u00e9ho bratra zamiloval do d\u00edvky Aleny a s pl\u00e1novan\u00fdm celib\u00e1tem byl konec.<\/p>\n<p>Kdy\u017e pozd\u011bji jako d\u011btsk\u00fd psycholog v socialistick\u00e9m \u010ceskoslovensku s takovou minulost\u00ed sh\u00e1n\u011bl zam\u011bstn\u00e1n\u00ed, odvahu nab\u00eddnout mu ho na\u0161la a\u017e \u0159editelka krumlovsk\u00e9 pedagogicko-psychologick\u00e9 poradny. &#8222;V \u017eivot\u011b jsem se n\u011bkdy sice c\u00edtil zoufal\u00fd, ale nakonec v\u017edycky vy\u0161lo najevo, \u017ee v\u0161echno, co m\u011b potkalo, m\u011blo smysl. Jenom jsem to poznal a\u017e pozd\u011bji,&#8220; \u0159\u00edk\u00e1 ve chv\u00edli, kdy profesn\u00ed dr\u00e1hu pomalu uzav\u00edr\u00e1.<\/p>\n<p>Ponechal si jen \u010d\u00e1ste\u010dn\u00fd \u00favazek na Zdravotn\u011b soci\u00e1ln\u00ed fakult\u011b Jiho\u010desk\u00e9 univerzity.<\/p>\n<p><strong>&#8222;Bolest je tak velk\u00e1, \u017ee se z n\u00ed rodi\u010de nemohou ani vyplakat&#8220;<\/strong><\/p>\n<p>Letos po 20 letech opustil \u0159editelskou \u017eidli v centru Arpida, kter\u00e9 se stalo jednou z nejv\u011bt\u0161\u00edch neziskov\u00fdch organizac\u00ed v republice. &#8222;Pro 130 denn\u00edch klient\u016f je tu v\u00edce ne\u017e sto\u010dlenn\u00fd t\u00fdm odborn\u00edk\u016f, skv\u011bl\u00e1 parta lid\u00ed, kter\u00e1 odv\u00e1d\u00ed neskute\u010dn\u011b z\u00e1slu\u017enou pr\u00e1ci,&#8220; konstatuje Jankovsk\u00fd.<\/p>\n<p>&#8222;C\u00edtil jsem re\u00e1ln\u00e9 nebezpe\u010d\u00ed vyho\u0159en\u00ed. Pokud se sna\u017e\u00edte d\u011blat tuhle pr\u00e1ci dob\u0159e, mus\u00edte d\u00e1t k dispozici svoji sf\u00e9ru pro\u017e\u00edv\u00e1n\u00ed a to v\u00e1s nakonec semele. P\u0159\u00edb\u011bhy rodi\u010d\u016f, kte\u0159\u00ed \u0159e\u0161\u00ed svoji zlomovou \u017eivotn\u00ed krizi, kdy\u017e se jim narod\u00ed d\u00edt\u011b s t\u011b\u017ek\u00fdm zdravotn\u00edm posti\u017een\u00edm, to po v\u00e1s nem\u016f\u017ee jen tak st\u00e9ct jako voda. St\u0159\u00edd\u00e1 se tolik pot\u0159ebn\u00e1 nad\u011bje, ale \u010dasto i bezmoc, to kdy\u017e na n\u011b dolehne realita. Mnohdy p\u0159ijde p\u00e1d a\u017e na pomysln\u00e9 dno, kdy u\u017e se ani nemohou z t\u00e9 bolesti vyplakat, a to je velmi t\u011b\u017ek\u00e9. A pak p\u0159ijde zase \u00faleva, to kdy\u017e se rozpl\u00e1\u010dou, co\u017e b\u00fdv\u00e1 dobr\u00e9 znamen\u00ed, \u017ee se vracej\u00ed zp\u011bt do \u017eivota. Vznikne tak prostor, kde m\u016f\u017eete pomoci,&#8220; \u0159\u00edk\u00e1 Jankovsk\u00fd.<\/p>\n<p>Jedn\u00edm dechem dod\u00e1v\u00e1, \u017ee je velmi obdivuje a v\u00e1\u017e\u00ed si v\u0161ech, kte\u0159\u00ed to zvl\u00e1dnou. &#8222;Nev\u00edm, jak bych v tak vypjat\u00fdch situac\u00edch reagoval j\u00e1 s\u00e1m. To \u010dlov\u011bk pozn\u00e1 a\u017e tehdy, kdy\u017e mus\u00ed takov\u00fd probl\u00e9m s\u00e1m v \u017eivot\u011b \u0159e\u0161it,&#8220; p\u0159izn\u00e1v\u00e1.<\/p>\n<p><strong>Pomohl mu biskup Hlouch<\/strong><\/p>\n<p>\u010casto st\u00e1l p\u0159ed zlomov\u00fdmi rozhodnut\u00edmi. &#8222;Kdy\u017e jsem potkal svou budouc\u00ed \u017eenu, v\u011bd\u011bl jsem, \u017ee je ta prav\u00e1. A dnes mohu \u0159\u00edci, \u017ee to, \u017ee jsem se s n\u00ed ve 4. ro\u010dn\u00edku teologick\u00e9 fakulty o\u017eenil, byla jedna z t\u011bch n\u011bkolika v\u011bc\u00ed, kter\u00e9 se mi v \u017eivot\u011b opravdu povedly. Dostudoval jsem tehdy teologii jen d\u00edky povolen\u00ed bud\u011bjovick\u00e9ho biskupa Josefa Hloucha. Logicky jsem se tak stal ide\u00e1ln\u00edm materi\u00e1lem pro nejr\u016fzn\u011bj\u0161\u00ed p\u0159isluhova\u010de tehdej\u0161\u00edho re\u017eimu. Jen\u017ee neusp\u011bli,&#8220; vzpom\u00edn\u00e1.<\/p>\n<p>&#8222;P\u0159i\u0161la rodina, vystudovan\u00e9ho teologa nikde necht\u011bli, tak jsem si za rok ud\u011blal maturitu na zdravotn\u00ed \u0161kole. Pracoval jsem jako o\u0161et\u0159ovatel na psychiatrii v Bohnic\u00edch, na dev\u011bt let zakotvil v D\u011btsk\u00e9 psychiatrick\u00e9 l\u00e9\u010debn\u011b v Opa\u0159anech. A\u010dkoliv jsem ud\u011blal p\u0159ij\u00edmac\u00ed zkou\u0161ky na pra\u017eskou filozofickou fakultu jako nejlep\u0161\u00ed, nevzali m\u011b kv\u016fli m\u00e9 minulosti. Nakonec mi paradoxn\u011b pomohl stranick\u00fd tajemn\u00edk, kter\u00fd m\u011bl na starosti vysok\u00e9 \u0161koly. U\u010dil jsem se po noc\u00edch, doma dv\u011b mal\u00e9 dcery. Ani \u010derven\u00fd diplom mi ale nepomohl k adekv\u00e1tn\u00ed pracovn\u00ed pozici v Opa\u0159anech, tak jsme nakonec zakotvili v \u010cesk\u00e9m Krumlov\u011b, kde m\u011bli odvahu m\u011b zam\u011bstnat,&#8220; vzpom\u00edn\u00e1.<\/p>\n<p><strong>Fand\u00ed student\u016fm<\/strong><\/p>\n<p>Posteskne si, \u017ee je zklam\u00e1n sou\u010dasn\u00fdm politick\u00fdm v\u00fdvojem. &#8222;Jsem sp\u00ed\u0161e pravicov\u011b orientovan\u00fd, ale nemohu se identifikovat s ODS, vad\u00ed mi to jejich kmotrovstv\u00ed. Nech\u00e1pu ov\u0161em ani pana hejtmana Zimolu, kdy\u017e se jako soci\u00e1ln\u00ed demokrat spojil s komunisty. Moc fand\u00edm t\u011bm mlad\u00fdm student\u016fm, kte\u0159\u00ed na\u0161li odvahu proti tomu protestovat,&#8220; m\u00edn\u00ed Ji\u0159\u00ed Jankovsk\u00fd a dod\u00e1v\u00e1, \u017ee podstatn\u00e9 je, aby se \u010dlov\u011bk nemusel za sebe styd\u011bt.<\/p>\n<p>&#8222;Mnoz\u00ed dnes kladou d\u016fraz na \u00fasp\u011bch tak\u0159ka za ka\u017edou cenu. Nepova\u017euji se za \u00fasp\u011b\u0161n\u00e9ho. Mysl\u00edm, \u017ee je d\u016fle\u017eit\u00e9 m\u00edt nejen zakotven\u00ed v \u017eivot\u011b, ale i ve v\u00ed\u0159e, chovat se odpov\u011bdn\u011b, d\u011blat smysluplnou pr\u00e1ci, b\u00fdt s\u00e1m sebou, dok\u00e1zat obh\u00e1jit svoje n\u00e1zory, r\u00e1d se vracet dom\u016f, kde se c\u00edt\u00edme dob\u0159e, t\u011b\u0161it se na sv\u00e9ho \u017eivotn\u00edho partnera a na vnou\u010data, cestovat a pozn\u00e1vat nov\u00e9. To jsou v\u011bci, z nich\u017e m\u00e1m v \u017eivot\u011b radost.&#8220;<\/p>\n<p>Mlad\u00e1 fronta DNES<\/p>\n","protected":false},"excerpt":{"rendered":"<div class=\"mh-excerpt\"><p>Ji\u0159\u00ed Jankovsk\u00fd (foto) vystudoval na kn\u011bze, pracoval jako d\u011btsk\u00fd psycholog, p\u0159edn\u00e1\u0161\u00ed na Jiho\u010desk\u00e9 univerzit\u011b. &#8222;N\u011bkdy jsem se c\u00edtil zoufal\u00fd, ale v\u017edy vy\u0161lo najevo, \u017ee v\u0161echno, <a class=\"mh-excerpt-more\" href=\"https:\/\/www.invarena.cz\/?p=5437\" title=\"&#8222;Bolest je tak velk\u00e1, \u017ee se z n\u00ed rodi\u010de nemohou ani vyplakat&#8220;\">[&#8230;]<\/a><\/p>\n<\/div>","protected":false},"author":1,"featured_media":5439,"comment_status":"open","ping_status":"open","sticky":false,"template":"","format":"standard","meta":{"footnotes":""},"categories":[7],"tags":[],"class_list":["post-5437","post","type-post","status-publish","format-standard","has-post-thumbnail","hentry","category-spolecnost"],"_links":{"self":[{"href":"https:\/\/www.invarena.cz\/index.php?rest_route=\/wp\/v2\/posts\/5437","targetHints":{"allow":["GET"]}}],"collection":[{"href":"https:\/\/www.invarena.cz\/index.php?rest_route=\/wp\/v2\/posts"}],"about":[{"href":"https:\/\/www.invarena.cz\/index.php?rest_route=\/wp\/v2\/types\/post"}],"author":[{"embeddable":true,"href":"https:\/\/www.invarena.cz\/index.php?rest_route=\/wp\/v2\/users\/1"}],"replies":[{"embeddable":true,"href":"https:\/\/www.invarena.cz\/index.php?rest_route=%2Fwp%2Fv2%2Fcomments&post=5437"}],"version-history":[{"count":0,"href":"https:\/\/www.invarena.cz\/index.php?rest_route=\/wp\/v2\/posts\/5437\/revisions"}],"wp:featuredmedia":[{"embeddable":true,"href":"https:\/\/www.invarena.cz\/index.php?rest_route=\/wp\/v2\/media\/5439"}],"wp:attachment":[{"href":"https:\/\/www.invarena.cz\/index.php?rest_route=%2Fwp%2Fv2%2Fmedia&parent=5437"}],"wp:term":[{"taxonomy":"category","embeddable":true,"href":"https:\/\/www.invarena.cz\/index.php?rest_route=%2Fwp%2Fv2%2Fcategories&post=5437"},{"taxonomy":"post_tag","embeddable":true,"href":"https:\/\/www.invarena.cz\/index.php?rest_route=%2Fwp%2Fv2%2Ftags&post=5437"}],"curies":[{"name":"wp","href":"https:\/\/api.w.org\/{rel}","templated":true}]}}