{"id":54421,"date":"2025-01-27T07:06:38","date_gmt":"2025-01-27T06:06:38","guid":{"rendered":"https:\/\/www.invarena.cz\/?p=54421"},"modified":"2025-01-27T07:06:43","modified_gmt":"2025-01-27T06:06:43","slug":"planovane-slouceni-socialnich-davek-se-nejspis-zpozdi-o-tri-mesice","status":"publish","type":"post","link":"https:\/\/www.invarena.cz\/?p=54421","title":{"rendered":"Pl\u00e1novan\u00e9 slou\u010den\u00ed soci\u00e1ln\u00edch d\u00e1vek se nejsp\u00ed\u0161 zpozd\u00ed o t\u0159i m\u011bs\u00edce\u00a0\u00a0"},"content":{"rendered":"\n<p>Radio\u017eurn\u00e1l\u00a0<br \/><br \/>Pl\u00e1novan\u00e9 slou\u010den\u00ed soci\u00e1ln\u00edch d\u00e1vek se nejsp\u00ed\u0161 zpozd\u00ed o t\u0159i m\u011bs\u00edce. P\u0159ipustil to\u00a0<strong>ministr<\/strong>\u00a0<strong>pr\u00e1ce<\/strong>\u00a0a soci\u00e1ln\u00edch v\u011bc\u00ed Marian Jure\u010dka z KDU-\u010cSL. Projedn\u00e1v\u00e1n\u00ed tzv. superd\u00e1vky ve Sn\u011bmovn\u011b toti\u017e bude del\u0161\u00ed, ne\u017e pl\u00e1noval.<br \/><br \/>Sn\u011bmovn\u00ed soci\u00e1ln\u00ed v\u00fdbor se tzv. superd\u00e1vkou zab\u00fdval minul\u00fd t\u00fdden. Po v\u00fdtk\u00e1ch opozice, ochr\u00e1nce pr\u00e1v a neziskov\u00fdch organizac\u00ed ale debatu p\u0159eru\u0161il do 5. \u00fanora. Ministr Jure\u010dka \u0159ekl, \u017ee rezort uva\u017euje o mal\u00fdch zm\u011bn\u00e1ch.<br \/><br \/>Marian Jure\u010dka,\u00a0<strong>ministr<\/strong>\u00a0<strong>pr\u00e1ce<\/strong>\u00a0a soci\u00e1ln\u00edch v\u011bc\u00ed, vicepremi\u00e9r \/KDU-\u010cSL\/<br \/>&#8212;&#8212;&#8212;&#8212;&#8212;&#8212;&#8211;<br \/>Diskutujeme o \u00faprav\u00e1ch, kter\u00e9 by se t\u00fdkaly nap\u0159\u00edklad zranitelnosti, kde by mohlo doj\u00edt k ur\u010dit\u00e9mu drobn\u00e9mu roz\u0161\u00ed\u0159en\u00ed.<br \/><br \/>Lucie P\u00e1vov\u00e1, redaktorka<br \/>&#8212;&#8212;&#8212;&#8212;&#8212;&#8212;&#8211;<br \/>T\u0159eba podle Mikol\u00e1\u0161e Opletala z Platformy pro soci\u00e1ln\u00ed bydlen\u00ed je ale pot\u0159eba upravit i nov\u00fd v\u00fdpo\u010det n\u00e1hrad za v\u00fddaje na bydlen\u00ed.<br \/><br \/>Mikol\u00e1\u0161 Opletal, Platforma pro soci\u00e1ln\u00ed bydlen\u00ed<br \/>&#8212;&#8212;&#8212;&#8212;&#8212;&#8212;&#8211;<br \/>Za n\u00e1s nejz\u00e1sadn\u011bj\u0161\u00ed negativn\u00ed dopad je propad pracuj\u00edc\u00edch dom\u00e1cnost\u00ed o 3 a\u017e 5 000 v r\u00e1mci nov\u00fdch v\u00fdpo\u010dt\u016f normativ\u016f na bydlen\u00ed.<br \/><br \/>Lucie P\u00e1vov\u00e1, redaktorka<br \/>&#8212;&#8212;&#8212;&#8212;&#8212;&#8212;&#8211;<br \/>Superd\u00e1vka m\u00e1 slou\u010dit \u010dty\u0159i p\u0159\u00edsp\u011bvky: p\u0159\u00eddavek na d\u00edt\u011b, p\u0159\u00edsp\u011bvek na \u017eivobyt\u00ed a p\u0159\u00edsp\u011bvek a doplatek na bydlen\u00ed. Se zdr\u017een\u00edm by mohla platit od \u0159\u00edjna. <\/p>\n\n\n\n<p><\/p>\n","protected":false},"excerpt":{"rendered":"<div class=\"mh-excerpt\"><p>Radio\u017eurn\u00e1l\u00a0 Pl\u00e1novan\u00e9 slou\u010den\u00ed soci\u00e1ln\u00edch d\u00e1vek se nejsp\u00ed\u0161 zpozd\u00ed o t\u0159i m\u011bs\u00edce. P\u0159ipustil to\u00a0ministr\u00a0pr\u00e1ce\u00a0a soci\u00e1ln\u00edch v\u011bc\u00ed Marian Jure\u010dka z KDU-\u010cSL. Projedn\u00e1v\u00e1n\u00ed tzv. superd\u00e1vky ve Sn\u011bmovn\u011b toti\u017e <a class=\"mh-excerpt-more\" href=\"https:\/\/www.invarena.cz\/?p=54421\" title=\"Pl\u00e1novan\u00e9 slou\u010den\u00ed soci\u00e1ln\u00edch d\u00e1vek se nejsp\u00ed\u0161 zpozd\u00ed o t\u0159i m\u011bs\u00edce\u00a0\u00a0\">[&#8230;]<\/a><\/p>\n<\/div>","protected":false},"author":1,"featured_media":14065,"comment_status":"open","ping_status":"closed","sticky":false,"template":"","format":"standard","meta":{"footnotes":""},"categories":[9],"tags":[],"class_list":["post-54421","post","type-post","status-publish","format-standard","has-post-thumbnail","hentry","category-zpravy"],"_links":{"self":[{"href":"https:\/\/www.invarena.cz\/index.php?rest_route=\/wp\/v2\/posts\/54421","targetHints":{"allow":["GET"]}}],"collection":[{"href":"https:\/\/www.invarena.cz\/index.php?rest_route=\/wp\/v2\/posts"}],"about":[{"href":"https:\/\/www.invarena.cz\/index.php?rest_route=\/wp\/v2\/types\/post"}],"author":[{"embeddable":true,"href":"https:\/\/www.invarena.cz\/index.php?rest_route=\/wp\/v2\/users\/1"}],"replies":[{"embeddable":true,"href":"https:\/\/www.invarena.cz\/index.php?rest_route=%2Fwp%2Fv2%2Fcomments&post=54421"}],"version-history":[{"count":0,"href":"https:\/\/www.invarena.cz\/index.php?rest_route=\/wp\/v2\/posts\/54421\/revisions"}],"wp:featuredmedia":[{"embeddable":true,"href":"https:\/\/www.invarena.cz\/index.php?rest_route=\/wp\/v2\/media\/14065"}],"wp:attachment":[{"href":"https:\/\/www.invarena.cz\/index.php?rest_route=%2Fwp%2Fv2%2Fmedia&parent=54421"}],"wp:term":[{"taxonomy":"category","embeddable":true,"href":"https:\/\/www.invarena.cz\/index.php?rest_route=%2Fwp%2Fv2%2Fcategories&post=54421"},{"taxonomy":"post_tag","embeddable":true,"href":"https:\/\/www.invarena.cz\/index.php?rest_route=%2Fwp%2Fv2%2Ftags&post=54421"}],"curies":[{"name":"wp","href":"https:\/\/api.w.org\/{rel}","templated":true}]}}