{"id":54458,"date":"2025-01-29T13:21:12","date_gmt":"2025-01-29T12:21:12","guid":{"rendered":"https:\/\/www.invarena.cz\/?p=54458"},"modified":"2025-01-29T13:21:36","modified_gmt":"2025-01-29T12:21:36","slug":"pritomnost-rodicu-u-deti-v-nemocnici","status":"publish","type":"post","link":"https:\/\/www.invarena.cz\/?p=54458","title":{"rendered":"P\u0159\u00edtomnost rodi\u010d\u016f u d\u011bt\u00ed v nemocnici\u00a0\u00a0"},"content":{"rendered":"\n<p>\u010cT 1&nbsp;&#8211; Ud\u00e1losti<br \/><\/p>\n\n\n\n<p>Kampa\u0148 podporuj\u00edc\u00ed \u0161anci rodi\u010d\u016f na pobyt v\u00a0<strong>nemocnici<\/strong>\u00a0se sv\u00fdmi. \u010cesk\u00fd helsinsk\u00fd v\u00fdbor tvrd\u00ed, \u017ee zhruba polovina tuzemsk\u00fdch\u00a0<strong>nemocnic<\/strong>\u00a0pr\u00e1vo rodi\u010d\u016f st\u00e1le omezuje. Podle ministra\u00a0<strong>zdravotnictv\u00ed<\/strong>\u00a0se situace od covidu v\u00fdrazn\u011b zlep\u0161ila. Se zmocn\u011bnkyn\u00ed pro lidsk\u00e1 pr\u00e1va te\u010f podpo\u0159ili kampa\u0148 c\u00edl\u00edc\u00ed na rodi\u010de i zdravotn\u00edky.<br \/><br \/>Na sv\u011bt p\u0159i\u0161el s onkologickou diagn\u00f3zou n\u00e1dor jater. Rok a p\u016fl star\u00fd Mateo u\u017e podstoupil transplantaci kv\u016fli komplikac\u00edm z\u016fst\u00e1v\u00e1 v pra\u017esk\u00e9m Motole.<br \/><br \/>Luk\u00e1\u0161 Rejl, otec<br \/>&#8212;&#8212;&#8212;&#8212;&#8212;&#8212;&#8211;<br \/>Jsme tady nep\u0159etr\u017eit\u011b vlastn\u011b, tady na k\u0159esle spin. \u017d\u00e1dn\u00fd probl\u00e9m s t\u00edm, \u017ee bysme tady nemohli bejt, nebyl.<br \/><br \/>Barbora Rejlov\u00e1, matka<br \/>&#8212;&#8212;&#8212;&#8212;&#8212;&#8212;&#8211;<br \/>Krom JIPky chirurgick\u00fd, chirurgick\u00fd JIPky, mohli jsme tam jako za n\u00edm doch\u00e1zet, kdy\u017e jsme cht\u011bli jenom p\u0159es tu noc, prost\u011b tam ta kapacita na to \u00fapln\u011b nen\u00ed d\u011blen\u00e1.V\u0161imli jsme si za rok a p\u016fl, na t\u00fd jeho psychice, \u017ee to d\u011bl\u00e1 hodn\u011b a hlavn\u011b, kdy\u017e odejdeme, tak to je \u0161\u00edlen\u00e1 katastrofa. Je to jeden z t\u011bch d\u011bt\u00ed, co pot\u0159ebuje p\u0159\u00edtomnost rodi\u010d\u016f asi jako po\u0159\u00e1d.<br \/><br \/>redaktorka \u010cT<br \/>&#8212;&#8212;&#8212;&#8212;&#8212;&#8212;&#8211;<br \/>Podle metodiky ministerstva maj\u00ed rodi\u010de pr\u00e1vo b\u00fdt u d\u00edt\u011bte v\u017edy, pokud to umo\u017en\u00ed vybaven\u00ed\u00a0<strong>nemocnice<\/strong>\u00a0a nenaru\u0161\u00ed to l\u00e9\u010dbu.<br \/><br \/>Vladim\u00edr Lichnovsk\u00fd, p\u0159edseda ZD Kokory<br \/>&#8212;&#8212;&#8212;&#8212;&#8212;&#8212;&#8211;<br \/>N\u011bkter\u00e9 aktivistick\u00e9 organizace si mysl\u00ed, \u017ee prim\u00e1rn\u00ed je pr\u00e1vo d\u00edt\u011bte na tu nep\u0159etr\u017eitou p\u0159\u00edtomnost u rodi\u010d\u016f, ale pro n\u00e1s je prim\u00e1rn\u00ed poskytnout tu nej\u0161pi\u010dkov\u011bj\u0161\u00ed p\u00e9\u010di.<br \/><br \/>Agnes Bu\u010dinsk\u00e1 N\u011bme\u010dkov\u00e1, vedouc\u00ed kampan\u011b B\u00fdt spolu je norm\u00e1ln\u00ed, \u010cesk\u00fd helsinsk\u00fd v\u00fdbor<br \/>&#8212;&#8212;&#8212;&#8212;&#8212;&#8212;&#8211;<br \/>A je to jenom o tom naj\u00edt ten konsenzus v tom, kam a\u017e teda opravdu ty rodi\u010de p\u0159i n\u011bjak\u00e9 spolupr\u00e1ci m\u016f\u017eeme pustit a kde u\u017e je to opravdu ohro\u017euj\u00edc\u00ed a pod\u00edvat se pr\u00e1v\u011b t\u0159eba i na z\u00e1pad, pro\u010d tam to lze. A u n\u00e1s to je najednou takov\u00e9 nebezpe\u010dn\u00e9 riziko.<br \/><br \/>Vlastimil V\u00e1lek, vicepremi\u00e9r a ministr\u00a0<strong>zdravotnictv\u00ed<\/strong>\u00a0\/TOP 09\/<br \/>&#8212;&#8212;&#8212;&#8212;&#8212;&#8212;&#8211;<br \/>Na s\u00e1lech si mus\u00edme uv\u011bdomit, \u017ee jsou pot\u0159eba opravdu velmi specifick\u00e9 podm\u00ednky, steriln\u00ed podm\u00ednky, to asi nen\u00ed to m\u00edsto, kde by ten rodi\u010d m\u011bl b\u00fdt. Kl\u00ed\u010dov\u00e9 je, aby byl u t\u011bch v\u00fdkon\u016f a u t\u011bch \u010dinnost\u00ed, kde to d\u00edt\u011b je p\u0159i v\u011bdom\u00ed.<br \/><br \/>redaktorka \u010cT<br \/>&#8212;&#8212;&#8212;&#8212;&#8212;&#8212;&#8211;<br \/>N\u011bkte\u0159\u00ed rodi\u010de t\u011b\u017ece nemocn\u00fdch d\u011bt\u00ed, kter\u00e9 jsou v Motole dlouhodob\u011b hospitalizovan\u00e9, mohou vyu\u017e\u00edt ubytov\u00e1n\u00ed p\u0159\u00edmo v are\u00e1lu\u00a0<strong>nemocnice<\/strong>. Podle Rejlov\u00fdch velk\u00e1 pomoc. Zvl\u00e1\u0161\u0165 te\u010f, kdy\u017e na sv\u011bt p\u0159iv\u00edtali dceru.<br \/><br \/>Luk\u00e1\u0161 Rejl, otec<br \/>&#8212;&#8212;&#8212;&#8212;&#8212;&#8212;&#8211;<br \/>N\u011bkdy se p\u0159i t\u00fd jeho l\u00e9\u010db\u011b zada\u0159\u00ed, \u017ee tam t\u0159eba m\u016f\u017eou s n\u00e1ma i sp\u00e1t. Tr\u00e1vili jsme tam t\u0159eba i v\u00edkendy.<br \/><br \/> redaktorka \u010cT<br \/>&#8212;&#8212;&#8212;&#8212;&#8212;&#8212;&#8211;<br \/>Pr\u00e1v\u011b to je te\u010f pro rodinu nejcenn\u011bj\u0161\u00ed to, \u017ee mohou co nejv\u00edce \u010dasu tr\u00e1vit spole\u010dn\u011b. <br \/><br \/><\/p>\n\n\n\n<p><a href=\"https:\/\/monitoring.anopress.cz\/files\/dnload\/final\/medical_00322_25964501.htm#obsah\"><br \/><\/a><\/p>\n","protected":false},"excerpt":{"rendered":"<div class=\"mh-excerpt\"><p>\u010cT 1&nbsp;&#8211; Ud\u00e1losti Kampa\u0148 podporuj\u00edc\u00ed \u0161anci rodi\u010d\u016f na pobyt v\u00a0nemocnici\u00a0se sv\u00fdmi. \u010cesk\u00fd helsinsk\u00fd v\u00fdbor tvrd\u00ed, \u017ee zhruba polovina tuzemsk\u00fdch\u00a0nemocnic\u00a0pr\u00e1vo rodi\u010d\u016f st\u00e1le omezuje. Podle ministra\u00a0zdravotnictv\u00ed\u00a0se situace <a class=\"mh-excerpt-more\" href=\"https:\/\/www.invarena.cz\/?p=54458\" title=\"P\u0159\u00edtomnost rodi\u010d\u016f u d\u011bt\u00ed v nemocnici\u00a0\u00a0\">[&#8230;]<\/a><\/p>\n<\/div>","protected":false},"author":1,"featured_media":14646,"comment_status":"open","ping_status":"closed","sticky":false,"template":"","format":"standard","meta":{"footnotes":""},"categories":[7],"tags":[],"class_list":["post-54458","post","type-post","status-publish","format-standard","has-post-thumbnail","hentry","category-spolecnost"],"_links":{"self":[{"href":"https:\/\/www.invarena.cz\/index.php?rest_route=\/wp\/v2\/posts\/54458","targetHints":{"allow":["GET"]}}],"collection":[{"href":"https:\/\/www.invarena.cz\/index.php?rest_route=\/wp\/v2\/posts"}],"about":[{"href":"https:\/\/www.invarena.cz\/index.php?rest_route=\/wp\/v2\/types\/post"}],"author":[{"embeddable":true,"href":"https:\/\/www.invarena.cz\/index.php?rest_route=\/wp\/v2\/users\/1"}],"replies":[{"embeddable":true,"href":"https:\/\/www.invarena.cz\/index.php?rest_route=%2Fwp%2Fv2%2Fcomments&post=54458"}],"version-history":[{"count":0,"href":"https:\/\/www.invarena.cz\/index.php?rest_route=\/wp\/v2\/posts\/54458\/revisions"}],"wp:featuredmedia":[{"embeddable":true,"href":"https:\/\/www.invarena.cz\/index.php?rest_route=\/wp\/v2\/media\/14646"}],"wp:attachment":[{"href":"https:\/\/www.invarena.cz\/index.php?rest_route=%2Fwp%2Fv2%2Fmedia&parent=54458"}],"wp:term":[{"taxonomy":"category","embeddable":true,"href":"https:\/\/www.invarena.cz\/index.php?rest_route=%2Fwp%2Fv2%2Fcategories&post=54458"},{"taxonomy":"post_tag","embeddable":true,"href":"https:\/\/www.invarena.cz\/index.php?rest_route=%2Fwp%2Fv2%2Ftags&post=54458"}],"curies":[{"name":"wp","href":"https:\/\/api.w.org\/{rel}","templated":true}]}}