{"id":54460,"date":"2025-01-29T13:09:21","date_gmt":"2025-01-29T12:09:21","guid":{"rendered":"https:\/\/www.invarena.cz\/?p=54460"},"modified":"2025-01-29T13:14:37","modified_gmt":"2025-01-29T12:14:37","slug":"dopady-kombinovanych-zavislosti","status":"publish","type":"post","link":"https:\/\/www.invarena.cz\/?p=54460","title":{"rendered":"Dopady kombinovan\u00fdch z\u00e1vislost\u00ed\u00a0\u00a0"},"content":{"rendered":"\n<p>\u00a0\u010cT 1\u00a0&#8211; Ud\u00e1losti<br \/><br \/>Dopady kombinovan\u00fdch z\u00e1vislost\u00ed b\u00fdvaj\u00ed kromoby\u010dejn\u011b v\u00e1\u017en\u00e9. Soci\u00e1ln\u00ed izolace, deprese, \u00fazkosti, \u010dasto dluhy, ztr\u00e1ta pr\u00e1ce anebo zdrav\u00ed. Ka\u017ed\u00e9mu ov\u0161em vyhovuje jin\u00fd styl l\u00e9\u010dby. N\u011bkomu stabiliza\u010dn\u00ed pobyty, jin\u00e9mu n\u00e1v\u0161t\u011bvy ambulance \u010di stacion\u00e1\u0159e, anebo n\u00e1sledn\u00e1 p\u00e9\u010de v komunit\u011b. V psychiatrick\u00fdch za\u0159\u00edzen\u00ed, kter\u00e1 maj\u00ed odd\u011blen\u00ed pro z\u00e1visl\u00e9, je v \u010cesku 18.<br \/><br \/>R\u00e1no na mu\u017esk\u00e9m odd\u011blen\u00ed \u010d\u00edslo 35 v pra\u017esk\u00fdch Bohnic\u00edch je \u0161est podobn\u00fdch m\u00edst. Z\u00e1klad l\u00e9\u010dby, pravideln\u00fd re\u017eim, bud\u00ed\u010dek, rozcvi\u010dka, \u00faklid, sezen\u00ed s terapeutem a dal\u0161\u00ed aktivity. Z\u00e1visl\u00fd se u\u010d\u00ed pl\u00e1novat, pracovat, m\u00edt voln\u00fd \u010das, vztahy i sp\u00e1t.<br \/><br \/>Hana Karbanov\u00e1, prim\u00e1\u0159ka odd\u011blen\u00ed pro l\u00e9\u010dbu z\u00e1vislosti mu\u017e\u016f<br \/>&#8212;&#8212;&#8212;&#8212;&#8212;&#8212;&#8211;<br \/>V\u011bt\u0161inu \u010dasu vlastn\u011b tr\u00e1v\u00edte t\u00edm, \u017ee bu\u010f konzumujete, nebo se z toho vzpamatov\u00e1v\u00e1te, anebo si tu l\u00e1tku, kterou konzumujete, sna\u017e\u00edte opat\u0159it, v\u00e1m tam pravideln\u00e9 aktivity nepat\u0159\u00ed a \u010dasto v\u00e1m na tom ani nez\u00e1le\u017e\u00ed.<br \/><br \/>redaktorka \u010cT<br \/>&#8212;&#8212;&#8212;&#8212;&#8212;&#8212;&#8211;<br \/>B\u011bhem pobytu nemohou chodit voln\u011b ven, vyb\u00edrat si programy a nemaj\u00ed ani mobil. Motivace i z\u00e1\u017eitky zaznamen\u00e1vaj\u00ed v kronice.<br \/><br \/>Hana Karbanov\u00e1, prim\u00e1\u0159ka odd\u011blen\u00ed pro l\u00e9\u010dbu z\u00e1vislosti mu\u017e\u016f<br \/>&#8212;&#8212;&#8212;&#8212;&#8212;&#8212;&#8211;<br \/>Abstinence nen\u00ed c\u00edl, je to sp\u00ed\u0161 prost\u0159edek k tomu, aby ti, kte\u0159\u00ed jsou z\u00e1visl\u00ed, do\u0161li k n\u011bjak\u00e9 zm\u011bn\u011b, dok\u00e1zali si napravit \u017eivotn\u00ed styl.<br \/><br \/>Karel Ne\u0161por, psychiatr specializovan\u00fd na l\u00e9\u010dbu n\u00e1vykov\u00fdch nemoc\u00ed<br \/>&#8212;&#8212;&#8212;&#8212;&#8212;&#8212;&#8211;<br \/>P\u0159ib\u00fdv\u00e1 jich v\u00edc v t\u00e9 zraniteln\u00e9 populaci du\u0161evn\u011b nemocn\u00fdch. Dneska se setkat s \u010dlov\u011bkem, kter\u00e9mu bude 22, 25 nebo tak n\u011bjak a m\u00e1 u\u017e delirium nebo m\u00e1 t\u011b\u017ek\u00e9 jatern\u00ed po\u0161kozen\u00ed atd. je pom\u011brn\u011b b\u011b\u017en\u00e9.<br \/><br \/>redaktorka \u010cT<br \/>&#8212;&#8212;&#8212;&#8212;&#8212;&#8212;&#8211;<br \/>Na tomto odd\u011blen\u00ed je kapacita 25 lid\u00ed a v tuto chv\u00edli je zcela napln\u011bn\u00e1. V podve\u010der za\u010d\u00edn\u00e1 setk\u00e1n\u00ed sou\u010dasn\u00fdch i b\u00fdval\u00fdch klient\u016f, kte\u0159\u00ed ukazuj\u00ed, \u017ee abstinovat lze.<br \/><br \/>Ond\u0159ej, vyl\u00e9\u010den\u00fd alkoholik<br \/>&#8212;&#8212;&#8212;&#8212;&#8212;&#8212;&#8211;<br \/>Tady jsem str\u00e1vil t\u0159i m\u011bs\u00edce, 12, t\u00fddn\u016f.<br \/><br \/> redaktorka \u010cT<br \/>&#8212;&#8212;&#8212;&#8212;&#8212;&#8212;&#8211;<br \/>Tam byly, ale podle m\u011b ty t\u011b\u017ek\u00e9 momenty?<br \/><br \/>Ond\u0159ej, vyl\u00e9\u010den\u00fd alkoholik<br \/>&#8212;&#8212;&#8212;&#8212;&#8212;&#8212;&#8211;<br \/>Tam byly ty nejt\u011b\u017e\u0161\u00ed momenty.<br \/><br \/> redaktorka \u010cT<br \/>&#8212;&#8212;&#8212;&#8212;&#8212;&#8212;&#8211;<br \/>Ond\u0159ej d\u00e1vky alkoholu zvy\u0161oval od ml\u00e1d\u00ed. K l\u00e9\u010db\u011b ho p\u0159im\u011bla rodina a zn\u00e1m\u00fd.<br \/><br \/>Ond\u0159ej, vyl\u00e9\u010den\u00fd alkoholik<br \/>&#8212;&#8212;&#8212;&#8212;&#8212;&#8212;&#8211;<br \/>My tady terapeutickej a l\u00e9ka\u0159sk\u00fd t\u00fdm jako dok\u00e1zal nahl\u00eddnout v\u00edc na to, co se se mnou d\u011bje, tam jsem si jako v sob\u011b na\u0161el opravdu nehezk\u00fd v\u011bci. To byly p\u0159esn\u011b takov\u00fd ty zlomov\u00fd momenty, kdy m\u00e1te jako chu\u0165 se na to vyka\u0161lat. Na\u0161t\u011bst\u00ed se jim povedlo m\u011b tady n\u011bjak jako udr\u017eet.<br \/><br \/> redaktorka \u010cT<br \/>&#8212;&#8212;&#8212;&#8212;&#8212;&#8212;&#8211;<br \/>Dal\u0161\u00ed zlomov\u00fd bod je obst\u00e1t. Venku. Ond\u0159ej nepije dva roky, p\u0159esto se sem ob\u010das vrac\u00ed na t\u00fddenn\u00ed udr\u017eovac\u00ed pobyt. <br \/><br \/>Je\u0161t\u011b dov\u011btek. Podle dat brn\u011bnsk\u00e9 psychiatrick\u00e9\u00a0<strong>kliniky<\/strong>\u00a0abstinuje rok po ukon\u010den\u00ed l\u00e9\u010dby 50\u201360 % lid\u00ed. Po p\u011bti letech asi \u010dtvrtina.<\/p>\n\n\n\n<p><a href=\"https:\/\/monitoring.anopress.cz\/files\/dnload\/final\/medical_00322_27251005.htm#obsah\"><br \/><\/a><\/p>\n","protected":false},"excerpt":{"rendered":"<div class=\"mh-excerpt\"><p>\u00a0\u010cT 1\u00a0&#8211; Ud\u00e1losti Dopady kombinovan\u00fdch z\u00e1vislost\u00ed b\u00fdvaj\u00ed kromoby\u010dejn\u011b v\u00e1\u017en\u00e9. Soci\u00e1ln\u00ed izolace, deprese, \u00fazkosti, \u010dasto dluhy, ztr\u00e1ta pr\u00e1ce anebo zdrav\u00ed. Ka\u017ed\u00e9mu ov\u0161em vyhovuje jin\u00fd styl l\u00e9\u010dby. <a class=\"mh-excerpt-more\" href=\"https:\/\/www.invarena.cz\/?p=54460\" title=\"Dopady kombinovan\u00fdch z\u00e1vislost\u00ed\u00a0\u00a0\">[&#8230;]<\/a><\/p>\n<\/div>","protected":false},"author":1,"featured_media":14203,"comment_status":"open","ping_status":"closed","sticky":false,"template":"","format":"standard","meta":{"footnotes":""},"categories":[7],"tags":[],"class_list":["post-54460","post","type-post","status-publish","format-standard","has-post-thumbnail","hentry","category-spolecnost"],"_links":{"self":[{"href":"https:\/\/www.invarena.cz\/index.php?rest_route=\/wp\/v2\/posts\/54460","targetHints":{"allow":["GET"]}}],"collection":[{"href":"https:\/\/www.invarena.cz\/index.php?rest_route=\/wp\/v2\/posts"}],"about":[{"href":"https:\/\/www.invarena.cz\/index.php?rest_route=\/wp\/v2\/types\/post"}],"author":[{"embeddable":true,"href":"https:\/\/www.invarena.cz\/index.php?rest_route=\/wp\/v2\/users\/1"}],"replies":[{"embeddable":true,"href":"https:\/\/www.invarena.cz\/index.php?rest_route=%2Fwp%2Fv2%2Fcomments&post=54460"}],"version-history":[{"count":0,"href":"https:\/\/www.invarena.cz\/index.php?rest_route=\/wp\/v2\/posts\/54460\/revisions"}],"wp:featuredmedia":[{"embeddable":true,"href":"https:\/\/www.invarena.cz\/index.php?rest_route=\/wp\/v2\/media\/14203"}],"wp:attachment":[{"href":"https:\/\/www.invarena.cz\/index.php?rest_route=%2Fwp%2Fv2%2Fmedia&parent=54460"}],"wp:term":[{"taxonomy":"category","embeddable":true,"href":"https:\/\/www.invarena.cz\/index.php?rest_route=%2Fwp%2Fv2%2Fcategories&post=54460"},{"taxonomy":"post_tag","embeddable":true,"href":"https:\/\/www.invarena.cz\/index.php?rest_route=%2Fwp%2Fv2%2Ftags&post=54460"}],"curies":[{"name":"wp","href":"https:\/\/api.w.org\/{rel}","templated":true}]}}