{"id":54464,"date":"2025-01-28T11:42:11","date_gmt":"2025-01-28T10:42:11","guid":{"rendered":"https:\/\/www.invarena.cz\/?p=54464"},"modified":"2025-01-28T11:42:12","modified_gmt":"2025-01-28T10:42:12","slug":"192-sportovcu-s-handicapem-merilo-sve-sily-na-winter-games-emil-open","status":"publish","type":"post","link":"https:\/\/www.invarena.cz\/?p=54464","title":{"rendered":"192 sportovc\u016f s\u00a0handicapem m\u011b\u0159ilo sv\u00e9 s\u00edly na Winter Games Emil Open"},"content":{"rendered":"\n<p><strong>\u010cesk\u00e9 Bud\u011bjovice, 27. 1. 2025 \u2013 T\u0159et\u00ed ro\u010dn\u00edk zimn\u00edch her handicapovan\u00e9 ml\u00e1de\u017ee V4 Winter Games Emil Open ve st\u0159edu 22. ledna odstartoval \u010dty\u0159i dny pln\u00e9 p\u0159ekon\u00e1v\u00e1n\u00ed vlastn\u00edch limit\u016f, radosti z&nbsp;pohybu a&nbsp;navazov\u00e1n\u00ed mezin\u00e1rodn\u00edch p\u0159\u00e1telstv\u00ed. Sto devades\u00e1t dva nad\u0161en\u00fdch \u00fa\u010dastn\u00edk\u016f z&nbsp;\u0161esti zem\u00ed Evropy se setkalo v&nbsp;Are\u00e1lu Lipno a&nbsp;v&nbsp;Hokejov\u00e9m centru Pouzar v&nbsp;\u010cesk\u00fdch Bud\u011bjovic\u00edch, aby pom\u011b\u0159ili svoje s\u00edly s&nbsp;ostatn\u00edmi sportovci i&nbsp;se sebou sam\u00fdmi v&nbsp;parahokeji, krasobruslen\u00ed, sjezdov\u00e9m a&nbsp;b\u011b\u017eeck\u00e9m ly\u017eov\u00e1n\u00ed, snowboardingu a&nbsp;b\u011bhu na sn\u011b\u017enic\u00edch.<\/strong><\/p>\n\n\n\n<p>Leto\u0161n\u00ed a celkem ji\u017e t\u0159et\u00ed ro\u010dn\u00edk p\u0159inesl hned n\u011bkolik novinek. Prvn\u00ed bylo roz\u0161\u00ed\u0159en\u00ed skupiny \u00fa\u010dastnick\u00fdch zem\u00ed. Na slavnostn\u00edm n\u00e1stupu t\u00fdm\u016f p\u0159ed Clarion Congress Hotel v&nbsp;\u010cesk\u00fdch Bud\u011bjovic\u00edch se po bok z\u00e1stupc\u016f \u010cesk\u00e9 republiky, Slovenska, Ma\u010farska, Polska a Alb\u00e1nie za\u0159adili \u00fa\u010dastn\u00edci z&nbsp;Bosny a&nbsp;Hercegoviny, kte\u0159\u00ed na V4 Winter Games Emil Open zav\u00edtali poprv\u00e9.<\/p>\n\n\n\n<p>\u201e<em>O Emil Open jsem se dozv\u011bd\u011bl od p\u0159\u00e1tel, spojil jsem se s&nbsp;po\u0159adateli a nyn\u00ed jsme zde. Mysl\u00edm, \u017ee je tu vid\u011bt opravdu skv\u011bl\u00e1 organizace a cel\u00e1 akce d\u00e1v\u00e1 \u00fa\u017easnou p\u0159\u00edle\u017eitost lidem s&nbsp;handicapem. B\u011b\u017en\u011b se v\u011bnuji handicapovan\u00fdm plavc\u016fm, ale te\u010f jsem se dostavil se sedmi paraly\u017ea\u0159i. Douf\u00e1m, \u017ee p\u0159\u00ed\u0161t\u00ed rok doraz\u00edme znovu a s&nbsp;v\u00edce sportovci,\u201c<\/em> \u0159\u00edk\u00e1 <strong>Tarik Kurtanovi\u0107<\/strong>, vedouc\u00ed v\u00fdpravy z&nbsp;Bosny a Hercegoviny.<\/p>\n\n\n\n<p>\u0160est nebylo jen zapojen\u00fdch zem\u00ed, ale tak\u00e9 sport\u016f. Organiz\u00e1to\u0159i doplnili nab\u00eddku o krasobruslen\u00ed, kter\u00e9 si mohli mlad\u00ed dosp\u011bl\u00ed a d\u011bti vyzkou\u0161et v&nbsp;Hokejov\u00e9m centru Pouzar v&nbsp;\u010cesk\u00fdch Bud\u011bjovic\u00edch spolu s&nbsp;parahokejem, jen\u017e je na zimn\u00edch hr\u00e1ch Emil Open u\u017e st\u00e1lic\u00ed stejn\u011b jako sjezdov\u00e9 a b\u011b\u017eeck\u00e9 ly\u017eov\u00e1n\u00ed, snowboarding a b\u011bh na sn\u011b\u017enic\u00edch. Z\u00e1vody v&nbsp;posledn\u011b zm\u00edn\u011bn\u00fdch sportech se konaly v&nbsp;Are\u00e1lu Lipno, kter\u00fd byl hlavn\u00edm partnerem her. Gener\u00e1ln\u00edm partnerem cel\u00e9 akce se letos stala spole\u010dnost ENERGIE AG BOHEMIA, tradi\u010dn\u00edm partnerem pak Visegrad Fund, jen\u017e akci spolufinancoval.<\/p>\n\n\n\n<p>\u201e<em>Z&nbsp;leto\u0161n\u00edho ro\u010dn\u00edku m\u00e1m velkou radost. Se\u0161el se skv\u011bl\u00fd t\u00fdm, v\u010detn\u011b \u0159editel\u016f sport\u016f, kte\u0159\u00ed byli stejn\u00ed jako loni, tak\u017ee byli perfektn\u011b p\u0159ipraveni. Nesm\u00edm ale zapomenout ani na v\u00edce ne\u017e \u010dty\u0159i des\u00edtky ob\u011btav\u00fdch dobrovoln\u00edk\u016f. Se\u010dteno a podtr\u017eeno, kdy\u017e se v\u00e1m sejde tak skv\u011bl\u00e1 parta, hned po skon\u010den\u00ed her se t\u011b\u0161\u00edte na ty dal\u0161\u00ed. A za to v\u0161em pat\u0159\u00ed velk\u00e9 pod\u011bkov\u00e1n\u00ed,\u201c<\/em> hodnot\u00ed <strong>Pavel Zbo\u017e\u00ednek, prezident organiza\u010dn\u00edho v\u00fdboru<\/strong>, a&nbsp;dod\u00e1v\u00e1: <em>\u201eR\u00e1d je\u0161t\u011b prozrad\u00edm, \u017ee pro rok 2026 pl\u00e1nujeme oslovit dal\u0161\u00ed, ji\u017e sedmou zemi, a p\u0159iv\u00e9st na hry sedm\u00fd sport.\u201c<\/em><\/p>\n\n\n\n<p>Atmosf\u00e9ru her si pochvaluje tak\u00e9 <strong>Anna Rakov\u00e1<\/strong> z&nbsp;Hlu\u0161ovic u Olomouce, maminka osmilet\u00e9ho Mikul\u00e1\u0161e, kter\u00fd m\u00e1 po mozkov\u00e9 obrn\u011b dipar\u00e9zu doln\u00edch kon\u010detin. <em>\u201eJezd\u00edme na letn\u00ed hry Emil Open, tak jsme cht\u011bli zkusit i jejich zimn\u00ed verzi. Moc se n\u00e1m l\u00edb\u00ed zdej\u0161\u00ed atmosf\u00e9ra, vid\u00edte, jak si to tu d\u011bti u\u017e\u00edvaj\u00ed. A\u0165 maj\u00ed jak\u00fdkoli handicap, svah sjedou, a to na nich obdivuji. Sama jsem se za\u010dala ly\u017eovat a\u017e v&nbsp;dosp\u011blosti a se synem jezd\u00edme na monoski t\u00e9m\u011b\u0159 \u010dty\u0159i roky. Mikul\u00e1\u0161 m\u00e1 hodn\u011b sout\u011b\u017eiv\u00e9ho ducha, moc ho to bav\u00ed, stejn\u011b jako jin\u00e9 sporty. Jednou dokonce vyhr\u00e1l zlatou medaili v&nbsp;hodu o\u0161t\u011bpem, zkou\u0161\u00ed handbike nebo lezen\u00ed na st\u011bn\u011b. Na V4 Winter Games Emil Open jsme si tak\u00e9 na\u0161li kamar\u00e1dy, dokonce i jednoho z&nbsp;Polska,\u201c<\/em> pochvaluje si maminka mlad\u00e9ho z\u00e1vodn\u00edka na monoski.<\/p>\n\n\n\n<p>P\u0159\u00ednos zimn\u00edch her Emil Open je nejen v&nbsp;navazov\u00e1n\u00ed p\u0159\u00e1telstv\u00ed, rozv\u00edjen\u00ed talentu mlad\u00fdch handicapovan\u00fdch lid\u00ed, ale tak\u00e9 v&nbsp;mo\u017enosti zkusit druh sportu, k&nbsp;n\u011bmu\u017e by se d\u011bti h\u016f\u0159e dost\u00e1valy. Zapojit se mohou nejen jednotliv\u00e9 rodiny, ale rovn\u011b\u017e specializovan\u00e1 pracovi\u0161t\u011b pro handicapovan\u00e9 d\u011bti. T\u00e9to mo\u017enosti vyu\u017e\u00edv\u00e1 nap\u0159\u00edklad Centrum Ka\u0148ka z&nbsp;jiho\u010desk\u00e9ho T\u00e1bora. To dokonce po prvn\u00ed \u00fa\u010dasti na letn\u00edch hr\u00e1ch Emil Open zalo\u017eilo vlastn\u00ed SK Mloci a te\u010f je pravideln\u00fdm \u00fa\u010dastn\u00edkem letn\u00edch a zimn\u00edch her. Na t\u011bch leto\u0161n\u00edch si d\u011bti z&nbsp;Ka\u0148ky vyzkou\u0161ely zm\u00edn\u011bn\u00e9 krasobruslen\u00ed.<\/p>\n\n\n\n<p>\u201e<em>V\u017edy v\u00edt\u00e1me mo\u017enost vyzkou\u0161et s&nbsp;na\u0161imi sportovci n\u011bco nov\u00e9ho. Od roku 2017 jsme pravideln\u00fdmi \u00fa\u010dastn\u00edky letn\u00edch her a od prvn\u00edho ro\u010dn\u00edku se \u00fa\u010dastn\u00edme i zimn\u00edch her. Na\u0161i sportovci se tak d\u00edky Emil Open za\u010dali v\u011bnovat atletice, plav\u00e1n\u00ed, p\u0159ehazovan\u00e9, sjezdov\u00e9mu ly\u017eovan\u00ed s&nbsp;monoly\u017e\u00ed a letos jsme m\u011bli unik\u00e1tn\u00ed mo\u017enost vyzkou\u0161et si krasobruslen\u00ed. Ka\u017ed\u00e1 na\u0161e zku\u0161enost s&nbsp;\u00fa\u010dast\u00ed na hr\u00e1ch n\u00e1s posouv\u00e1, a&nbsp;to jak n\u00e1s, tren\u00e9ry, tak i na\u0161e sportovce. U\u010d\u00edme se nov\u00fdm v\u011bcem, pozn\u00e1v\u00e1me nov\u00e9 p\u0159\u00e1tele a poko\u0159ujeme nov\u00e9 v\u00fdzvy. Ka\u017ed\u00fd absolvovan\u00fd z\u00e1vod sportovc\u016f se znev\u00fdhodn\u011bn\u00edm je pro m\u011b osobn\u011b d\u016fkazem, \u017ee sport nezn\u00e1 hranice a \u017ee nejd\u016fle\u017eit\u011bj\u0161\u00ed je odhodl\u00e1n\u00ed a tu\u017eba v\u011bnovat se pohybu. D\u011bkuji v\u0161em z&nbsp;Emil Open za v\u0161e, co pro n\u00e1s d\u011blaj\u00ed, a t\u011b\u0161\u00edm se na dal\u0161\u00ed z\u00e1vody a hry,\u201c<\/em> hodnot\u00ed spolupr\u00e1ci <strong>Josef Proch\u00e1zka<\/strong> z&nbsp;Centra Ka\u0148ka.<\/p>\n\n\n\n<p>Mo\u017enost posouvat sv\u00e9 hranice a vyzkou\u0161et n\u011bco nov\u00e9ho, co m\u016f\u017ee d\u011btem s&nbsp;handicapem d\u00e1t nov\u00fd sm\u011br \u017eivota, vn\u00edm\u00e1 jako nejv\u011bt\u0161\u00ed p\u0159\u00ednos V4 Winter Games Emil Open i jejich <strong>ambasadorka Vikt\u00f3ria Bal\u00e1\u017eov\u00e1<\/strong>, pln\u011b nevidom\u00e1 paraly\u017ea\u0159ka ze Slovenska. <em>\u201eOproti jin\u00fdm akc\u00edm, kter\u00fdch jsem se m\u011bla mo\u017enost z\u00fa\u010dastnit, je Emil Open v\u011bt\u0161\u00ed a m\u00e1 profesion\u00e1ln\u00ed organizaci. Opravdu se sna\u017e\u00ed p\u0159ibl\u00ed\u017eit paralympijsk\u00fdm hr\u00e1m, vid\u00edme to t\u0159eba na zahajovac\u00edm ceremoni\u00e1lu nebo slavnostn\u00edm zakon\u010den\u00ed. Cel\u00fd t\u00fdm dok\u00e1\u017ee d\u00e1t d\u011btem pocit d\u016fle\u017eitosti, proto\u017ee ono je to pro n\u011b opravdu podstatn\u00e9. Jasn\u011b t\u00edm organiz\u00e1to\u0159i \u0159\u00edkaj\u00ed: Bereme v\u00e1s v\u00e1\u017en\u011b. D\u011btem, kter\u00e9 o \u00fa\u010dasti teprve uva\u017euj\u00ed, bych r\u00e1da doporu\u010dila, a\u0165 si vyberou sport, kter\u00fd je napln\u00ed a&nbsp;bude jim d\u011blat radost. A a\u0165 zahod\u00ed ve\u0161ker\u00fd strach, pochyby a jdou to zkusit, proto\u017ee t\u00edm mohou jen z\u00edskat. A&nbsp;rodi\u010d\u016fm? Aby je podporovali, jak jen to jde,\u201c<\/em> \u0159\u00edk\u00e1 nadan\u00e1 paraly\u017ea\u0159ka.<\/p>\n\n\n\n<p>Dal\u0161\u00edm benefitem her je edukace ml\u00e1de\u017ee. Letos se prom\u00edtla t\u0159eba do p\u0159edn\u00e1\u0161ky s&nbsp;n\u00e1zvem \u201eBezpe\u010dn\u011b na startu: Prevence rizikov\u00e9ho chov\u00e1n\u00ed pro mlad\u00e9\u201c po\u0159\u00e1dan\u00e9 ve spolupr\u00e1ci se Spole\u010dnost\u00ed Podan\u00e9 ruce, kter\u00e1 pom\u00e1h\u00e1 mlad\u00fdm lidem p\u0159ekonat z\u00e1vislost. Dal\u0161\u00ed doprovodn\u00fd program zahrnoval nap\u0159\u00edklad v\u00fdlety na st\u00e1tn\u00ed z\u00e1mek Hlubok\u00e1, do Jiho\u010desk\u00e9 zoologick\u00e9 zahrady v&nbsp;Hlubok\u00e9 nad Vltavou, prohl\u00eddku \u010cesk\u00e9ho Krumlova nebo proch\u00e1zku lipenskou Stezkou korunami strom\u016f. \u00da\u010dastn\u00edci tak\u00e9 mohli vyu\u017e\u00edt Bu\u010fKartu, d\u00edky n\u00ed\u017e mohli \u010derpat slevy na turistick\u00e9 atrakce.<\/p>\n","protected":false},"excerpt":{"rendered":"<div class=\"mh-excerpt\"><p>\u010cesk\u00e9 Bud\u011bjovice, 27. 1. 2025 \u2013 T\u0159et\u00ed ro\u010dn\u00edk zimn\u00edch her handicapovan\u00e9 ml\u00e1de\u017ee V4 Winter Games Emil Open ve st\u0159edu 22. ledna odstartoval \u010dty\u0159i dny pln\u00e9 <a class=\"mh-excerpt-more\" href=\"https:\/\/www.invarena.cz\/?p=54464\" title=\"192 sportovc\u016f s\u00a0handicapem m\u011b\u0159ilo sv\u00e9 s\u00edly na Winter Games Emil Open\">[&#8230;]<\/a><\/p>\n<\/div>","protected":false},"author":1,"featured_media":2080,"comment_status":"open","ping_status":"closed","sticky":false,"template":"","format":"standard","meta":{"footnotes":""},"categories":[9],"tags":[],"class_list":["post-54464","post","type-post","status-publish","format-standard","has-post-thumbnail","hentry","category-zpravy"],"_links":{"self":[{"href":"https:\/\/www.invarena.cz\/index.php?rest_route=\/wp\/v2\/posts\/54464","targetHints":{"allow":["GET"]}}],"collection":[{"href":"https:\/\/www.invarena.cz\/index.php?rest_route=\/wp\/v2\/posts"}],"about":[{"href":"https:\/\/www.invarena.cz\/index.php?rest_route=\/wp\/v2\/types\/post"}],"author":[{"embeddable":true,"href":"https:\/\/www.invarena.cz\/index.php?rest_route=\/wp\/v2\/users\/1"}],"replies":[{"embeddable":true,"href":"https:\/\/www.invarena.cz\/index.php?rest_route=%2Fwp%2Fv2%2Fcomments&post=54464"}],"version-history":[{"count":0,"href":"https:\/\/www.invarena.cz\/index.php?rest_route=\/wp\/v2\/posts\/54464\/revisions"}],"wp:featuredmedia":[{"embeddable":true,"href":"https:\/\/www.invarena.cz\/index.php?rest_route=\/wp\/v2\/media\/2080"}],"wp:attachment":[{"href":"https:\/\/www.invarena.cz\/index.php?rest_route=%2Fwp%2Fv2%2Fmedia&parent=54464"}],"wp:term":[{"taxonomy":"category","embeddable":true,"href":"https:\/\/www.invarena.cz\/index.php?rest_route=%2Fwp%2Fv2%2Fcategories&post=54464"},{"taxonomy":"post_tag","embeddable":true,"href":"https:\/\/www.invarena.cz\/index.php?rest_route=%2Fwp%2Fv2%2Ftags&post=54464"}],"curies":[{"name":"wp","href":"https:\/\/api.w.org\/{rel}","templated":true}]}}