{"id":54480,"date":"2025-01-29T15:18:38","date_gmt":"2025-01-29T14:18:38","guid":{"rendered":"https:\/\/www.invarena.cz\/?p=54480"},"modified":"2025-01-29T15:18:38","modified_gmt":"2025-01-29T14:18:38","slug":"na-prazske-vse-probehne-nejvetsi-klimaticky-workshop-v-cesku-vystoupi-tam-i-ceske-hvezdy-enviromentalniho-vzdelavani","status":"publish","type":"post","link":"https:\/\/www.invarena.cz\/?p=54480","title":{"rendered":"Na pra\u017esk\u00e9 V\u0160E prob\u011bhne nejv\u011bt\u0161\u00ed klimatick\u00fd workshop v \u010cesku. Vystoup\u00ed tam i \u010desk\u00e9 hv\u011bzdy enviroment\u00e1ln\u00edho vzd\u011bl\u00e1v\u00e1n\u00ed"},"content":{"rendered":"\n<p><strong>29. ledna, Praha \u2013 <\/strong><strong>V \u00fater\u00fd 4. \u00fanora po\u0159\u00e1d\u00e1 studentsk\u00fd spolek Telperion na Vysok\u00e9 \u0161kole ekonomick\u00e9 v&nbsp;Praze workshop Klimatick\u00e1 mozaika. P\u016fjde o dosud nejv\u011bt\u0161\u00ed akci tohoto druhu u n\u00e1s. Sto dvacet \u00fa\u010dastn\u00edk\u016f se z\u00e1bavnou formou sezn\u00e1m\u00ed s p\u0159\u00ed\u010dinami a d\u016fsledky klimatick\u00e9 zm\u011bny. Po workshopu bude n\u00e1sledovat panelov\u00e1 diskuze o roli jednotlivce v&nbsp;r\u00e1mci boje za zm\u011bnu klimatu. Cel\u00fd program je zdarma a je ur\u010den z\u00e1jemc\u016fm z \u0159ad \u0161irok\u00e9 ve\u0159ejnosti.<\/strong><\/p>\n\n\n\n<p>Dopady klimatick\u00e9 krize se za\u010d\u00ednaj\u00ed st\u00e1le markantn\u011bji podepisovat na aktu\u00e1ln\u00edm stavu \u017eivotn\u00edho prost\u0159ed\u00ed. Kl\u00ed\u010dem k udr\u017eiteln\u011bj\u0161\u00ed budoucnosti je klimatick\u00e9 vzd\u011bl\u00e1v\u00e1n\u00ed. To&nbsp;je hlavn\u00ed idea, kter\u00e1 stoj\u00ed za&nbsp;workshopem Klimatick\u00e1 mozaika, kter\u00fd se&nbsp;uskute\u010dn\u00ed v \u00fater\u00fd 4. \u00fanora v&nbsp;prostor\u00e1ch Vysok\u00e9 \u0161koly ekonomick\u00e9 v Praze.<\/p>\n\n\n\n<p>\u201e<em>Zm\u011bna klimatu je velmi d\u016fle\u017eit\u00e9 a aktu\u00e1ln\u00ed t\u00e9ma pro mnoho mlad\u00fdch lid\u00ed nejen v&nbsp;m\u00e9m okol\u00ed. <\/em><em>V\u011b\u0159\u00edm, \u017ee&nbsp;hlub\u0161\u00ed porozum\u011bn\u00ed klimatick\u00e9mu syst\u00e9mu a jeho vz\u00e1jemn\u00fdm souvislostem je z\u00e1kladn\u00edm p\u0159edpokladem pro udr\u017eiteln\u011bj\u0161\u00ed budoucnost.<\/em><em>&nbsp;Jsem proto velmi r\u00e1d, \u017ee m\u016f\u017eeme se spolkem Telperion workshopem Klimatick\u00e1 mozaika p\u0159isp\u011bt ke&nbsp;zv\u00fd\u0161en\u00ed pov\u011bdom\u00ed o t\u00e9to oblasti. <\/em><em>Skute\u010dnost, \u017ee mlad\u00fdm na&nbsp;klimatu z\u00e1le\u017e\u00ed, potvrzuje<\/em><em> i rychlost zapln\u011bn\u00ed kapacity workshop\u016f. Z\u00e1jemci z \u0159ad ve\u0159ejnosti ale st\u00e1le mohou p\u0159ij\u00edt na panelovou diskuzi, kter\u00e1 bude n\u00e1sledovat,\u201c <\/em>dopl\u0148uje organiz\u00e1tor akce Jakub Nekvasil, student gymn\u00e1zia, zakladatel studentsk\u00e9ho spolku Telperion a vzd\u011bl\u00e1vac\u00edho programu Klimatick\u00e9 dny.<\/p>\n\n\n\n<h5 class=\"wp-block-heading\">Nadch\u00e1zej\u00edc\u00ed \u00fater\u00fd od 15:00 do 19:30 prob\u011bhne v are\u00e1lu V\u0160E na Churchillov\u011b n\u00e1m\u011bst\u00ed v&nbsp;Praze dosud nejv\u011bt\u0161\u00ed workshop Klimatick\u00e1 mozaika (MEGA Fresk) v&nbsp;\u010cesku. Z\u00e1jemci si zde v t\u00fdmech \u010d\u00edtaj\u00edc\u00edch 4-8 osob budou postupn\u011b tvo\u0159it vlastn\u00ed mozaiku z&nbsp;celkem 42 karet zn\u00e1zor\u0148uj\u00edc\u00edch jednotliv\u00e9 jevy, kter\u00e9 ovliv\u0148uj\u00ed p\u0159\u00ed\u010diny a&nbsp;n\u00e1sledky klimatick\u00e9 zm\u011bny. P\u0159\u00edtomn\u00ed pro\u0161kolen\u00ed facilit\u00e1to\u0159i \u00fa\u010dastn\u00edky v&nbsp;pr\u016fb\u011bhu tvo\u0159en\u00ed provedou t\u00e9matem ze v\u0161ech r\u016fzn\u00fdch \u00fahl\u016f pohledu a z\u00e1bavnou formou je sezn\u00e1m\u00ed s&nbsp;nejnov\u011bj\u0161\u00edmi daty z mezin\u00e1rodn\u00edch klimatick\u00fdch report\u016f. Cel\u00e1 akce je zdarma a na konci \u00fa\u010dastn\u00edci obdr\u017e\u00ed certifik\u00e1t o absolvov\u00e1n\u00ed workshopu.<\/h5>\n\n\n\n<p>Akce se budou konat v m\u00edstnosti Quattro Modulare. Na workshop v 18:30 nav\u00e1\u017ee panelov\u00e1 diskuse na t\u00e9ma: <em>Jak hledat motivaci, smysl a&nbsp;zdroje k ochran\u011b klimatu, kdy\u017e se <\/em><em>zd\u00e1, \u017ee to nem\u00e1 v\u00fdznam.<\/em> Vystoup\u00ed zde greenfluencer a ambasador klimatick\u00e9ho paktu Tade\u00e1\u0161 \u010cech, ekopedagog, populariz\u00e1tor ochrany klimatu a autor knihy Klima je p\u0159\u00edle\u017eitost Petr Dani\u0161, p\u0159edsedkyn\u011b strany zelen\u00fdch, vedouc\u00ed klimatick\u00fdch program\u016f \u010dlov\u011bka v t\u00edsni Magdalena Davis a \u0159editelka hnut\u00ed DUHA Anna K\u00e1rn\u00edkov\u00e1 a \u010dlen iniciativy Univerzity za klima Ji\u0159\u00ed \u0160umn\u00fd. Debata bude bezplatn\u011b p\u0159\u00edstupn\u00e1 \u0161irok\u00e9 ve\u0159ejnosti, z kapacitn\u00edch d\u016fvod\u016f je ale vhodn\u00e1 p\u0159edchoz\u00ed registrace <a href=\"https:\/\/docs.google.com\/forms\/d\/e\/1FAIpQLSd4tueRTAcvGN-kkSeJ9IDtrEe85rL3RRpYovEf-rmeok1MjQ\/viewform\">na tomto odkazu<\/a> nebo eventu\u00e1ln\u011b a\u017e na m\u00edst\u011b. Diskuzi bude mo\u017en\u00e9 shl\u00e9dnout i \u017eiv\u011b na <a href=\"https:\/\/www.youtube.com\/watch?v=7DOn8B6txlQ&amp;ab_channel=TelperionOrganization\">LIVEstream<\/a>u a na youtube.<\/p>\n\n\n\n<p>The Climate Fresk je francouzsk\u00e1 neziskov\u00e1 organizace, kter\u00e1 od roku 2018 pom\u00e1h\u00e1 zvy\u0161ovat ve\u0159ejn\u00e9 pov\u011bdom\u00ed o zm\u011bn\u011b klimatu. Skrze koncept inovativn\u00edho stejnojmenn\u00e9ho workshopu (v \u010de\u0161tin\u011b Klimatick\u00e1 mozaika) tematizuje v\u011bdeck\u00e9 p\u0159\u00ed\u010diny a n\u00e1sledky klimatick\u00e9 zm\u011bny. Workshopem ji\u017e pro\u0161lo v\u00edce ne\u017e dva miliony \u00fa\u010dastn\u00edk\u016f ze 150 zem\u00ed sv\u011bta.<\/p>\n\n\n\n<p><strong>Evropsk\u00fd klimatick\u00fd pakt<\/strong>\u202f&nbsp;<\/p>\n\n\n\n<p>Evropsk\u00fd klimatick\u00fd pakt je platforma jej\u00ed\u017e c\u00edlem je budovat udr\u017eiteln\u011bj\u0161\u00ed Evropu. Skrze mo\u017enost ambasadorstv\u00ed nab\u00edz\u00ed lidem nap\u0159\u00ed\u010d obory a evropsk\u00fdmi zem\u011bmi mo\u017enost propojit se a\u202fpod\u00edlet se&nbsp;na&nbsp;akc\u00edch zam\u011b\u0159en\u00fdch na klimatick\u00e9 ot\u00e1zky s \u0161ir\u0161\u00edm spole\u010densk\u00fdm dopadem. Platforma z\u00e1rove\u0148 otev\u00edr\u00e1 cestu k nov\u00fdm kontakt\u016fm, cenn\u00fdm zdroj\u016fm informac\u00ed a p\u0159\u00edle\u017eitostem pro budouc\u00ed spolupr\u00e1ci.\u202f\u202f<\/p>\n","protected":false},"excerpt":{"rendered":"<div class=\"mh-excerpt\"><p>29. ledna, Praha \u2013 V \u00fater\u00fd 4. \u00fanora po\u0159\u00e1d\u00e1 studentsk\u00fd spolek Telperion na Vysok\u00e9 \u0161kole ekonomick\u00e9 v&nbsp;Praze workshop Klimatick\u00e1 mozaika. P\u016fjde o dosud nejv\u011bt\u0161\u00ed akci <a class=\"mh-excerpt-more\" href=\"https:\/\/www.invarena.cz\/?p=54480\" title=\"Na pra\u017esk\u00e9 V\u0160E prob\u011bhne nejv\u011bt\u0161\u00ed klimatick\u00fd workshop v \u010cesku. Vystoup\u00ed tam i \u010desk\u00e9 hv\u011bzdy enviroment\u00e1ln\u00edho vzd\u011bl\u00e1v\u00e1n\u00ed\">[&#8230;]<\/a><\/p>\n<\/div>","protected":false},"author":1,"featured_media":24438,"comment_status":"open","ping_status":"closed","sticky":false,"template":"","format":"standard","meta":{"footnotes":""},"categories":[9],"tags":[],"class_list":["post-54480","post","type-post","status-publish","format-standard","has-post-thumbnail","hentry","category-zpravy"],"_links":{"self":[{"href":"https:\/\/www.invarena.cz\/index.php?rest_route=\/wp\/v2\/posts\/54480","targetHints":{"allow":["GET"]}}],"collection":[{"href":"https:\/\/www.invarena.cz\/index.php?rest_route=\/wp\/v2\/posts"}],"about":[{"href":"https:\/\/www.invarena.cz\/index.php?rest_route=\/wp\/v2\/types\/post"}],"author":[{"embeddable":true,"href":"https:\/\/www.invarena.cz\/index.php?rest_route=\/wp\/v2\/users\/1"}],"replies":[{"embeddable":true,"href":"https:\/\/www.invarena.cz\/index.php?rest_route=%2Fwp%2Fv2%2Fcomments&post=54480"}],"version-history":[{"count":0,"href":"https:\/\/www.invarena.cz\/index.php?rest_route=\/wp\/v2\/posts\/54480\/revisions"}],"wp:featuredmedia":[{"embeddable":true,"href":"https:\/\/www.invarena.cz\/index.php?rest_route=\/wp\/v2\/media\/24438"}],"wp:attachment":[{"href":"https:\/\/www.invarena.cz\/index.php?rest_route=%2Fwp%2Fv2%2Fmedia&parent=54480"}],"wp:term":[{"taxonomy":"category","embeddable":true,"href":"https:\/\/www.invarena.cz\/index.php?rest_route=%2Fwp%2Fv2%2Fcategories&post=54480"},{"taxonomy":"post_tag","embeddable":true,"href":"https:\/\/www.invarena.cz\/index.php?rest_route=%2Fwp%2Fv2%2Ftags&post=54480"}],"curies":[{"name":"wp","href":"https:\/\/api.w.org\/{rel}","templated":true}]}}