{"id":54487,"date":"2025-01-30T06:49:06","date_gmt":"2025-01-30T05:49:06","guid":{"rendered":"https:\/\/www.invarena.cz\/?p=54487"},"modified":"2025-01-30T06:49:07","modified_gmt":"2025-01-30T05:49:07","slug":"nedostatek-pecovatelu-a-osetrovatelu","status":"publish","type":"post","link":"https:\/\/www.invarena.cz\/?p=54487","title":{"rendered":"Nedostatek pe\u010dovatel\u016f a o\u0161et\u0159ovatel\u016f\u00a0\u00a0"},"content":{"rendered":"\n<p>\u010cT 1\u00a0&#8211; Ud\u00e1losti<br \/><br \/>Zhruba ka\u017ed\u00fd des\u00e1t\u00fd \u010dlov\u011bk v \u010cesku vyu\u017e\u00edv\u00e1 soci\u00e1ln\u00ed slu\u017eby. Celkem v nich pracuje skoro 132 000 zam\u011bstnanc\u016f, dal\u0161\u00ed tis\u00edce ale chyb\u00ed.<br \/><br \/>Pr\u00e1v\u011b lidem, kte\u0159\u00ed se staraj\u00ed o seniory, d\u011bti i nemocn\u00e9, dnes Asociace poskytovatel\u016f ud\u011blila ceny Pe\u010dovatel nebo Pe\u010dovatelka roku. Podobn\u00e9 akce a kampan\u011b maj\u00ed.<br \/><br \/>Kate\u0159ina Holubov\u00e1 vyr\u00e1\u017e\u00ed z kancel\u00e1\u0159e do firmy, kde handicapovan\u00ed renovuj\u00ed n\u00e1bytek. Ve zku\u0161ebn\u00ed dob\u011b jim b\u00fdv\u00e1 oporou, z\u00e1rove\u0148 se sna\u017e\u00ed, aby si pak pr\u00e1ci udr\u017eeli.<br \/><br \/>Kate\u0159ina Holubov\u00e1, vedouc\u00ed soci\u00e1ln\u00ed rehabilitaci, Diakonie Litom\u011b\u0159ice<br \/>&#8212;&#8212;&#8212;&#8212;&#8212;&#8212;&#8211;<br \/>Jak v\u00edte, jak hluboko m\u00e1te \u0161kr\u00e1bat?<br \/><br \/>klient<br \/>&#8212;&#8212;&#8212;&#8212;&#8212;&#8212;&#8211;<br \/>To vid\u00edm. Podle tohohle, podle t\u00fd barvy.<br \/><br \/>Kate\u0159ina Holubov\u00e1, vedouc\u00ed soci\u00e1ln\u00ed rehabilitaci, Diakonie Litom\u011b\u0159ice<br \/>&#8212;&#8212;&#8212;&#8212;&#8212;&#8212;&#8211;<br \/>Vy\u0159izujeme n\u00e1stupn\u00ed dokumenty a potom vlastn\u011b b\u011bhem zku\u0161ebn\u00ed doby s t\u00edm klientem chod\u00edme na asistenci na pracovi\u0161t\u011b.<br \/><br \/>redaktorka \u010cT<br \/>&#8212;&#8212;&#8212;&#8212;&#8212;&#8212;&#8211;<br \/>V litom\u011b\u0159ick\u00e9 diakonii pracuje 10 let, pom\u00e1h\u00e1 lidem s posti\u017een\u00edm, aby se zvl\u00e1dli osamostatnit.<br \/><br \/>Kate\u0159ina Holubov\u00e1, vedouc\u00ed soci\u00e1ln\u00ed rehabilitaci, Diakonie Litom\u011b\u0159ice<br \/>&#8212;&#8212;&#8212;&#8212;&#8212;&#8212;&#8211;<br \/>Nejv\u00edce asi d\u011bl\u00e1me\u00a0<strong>invalidn\u00ed<\/strong>\u00a0d\u016fchody, pak jsou to r\u016fzn\u00fd n\u00e1cviky, co se t\u00fd\u010de bydlen\u00ed, aby si um\u011bli uva\u0159it, aby zvl\u00e1dali nakoupit.<br \/><br \/>redaktorka \u010cT<br \/>&#8212;&#8212;&#8212;&#8212;&#8212;&#8212;&#8211;<br \/>Z Litom\u011b\u0159ic dnes Kate\u0159ina Holubov\u00e1 dorazila do Prahy. Zv\u00edt\u011bzila v kategorii ter\u00e9nn\u00ed pracovn\u00edk v soci\u00e1ln\u00edch slu\u017eb\u00e1ch.<br \/><br \/>Kate\u0159ina Holubov\u00e1, vedouc\u00ed soci\u00e1ln\u00ed rehabilitaci, Diakonie Litom\u011b\u0159ice<br \/>&#8212;&#8212;&#8212;&#8212;&#8212;&#8212;&#8211;<br \/>Je to pr\u00e1ce, kterou d\u011bl\u00e1m r\u00e1da, napl\u0148uje m\u011b a mysl\u00edm si, \u017ee m\u011b to jako poposune d\u00e1l je\u0161t\u011b.<br \/><br \/>redaktorka \u010cT<br \/>&#8212;&#8212;&#8212;&#8212;&#8212;&#8212;&#8211;<br \/>\u017de toto ocen\u011bn\u00ed je motiva\u010dn\u00ed?<br \/><br \/>Kate\u0159ina Holubov\u00e1, vedouc\u00ed soci\u00e1ln\u00ed rehabilitaci, Diakonie Litom\u011b\u0159ice<br \/>&#8212;&#8212;&#8212;&#8212;&#8212;&#8212;&#8211;<br \/>Ur\u010dit\u011b ano.<br \/><br \/>redaktorka \u010cT<br \/>&#8212;&#8212;&#8212;&#8212;&#8212;&#8212;&#8211;<br \/>N\u00e1rodn\u00ed cenu Pe\u010dovatelka roku si odnesli lidi z pobytov\u00fdch a ambulantn\u00edch slu\u017eeb, ale taky soci\u00e1ln\u00ed pracovn\u00edci nebo mana\u017eer. Komise vyb\u00edrala zhruba ze 120 lid\u00ed, kte\u0159\u00ed se dostali do \u00fazk\u00e9 nominace. Tady na novom\u011bstsk\u00e9 radnici jim organiz\u00e1to\u0159i cht\u011bli pod\u011bkovat a z\u00e1rove\u0148 upozornit na d\u016fle\u017eitost tohoto povol\u00e1n\u00ed.<br \/><br \/>Ji\u0159\u00ed Horeck\u00fd, prezident Asociace poskytovatel\u016f soci\u00e1ln\u00edch slu\u017eeb \u010cR<br \/>&#8212;&#8212;&#8212;&#8212;&#8212;&#8212;&#8211;<br \/>Abysme uk\u00e1zali \u0161irok\u00e9 ve\u0159ejnosti, \u017ee ta profese m\u00e1 smysl, \u017ee by si t\u011bch lid\u00ed m\u011bli v\u00edce v\u00e1\u017eit.<br \/><br \/>redaktorka \u010cT<br \/>&#8212;&#8212;&#8212;&#8212;&#8212;&#8212;&#8211;<br \/>Podle pr\u016fzkum\u016f lid\u00e9 soci\u00e1ln\u00ed pr\u00e1ci vn\u00edmaj\u00ed jako psychicky a fyzicky n\u00e1ro\u010dnou, z\u00e1rove\u0148 ji ale nevn\u00edmaj\u00ed jako presti\u017en\u00ed nebo dob\u0159e ohodnocenou. A to je podle odborn\u00edk\u016f t\u0159eba zm\u011bnit.<br \/><br \/>Hana Sklen\u00e1\u0159ov\u00e1, \u0159editelka, Diakonie \u010cCE<br \/>&#8212;&#8212;&#8212;&#8212;&#8212;&#8212;&#8211;<br \/>Je velmi t\u011b\u017ek\u00e9 sehnat kvalitn\u00ed zam\u011bstnance do soci\u00e1ln\u00edch slu\u017eeb a tak\u00e9 je v nich udr\u017eet.<br \/><br \/>Simona Bag\u00e1rov\u00e1, zakladatelka a \u0159editelka organizace MILA<br \/>&#8212;&#8212;&#8212;&#8212;&#8212;&#8212;&#8211;<br \/>Cht\u011bli bysme se dotknout hlavn\u011b t\u00e9mat kompenzace psychick\u00e9 a fyzick\u00e9 z\u00e1t\u011b\u017ee. Zhruba 80 % pe\u010dovatel\u016f odpracuje a\u017e 19 dvan\u00e1ctihodinov\u00fdch sm\u011bn v m\u011bs\u00edci.<br \/><br \/>redaktorka \u010cT<br \/>&#8212;&#8212;&#8212;&#8212;&#8212;&#8212;&#8211;<br \/>Od p\u0159\u00ed\u0161t\u00edho t\u00fddne se proto organizace za\u010dne setk\u00e1vat s veden\u00edm slu\u017eeb pro seniory. S v\u00fdstupy se pak cht\u011bj\u00ed obr\u00e1tit na st\u00e1t. <br \/><br \/>Asociace poskytovatel\u016f soci\u00e1ln\u00edch slu\u017eeb eviduje tis\u00edce neobsazen\u00fdch m\u00edst. Loni chyb\u011blo skoro 3000 pracovn\u00edk\u016f, nejv\u00edc pe\u010dovatel\u00e9, v\u0161eobecn\u00e9 i praktick\u00e9 sestry a taky soci\u00e1ln\u00ed pracovn\u00edci. Po\u010det t\u0159i roky je trojn\u00e1sobn\u00fd. Registrovan\u00fdch soci\u00e1ln\u00edch slu\u017eeb je v \u010cesku p\u0159es 5 500. Pe\u010duj\u00ed t\u0159eba o t\u0159etinu lid\u00ed star\u0161\u00edch 80 let ve stacion\u00e1\u0159\u00edch, v domovech pro seniory i v t\u011bch se zvl\u00e1\u0161tn\u00edm re\u017eimem nab\u00edzej\u00ed skoro 100 000 l\u016f\u017eek, to ale nesta\u010d\u00ed. M\u00edst v podobn\u00fdch za\u0159\u00edzen\u00edch je dlouhodob\u011b velk\u00fd nedostatek. U\u017e \u010dty\u0159i roky se v\u011bnuje pr\u00e1ci o\u0161et\u0159ovatele Anton\u00edn Honsa z Karvin\u00e9. Roky se \u017eivil jako horn\u00edk. Prost\u0159ed\u00ed \u0161achty ale vym\u011bnil za d\u016fm se zvl\u00e1\u0161tn\u00edm re\u017eimem. P\u0159izn\u00e1v\u00e1, \u017ee je to t\u011b\u017ek\u00e1 pr\u00e1ce, kter\u00e1 ho ale napl\u0148uje.<br \/><br \/>Na prvn\u00ed pohled p\u016fsob\u00ed osma\u010dty\u0159icetilet\u00fd Anton\u00edn Honsa jako tvrd\u00fd chlap, narodil se v hornick\u00e9 rodin\u011b a s\u00e1m je\u0161t\u011b p\u0159ed \u010dty\u0159mi lety pracoval jako z\u00e1me\u010dn\u00edk na dole.<br \/><br \/>Anton\u00edn Honsa, pe\u010dovatel<br \/>&#8212;&#8212;&#8212;&#8212;&#8212;&#8212;&#8211;<br \/>Byl jsem na arm\u00e1d\u011b, na Darkov\u011b a na \u010cSM, a jak v \u010cSM utlumovali u\u017e v\u0161ecko, tak m\u011b propustili a tam bylo vlastn\u011b takov\u00e1, nev\u00edm, jestli kampa\u0148 nebo n\u011bco, co jmenovalo Nov\u00e1 \u0161ichta, oni n\u00e1m tam nab\u00edzeli kurzy, j\u00e1 nev\u00edm, tam bylo asi z 20 kurz\u016f. A m\u011b zaujalo pr\u00e1v\u011b tohle, to pe\u010dovatelstv\u00ed.<br \/><br \/>Nat\u00e1lie Hagen Flaj\u017e\u00edkov\u00e1, redaktorka \u010cT<br \/>&#8212;&#8212;&#8212;&#8212;&#8212;&#8212;&#8211;<br \/>A pro\u010d? \u010c\u00edm v\u00e1s to zaujalo?<br \/><br \/>Anton\u00edn Honsa, pe\u010dovatel<br \/>&#8212;&#8212;&#8212;&#8212;&#8212;&#8212;&#8211;<br \/>J\u00e1 nev\u00edm. M\u011b to v\u017edycky k tomu t\u00e1hlo asi t\u00edm, \u017ee mamka byla na voz\u00edku.<br \/><br \/> redaktorka \u010cT<br \/>&#8212;&#8212;&#8212;&#8212;&#8212;&#8212;&#8211;<br \/>Po kurzu o\u0161et\u0159ovatelstv\u00ed nastoupil do karvinsk\u00e9ho nov\u00e9ho domova. V domov\u011b se zvl\u00e1\u0161tn\u00edm re\u017eimem pe\u010duje o 38 senior\u016f s demenc\u00ed nebo jin\u00fdm du\u0161evn\u00edm onemocn\u011bn\u00edm, v\u0161echny u\u017e d\u016fv\u011brn\u011b zn\u00e1.<br \/><br \/>Senior\u016fm pom\u00e1h\u00e1 s hygienou i j\u00eddlem, \u010dasto je polohuje a obl\u00e9k\u00e1. Pr\u00e1v\u011b polohov\u00e1n\u00ed klient\u016f pova\u017euje za asi nejt\u011b\u017e\u0161\u00ed \u010d\u00e1st pr\u00e1ce.<br \/><br \/>Anton\u00edn Honsa, pe\u010dovatel<br \/>&#8212;&#8212;&#8212;&#8212;&#8212;&#8212;&#8211;<br \/>Je to stejn\u011b n\u00e1ro\u010dn\u00e1 pr\u00e1ce jak hav\u00ed\u0159ina. No, v globalu \u00fapln\u011b n\u011bco jin\u00e9ho, ale je to fyzi\u010dno.<br \/><br \/>Nat\u00e1lie Hagen Flaj\u017e\u00edkov\u00e1, redaktorka \u010cT<br \/>&#8212;&#8212;&#8212;&#8212;&#8212;&#8212;&#8211;<br \/>V pr\u00e1ci \u010dasto slou\u017e\u00ed i 12 hodin v kuse. Du\u0161evn\u00ed pohoda je podle n\u011bj u o\u0161et\u0159ovatele je\u0161t\u011b d\u016fle\u017eit\u011bj\u0161\u00ed ne\u017e dobr\u00e1 kondice. Pr\u00e1ce s lidmi je toti\u017e psychicky n\u00e1ro\u010dn\u00e1.<br \/><br \/>Anton\u00edn Honsa, pe\u010dovatel<br \/>&#8212;&#8212;&#8212;&#8212;&#8212;&#8212;&#8211;<br \/>Mus\u00ed b\u00fdt ta psychika dobr\u00e1, jinak by to nemohl nikdo d\u011blat.<br \/><br \/>klientka domova se zvl\u00e1\u0161tn\u00edm re\u017eimem<br \/>&#8212;&#8212;&#8212;&#8212;&#8212;&#8212;&#8211;<br \/>Je v\u0161ude, v\u0161ude ho je sly\u0161et, j\u00e1 ho sly\u0161\u00edm, zase jsme jeli. Aha, tady Ton\u00edk.<br \/><br \/>Anton\u00edn Honsa, pe\u010dovatel<br \/>&#8212;&#8212;&#8212;&#8212;&#8212;&#8212;&#8211;<br \/>Ur\u010dit\u011b m\u011b to napl\u0148uje, ka\u017ed\u00fd den se do t\u00e9 pr\u00e1ce, jak jdu, tak se t\u011b\u0161\u00edm prost\u011b. Jsem tady r\u00e1d.<br \/><br \/>redaktorka \u010cT<br \/>&#8212;&#8212;&#8212;&#8212;&#8212;&#8212;&#8211;<br \/>\u0158ada klient\u016f ho pova\u017euje za nejobl\u00edben\u011bj\u0161\u00edho o\u0161et\u0159ovatele.<br \/>Podle Anton\u00edna Honsy je to mo\u017en\u00e1 i proto, \u017ee si s nimi \u010dasto a r\u00e1d pov\u00edd\u00e1. <\/p>\n","protected":false},"excerpt":{"rendered":"<div class=\"mh-excerpt\"><p>\u010cT 1\u00a0&#8211; Ud\u00e1losti Zhruba ka\u017ed\u00fd des\u00e1t\u00fd \u010dlov\u011bk v \u010cesku vyu\u017e\u00edv\u00e1 soci\u00e1ln\u00ed slu\u017eby. Celkem v nich pracuje skoro 132 000 zam\u011bstnanc\u016f, dal\u0161\u00ed tis\u00edce ale chyb\u00ed. Pr\u00e1v\u011b <a class=\"mh-excerpt-more\" href=\"https:\/\/www.invarena.cz\/?p=54487\" title=\"Nedostatek pe\u010dovatel\u016f a o\u0161et\u0159ovatel\u016f\u00a0\u00a0\">[&#8230;]<\/a><\/p>\n<\/div>","protected":false},"author":1,"featured_media":14575,"comment_status":"open","ping_status":"closed","sticky":false,"template":"","format":"standard","meta":{"footnotes":""},"categories":[9],"tags":[],"class_list":["post-54487","post","type-post","status-publish","format-standard","has-post-thumbnail","hentry","category-zpravy"],"_links":{"self":[{"href":"https:\/\/www.invarena.cz\/index.php?rest_route=\/wp\/v2\/posts\/54487","targetHints":{"allow":["GET"]}}],"collection":[{"href":"https:\/\/www.invarena.cz\/index.php?rest_route=\/wp\/v2\/posts"}],"about":[{"href":"https:\/\/www.invarena.cz\/index.php?rest_route=\/wp\/v2\/types\/post"}],"author":[{"embeddable":true,"href":"https:\/\/www.invarena.cz\/index.php?rest_route=\/wp\/v2\/users\/1"}],"replies":[{"embeddable":true,"href":"https:\/\/www.invarena.cz\/index.php?rest_route=%2Fwp%2Fv2%2Fcomments&post=54487"}],"version-history":[{"count":0,"href":"https:\/\/www.invarena.cz\/index.php?rest_route=\/wp\/v2\/posts\/54487\/revisions"}],"wp:featuredmedia":[{"embeddable":true,"href":"https:\/\/www.invarena.cz\/index.php?rest_route=\/wp\/v2\/media\/14575"}],"wp:attachment":[{"href":"https:\/\/www.invarena.cz\/index.php?rest_route=%2Fwp%2Fv2%2Fmedia&parent=54487"}],"wp:term":[{"taxonomy":"category","embeddable":true,"href":"https:\/\/www.invarena.cz\/index.php?rest_route=%2Fwp%2Fv2%2Fcategories&post=54487"},{"taxonomy":"post_tag","embeddable":true,"href":"https:\/\/www.invarena.cz\/index.php?rest_route=%2Fwp%2Fv2%2Ftags&post=54487"}],"curies":[{"name":"wp","href":"https:\/\/api.w.org\/{rel}","templated":true}]}}