{"id":54491,"date":"2025-01-30T07:17:24","date_gmt":"2025-01-30T06:17:24","guid":{"rendered":"https:\/\/www.invarena.cz\/?p=54491"},"modified":"2025-01-30T07:17:25","modified_gmt":"2025-01-30T06:17:25","slug":"starobni-duchodci-zustanou-bez-statniho-prispevku-k-penzijnimu-sporeni","status":"publish","type":"post","link":"https:\/\/www.invarena.cz\/?p=54491","title":{"rendered":"Starobn\u00ed d\u016fchodci z\u016fstanou bez st\u00e1tn\u00edho p\u0159\u00edsp\u011bvku k penzijn\u00edmu spo\u0159en\u00ed\u00a0\u00a0"},"content":{"rendered":"\n<p>Radio\u017eurn\u00e1l\u00a0<br \/><br \/>Starobn\u00ed d\u016fchodci z\u016fstanou bez st\u00e1tn\u00edho p\u0159\u00edsp\u011bvku k penzijn\u00edmu spo\u0159en\u00ed. \u00dastavn\u00ed soud zam\u00edtl n\u00e1vrh poslanc\u016f hnut\u00ed ANO na zru\u0161en\u00ed zm\u011bny z\u00e1kona, kter\u00e1 od lo\u0148sk\u00e9ho \u010dervence v\u00fdplatu p\u0159\u00edsp\u011bvku t\u011bmto lidem zastavila. Podle vl\u00e1dy m\u00e1 j\u00edt o motivaci \u00faspor\u00e1m na st\u00e1\u0159\u00ed, ne o podporu spo\u0159en\u00ed t\u011bch, kte\u0159\u00ed u\u017e d\u016fchod pob\u00edraj\u00ed.<br \/><br \/>Zden\u011bk K\u00fchn, \u00fastavn\u00ed soudce<br \/>&#8212;&#8212;&#8212;&#8212;&#8212;&#8212;&#8211;<br \/>Pokud to takto z\u00e1konod\u00e1rce p\u0159ijal a ten d\u016fvod bylo, \u017ee chce podporovat st\u00e1tn\u00edm p\u0159\u00edsp\u011bvkem dlouhodob\u00e9 spo\u0159en\u00ed na d\u016fchod, nikoliv spo\u0159en\u00ed p\u0159i d\u016fchodu, tak je to n\u011bjak\u00fd legitimn\u00ed d\u016fvod.<br \/><br \/> redaktorka<br \/>&#8212;&#8212;&#8212;&#8212;&#8212;&#8212;&#8211;<br \/>Vysv\u011btlil \u00fastavn\u00ed soudce Zden\u011bk K\u00fchn. Poslankyn\u011b Alena Schillerov\u00e1 z hnut\u00ed ANO rozhodnut\u00ed soudu respektuje. Kritizovanou pr\u00e1vn\u00ed \u00fapravu ale nad\u00e1le pova\u017euje za nespravedlivou. V syst\u00e9mu t\u0159et\u00edho pil\u00ed\u0159e je asi 230 000 d\u016fchodc\u016f, kte\u0159\u00ed spo\u0159ili m\u00e9n\u011b ne\u017e p\u011bt let a nemohli z n\u011bj odej\u00edt bez ztr\u00e1ty st\u00e1tn\u00edch p\u0159\u00edsp\u011bvk\u016f.<br \/><br \/>Alena Schillerov\u00e1, p\u0159edsedkyn\u011b poslaneck\u00e9ho klubu \/ANO\/<br \/>&#8212;&#8212;&#8212;&#8212;&#8212;&#8212;&#8211;<br \/>\u00dastavn\u00ed soud nedal \u017e\u00e1dn\u00e9 vod\u00edtko pro tyto lidi, jak maj\u00ed postupovat.<br \/><br \/>redaktorka<br \/>&#8212;&#8212;&#8212;&#8212;&#8212;&#8212;&#8211;<br \/>To, \u017ee zm\u011bna prosazen\u00e1 vl\u00e1dn\u00ed koalic\u00ed v testu \u00fastavnosti obst\u00e1la, ocenil vicepremi\u00e9r Marian Jure\u010dka z KDU-\u010cSL.<br \/><br \/>Marian Jure\u010dka,\u00a0<strong>ministr<\/strong>\u00a0<strong>pr\u00e1ce<\/strong>\u00a0a soci\u00e1ln\u00edch v\u011bc\u00ed, vicepremi\u00e9r \/KDU-\u010cSL\/<br \/>&#8212;&#8212;&#8212;&#8212;&#8212;&#8212;&#8211;<br \/>Mysl\u00edm, \u017ee ten \u00dastavn\u00ed soud v tomhle ohledu nem\u016f\u017ee b\u00fdt kritizov\u00e1n, \u017ee rozhodl nespr\u00e1vn\u011b, sp\u00ed\u0161e to pod\u00e1n\u00ed bylo \u010dist\u011b politick\u00e9.<br \/><br \/>redaktorka<br \/>&#8212;&#8212;&#8212;&#8212;&#8212;&#8212;&#8211;<br \/>D\u016fchodci mohou vyu\u017e\u00edt jin\u00e9 spo\u0159\u00edc\u00ed produkty. <\/p>\n\n\n\n<p>Radio\u017eurn\u00e1l.<\/p>\n\n\n\n<p><\/p>\n","protected":false},"excerpt":{"rendered":"<div class=\"mh-excerpt\"><p>Radio\u017eurn\u00e1l\u00a0 Starobn\u00ed d\u016fchodci z\u016fstanou bez st\u00e1tn\u00edho p\u0159\u00edsp\u011bvku k penzijn\u00edmu spo\u0159en\u00ed. \u00dastavn\u00ed soud zam\u00edtl n\u00e1vrh poslanc\u016f hnut\u00ed ANO na zru\u0161en\u00ed zm\u011bny z\u00e1kona, kter\u00e1 od lo\u0148sk\u00e9ho \u010dervence <a class=\"mh-excerpt-more\" href=\"https:\/\/www.invarena.cz\/?p=54491\" title=\"Starobn\u00ed d\u016fchodci z\u016fstanou bez st\u00e1tn\u00edho p\u0159\u00edsp\u011bvku k penzijn\u00edmu spo\u0159en\u00ed\u00a0\u00a0\">[&#8230;]<\/a><\/p>\n<\/div>","protected":false},"author":1,"featured_media":19372,"comment_status":"open","ping_status":"closed","sticky":false,"template":"","format":"standard","meta":{"footnotes":""},"categories":[9],"tags":[],"class_list":["post-54491","post","type-post","status-publish","format-standard","has-post-thumbnail","hentry","category-zpravy"],"_links":{"self":[{"href":"https:\/\/www.invarena.cz\/index.php?rest_route=\/wp\/v2\/posts\/54491","targetHints":{"allow":["GET"]}}],"collection":[{"href":"https:\/\/www.invarena.cz\/index.php?rest_route=\/wp\/v2\/posts"}],"about":[{"href":"https:\/\/www.invarena.cz\/index.php?rest_route=\/wp\/v2\/types\/post"}],"author":[{"embeddable":true,"href":"https:\/\/www.invarena.cz\/index.php?rest_route=\/wp\/v2\/users\/1"}],"replies":[{"embeddable":true,"href":"https:\/\/www.invarena.cz\/index.php?rest_route=%2Fwp%2Fv2%2Fcomments&post=54491"}],"version-history":[{"count":0,"href":"https:\/\/www.invarena.cz\/index.php?rest_route=\/wp\/v2\/posts\/54491\/revisions"}],"wp:featuredmedia":[{"embeddable":true,"href":"https:\/\/www.invarena.cz\/index.php?rest_route=\/wp\/v2\/media\/19372"}],"wp:attachment":[{"href":"https:\/\/www.invarena.cz\/index.php?rest_route=%2Fwp%2Fv2%2Fmedia&parent=54491"}],"wp:term":[{"taxonomy":"category","embeddable":true,"href":"https:\/\/www.invarena.cz\/index.php?rest_route=%2Fwp%2Fv2%2Fcategories&post=54491"},{"taxonomy":"post_tag","embeddable":true,"href":"https:\/\/www.invarena.cz\/index.php?rest_route=%2Fwp%2Fv2%2Ftags&post=54491"}],"curies":[{"name":"wp","href":"https:\/\/api.w.org\/{rel}","templated":true}]}}