{"id":54571,"date":"2025-02-03T09:46:43","date_gmt":"2025-02-03T08:46:43","guid":{"rendered":"https:\/\/www.invarena.cz\/?p=54571"},"modified":"2025-02-03T09:53:47","modified_gmt":"2025-02-03T08:53:47","slug":"reforma-socialnich-davek-budou-se-menit-pravidla-pro-zranitelne-skupiny","status":"publish","type":"post","link":"https:\/\/www.invarena.cz\/?p=54571","title":{"rendered":"Reforma soci\u00e1ln\u00edch d\u00e1vek \u2013 budou se m\u011bnit pravidla pro zraniteln\u00e9 skupiny"},"content":{"rendered":"\n<p>\u010cT 1\u00a0&#8211; Ud\u00e1losti<br \/><br \/>Vl\u00e1dn\u00ed strany dokon\u010duj\u00ed \u00fapravy v reform\u011b soci\u00e1ln\u00edch d\u00e1vek, kter\u00e1 m\u00e1 omezit zneu\u017e\u00edv\u00e1n\u00ed st\u00e1tn\u00ed pomoci. Zat\u00edm ale nen\u00ed jasn\u00e9, jestli projdou v\u010das a jestli za\u010dnou platit od \u010dervence, jak bylo v pl\u00e1nu, jedna podpora m\u00e1 nahradit \u010dty\u0159i. St\u00e1vaj\u00edc\u00ed ministerstvo pr\u00e1ce chce je\u0161t\u011b zm\u011bnit t\u0159eba pravidla pro zraniteln\u00e9 skupiny.<br \/><br \/> Je to jedna z hlavn\u00edch priorit vl\u00e1dy do konce volebn\u00edho obdob\u00ed. Sv\u00e9 postoje v\u016f\u010di reform\u011b ladili z\u00e1stupci sn\u011bmovn\u00edch stran i neziskov\u00fdch organizac\u00ed s\u00a0<strong>ministrem<\/strong>\u00a0<strong>pr\u00e1ce<\/strong>\u00a0v t\u00fddnu ve sn\u011bmovn\u011b.<br \/><br \/>Marian Jure\u010dka na \u010d\u00e1st kritiky p\u0159istoupil a n\u00e1vrh uprav\u00ed. Z\u00e1sadn\u00ed je pro n\u011bj nenaru\u0161it c\u00edl, tedy zefektivnit d\u00e1vkov\u00fd syst\u00e9m a motivovat k pr\u00e1ci.<br \/><br \/>Marian Jure\u010dka, vicepremi\u00e9r,\u00a0<strong>ministr<\/strong>\u00a0<strong>pr\u00e1ce<\/strong>\u00a0a soci\u00e1ln\u00edch v\u011bc\u00ed \/KDU-\u010cSL\/<br \/>&#8212;&#8212;&#8212;&#8212;&#8212;&#8212;&#8211;<br \/>J\u00e1 \u0159\u00edk\u00e1m, \u017ee prost\u011b chci tou revizi dos\u00e1hnout tohohle, a t\u00edm p\u00e1dem tomu p\u0159izp\u016fsobuji i ty n\u00e1stroje. A pokud ten \u010dlov\u011bk, kter\u00fd je zdrav\u00fd, \u0159ekne: J\u00e1 d\u011blat nechci, tak j\u00e1 pak \u0159\u00edk\u00e1m, pak pardon, pak ti vyp\u00edn\u00e1m d\u00e1vkovou podporu.<br \/><br \/>Daniel Prokop, sociolog, zakladatel PAQ Research<br \/>&#8212;&#8212;&#8212;&#8212;&#8212;&#8212;&#8211;<br \/>A na ty chyby upozor\u0148ujem t\u0159eba rok, tak\u017ee mohly se za\u010d\u00edt \u0159e\u0161it d\u0159\u00edv. Je to takov\u00fd, jako byste uva\u0159il fakt dobr\u00fd j\u00eddlo a potom ho jako neosolil a neoh\u0159\u00e1l. Te\u010fka jakoby je \u0161ance ho osolit a oh\u0159\u00e1t, aby to bylo dobr\u00fd j\u00eddlo, jinak to bude promarn\u011bn\u00e1 prost\u011b t\u0159eba energie.<br \/><br \/>redaktorka \u010cT<br \/>&#8212;&#8212;&#8212;&#8212;&#8212;&#8212;&#8211;<br \/>Upozor\u0148uje, \u017ee by m\u011bl resort upravit t\u0159eba \u017eivotn\u00ed minimum tak, aby tzv. super d\u00e1vka fungovala pro men\u0161\u00ed dom\u00e1cnosti. \u017de se bude muset vr\u00e1tit na ubytovnu, se ob\u00e1v\u00e1 Ji\u0159\u00ed z Chomutova. Za tuhle garsonku plat\u00ed 10 000 m\u011bs\u00ed\u010dn\u011b. V\u011bt\u0161inu pokryje p\u0159\u00edsp\u011bvkem na bydlen\u00ed.<br \/><br \/>Ji\u0159\u00ed, p\u0159\u00edjemce soci\u00e1ln\u00edch d\u00e1vek<br \/>&#8212;&#8212;&#8212;&#8212;&#8212;&#8212;&#8211;<br \/>Minus cokoliv si nedovedu p\u0159edstavit, zase by to skon\u010dilo asi n\u011bkde, \u017ee j\u00e1 u\u017e ani nev\u00edm, jestli ubytovna, jestli bych pokryla aspo\u0148 tu ubytovnu, jestli by to neskon\u010dilo na ulici rovnou.<br \/><br \/>redaktorka \u010cT<br \/>&#8212;&#8212;&#8212;&#8212;&#8212;&#8212;&#8211;<br \/>Po n\u011bkolika letech ve v\u011bzen\u00ed za\u010dal hned pracovat. Te\u010f ale kv\u016fli zran\u011bn\u00ed hled\u00e1 fyzicky nen\u00e1ro\u010dn\u00e9 zam\u011bstn\u00e1n\u00ed. Se v\u0161\u00edm mu pomohla m\u00edstn\u00ed organizace. Ztr\u00e1ta bytu by podle n\u00ed byla fat\u00e1ln\u00ed.<br \/><br \/>Kate\u0159ina Bet\u00e1kov\u00e1, koordin\u00e1torka projektu \u0160ance bydlet, K rdci kl\u00ed\u010d<br \/>&#8212;&#8212;&#8212;&#8212;&#8212;&#8212;&#8211;<br \/>Nemohl by d\u00e1le jako pracovat vlastn\u011b na tom restartu toho sv\u00e9ho \u017eivota a na tom, aby se jako zp\u00e1tky vr\u00e1til do toho zam\u011bstn\u00e1n\u00ed.<br \/><br \/>redaktorka \u010cT<br \/>&#8212;&#8212;&#8212;&#8212;&#8212;&#8212;&#8211;<br \/>Pr\u00e1v\u011b pracuj\u00edc\u00ed maj\u00ed nov\u011b z\u00edskat bonus. N\u00e1vrh po\u010d\u00edt\u00e1 s t\u00edm, \u017ee p\u0159\u00edsp\u011bvek a doplatek na bydlen\u00ed, p\u0159\u00edsp\u011bvek na \u017eivobyt\u00ed a p\u0159\u00eddavek na d\u00edt\u011b nahrad\u00ed jedna podpora. Opozice prosazuje \u0159adu \u00faprav.<br \/><br \/>Olga Richterov\u00e1, m\u00edstop\u0159edsedkyn\u011b sn\u011bmovny \/Pir\u00e1ti\/<br \/>&#8212;&#8212;&#8212;&#8212;&#8212;&#8212;&#8211;<br \/>My p\u0159edkl\u00e1d\u00e1me \u010dty\u0159i nebo p\u011bt pozm\u011b\u0148ovac\u00edch n\u00e1vrh\u016f.<br \/><br \/>Ale\u0161 Juchelka, m\u00edstop\u0159edseda sn\u011bmovny \/ANO\/<br \/>&#8212;&#8212;&#8212;&#8212;&#8212;&#8212;&#8211;<br \/>N\u00e1m jde o ty jednotliv\u00e9 parametry a o to, aby \u010dlov\u011bk, kter\u00fd je skute\u010dn\u011b aktivn\u00ed, ale jenom pat\u0159\u00ed k t\u00e9 n\u00edzkop\u0159\u00edjmov\u00e9 skupin\u011b obyvatel, nebyl na tom bit.<br \/><br \/>redaktorka \u010cT<br \/>&#8212;&#8212;&#8212;&#8212;&#8212;&#8212;&#8211;<br \/>Vl\u00e1dn\u00ed strany u\u017e se na n\u011bkter\u00fdch zm\u011bn\u00e1ch dohodly. Zm\u00edrnit se maj\u00ed t\u0159eba pravidla \u010derp\u00e1n\u00ed d\u00e1vky pro zraniteln\u00e9 osoby, samo\u017eivitelky nebo seniory, kte\u0159\u00ed \u017eij\u00ed sami.<br \/><br \/>Pavla Pivo\u0148ka Va\u0148kov\u00e1, m\u00edstop\u0159edsedkyn\u011b sn\u011bmovn\u00edho soc. v\u00fdboru \/STAN\/<br \/>&#8212;&#8212;&#8212;&#8212;&#8212;&#8212;&#8211;<br \/>A\u017e dojde k tomu z\u00e1v\u011bre\u010dn\u00e9mu p\u0159epo\u010dtu, tak pr\u00e1v\u011b na tyto skupiny osob by ta zm\u011bna, ta revize d\u00e1vkov\u00fdch syst\u00e9m\u016f nem\u011bla tolik dopadnout.<br \/><br \/> redaktorka \u010cT<br \/>&#8212;&#8212;&#8212;&#8212;&#8212;&#8212;&#8211;<br \/>Mo\u017en\u00e9 zm\u011bny te\u010f projedn\u00e1 sn\u011bmovn\u00ed soci\u00e1ln\u00ed v\u00fdbor. K reform\u011b d\u00e1vek by se m\u011bl vr\u00e1tit v p\u0159\u00ed\u0161t\u00edm t\u00fddnu. <\/p>\n\n\n\n<p><\/p>\n\n\n\n<p><\/p>\n","protected":false},"excerpt":{"rendered":"<div class=\"mh-excerpt\"><p>\u010cT 1\u00a0&#8211; Ud\u00e1losti Vl\u00e1dn\u00ed strany dokon\u010duj\u00ed \u00fapravy v reform\u011b soci\u00e1ln\u00edch d\u00e1vek, kter\u00e1 m\u00e1 omezit zneu\u017e\u00edv\u00e1n\u00ed st\u00e1tn\u00ed pomoci. Zat\u00edm ale nen\u00ed jasn\u00e9, jestli projdou v\u010das a <a class=\"mh-excerpt-more\" href=\"https:\/\/www.invarena.cz\/?p=54571\" title=\"Reforma soci\u00e1ln\u00edch d\u00e1vek \u2013 budou se m\u011bnit pravidla pro zraniteln\u00e9 skupiny\">[&#8230;]<\/a><\/p>\n<\/div>","protected":false},"author":1,"featured_media":18700,"comment_status":"open","ping_status":"closed","sticky":false,"template":"","format":"standard","meta":{"footnotes":""},"categories":[9],"tags":[],"class_list":["post-54571","post","type-post","status-publish","format-standard","has-post-thumbnail","hentry","category-zpravy"],"_links":{"self":[{"href":"https:\/\/www.invarena.cz\/index.php?rest_route=\/wp\/v2\/posts\/54571","targetHints":{"allow":["GET"]}}],"collection":[{"href":"https:\/\/www.invarena.cz\/index.php?rest_route=\/wp\/v2\/posts"}],"about":[{"href":"https:\/\/www.invarena.cz\/index.php?rest_route=\/wp\/v2\/types\/post"}],"author":[{"embeddable":true,"href":"https:\/\/www.invarena.cz\/index.php?rest_route=\/wp\/v2\/users\/1"}],"replies":[{"embeddable":true,"href":"https:\/\/www.invarena.cz\/index.php?rest_route=%2Fwp%2Fv2%2Fcomments&post=54571"}],"version-history":[{"count":0,"href":"https:\/\/www.invarena.cz\/index.php?rest_route=\/wp\/v2\/posts\/54571\/revisions"}],"wp:featuredmedia":[{"embeddable":true,"href":"https:\/\/www.invarena.cz\/index.php?rest_route=\/wp\/v2\/media\/18700"}],"wp:attachment":[{"href":"https:\/\/www.invarena.cz\/index.php?rest_route=%2Fwp%2Fv2%2Fmedia&parent=54571"}],"wp:term":[{"taxonomy":"category","embeddable":true,"href":"https:\/\/www.invarena.cz\/index.php?rest_route=%2Fwp%2Fv2%2Fcategories&post=54571"},{"taxonomy":"post_tag","embeddable":true,"href":"https:\/\/www.invarena.cz\/index.php?rest_route=%2Fwp%2Fv2%2Ftags&post=54571"}],"curies":[{"name":"wp","href":"https:\/\/api.w.org\/{rel}","templated":true}]}}