{"id":54679,"date":"2025-02-06T19:18:53","date_gmt":"2025-02-06T18:18:53","guid":{"rendered":"https:\/\/www.invarena.cz\/?p=54679"},"modified":"2025-02-06T19:18:54","modified_gmt":"2025-02-06T18:18:54","slug":"charita-horazdovice-hlasi-uspech-trikralova-sbirka-byla-letos-rekordni","status":"publish","type":"post","link":"https:\/\/www.invarena.cz\/?p=54679","title":{"rendered":"Charita Hora\u017e\u010fovice hl\u00e1s\u00ed \u00fasp\u011bch. T\u0159\u00edkr\u00e1lov\u00e1 sb\u00edrka byla letos rekordn\u00ed"},"content":{"rendered":"\n<p>Rekordn\u00edm v\u00fdsledkem T\u0159\u00edkr\u00e1lov\u00e9 sb\u00edrky se mohou py\u0161nit na Hora\u017e\u010fovicku. Poda\u0159ilo se tam vybrat o v\u00edce ne\u017e sto tis\u00edc v\u00edce ne\u017e vloni. Rekordn\u00ed byl i po\u010det zapojen\u00fdch obc\u00ed.<\/p>\n\n\n\n<p>Od 4. do 14. ledna se konal na Hora\u017e\u010fovicku, Kasejovicku a Nepomucku jubilejn\u00ed 25. ro\u010dn\u00edk T\u0159\u00edkr\u00e1lov\u00e9 sb\u00edrky. Koledn\u00edci se vydali na dlouhou cestu, aby p\u0159inesli po\u017eehn\u00e1n\u00ed do domov\u016f a z\u00e1rove\u0148 pomoc pro nejpot\u0159ebn\u011bj\u0161\u00ed. \u201eDo leto\u0161n\u00edho ro\u010dn\u00edku T\u0159\u00edkr\u00e1lov\u00e9 sb\u00edrky se zapojilo rekordn\u00edch 64 obc\u00ed, 333 koledn\u00edk\u016f a v\u00edce ne\u017e 100 vedouc\u00edch. D\u00edky \u0161t\u011bdrosti d\u00e1rc\u016f se poda\u0159ilo do pokladni\u010dek na \u00fazem\u00ed Hora\u017e\u010fovic, Nepomuku a Kasejovic vybrat neuv\u011b\u0159iteln\u00fdch 698 545 K\u010d, co\u017e je o 128 809 K\u010d v\u00edce ne\u017e vloni. Ten, kdo koledn\u00edky minul a r\u00e1d by tuto celost\u00e1tn\u00ed sb\u00edrku podpo\u0159il, m\u00e1 mo\u017enost p\u0159isp\u011bt online na www.trikralovasbirka.cz. Mo\u017enost tohoto daru bude aktivn\u00ed a\u017e do 30. dubna 2025,&#8220; uvedla za Charitu Hora\u017e\u010fovice Lucie Oudov\u00e1.<\/p>\n\n\n\n<p>Celkov\u00e1 vybran\u00e1 \u010d\u00e1stka byla zasl\u00e1na na celorepublikov\u00e9 konto, odkud bude pom\u011brn\u00e1 \u010d\u00e1st pen\u011bz (65 %) op\u011bt vr\u00e1cena s \u00fa\u010delem podpo\u0159it charitn\u00ed pr\u00e1ci se seniory a zdravotn\u011b posti\u017een\u00fdmi na Hora\u017e\u010fovicku (pe\u010dovatelsk\u00e1 slu\u017eba, odleh\u010dovac\u00ed slu\u017eba pro pe\u010duj\u00edc\u00ed, dom\u00e1c\u00ed zdravotn\u00ed p\u00e9\u010de) a Ob\u010danskou poradnu v Nepomuku. \u010c\u00e1st pen\u011bz p\u0159ipadne na krizov\u00fd fond ur\u010den\u00fd na pomoc p\u0159i \u017eiveln\u00fdch katastrof\u00e1ch. \u201eVe spolupr\u00e1ci s Odborem soci\u00e1ln\u00edch v\u011bc\u00ed a zdravotnictv\u00ed M\u011b\u00da Hora\u017e\u010fovice, Nepomuku a M\u011bstem Kasejovice budou vybr\u00e1ny a podpo\u0159eny soci\u00e1ln\u011b slab\u00e9 rodiny s d\u011btmi a senio\u0159i. Sou\u010dasn\u011b podpo\u0159\u00edme i Centrum voln\u00e9ho \u010dasu pro \u0161koln\u00ed d\u011bti ve v\u011bku 10 a\u017e 15 let v Hora\u017e\u010fovic\u00edch. Z T\u0159\u00edkr\u00e1lov\u00e9 sb\u00edrky je v pl\u00e1nu pom\u011brnou \u010d\u00e1st finan\u010dn\u00edch prost\u0159edk\u016f vyu\u017e\u00edt i na provoz soci\u00e1ln\u011b integra\u010dn\u00edho bytu a roz\u0161\u00ed\u0159en\u00ed skladu kompenza\u010dn\u00edch pom\u016fcek,&#8220; sd\u011blila Oudov\u00e1.<\/p>\n\n\n\n<p>Dal\u0161\u00edch 35 % v\u00fdnosu sb\u00edrky bude rozd\u011bleno takto &#8211; 15 % na podporu projekt\u016f Diec\u00e9zn\u00ed charity \u010cesk\u00e9 Bud\u011bjovice, 10 % na humanit\u00e1rn\u00ed pomoc, kterou poskytuje Diec\u00e9zn\u00ed charita \u010cesk\u00e9 Bud\u011bjovice v zahrani\u010d\u00ed, 5 % na humanit\u00e1rn\u00ed pomoc, kterou poskytuje Charita \u010cesk\u00e9 republiky v \u010cR i v zahrani\u010d\u00ed a 5 % na re\u017eijn\u00ed n\u00e1klady na po\u0159\u00e1d\u00e1n\u00ed sb\u00edrky v cel\u00e9 \u010cesk\u00e9 republice.<\/p>\n\n\n\n<p>\u201eCht\u011bli bychom pod\u011bkovat p\u0159edev\u0161\u00edm koledn\u00edk\u016fm a jejich doprovod\u016fm, kte\u0159\u00ed ob\u011btovali sv\u016fj voln\u00fd \u010das pro dobrou v\u011bc, a d\u00e1le v\u0161em partner\u016fm, u kter\u00fdch bylo mo\u017en\u00e9 zanechat statick\u00e9 kasi\u010dky. D\u00e1le pat\u0159\u00ed velk\u00fd d\u00edk i starost\u016fm obc\u00ed a pracovn\u00edk\u016fm m\u011bstsk\u00fdch a obecn\u00edch \u00fa\u0159ad\u016f za zaji\u0161t\u011bn\u00ed nutn\u00e9 administrativy sb\u00edrky a samoz\u0159ejm\u011b v\u0161em d\u00e1rc\u016fm, kte\u0159\u00ed koledn\u00edky uv\u00edtali ve sv\u00fdm domovech a podpo\u0159ili Charitu. Vyrostli jsme d\u00edky v\u00e1m,&#8220; uzav\u0159ela Oudov\u00e1.<\/p>\n\n\n\n<p>Daniela Loudov\u00e1<\/p>\n\n\n\n<p>Klatovsk\u00fd den\u00edk<\/p>\n\n\n\n<p><a href=\"https:\/\/klatovsky.denik.cz\" target=\"_blank\" rel=\"noreferrer noopener\">https:\/\/klatovsky.denik.cz<\/a><\/p>\n","protected":false},"excerpt":{"rendered":"<div class=\"mh-excerpt\"><p>Rekordn\u00edm v\u00fdsledkem T\u0159\u00edkr\u00e1lov\u00e9 sb\u00edrky se mohou py\u0161nit na Hora\u017e\u010fovicku. Poda\u0159ilo se tam vybrat o v\u00edce ne\u017e sto tis\u00edc v\u00edce ne\u017e vloni. Rekordn\u00ed byl i po\u010det <a class=\"mh-excerpt-more\" href=\"https:\/\/www.invarena.cz\/?p=54679\" title=\"Charita Hora\u017e\u010fovice hl\u00e1s\u00ed \u00fasp\u011bch. T\u0159\u00edkr\u00e1lov\u00e1 sb\u00edrka byla letos rekordn\u00ed\">[&#8230;]<\/a><\/p>\n<\/div>","protected":false},"author":1,"featured_media":45252,"comment_status":"open","ping_status":"closed","sticky":false,"template":"","format":"standard","meta":{"footnotes":""},"categories":[9],"tags":[],"class_list":["post-54679","post","type-post","status-publish","format-standard","has-post-thumbnail","hentry","category-zpravy"],"_links":{"self":[{"href":"https:\/\/www.invarena.cz\/index.php?rest_route=\/wp\/v2\/posts\/54679","targetHints":{"allow":["GET"]}}],"collection":[{"href":"https:\/\/www.invarena.cz\/index.php?rest_route=\/wp\/v2\/posts"}],"about":[{"href":"https:\/\/www.invarena.cz\/index.php?rest_route=\/wp\/v2\/types\/post"}],"author":[{"embeddable":true,"href":"https:\/\/www.invarena.cz\/index.php?rest_route=\/wp\/v2\/users\/1"}],"replies":[{"embeddable":true,"href":"https:\/\/www.invarena.cz\/index.php?rest_route=%2Fwp%2Fv2%2Fcomments&post=54679"}],"version-history":[{"count":0,"href":"https:\/\/www.invarena.cz\/index.php?rest_route=\/wp\/v2\/posts\/54679\/revisions"}],"wp:featuredmedia":[{"embeddable":true,"href":"https:\/\/www.invarena.cz\/index.php?rest_route=\/wp\/v2\/media\/45252"}],"wp:attachment":[{"href":"https:\/\/www.invarena.cz\/index.php?rest_route=%2Fwp%2Fv2%2Fmedia&parent=54679"}],"wp:term":[{"taxonomy":"category","embeddable":true,"href":"https:\/\/www.invarena.cz\/index.php?rest_route=%2Fwp%2Fv2%2Fcategories&post=54679"},{"taxonomy":"post_tag","embeddable":true,"href":"https:\/\/www.invarena.cz\/index.php?rest_route=%2Fwp%2Fv2%2Ftags&post=54679"}],"curies":[{"name":"wp","href":"https:\/\/api.w.org\/{rel}","templated":true}]}}