{"id":54685,"date":"2025-02-06T19:36:19","date_gmt":"2025-02-06T18:36:19","guid":{"rendered":"https:\/\/www.invarena.cz\/?p=54685"},"modified":"2025-02-06T19:36:19","modified_gmt":"2025-02-06T18:36:19","slug":"popularita-senior-taxi-roste-take-ve-vsetine-sluzbu-uz-zajistuji-dva-automobily","status":"publish","type":"post","link":"https:\/\/www.invarena.cz\/?p=54685","title":{"rendered":"Popularita senior taxi roste tak\u00e9 ve Vset\u00edn\u011b, slu\u017ebu u\u017e zaji\u0161\u0165uj\u00ed dva automobily"},"content":{"rendered":"\n<p>P\u0159es hranici 39 tis\u00edc se za \u0161est a p\u016fl roku, po kter\u00e9 ve Vset\u00edn\u011b funguje slu\u017eba senior taxi, p\u0159ehoupl celkov\u00fd po\u010det uskute\u010dn\u011bn\u00fdch j\u00edzd. I d\u00edky rostouc\u00edmu z\u00e1jmu o slu\u017ebu roz\u0161\u00ed\u0159ila tamn\u00ed radnice jej\u00ed rozsah. Od po\u010d\u00e1tku lo\u0148sk\u00e9ho l\u00e9ta tak v dopoledn\u00edch hodin\u00e1ch b\u011bhem pracovn\u00edch dn\u016f zaji\u0161\u0165uj\u00ed senior taxi ve m\u011bst\u011b u\u017e dv\u011b vozidla.<\/p>\n\n\n\n<p>Slu\u017eba senior taxi, kter\u00e1 je sou\u010d\u00e1st\u00ed projektu Vset\u00ednsk\u00fd senior, je ur\u010dena ob\u010dan\u016fm Vset\u00edna ve v\u011bku 65 let a star\u0161\u00edm \u010di dr\u017eitel\u016fm pr\u016fkaz\u016f ZTP a ZTP\/P. \u201eV hornat\u00e9m \u00fazem\u00ed na\u0161eho m\u011bsta s \u0159adou h\u016f\u0159e dostupn\u00fdch lokalit jim m\u00e1 usnad\u0148ovat nap\u0159\u00edklad cesty k l\u00e9ka\u0159\u016fm, do l\u00e9k\u00e1rny, na n\u00e1kup, po\u0161tu \u010di \u00fa\u0159ady,\u201c p\u0159ipom\u00edn\u00e1 mluv\u010d\u00ed vset\u00ednsk\u00e9 radnice Jana Raszkov\u00e1.<\/p>\n\n\n\n<p>Z\u00e1jemci o slu\u017ebu se mus\u00ed nejprve registrovat na odboru soci\u00e1ln\u00edch v\u011bc\u00ed m\u011bstsk\u00e9ho \u00fa\u0159adu. Na po\u010dk\u00e1n\u00ed zde obdr\u017e\u00ed speci\u00e1ln\u00ed pr\u016fkaz s eviden\u010dn\u00edm \u010d\u00edslem, jm\u00e9nem u\u017eivatele a tak\u00e9 telefonn\u00edm kontaktem na poskytovatele slu\u017eby.<\/p>\n\n\n\n<p>V lo\u0148sk\u00e9m roce absolvovali Vset\u00ed\u0148an\u00e9 vozem senior taxi v\u00edce ne\u017e deset tis\u00edc j\u00edzd, po\u010det dr\u017eitel\u016f pr\u016fkazu se p\u0159ehoupl p\u0159es 2400.<\/p>\n\n\n\n<p>\u201eStejn\u011b jako v minulosti plat\u00ed, \u017ee ka\u017ed\u00fd dr\u017eitel m\u016f\u017ee uskute\u010dnit maxim\u00e1ln\u011b osm j\u00edzd za m\u011bs\u00edc o libovoln\u00e9 d\u00e9lce, ov\u0161em pouze na \u00fazem\u00ed Vset\u00edna,\u201c up\u0159esnil m\u00edstostarosta Ji\u0159\u00ed R\u016f\u017ei\u010dka (KDU-\u010cSL).<\/p>\n\n\n\n<p>Za ka\u017edou j\u00edzdu zaplat\u00ed cestuj\u00edc\u00ed p\u0159\u00edmo \u0159idi\u010di fixn\u00ed \u010d\u00e1stku 25 korun. Zb\u00fdvaj\u00edc\u00ed n\u00e1klady pak dofinancuje m\u011bsto ze sv\u00e9ho rozpo\u010dtu.<\/p>\n\n\n\n<p>J\u00edzdu je nutn\u00e9 si p\u0159edem objednat na telefonn\u00edm \u010d\u00edsle provozovatele 778 779 710, a to v pracovn\u00ed dny od 6.30 do 17 hodin a o v\u00edkendech od 6.30 do 12 hodin.<\/p>\n\n\n\n<p>Z\u00e1jem o senior taxi ve Vset\u00edn\u011b roste, od lo\u0148sk\u00e9ho l\u00e9ta se proto m\u011bsto rozhodlo zabezpe\u010dovat ji dv\u011bma automobily. \u201eD\u00edky nav\u00fd\u0161en\u00ed po\u010dtu vozidel stoupl pr\u016fm\u011brn\u00fd m\u011bs\u00ed\u010dn\u00ed po\u010det j\u00edzd z 660 na 850 a pr\u016fm\u011brn\u00fd m\u011bs\u00ed\u010dn\u00ed n\u00e1jezd z 2 000 na 2 800 kilometr\u016f. Nejvyt\u00ed\u017een\u011bj\u0161\u00ed je tato slu\u017eba r\u00e1no od p\u016fl sedm\u00e9 do p\u016fl jeden\u00e1ct\u00e9,\u201c doplnil m\u00edstostarosta.<\/p>\n\n\n\n<p>Podle jeho dal\u0161\u00ed slov m\u011bsto vloni na senior taxi dopl\u00e1celo 1,42 milionu korun. V rozpo\u010dtu na rok leto\u0161n\u00ed je na ni vy\u010dlen\u011bno 2,05 milionu korun.<\/p>\n\n\n\n<p>Michal Burda<\/p>\n\n\n\n<p>Vala\u0161sk\u00fd den\u00edk<\/p>\n\n\n\n<p><a href=\"https:\/\/valassky.denik.cz\" target=\"_blank\" rel=\"noreferrer noopener\">https:\/\/valassky.denik.cz<\/a><\/p>\n","protected":false},"excerpt":{"rendered":"<div class=\"mh-excerpt\"><p>P\u0159es hranici 39 tis\u00edc se za \u0161est a p\u016fl roku, po kter\u00e9 ve Vset\u00edn\u011b funguje slu\u017eba senior taxi, p\u0159ehoupl celkov\u00fd po\u010det uskute\u010dn\u011bn\u00fdch j\u00edzd. I d\u00edky <a class=\"mh-excerpt-more\" href=\"https:\/\/www.invarena.cz\/?p=54685\" title=\"Popularita senior taxi roste tak\u00e9 ve Vset\u00edn\u011b, slu\u017ebu u\u017e zaji\u0161\u0165uj\u00ed dva automobily\">[&#8230;]<\/a><\/p>\n<\/div>","protected":false},"author":1,"featured_media":13421,"comment_status":"open","ping_status":"closed","sticky":false,"template":"","format":"standard","meta":{"footnotes":""},"categories":[9],"tags":[],"class_list":["post-54685","post","type-post","status-publish","format-standard","has-post-thumbnail","hentry","category-zpravy"],"_links":{"self":[{"href":"https:\/\/www.invarena.cz\/index.php?rest_route=\/wp\/v2\/posts\/54685","targetHints":{"allow":["GET"]}}],"collection":[{"href":"https:\/\/www.invarena.cz\/index.php?rest_route=\/wp\/v2\/posts"}],"about":[{"href":"https:\/\/www.invarena.cz\/index.php?rest_route=\/wp\/v2\/types\/post"}],"author":[{"embeddable":true,"href":"https:\/\/www.invarena.cz\/index.php?rest_route=\/wp\/v2\/users\/1"}],"replies":[{"embeddable":true,"href":"https:\/\/www.invarena.cz\/index.php?rest_route=%2Fwp%2Fv2%2Fcomments&post=54685"}],"version-history":[{"count":0,"href":"https:\/\/www.invarena.cz\/index.php?rest_route=\/wp\/v2\/posts\/54685\/revisions"}],"wp:featuredmedia":[{"embeddable":true,"href":"https:\/\/www.invarena.cz\/index.php?rest_route=\/wp\/v2\/media\/13421"}],"wp:attachment":[{"href":"https:\/\/www.invarena.cz\/index.php?rest_route=%2Fwp%2Fv2%2Fmedia&parent=54685"}],"wp:term":[{"taxonomy":"category","embeddable":true,"href":"https:\/\/www.invarena.cz\/index.php?rest_route=%2Fwp%2Fv2%2Fcategories&post=54685"},{"taxonomy":"post_tag","embeddable":true,"href":"https:\/\/www.invarena.cz\/index.php?rest_route=%2Fwp%2Fv2%2Ftags&post=54685"}],"curies":[{"name":"wp","href":"https:\/\/api.w.org\/{rel}","templated":true}]}}