{"id":54703,"date":"2025-02-08T04:02:49","date_gmt":"2025-02-08T03:02:49","guid":{"rendered":"https:\/\/www.invarena.cz\/?p=54703"},"modified":"2025-02-08T04:04:06","modified_gmt":"2025-02-08T03:04:06","slug":"vyssi-pocet-uredniku-ve-statni-sprave","status":"publish","type":"post","link":"https:\/\/www.invarena.cz\/?p=54703","title":{"rendered":"Kv\u016fli EU se budou nab\u00edrat \u00fa\u0159edn\u00edci\u00a0\u00a0"},"content":{"rendered":"\n<p>\u010cT 1\u00a0&#8211; Ud\u00e1losti<br \/><br \/>O 200 \u00fa\u0159edn\u00edk\u016f v\u00edc. St\u00e1tn\u00ed spr\u00e1va se proti lo\u0148sku rozr\u016fst\u00e1. Celkem se v n\u00ed letos po\u010d\u00edt\u00e1 se 73 500 m\u00edst.<br \/>Schv\u00e1lila to vl\u00e1da, premi\u00e9r a minist\u0159i argumentuj\u00ed t\u00edm, \u017ee nov\u00ed zam\u011bstnanci jsou pot\u0159eba kv\u016fli \u010derp\u00e1n\u00ed pen\u011bz z Evropsk\u00e9 unie. Na \u00fa\u0159ednick\u00e9 platy letos st\u00e1t pl\u00e1nuje vydat skoro 40 miliard korun.<br \/><br \/>Pavel Bla\u017eek, ministr spravedlnosti \/ODS\/<br \/>&#8212;&#8212;&#8212;&#8212;&#8212;&#8212;&#8211;<br \/>Podle z\u00e1sluh a funkc\u00ed.<br \/><br \/>redaktor \u010cT<br \/>&#8212;&#8212;&#8212;&#8212;&#8212;&#8212;&#8211;<br \/>Strakova akademie. Krom\u011b 16 \u010dlen\u016f Fialova t\u00fdmu, kte\u0159\u00ed sem chod\u00ed t\u00e9m\u011b\u0159 ka\u017edou st\u0159edu na pravideln\u00e9 zased\u00e1n\u00ed kabinetu, m\u00e1 letos pracovat pro \u00fa\u0159ad vl\u00e1dy 590 lid\u00ed, o 11 v\u00edc ne\u017e loni. N\u011bkolik des\u00edtek \u00fa\u0159edn\u00edk\u016f nav\u00edc cht\u011bj\u00ed letos nabrat i ministerstva spravedlnosti, pr\u00e1ce a soci\u00e1ln\u00edch v\u011bc\u00ed, financ\u00ed nebo vnitra. Naopak resorty dopravy \u010di zahrani\u010dn\u00edch v\u011bc\u00ed hodlaj\u00ed po\u010dty sv\u00fdch \u00fa\u0159edn\u00edk\u016f m\u00edrn\u011b sn\u00ed\u017eit. Celkem m\u00e1 letos p\u0159ib\u00fdt ve st\u00e1tn\u00ed spr\u00e1v\u011b 205 m\u00edst.<br \/><br \/>Petr Fiala, premi\u00e9r, p\u0159edseda strany \/ODS\/<br \/>&#8212;&#8212;&#8212;&#8212;&#8212;&#8212;&#8211;<br \/>Tady to nav\u00fd\u0161en\u00ed se t\u00fdk\u00e1 n\u011bkter\u00fdch evropsk\u00fdch projekt\u016f a jejich obsluhy a jsou to lid\u00e9, kte\u0159\u00ed jsou placeni z evropsk\u00fdch pen\u011bz.<br \/><br \/>V\u00edt Raku\u0161an, 1. vicepremi\u00e9r, ministr vnitra, p\u0159edseda hnut\u00ed \/STAN\/<br \/>&#8212;&#8212;&#8212;&#8212;&#8212;&#8212;&#8211;<br \/>V tomhle roce bude zah\u00e1jeno n\u011bkolik projekt\u016f, p\u0159edev\u0161\u00edm z N\u00e1rodn\u00edho pl\u00e1nu obnovy, kde mo\u017en\u00e1 n\u011bjak\u00e1 pracovn\u00ed m\u00edsta vzniknou.<br \/><br \/>Marian Jure\u010dka, vicepremi\u00e9r,\u00a0<strong>ministr<\/strong>\u00a0<strong>pr\u00e1ce<\/strong>\u00a0a soci\u00e1ln\u00edch v\u011bc\u00ed \/KDU-\u010cSL\/<br \/>&#8212;&#8212;&#8212;&#8212;&#8212;&#8212;&#8211;<br \/>Od 1. ledna leto\u0161n\u00edho roku jsme z\u016fstali plus minus na stejn\u00fdch \u010d\u00edslech. Ale po\u010d\u00edt\u00e1 s t\u00edm, \u017ee zhruba kolem pololet\u00ed provedeme sn\u00ed\u017een\u00ed o dal\u0161\u00edch zhruba 500 lid\u00ed.<br \/><br \/>redaktor \u010cT<br \/>&#8212;&#8212;&#8212;&#8212;&#8212;&#8212;&#8211;<br \/>Od vzniku Fialovy vl\u00e1dy poklesl po\u010det \u00fa\u0159ednick\u00fdch post\u016f z necel\u00fdch 76 500 na 73 500, tedy o t\u00e9m\u011b\u0159 t\u0159i tis\u00edcovky. Kabinet tak celkem se\u0161krtal t\u00e9m\u011b\u0159 4 % m\u00edst pro \u00fa\u0159edn\u00edky. Nap\u0159\u00edklad loni v lednu poklesl jejich po\u010det oproti p\u0159edchoz\u00edmu roku o 2300. St\u00e1t d\u00edky tomu u\u0161et\u0159il zhruba 300 000 000. Podle opozi\u010dn\u00edch hnut\u00ed je to m\u00e1lo. P\u0159ipom\u00ednaj\u00ed, \u017ee t\u0159eba koalice Spolu p\u0159ed volbami slibovala, \u017ee sn\u00ed\u017e\u00ed po\u010det \u00fa\u0159edn\u00edk\u016f o 13 %.<br \/><br \/>Radim Fiala, p\u0159edseda poslaneck\u00e9ho klubu, m\u00edstop\u0159edseda hnut\u00ed \/SPD\/<br \/>&#8212;&#8212;&#8212;&#8212;&#8212;&#8212;&#8211;<br \/>Tato vl\u00e1da se bila v prsa, ne\u017e se dostala na \u00da\u0159ad vl\u00e1dy, \u017ee bude \u0161et\u0159it pr\u00e1v\u011b na v\u00fddaj\u00edch. A jedn\u00edm z velk\u00fdch v\u00fddaj\u016f z \u010desk\u00e9ho st\u00e1tn\u00edho rozpo\u010dtu jsou pr\u00e1v\u011b v\u00fddaje na st\u00e1tn\u00ed apar\u00e1t a je evidentn\u00ed, \u017ee to prost\u011b neud\u011blali.<br \/><br \/>Alena Schillerov\u00e1, p\u0159edsedkyn\u011b poslaneck\u00e9ho klubu, m\u00edstop\u0159edsedkyn\u011b hnut\u00ed \/ANO\/<br \/>&#8212;&#8212;&#8212;&#8212;&#8212;&#8212;&#8211;<br \/>Abyste mohl sni\u017eovat po\u010dty m\u00edst ve ve\u0159ejn\u00e9 spr\u00e1v\u011b nebo ve st\u00e1tn\u00ed spr\u00e1v\u011b, bav\u00edme se o tom, mus\u00edte d\u016fsledn\u011b digitalizovat a mus\u00edte ru\u0161it agendy. Ani jedno se ned\u011bje.<br \/><br \/>Petr Fiala, premi\u00e9r, p\u0159edseda strany \/ODS\/<br \/>&#8212;&#8212;&#8212;&#8212;&#8212;&#8212;&#8211;<br \/>Po\u0159\u00e1d plat\u00ed, \u017ee je m\u00e9n\u011b \u00fa\u0159edn\u00edk\u016f placen\u00fdch ze st\u00e1tn\u00edho rozpo\u010dtu, ne\u017e kolik bylo na za\u010d\u00e1tku na\u0161\u00ed vl\u00e1dy.<br \/><br \/>redaktor \u010cT<br \/>&#8212;&#8212;&#8212;&#8212;&#8212;&#8212;&#8211;<br \/>Dal\u0161\u00ed v\u011bt\u0161\u00ed zm\u011bny v po\u010dtech st\u00e1tn\u00edch \u00fa\u0159edn\u00edk\u016f m\u016f\u017ee vl\u00e1da ud\u011blat zase na konci roku s platnost\u00ed od 1. ledna 2026. <\/p>\n\n\n\n<p> \u010cesk\u00e1 televize.<\/p>\n","protected":false},"excerpt":{"rendered":"<div class=\"mh-excerpt\"><p>\u010cT 1\u00a0&#8211; Ud\u00e1losti O 200 \u00fa\u0159edn\u00edk\u016f v\u00edc. St\u00e1tn\u00ed spr\u00e1va se proti lo\u0148sku rozr\u016fst\u00e1. Celkem se v n\u00ed letos po\u010d\u00edt\u00e1 se 73 500 m\u00edst.Schv\u00e1lila to vl\u00e1da, <a class=\"mh-excerpt-more\" href=\"https:\/\/www.invarena.cz\/?p=54703\" title=\"Kv\u016fli EU se budou nab\u00edrat \u00fa\u0159edn\u00edci\u00a0\u00a0\">[&#8230;]<\/a><\/p>\n<\/div>","protected":false},"author":1,"featured_media":18086,"comment_status":"open","ping_status":"closed","sticky":false,"template":"","format":"standard","meta":{"footnotes":""},"categories":[9],"tags":[],"class_list":["post-54703","post","type-post","status-publish","format-standard","has-post-thumbnail","hentry","category-zpravy"],"_links":{"self":[{"href":"https:\/\/www.invarena.cz\/index.php?rest_route=\/wp\/v2\/posts\/54703","targetHints":{"allow":["GET"]}}],"collection":[{"href":"https:\/\/www.invarena.cz\/index.php?rest_route=\/wp\/v2\/posts"}],"about":[{"href":"https:\/\/www.invarena.cz\/index.php?rest_route=\/wp\/v2\/types\/post"}],"author":[{"embeddable":true,"href":"https:\/\/www.invarena.cz\/index.php?rest_route=\/wp\/v2\/users\/1"}],"replies":[{"embeddable":true,"href":"https:\/\/www.invarena.cz\/index.php?rest_route=%2Fwp%2Fv2%2Fcomments&post=54703"}],"version-history":[{"count":0,"href":"https:\/\/www.invarena.cz\/index.php?rest_route=\/wp\/v2\/posts\/54703\/revisions"}],"wp:featuredmedia":[{"embeddable":true,"href":"https:\/\/www.invarena.cz\/index.php?rest_route=\/wp\/v2\/media\/18086"}],"wp:attachment":[{"href":"https:\/\/www.invarena.cz\/index.php?rest_route=%2Fwp%2Fv2%2Fmedia&parent=54703"}],"wp:term":[{"taxonomy":"category","embeddable":true,"href":"https:\/\/www.invarena.cz\/index.php?rest_route=%2Fwp%2Fv2%2Fcategories&post=54703"},{"taxonomy":"post_tag","embeddable":true,"href":"https:\/\/www.invarena.cz\/index.php?rest_route=%2Fwp%2Fv2%2Ftags&post=54703"}],"curies":[{"name":"wp","href":"https:\/\/api.w.org\/{rel}","templated":true}]}}