{"id":54707,"date":"2025-02-08T07:49:25","date_gmt":"2025-02-08T06:49:25","guid":{"rendered":"https:\/\/www.invarena.cz\/?p=54707"},"modified":"2025-02-08T07:49:26","modified_gmt":"2025-02-08T06:49:26","slug":"invalida-je-bez-nohou-i-bez-prispevku","status":"publish","type":"post","link":"https:\/\/www.invarena.cz\/?p=54707","title":{"rendered":"Invalida je bez nohou i bez p\u0159\u00edsp\u011bvku\u00a0\u00a0"},"content":{"rendered":"\n<p>NOVA\u00a0&#8211; Televizn\u00ed noviny<br \/><br \/>V \u010cesku p\u0159ib\u00fdv\u00e1 p\u0159\u00edpad\u016f, kdy posudkov\u00ed l\u00e9ka\u0159i p\u0159e\u0159azuj\u00ed nemocn\u00e9 nebo handicapovan\u00e9 lidi do ni\u017e\u0161\u00edch kategori\u00ed\u00a0<strong>posti\u017een\u00ed<\/strong>\u00a0a ti pak dost\u00e1vaj\u00ed m\u00e9n\u011b pen\u011bz.<br \/><br \/>Pro v\u011bt\u0161inu takov\u00fdch lid\u00ed nap\u0159\u00edklad po z\u00e1va\u017en\u00fdch \u00farazech je p\u0159itom p\u0159\u00edsp\u011bvek na p\u00e9\u010di od st\u00e1tu naprosto z\u00e1sadn\u00ed, stejn\u011b jako pro b\u00fdval\u00e9ho \u0159idi\u010de kamionu z Prahy.<br \/><br \/>Panu Jaroslavu Pokorn\u00e9mu je 66. P\u0159ed \u010dty\u0159mi lety p\u0159i\u0161el o pravou nohu. O rok pozd\u011bji mu l\u00e9ka\u0159i amputovali i druhou.<br \/><br \/>Jaroslav Pokorn\u00fd,\u00a0<strong>zdravotn\u011b<\/strong>\u00a0<strong>posti\u017een\u00fd<\/strong><br \/>&#8212;&#8212;&#8212;&#8212;&#8212;&#8212;&#8211;<br \/>Dostal jsem gangr\u00e9nu. Kopl jsem se do \u0161tafl\u00ed a jako ka\u017ed\u00fd chlap se na to vyka\u0161le, byla tam te\u010dka prost\u011b, no. Za rok a p\u016fl, za rok mi z\u010dernal prst a u\u0159\u00edzli mi ho. A po p\u016flroce mi z\u010dernala cel\u00e1 noha.<br \/><br \/> redaktorka<br \/>&#8212;&#8212;&#8212;&#8212;&#8212;&#8212;&#8211;<br \/>S prot\u00e9zami \u017eije u\u017e t\u0159et\u00ed rok, te\u010f \u0159e\u0161\u00ed dal\u0161\u00ed probl\u00e9m. Dosud toti\u017e kv\u016fli sv\u00e9mu \u00farazu spadal do t\u0159et\u00ed kategorie a dost\u00e1val m\u011bs\u00ed\u010dn\u011b 14 800 K\u010d. Jen\u017ee od 1. \u010dervence 2024 plat\u00ed novela z\u00e1kona, podle kter\u00e9ho p\u0159e\u0159adili do jin\u00e9 kategorie a m\u00e1 dost\u00e1vat m\u011bs\u00ed\u010dn\u011b o t\u00e9m\u011b\u0159 10 000 m\u00e9n\u011b.<br \/><br \/>Jaroslav Pokorn\u00fd,\u00a0<strong>zdravotn\u011b<\/strong>\u00a0<strong>posti\u017een\u00fd<\/strong><br \/>&#8212;&#8212;&#8212;&#8212;&#8212;&#8212;&#8211;<br \/>Mn\u011b to poslali na datov\u00fd schr\u00e1nky. &#8222;Jste pohyblivej.&#8220;<br \/><br \/>redaktorka<br \/>&#8212;&#8212;&#8212;&#8212;&#8212;&#8212;&#8211;<br \/>Pe\u010duje o n\u011bj man\u017eelka. O\u0161et\u0159ovatelku si nem\u016f\u017ee dovolit. Kolik pen\u011bz osoba dostane, z\u00e1vis\u00ed na tom, jak zvl\u00e1d\u00e1 z\u00e1kladn\u00ed \u017eivotn\u00ed pot\u0159eby. T\u011bch je celkem 10. Pat\u0159\u00ed sem nap\u0159\u00edklad obl\u00e9k\u00e1n\u00ed a obouv\u00e1n\u00ed, stravov\u00e1n\u00ed anebo p\u00e9\u010de o zdrav\u00ed. \u017divot se jim oto\u010dil vzh\u016fru nohama. Museli p\u0159ed\u011blat byt, aby byl vhodn\u00fd pro handicapovan\u00e9ho. Man\u017eelka pana Jaroslava musela skon\u010dit v pr\u00e1ci, aby se o n\u011bj mohla starat.<br \/><br \/>Martina Pokorn\u00e1, man\u017eelka pana Jaroslava<br \/>&#8212;&#8212;&#8212;&#8212;&#8212;&#8212;&#8211;<br \/>Jsem byla prost\u011b hospitalizovan\u00e1 v nemocnici. Dote\u010fka prost\u011b jsem na tom psychicky \u0161patn\u011b, beru l\u00e9ky, jsem na\u00a0<strong>invalidn\u00edm<\/strong>\u00a0d\u016fchodu a star\u00e1m se o man\u017eela. Kdy\u017e p\u0159i\u0161el o tu prvn\u00ed nohu, tak j\u00e1 jsem ho vlastn\u011b koupala hnedka na posteli, to prost\u011b ne\u0161lo. V\u0161echna hygiena byla na m\u011b.<br \/><br \/>Jaroslav Pokorn\u00fd,\u00a0<strong>zdravotn\u011b<\/strong>\u00a0<strong>posti\u017een\u00fd<\/strong><br \/>&#8212;&#8212;&#8212;&#8212;&#8212;&#8212;&#8211;<br \/>M\u00e1me novou koupelnu, m\u00e1m tam takovou lavi\u010dku z N\u011bmecka, \u017ee si tam sednu, sund\u00e1m prot\u00e9zy, vykoupu se a nand\u00e1m si prot\u00e9zy. Man\u017eelka mus\u00ed p\u0159ij\u00edt, podat mi ruku. Jsem celej \u017eivot hr\u00e1l nohejbal, boxoval jsem, vzp\u00edral jsem, hr\u00e1l jsem tenis, v\u0161echno jsem d\u011blal, ale te\u010f u\u017e nejde nic. Na \u00fa\u0159ad\u011b mi \u0159ekli, \u017ee to je kosmetick\u00e1 vada, \u017ee m\u00e1m berle, \u017ee m\u00e1m prot\u00e9zy a: &#8222;Chod\u00edte? Chod\u00edte.&#8220;<br \/><br \/> redaktorka<br \/>&#8212;&#8212;&#8212;&#8212;&#8212;&#8212;&#8211;<br \/>Jestli byl postup \u00fa\u0159edn\u00edk\u016f, kte\u0159\u00ed rozhodli o zm\u011bn\u011b za\u0159azen\u00ed a v\u00fd\u0161i p\u0159\u00edsp\u011bvku pro pana Pokorn\u00e9ho, v po\u0159\u00e1dku, jsme se vyrazili zeptat\u00a0<strong>ministra<\/strong>\u00a0<strong>pr\u00e1ce<\/strong>\u00a0a soci\u00e1ln\u00edch v\u011bc\u00ed.<br \/><br \/>Marian Jure\u010dka,\u00a0<strong>ministr<\/strong>\u00a0<strong>pr\u00e1ce<\/strong>\u00a0a soci\u00e1ln\u00edch v\u011bc\u00ed \/KDU-\u010cSL\/<br \/>&#8212;&#8212;&#8212;&#8212;&#8212;&#8212;&#8211;<br \/>Mn\u011b to na prvn\u00ed dobrou v po\u0159\u00e1dku nep\u0159ijde, ale samoz\u0159ejm\u011b pokud ten \u010dlov\u011bk se n\u00e1s obr\u00e1t\u00ed z hlediska p\u0159ezkumu takov\u00e9hoto rozhodnut\u00ed, jsme p\u0159ipraveni ten p\u0159ezkum logicky ud\u011blat.<br \/><br \/>Jaroslav Pokorn\u00fd,\u00a0<strong>zdravotn\u011b<\/strong>\u00a0<strong>posti\u017een\u00fd<\/strong><br \/>&#8212;&#8212;&#8212;&#8212;&#8212;&#8212;&#8211;<br \/>M\u016f\u017eu v\u00e1m \u0159\u00edct, \u017ee jsem to cht\u011bl ukon\u010dit. A d\u00edky d\u011btem, kter\u00fd \u0159ekly &#8222;m\u00e1\u0161 n\u00e1s tady&#8220;, tak jsem se sem vr\u00e1til.<br \/><br \/>redaktorka<br \/>&#8212;&#8212;&#8212;&#8212;&#8212;&#8212;&#8211;<br \/>Jestli \u00fa\u0159ady panu Pokorn\u00e9mu vyhov\u00ed, zat\u00edm nen\u00ed jasn\u00e9. <br \/>P\u0159\u00edb\u011bh pana Pokorn\u00e9ho rozhodn\u011b nen\u00ed ojedin\u011bl\u00fd. Podle N\u00e1rodn\u00ed rady osob se zdravotn\u00edm posti\u017een\u00edm p\u0159ibylo podobn\u00fdch p\u0159\u00edpad\u016f, kdy \u00fa\u0159ady rozhodly o sn\u00ed\u017een\u00ed finan\u010dn\u00edch p\u0159\u00edsp\u011bvk\u016f\u00a0<strong>posti\u017een\u00fdm<\/strong>, o v\u00edce ne\u017e 10 %.<br \/><br \/>Odebran\u00e9 finance \u2013 to je nej\u010dast\u011bj\u0161\u00ed probl\u00e9m, kter\u00fd organizace pracuj\u00edc\u00ed s osobami se zdravotn\u00edm posti\u017een\u00edm, se sv\u00fdmi klienty \u0159e\u0161\u00ed.<br \/><br \/>V\u00e1clav Kr\u00e1sa, p\u0159edseda N\u00e1rodn\u00ed rady osob se zdravotn\u00edm posti\u017een\u00edm<br \/>&#8212;&#8212;&#8212;&#8212;&#8212;&#8212;&#8211;<br \/>To je opravdu dneska, \u0159ekl bych, u\u017e lavina. My se s t\u00edm setk\u00e1v\u00e1me opravdu \u010dasto, \u017ee posudkov\u00ed l\u00e9ka\u0159i sni\u017euj\u00ed stupe\u0148 p\u0159\u00edsp\u011bvku na p\u00e9\u010di nebo m\u00edru invalidity, ani\u017e by k tomu oprav\u0148oval zlep\u0161en\u00fd zdravotn\u00ed stav.<br \/><br \/>redaktorka<br \/>&#8212;&#8212;&#8212;&#8212;&#8212;&#8212;&#8211;<br \/>Velk\u00e9 po\u010dty p\u0159\u00edpad\u016f, kdy \u00fa\u0159ady rozhodly o odebr\u00e1n\u00ed financ\u00ed t\u011blesn\u011b\u00a0<strong>posti\u017een\u00fdm<\/strong>, \u0159e\u0161\u00ed nap\u0159\u00edklad i v Asociaci paraplegik\u016f. M\u011bs\u00ed\u010dn\u011b jsou jich des\u00edtky. Jejich n\u00e1r\u016fst poci\u0165uj\u00ed od l\u00e9ta a spojuj\u00ed to s valorizac\u00ed p\u0159\u00edsp\u011bvku na p\u00e9\u010di.<br \/><br \/>Hana Sixtov\u00e1, \u010cesk\u00e1 asociace paraplegik\u016f, soci\u00e1ln\u00ed pracovnice<br \/>&#8212;&#8212;&#8212;&#8212;&#8212;&#8212;&#8211;<br \/>Tro\u0161ku n\u00e1m p\u0159ipad\u00e1, jako kdyby n\u011bkde na pozad\u00ed byl n\u011bjak\u00fd pokyn, \u017ee je pot\u0159eba n\u011bkde ty finance u\u0161et\u0159it.<br \/><br \/> redaktorka<br \/>&#8212;&#8212;&#8212;&#8212;&#8212;&#8212;&#8211;<br \/>Podle N\u00e1rodn\u00ed rady osob se zdravotn\u00edm posti\u017een\u00edm za velkou m\u00edrou takov\u00fdch p\u0159\u00edpad\u016f stoj\u00ed p\u0159edev\u0161\u00edm nefunk\u010dn\u00ed syst\u00e9m posudkov\u00fdch l\u00e9ka\u0159\u016f.<br \/><br \/>V\u00e1clav Kr\u00e1sa, p\u0159edseda N\u00e1rodn\u00ed rady osob se zdravotn\u00edm posti\u017een\u00edm<br \/>&#8212;&#8212;&#8212;&#8212;&#8212;&#8212;&#8211;<br \/>Je velk\u00fd nedotatek posudkov\u00fdch l\u00e9ka\u0159\u016f. Je tam mnoho p\u0159est\u00e1l\u00fdch posuzovatel\u016f, posudkov\u00fdch l\u00e9ka\u0159\u016f, kte\u0159\u00ed v\u00edcem\u00e9n\u011b d\u011blaj\u00ed pouze administrativn\u00ed pr\u00e1ci. On toho \u010dlov\u011bka nikdy nevid\u00ed. V\u017edycky je to jenom na z\u00e1klad\u011b n\u011bjak\u00fdch podklad\u016f od l\u00e9ka\u0159\u016f. To je nep\u0159\u00edpustn\u00fd.<br \/><br \/>redaktorka<br \/>&#8212;&#8212;&#8212;&#8212;&#8212;&#8212;&#8211;<br \/>V probl\u00e9mech se ale \u010dasto ocitaj\u00ed i lid\u00e9, kte\u0159\u00ed o finance \u017e\u00e1daj\u00ed poprv\u00e9. \u010casto je \u00fa\u0159ady nech\u00e1vaj\u00ed \u010dekat. Takov\u00fd byl i p\u0159\u00edpad pana Kuruze p\u016fvodem ze Slovenska, na kter\u00fd p\u0159ed zhruba rokem upozornil po\u0159ad Na va\u0161\u00ed stran\u011b. Po \u010dty\u0159ech operac\u00edch t\u00e9m\u011b\u0159 p\u0159estal chodit. Na to, ne\u017e \u010desk\u00e9 \u00fa\u0159ady s t\u011bmi slovensk\u00fdmi vy\u0159e\u0161ily p\u0159izn\u00e1n\u00ed\u00a0<strong>invalidn\u00edho<\/strong>\u00a0d\u016fchodu, \u010dekal d\u00e9le ne\u017e rok. Takhle se tehdy du\u0161oval ministr Jure\u010dka, \u017ee syst\u00e9m u\u017e napravuje.<br \/><br \/>Marian Jure\u010dka,\u00a0<strong>ministr<\/strong>\u00a0<strong>pr\u00e1ce<\/strong>\u00a0a soci\u00e1ln\u00edch v\u011bc\u00ed \/KDU-\u010cSL\/<br \/>&#8212;&#8212;&#8212;&#8212;&#8212;&#8212;&#8211;<br \/>Te\u010f opravdu jako velmi d\u016fsledn\u011b vy\u017eadujeme po \u010desk\u00e9 spr\u00e1v\u011b, aby toto dok\u00e1zaly eliminovat, \u017ee se takov\u00e9to chyby nest\u00e1valy.<br \/><br \/>redaktorka<br \/>&#8212;&#8212;&#8212;&#8212;&#8212;&#8212;&#8211;<br \/>Jen\u017ee jak data organizac\u00ed pracuj\u00edc\u00ed se\u00a0<strong>zdravotn\u011b<\/strong>\u00a0<strong>posti\u017een\u00fdmi<\/strong>\u00a0dokazuj\u00ed, t\u011bchto p\u0159\u00edpad\u016f naopak p\u0159ibylo. <br \/>No, a na to, pro\u010d t\u011bchto p\u0159\u00edpad\u016f neubylo, ale naopak je jich st\u00e1le v\u00edc, jsme se samoz\u0159ejm\u011b zeptali ministra Jure\u010dky. A to mimo jin\u00e9 i v po\u0159adu Kulo\u00e1ry Nap\u0159\u00edmo.<br \/><br \/>Marian Jure\u010dka,\u00a0<strong>ministr<\/strong>\u00a0<strong>pr\u00e1ce<\/strong>\u00a0a soci\u00e1ln\u00edch v\u011bc\u00ed, vicepremi\u00e9r \/KDU-\u010cSL\/<br \/>&#8212;&#8212;&#8212;&#8212;&#8212;&#8212;&#8211;<br \/>M\u00e1me dlouh\u00e9 roky. Probl\u00e9m je v tom, jak spr\u00e1vn\u011b stanovujeme jak p\u0159\u00edsp\u011bvek na p\u00e9\u010di, tak i posouzen\u00ed invalidity. Proto d\u011bl\u00e1m te\u010f velkou zm\u011bnu. Je to novela, kter\u00e1 u\u017e je te\u010f v Poslaneck\u00e9 sn\u011bmovn\u011b, kterou dokon\u010d\u00edme a kter\u00e1 uprav\u00ed cel\u00fd ten syst\u00e9m posuzov\u00e1n\u00ed osob se zdravotn\u00edm posti\u017een\u00edm, abychom t\u0159eba excesivn\u00edm p\u0159\u00edpad\u016fm zabr\u00e1nili, abychom to dok\u00e1zali daleko zrychlit, ten proces, proto\u017ee dneska je fakt i dlouh\u00fd, a aby to d\u011blala jedna instituce.<br \/><br \/> redaktorka<br \/>&#8212;&#8212;&#8212;&#8212;&#8212;&#8212;&#8211;<br \/>A co by ministr vzk\u00e1zal t\u011bm, kte\u0159\u00ed pot\u0159ebuj\u00ed, aby pro n\u011b syst\u00e9m fungoval u\u017e dnes a posudkov\u00fd l\u00e9ka\u0159 se m\u00edsto setk\u00e1n\u00ed s nimi zaob\u00edral jen pap\u00edry?<br \/><br \/>Marian Jure\u010dka,\u00a0<strong>ministr<\/strong>\u00a0<strong>pr\u00e1ce<\/strong>\u00a0a soci\u00e1ln\u00edch v\u011bc\u00ed, vicepremi\u00e9r \/KDU-\u010cSL\/<br \/>&#8212;&#8212;&#8212;&#8212;&#8212;&#8212;&#8211;<br \/>P\u0159i tom p\u0159ezkumu m\u00e1 ten ob\u010dan pr\u00e1vo, aby u toho posouzen\u00ed, v tom p\u0159\u00edpad\u011b toho p\u0159ezkumu byl osobn\u011b, tak\u017ee je to samoz\u0159ejm\u011b jeho rozhodnut\u00ed, jestli tam chce p\u0159ij\u00edt osobn\u011b nebo nikoliv, a to pr\u00e1vo ten \u010dlov\u011bk m\u00e1.<br \/><br \/>redaktorka<br \/>&#8212;&#8212;&#8212;&#8212;&#8212;&#8212;&#8211;<br \/>\u017de by v\u0161ak \u00fa\u0159ady m\u011bly snahu \u0161et\u0159it a\u00a0<strong>zdravotn\u011b<\/strong>\u00a0<strong>posti\u017een\u00fdm<\/strong>\u00a0odeb\u00edrat finance kv\u016fli tomu, \u017ee po valorizaci p\u0159\u00edsp\u011bvku na p\u00e9\u010di na n\u011b musej\u00ed vynalo\u017eit celkov\u011b v\u011bt\u0161\u00ed \u010d\u00e1stky, ministr pop\u00edr\u00e1.<br \/><br \/>Marian Jure\u010dka,\u00a0<strong>ministr<\/strong>\u00a0<strong>pr\u00e1ce<\/strong>\u00a0a soci\u00e1ln\u00edch v\u011bc\u00ed, vicepremi\u00e9r \/KDU-\u010cSL\/<br \/>&#8212;&#8212;&#8212;&#8212;&#8212;&#8212;&#8211;<br \/>Je to naprost\u00fd nesmysl. \u017d\u00e1dn\u00e9 pokyny jsme nikdy nevydali k tomu, \u017ee by tady byla n\u011bjak\u00e1 restriktivn\u00ed politika. To, \u017ee opakovan\u011b vid\u00edme, \u017ee t\u0159eba doch\u00e1z\u00ed k pochyben\u00edm t\u00e9 l\u00e9ka\u0159sk\u00e9 posudkov\u00e9 slu\u017eby, to se d\u011bje, bohu\u017eel se to d\u011bje, ale samoz\u0159ejm\u011b j\u00e1 v\u017edycky \u0159\u00edk\u00e1m, kdy\u017e p\u0159ijde ke mn\u011b odvol\u00e1n\u00ed, j\u00e1 se opravdu sna\u017e\u00edm s tou na\u0161\u00ed p\u0159ezkumnou komis\u00ed opravdu pod\u00edvat se na to, jak to bylo posouzeno v t\u00e9 p\u0159edchoz\u00ed instanci a p\u0159\u00edpadn\u011b, kdy\u017e nevid\u00edme, \u017ee tam do\u0161lo k chyb\u00e1m, tak je napravovat.<br \/><br \/> redaktorka<br \/>&#8212;&#8212;&#8212;&#8212;&#8212;&#8212;&#8211;<br \/>Slibovan\u00e1 novela by podle ministra m\u011bla nap\u0159\u00edklad zkr\u00e1tit maxim\u00e1ln\u00ed dobu vy\u0159\u00edzen\u00ed \u017e\u00e1dost\u00ed\u00a0<strong>posti\u017een\u00fdch<\/strong>\u00a0o d\u00e1vky ze t\u0159\u00ed m\u011bs\u00edc\u016f na jeden. Stejn\u011b tak ministr slibuje, \u017ee by se m\u011bl nav\u00fd\u0161it po\u010det posudkov\u00fdch l\u00e9ka\u0159\u016f. P\u0159esto\u017ee z\u00e1kon v zasekan\u00e9 sn\u011bmovn\u011b \u010dekaj\u00ed je\u0161t\u011b dal\u0161\u00ed dv\u011b \u010dten\u00ed, Jure\u010dka si je jist\u00fd, \u017ee do voleb v\u0161e stihne. <\/p>\n\n\n\n<p><\/p>\n\n\n\n<p><\/p>\n","protected":false},"excerpt":{"rendered":"<div class=\"mh-excerpt\"><p>NOVA\u00a0&#8211; Televizn\u00ed noviny V \u010cesku p\u0159ib\u00fdv\u00e1 p\u0159\u00edpad\u016f, kdy posudkov\u00ed l\u00e9ka\u0159i p\u0159e\u0159azuj\u00ed nemocn\u00e9 nebo handicapovan\u00e9 lidi do ni\u017e\u0161\u00edch kategori\u00ed\u00a0posti\u017een\u00ed\u00a0a ti pak dost\u00e1vaj\u00ed m\u00e9n\u011b pen\u011bz. Pro v\u011bt\u0161inu <a class=\"mh-excerpt-more\" href=\"https:\/\/www.invarena.cz\/?p=54707\" title=\"Invalida je bez nohou i bez p\u0159\u00edsp\u011bvku\u00a0\u00a0\">[&#8230;]<\/a><\/p>\n<\/div>","protected":false},"author":1,"featured_media":15989,"comment_status":"open","ping_status":"closed","sticky":false,"template":"","format":"standard","meta":{"footnotes":""},"categories":[7],"tags":[],"class_list":["post-54707","post","type-post","status-publish","format-standard","has-post-thumbnail","hentry","category-spolecnost"],"_links":{"self":[{"href":"https:\/\/www.invarena.cz\/index.php?rest_route=\/wp\/v2\/posts\/54707","targetHints":{"allow":["GET"]}}],"collection":[{"href":"https:\/\/www.invarena.cz\/index.php?rest_route=\/wp\/v2\/posts"}],"about":[{"href":"https:\/\/www.invarena.cz\/index.php?rest_route=\/wp\/v2\/types\/post"}],"author":[{"embeddable":true,"href":"https:\/\/www.invarena.cz\/index.php?rest_route=\/wp\/v2\/users\/1"}],"replies":[{"embeddable":true,"href":"https:\/\/www.invarena.cz\/index.php?rest_route=%2Fwp%2Fv2%2Fcomments&post=54707"}],"version-history":[{"count":0,"href":"https:\/\/www.invarena.cz\/index.php?rest_route=\/wp\/v2\/posts\/54707\/revisions"}],"wp:featuredmedia":[{"embeddable":true,"href":"https:\/\/www.invarena.cz\/index.php?rest_route=\/wp\/v2\/media\/15989"}],"wp:attachment":[{"href":"https:\/\/www.invarena.cz\/index.php?rest_route=%2Fwp%2Fv2%2Fmedia&parent=54707"}],"wp:term":[{"taxonomy":"category","embeddable":true,"href":"https:\/\/www.invarena.cz\/index.php?rest_route=%2Fwp%2Fv2%2Fcategories&post=54707"},{"taxonomy":"post_tag","embeddable":true,"href":"https:\/\/www.invarena.cz\/index.php?rest_route=%2Fwp%2Fv2%2Ftags&post=54707"}],"curies":[{"name":"wp","href":"https:\/\/api.w.org\/{rel}","templated":true}]}}