{"id":54738,"date":"2025-02-10T06:35:37","date_gmt":"2025-02-10T05:35:37","guid":{"rendered":"https:\/\/www.invarena.cz\/?p=54738"},"modified":"2025-02-10T06:35:37","modified_gmt":"2025-02-10T05:35:37","slug":"snemovna-pracuje-na-doplneni-novely-o-tzv-superdavce","status":"publish","type":"post","link":"https:\/\/www.invarena.cz\/?p=54738","title":{"rendered":"Sn\u011bmovna pracuje na dopln\u011bn\u00ed novely o tzv. superd\u00e1vce\u00a0\u00a0"},"content":{"rendered":"\n<p>Radio\u017eurn\u00e1l&nbsp;<\/p>\n\n\n\n<p><br \/>Sn\u011bmovna pracuje na dopln\u011bn\u00ed novely o tzv. superd\u00e1vce. Ta po\u010d\u00edt\u00e1 se slou\u010den\u00edm \u010dty\u0159 soci\u00e1ln\u00edch d\u00e1vek do jedn\u00e9. N\u00e1vrhy na zm\u011bny budou poslanci p\u0159edkl\u00e1dat i p\u0159\u00ed\u0161t\u00ed t\u00fdden.<br \/><br \/>Marian Jure\u010dka,\u00a0<strong>ministr<\/strong>\u00a0<strong>pr\u00e1ce<\/strong>\u00a0a soci\u00e1ln\u00edch v\u011bc\u00ed, vicepremi\u00e9r \/KDU-\u010cSL\/<br \/>&#8212;&#8212;&#8212;&#8212;&#8212;&#8212;&#8211;<br \/>Ti, kte\u0159\u00ed dlouhodob\u011b nepracuj\u00ed, tak aby opravdu m\u011bli motivaci do t\u00e9 pr\u00e1ce j\u00edt.<br \/><br \/>redaktorka<br \/>&#8212;&#8212;&#8212;&#8212;&#8212;&#8212;&#8211;<br \/>Popsal\u00a0<strong>ministr<\/strong>\u00a0<strong>pr\u00e1ce<\/strong>\u00a0a soci\u00e1ln\u00edch v\u011bc\u00ed Marian Jure\u010dka z KDU-\u010cSL c\u00edl novely. Jeho stranick\u00fd kolega Ji\u0159\u00ed Navr\u00e1til ale upozornil na chyb\u011bj\u00edc\u00ed odhady v\u00fd\u0161e d\u00e1vek.<br \/><br \/>Ji\u0159\u00ed Navr\u00e1til, poslanec \/KDU-\u010cSL\/<br \/>&#8212;&#8212;&#8212;&#8212;&#8212;&#8212;&#8211;<br \/>Samoz\u0159ejm\u011b se \u010dek\u00e1 na tzv. kalkula\u010dku, kter\u00e1 bude \u0159\u00edkat lidem vlastn\u011b, na co budou m\u00edt n\u00e1rok a v jak\u00e9 v\u00fd\u0161i.<br \/><br \/>redaktorka<br \/>&#8212;&#8212;&#8212;&#8212;&#8212;&#8212;&#8211;<br \/>Podle novely by se v\u00edc posuzoval p\u0159\u00edjem a u v\u0161ech \u017eadatel\u016f i majetek. Lucie \u0160afr\u00e1nkov\u00e1 z SPD chce v\u00fdjimky pro rodiny s d\u011btmi do \u010dty\u0159 let.<br \/><br \/>Lucie \u0160afr\u00e1nkov\u00e1, poslankyn\u011b \/SPD\/<br \/>&#8212;&#8212;&#8212;&#8212;&#8212;&#8212;&#8211;<br \/>Aby nemusely prod\u00e1vat byt, zbavovat se sv\u00e9 nemovitosti.<br \/><br \/>redaktorka<br \/>&#8212;&#8212;&#8212;&#8212;&#8212;&#8212;&#8211;<br \/>Ministr Jure\u010dka m\u00e1 ambici prosadit zm\u011bny tak, aby platily od \u010dervence. <\/p>\n\n\n\n<p>Radio\u017eurn\u00e1l.<\/p>\n\n\n\n<p><\/p>\n\n\n\n<p><\/p>\n","protected":false},"excerpt":{"rendered":"<div class=\"mh-excerpt\"><p>Radio\u017eurn\u00e1l&nbsp; Sn\u011bmovna pracuje na dopln\u011bn\u00ed novely o tzv. superd\u00e1vce. Ta po\u010d\u00edt\u00e1 se slou\u010den\u00edm \u010dty\u0159 soci\u00e1ln\u00edch d\u00e1vek do jedn\u00e9. N\u00e1vrhy na zm\u011bny budou poslanci p\u0159edkl\u00e1dat i <a class=\"mh-excerpt-more\" href=\"https:\/\/www.invarena.cz\/?p=54738\" title=\"Sn\u011bmovna pracuje na dopln\u011bn\u00ed novely o tzv. superd\u00e1vce\u00a0\u00a0\">[&#8230;]<\/a><\/p>\n<\/div>","protected":false},"author":1,"featured_media":915,"comment_status":"open","ping_status":"closed","sticky":false,"template":"","format":"standard","meta":{"footnotes":""},"categories":[9],"tags":[],"class_list":["post-54738","post","type-post","status-publish","format-standard","has-post-thumbnail","hentry","category-zpravy"],"_links":{"self":[{"href":"https:\/\/www.invarena.cz\/index.php?rest_route=\/wp\/v2\/posts\/54738","targetHints":{"allow":["GET"]}}],"collection":[{"href":"https:\/\/www.invarena.cz\/index.php?rest_route=\/wp\/v2\/posts"}],"about":[{"href":"https:\/\/www.invarena.cz\/index.php?rest_route=\/wp\/v2\/types\/post"}],"author":[{"embeddable":true,"href":"https:\/\/www.invarena.cz\/index.php?rest_route=\/wp\/v2\/users\/1"}],"replies":[{"embeddable":true,"href":"https:\/\/www.invarena.cz\/index.php?rest_route=%2Fwp%2Fv2%2Fcomments&post=54738"}],"version-history":[{"count":0,"href":"https:\/\/www.invarena.cz\/index.php?rest_route=\/wp\/v2\/posts\/54738\/revisions"}],"wp:featuredmedia":[{"embeddable":true,"href":"https:\/\/www.invarena.cz\/index.php?rest_route=\/wp\/v2\/media\/915"}],"wp:attachment":[{"href":"https:\/\/www.invarena.cz\/index.php?rest_route=%2Fwp%2Fv2%2Fmedia&parent=54738"}],"wp:term":[{"taxonomy":"category","embeddable":true,"href":"https:\/\/www.invarena.cz\/index.php?rest_route=%2Fwp%2Fv2%2Fcategories&post=54738"},{"taxonomy":"post_tag","embeddable":true,"href":"https:\/\/www.invarena.cz\/index.php?rest_route=%2Fwp%2Fv2%2Ftags&post=54738"}],"curies":[{"name":"wp","href":"https:\/\/api.w.org\/{rel}","templated":true}]}}