{"id":54742,"date":"2025-02-10T06:26:11","date_gmt":"2025-02-10T05:26:11","guid":{"rendered":"https:\/\/www.invarena.cz\/?p=54742"},"modified":"2025-02-10T06:42:13","modified_gmt":"2025-02-10T05:42:13","slug":"marie-benickova-prezidentka-svetoveho-festivalu-umeleckych-terapii","status":"publish","type":"post","link":"https:\/\/www.invarena.cz\/?p=54742","title":{"rendered":"Na z\u00e1\u0159\u00ed se p\u0159ipravuje Sv\u011btov\u00fd festival um\u011bleck\u00fdch terapi\u00ed\u00a0\u00a0"},"content":{"rendered":"\n<p>Radio\u017eurn\u00e1l&nbsp;<\/p>\n\n\n\n<p><br \/>Hostem v\u00edkendov\u00e9ho Radio\u017eurn\u00e1lu je pan\u00ed doktorka Marie Ben\u00ed\u010dkov\u00e1, prezidentka Sv\u011btov\u00e9ho festivalu um\u011bleck\u00fdch terapi\u00ed a tak\u00e9 prezidentka Mezin\u00e1rodn\u00ed asociace um\u011bleck\u00fdch terapi\u00ed MAUT. V\u00edt\u00e1m v\u00e1s tady, dobr\u00fd den.<br \/>vy tady p\u0159ipravujete Sv\u011btov\u00fd festival um\u011bleck\u00fdch terapi\u00ed, ten bude na konci z\u00e1\u0159\u00ed. Co to vlastn\u011b je muzikoterapie? A pro\u010d Sv\u011btov\u00fd festival um\u011bleck\u00fdch terapi\u00ed?<br \/><br \/>Marie Ben\u00ed\u010dkov\u00e1, <br \/>&#8212;&#8212;&#8212;&#8212;&#8212;&#8212;&#8211;<br \/>Muzikoterapie je samostatn\u00fd a sv\u00e9bytn\u00fd obor, kter\u00fd vyu\u017e\u00edv\u00e1 hudbu a zvuk k terapeutick\u00fdm c\u00edl\u016fm. My ho \u0159ad\u00edme do takov\u00e9 rodiny um\u011bleck\u00fdch terapi\u00ed, d\u00e1 se \u0159\u00edct, \u017ee je to takov\u00e1 rodina, kter\u00e1 m\u00e1 n\u011bkolik sest\u0159i\u010dek, jedna je muzikoterapie, pak arteterapie, dramaterapie a tane\u010dn\u00ed pohybov\u00e1 terapie. A a\u010dkoliv napl\u0148uj\u00ed spole\u010dn\u00e9 nebo n\u011bkdy i stejn\u00e9 c\u00edle, tak ta cesta k tomu c\u00edli t\u00e9 terapeutick\u00e9 povahy je jin\u00e1 a je prost\u0159ednictv\u00edm jin\u00e9ho druhu um\u011bn\u00ed. No, a Sv\u011btov\u00fd festival um\u011bleck\u00fdch terapi\u00ed, to je akce, kter\u00e1 bude prob\u00edhat, jak jste \u0159\u00edkala, na konci z\u00e1\u0159\u00ed tady v Praze, j\u00e1 jsem r\u00e1da, \u017ee se povedlo pr\u00e1v\u011b pro Prahu ud\u011blat tento festival. A sjedou se skute\u010dn\u011b z cel\u00e9ho sv\u011bta lid\u00e9, kte\u0159\u00ed se o um\u011bleck\u00e9 terapie jednak zaj\u00edmaj\u00ed, to znamen\u00e1 lid\u00e9, kte\u0159\u00ed nemus\u00ed b\u00fdt v\u016fbec profesion\u00e1lov\u00e9, ale zaj\u00edm\u00e1 je ta cesta. A samoz\u0159ejm\u011b potom lid\u00e9, kte\u0159\u00ed jsou odborn\u00edci, p\u0159edn\u00ed odborn\u00edci v tom oboru. A vzhledem k tomu, jak jsou ohlasy ze sv\u011bta, ze sv\u011btov\u00fdch federac\u00ed, sv\u011btov\u00fdch asociac\u00ed, tak vid\u00edme, \u017ee lid\u00e9 maj\u00ed z\u00e1jem o \u010ceskou republiku, o Prahu a o na\u0161e ukotven\u00ed um\u011bleck\u00fdch terapi\u00ed.<br \/><br \/>moder\u00e1torka<br \/>&#8212;&#8212;&#8212;&#8212;&#8212;&#8212;&#8211;<br \/>Muzikoterapeutka Marie Ben\u00ed\u010dkov\u00e1 ve vys\u00edl\u00e1n\u00ed v\u00edkendov\u00e9ho Radio\u017eurn\u00e1lu, autorka a tak\u00e9 spoluautorka n\u011bkolika muzikoterapeutick\u00fdch metod a model\u016f. Ale j\u00e1, kdy\u017e jsem se d\u00edvala, tak vy vlastn\u011b t\u00e9 muzikoterapii se v\u011bnujete u\u017e od roku 1993 a v roce 2006 jste jako prvn\u00ed v \u010cesk\u00e9 republice z\u00edskala doktor\u00e1t v oblasti muzikoterapie. Co to vlastn\u011b znamen\u00e1, kdy\u017e m\u00e1 n\u011bkdo doktor\u00e1t v oblasti muzikoterapie?<br \/><br \/>Marie Ben\u00ed\u010dkov\u00e1, <br \/>Kdy\u017e si vzpomenu na tu dobu toho roku 2006, ono u\u017e to za\u010dalo d\u0159\u00edve, proto\u017ee ten doktor\u00e1t n\u011bjakou dobu d\u011bl\u00e1te, tak j\u00e1 jsem v tu dobu byla p\u0159ijata na doktorandsk\u00e9 studium Ph.D., co\u017e je v\u011bdeck\u00e1 hodnost, do Brna na Masarykovu univerzitu. A tam tenkr\u00e1t m\u00fdm \u0161kolitelem byl pan doc. Bed\u0159ich Crha, pro m\u011b \u010dlov\u011bk s velk\u00fdm \u010c, s obrovsk\u00fdm rozhledem, ale na druhou stranu lidsk\u00fdm p\u0159\u00edstupem. A ten, kdy\u017e jsme spolu za\u010dali spolupracovat, tak mi \u0159ekl \u017eensk\u00e1, vy, to nebudete m\u00edt jednoduch\u00fd. Vy bu\u010f tomu v\u011bdeck\u00e9mu sv\u011btu d\u00edky pr\u00e1ci a d\u00edky v\u00fdzkumu uk\u00e1\u017eete, \u017ee ta muzikoterapie funguje, anebo tomu zav\u0159ete dve\u0159e. A najednou na m\u011b padnul takov\u00fd balvan zodpov\u011bdnosti a \u0159\u00edkala jsem, ne, dok\u00e1\u017eeme, \u017ee t\u00edmhle t\u00edm zp\u016fsobem se nejenom pracovat d\u00e1, ale \u017ee jsou tady v\u00fdzkumy, \u017ee je to to, co m\u016f\u017ee ten v\u011bdeck\u00fd sv\u011bt n\u011bjak\u00fdm zp\u016fsobem uchopit. Spolupr\u00e1ce s l\u00e9ka\u0159i, spolupr\u00e1ce se soci\u00e1ln\u00ed oblast\u00ed, spolupr\u00e1ce se \u0161kolstv\u00edm, fajn, poj\u010fme do toho, j\u00e1 pro to ud\u011bl\u00e1m maximum. V tom roce 2006 se to povedlo. Ta pr\u00e1ce m\u011bla nakonec 498 stran, to byla obrovsk\u00e1 pr\u00e1ce, proto\u017ee j\u00e1 jsem pracovala s v\u00edce ne\u017e tis\u00edcovkou d\u011bt\u00ed, proto\u017ee to byl v\u00fdzkum v oblasti specifick\u00fdch poruch u\u010den\u00ed. A kdy\u017e se to poda\u0159ilo, tak skute\u010dn\u011b n\u00e1sledovali dal\u0161\u00ed v \u010cesk\u00e9 republice, kte\u0159\u00ed u\u017e mohli si vlastn\u011b doktor\u00e1t v t\u00e9hle t\u00e9 oblasti ud\u011blat a j\u00e1 jsem za to moc r\u00e1da.<br \/><br \/>Patricie Strouhalov\u00e1, moder\u00e1torka<br \/>&#8212;&#8212;&#8212;&#8212;&#8212;&#8212;&#8211;<br \/>No, a jak jste se k t\u00e9 muzikoterapii dostala?<br \/><br \/>Marie Ben\u00ed\u010dkov\u00e1, <br \/>Cesta vedla p\u0159es hudbu. J\u00e1 jsem jako mal\u00e1 holka, poch\u00e1z\u00edm z prost\u0159ed\u00ed, kde se hodn\u011b muzic\u00edrovalo. Tat\u00ednek hraje na akordeon, jeho bratr taky, tak\u017ee ka\u017ed\u00e1 rodinn\u00e1 oslava se neobe\u0161lo bez p\u00edsni\u010dek a akordeonu. A hodn\u011b se u n\u00e1s v\u017edycky zp\u00edvalo. A j\u00e1, kdy\u017e jsem byla v prvn\u00ed t\u0159\u00edd\u011b, tak jsem zaslechla tenkr\u00e1t zp\u00edv\u00e1nky, kter\u00fd m\u011bl Marek Eben, a ve sv\u00e9 podstat\u011b tam jsem najednou p\u0159i\u0161la dom\u016f a \u0159\u00edk\u00e1m, hele, j\u00e1 bych cht\u011bla na n\u011bco hr\u00e1t. A tak jsme za\u010dali hledat cestu a tehdy byla ta cesta, \u017ee kdy\u017e p\u0159ijdete do hudebn\u00ed \u0161koly, tak prvn\u00ed, co se nab\u00edzelo, byla fl\u00e9tna, tak\u017ee j\u00e1 jsem za\u010dala na zobcovou fl\u00e9tnu v T\u00e1bo\u0159e a pak to byla p\u0159\u00ed\u010dn\u00e1 fl\u00e9tna a d\u00e1l. A kdy\u017e jsem byla ve druh\u00e9 t\u0159\u00edd\u011b, tak mi zem\u0159el m\u016fj str\u00fdc, a to byl pro m\u011b velmi, velmi bl\u00edzk\u00fd \u010dlov\u011bk, proto\u017ee j\u00e1 jsem to nedok\u00e1zal tenkr\u00e1t pochopit, pro\u010d ode\u0161el, pro\u010d se to stalo, tak jsem se tenkr\u00e1t za\u0159ekla, \u017ee budu pom\u00e1hat a \u017ee nikoho nenech\u00e1m um\u0159\u00edt a tenhle ten moment m\u011b najednou za\u010dal sm\u011b\u0159ovat, za\u010d\u00edt lidem pom\u00e1hat a ta hudba, kter\u00e1 ve mn\u011b byla velmi siln\u00e1, a to pom\u00e1h\u00e1n\u00ed se nakonec propojilo p\u0159es cestu pedagogiky, p\u0159es cestu speci\u00e1ln\u00ed pedagogiky, hudebn\u00edho vzd\u011bl\u00e1n\u00ed, a\u017e teda k muzikoterapii.<br \/><br \/>Patricie Strouhalov\u00e1, moder\u00e1torka<br \/>&#8212;&#8212;&#8212;&#8212;&#8212;&#8212;&#8211;<br \/>T\u00edm, \u017ee jste pr\u00e1v\u011b i speci\u00e1ln\u00ed pedago\u017eka, nejenom hudebn\u00ed pedago\u017eka a supervizorka, tak kdy\u017e jste mluvila o t\u00e9 pomoci muzikoterapi\u00ed, t\u0159eba pr\u00e1v\u011b d\u011btem, co dok\u00e1\u017ee ve \u0161kole zlep\u0161it, dejme tomu b\u011b\u017enou nepozornost nebo \u0161patn\u00e9 soust\u0159ed\u011bn\u00ed nebo takov\u00e9 ty poruchy ADHD a podobn\u011b?<br \/><br \/>Marie Ben\u00ed\u010dkov\u00e1, <br \/>Tady se bav\u00edme o specifick\u00fdch poruch\u00e1ch u\u010den\u00ed. A j\u00e1 se vr\u00e1t\u00edm k tomu doktor\u00e1tu, k tomu v\u00fdzkumu, tak tam jsem zji\u0161\u0165ovala, jak\u00fdm zp\u016fsobem d\u011bti, kter\u00e9 maj\u00ed tzv. probl\u00e9my sluchov\u00e9 percepce, maj\u00ed \u0161koln\u00ed \u00fasp\u011b\u0161nost. A ta \u0161koln\u00ed \u00fasp\u011b\u0161nost se sni\u017euje pr\u00e1v\u011b t\u00edm, \u017ee d\u011bti k tomu maj\u00ed p\u0159idru\u017een\u00e9 poruchy pozornosti a d\u00edky tomu jsou tam potom probl\u00e9my. My dneska t\u011bm d\u011btem \u0159\u00edk\u00e1me neodborn\u011b dyslektici, ale ono je to d\u011bti s dyslexi\u00ed a dysgrafici a podobn\u011b. A tam je d\u016fle\u017eit\u00e9 si u uv\u011bdomit, co vlastn\u011b je t\u00edm probl\u00e9mem. A u t\u00e9 sluchov\u00e9 percepce, to nen\u00ed o tom, \u017ee by ty d\u011bti \u0161patn\u011b sly\u0161ely, v\u016fbec ne, ale ten probl\u00e9m nast\u00e1v\u00e1 v oblasti p\u0159enosu mezi uchem a mozkem. A j\u00e1 jsem zjistila, \u017ee vlastn\u011b s tou sluchovou percepc\u00ed souvis\u00ed tzv. nedostate\u010dn\u00e1 rezonance t\u011bla, \u017ee t\u011blo nedostate\u010dn\u011b odpov\u00edd\u00e1 na podn\u011bty. Kdy\u017e si to p\u0159edstav\u00edme, tak je to tak, \u017ee kdy\u017e si polo\u017e\u00edme ruku na hlavu a \u0159ekneme hl\u00e1sku B nebo D, tak b\u011b\u017en\u00fdm zp\u016fsobem vn\u00edm\u00e1me, jestli to rezonuje nebo ne. Od toho odvozujeme hl\u00e1sky zn\u011bl\u00e9 a nezn\u011bl\u00e9. Tyhle ty d\u011bti s t\u00edm maj\u00ed probl\u00e9my. Ta nedostate\u010dn\u00e1 odezva ud\u011bl\u00e1 to, \u017ee ta rezonance tam nenastupuje, tak\u017ee jsem v v\u00fdzkumu ud\u011blala takov\u00e1 cvi\u010den\u00ed, kter\u00e1 za\u010dala zvy\u0161ovat rezonanci t\u011bla u t\u011bhle t\u011bch d\u011bt\u00ed a, sv\u011bte div se, ono to zab\u00edralo, to znamen\u00e1, \u017ee byly tam vstupn\u00ed hodnoty, v\u00fdstupn\u00ed hodnoty, byly tam vlastn\u011b klasick\u00e9 testy, kter\u00e9 se pou\u017e\u00edvaj\u00ed v pedagogicko-psychologick\u00fdch poradn\u00e1ch, tak\u017ee v\u011bdecky ukotven\u00e9 testovac\u00ed metody. A vy\u0161lo to, \u017ee tenhle ten zp\u016fsob pr\u00e1ce a tahle ta metodick\u00e1 struktura pom\u00e1h\u00e1, zlep\u0161ilo se soust\u0159ed\u011bn\u00ed. A zlep\u0161ily se i projevy t\u0159eba v \u010desk\u00e9m jazyce.<br \/><br \/>moder\u00e1torka<br \/>&#8212;&#8212;&#8212;&#8212;&#8212;&#8212;&#8211;<br \/>Ale kdy\u017e se vr\u00e1t\u00edm zase zp\u00e1tky k t\u011bm d\u011btem a rodi\u010d\u016fm, tak m\u016f\u017ee t\u0159eba muzikoterapie pomoct, aby d\u00edt\u011b za\u010dalo mluvit, kdy\u017e s t\u00edm m\u00e1 probl\u00e9m, takov\u00e9to prost\u011b on je\u0161t\u011b nemluv\u00ed, ona je\u0161t\u011b nemluv\u00ed.<br \/><br \/>Marie Ben\u00ed\u010dkov\u00e1, <br \/>Ur\u010dit\u011b. Muzikoterapie m\u00e1 tu v\u00fdhodu, \u017ee tam, kde slovo vstup nenajde, tak tam n\u00e1m to um\u011bn\u00ed ta hudba m\u016f\u017ee pomoci. Z\u00e1le\u017e\u00ed samoz\u0159ejm\u011b na tom, pro\u010d to d\u00edt\u011b nemluv\u00ed, ale pokud je tam t\u0159eba n\u011bjak\u00fd psychick\u00fd probl\u00e9m nebo t\u0159eba je tam nedostate\u010dn\u00e1 leckdy motivace, nedostate\u010dn\u00e1 stimulace, tak skute\u010dn\u011b ten hudebn\u00ed, t\u0159eba hudebn\u00ed n\u00e1stroj, kdy\u017e pracujeme s jednodu\u0161e ovladateln\u00fdmi hudebn\u00edmi n\u00e1stroji, to znamen\u00e1, \u017ee to d\u00edt\u011b, kdy\u017e p\u0159ijde, tak v tu chv\u00edli, v uvozovk\u00e1ch, na ten n\u00e1stroj um\u00ed, proto\u017ee je to jednodu\u0161e ovladateln\u00fd n\u00e1stroj, m\u016f\u017eou to b\u00fdt terapeutick\u00e9 zvony, mohou to b\u00fdt jednoduch\u00e9 orfov\u00e9 n\u00e1stroje a podobn\u011b, podle toho, co chceme dos\u00e1hnout. A ten zvuk samotn\u00fd m\u016f\u017ee tomu d\u00edt\u011bti pomoci se zasoust\u0159edit jin\u00fdm zp\u016fsobem, pr\u00e1v\u011b rozrezonovat i ten organismus a to d\u00edt\u011b potom t\u0159eba lep\u0161\u00edm zp\u016fsobem napodobuje to a vn\u00edm\u00e1 to, co mu \u0159\u00edk\u00e1te, to znamen\u00e1, lze to, pracuju s t\u00edm a trouf\u00e1m si \u0159\u00edct, \u017ee u jak\u00e9koliv v\u011bkov\u00e9 skupiny se s t\u00edm d\u00e1 pracovat.<br \/><br \/>Patricie Strouhalov\u00e1, moder\u00e1torka<br \/>&#8212;&#8212;&#8212;&#8212;&#8212;&#8212;&#8211;<br \/>No, mnohdy rodi\u010de hledaj\u00ed jakoukoliv formu pomoci, i tedy terapie, tak kdy, nebo jak, podle \u010deho zjistit, \u017ee by zrovna pro to jejich d\u00edt\u011b byla vhodn\u00e1 muzikoterapie.<br \/><br \/>Marie Ben\u00ed\u010dkov\u00e1, <br \/>Samoz\u0159ejm\u011b, \u017ee to se rodi\u010d\u016fm zji\u0161\u0165uje \u0161patn\u011b.<br \/><br \/>Patricie Strouhalov\u00e1, moder\u00e1torka<br \/>&#8212;&#8212;&#8212;&#8212;&#8212;&#8212;&#8211;<br \/>No pr\u00e1v\u011b.<br \/><br \/>Marie Ben\u00ed\u010dkov\u00e1, <br \/>Tak\u017ee ono jedna v\u011bc je v\u016fbec m\u00edt pov\u011bdom\u00ed o tom, \u017ee ta v\u011bdecky ukotven\u00e1 muzikoterapie v \u010cesk\u00e9 republice existuje a \u017ee je skute\u010dn\u011b na vysok\u00e9 \u00farovni, to je prvn\u00ed v\u011bc. A kdy\u017e rodi\u010de z\u00edskaj\u00ed obraz, \u017ee t\u00edmhle t\u00edm zp\u016fsobem se d\u00e1 pomoci, tak u\u017e maj\u00ed tohle v rejst\u0159\u00edku, aha, mohli bysme to zkusit. No, a v tu chv\u00edli se obr\u00e1tit na muzikoterapeuty, kte\u0159\u00ed za m\u011b jsou kvalifikovan\u00ed pro tu pr\u00e1ci, maj\u00ed za sebou nejl\u00e9pe dlouhodob\u00fd program, kter\u00fd m\u00e1 v sob\u011b z\u00e1kladn\u00ed \u010d\u00e1sti, my se k tomu asi je\u0161t\u011b dostaneme, a ve sv\u00e9 podstat\u011b t\u0159eba takovou n\u00e1pov\u011bdou m\u016f\u017ee b\u00fdt, my m\u00e1me na str\u00e1nk\u00e1ch Mezin\u00e1rodn\u00ed registr diplomovan\u00fdch terapeut\u016f, a to jsou lid\u00e9, kter\u00e9 pozn\u00e1te podle toho, \u017ee maj\u00ed za sv\u00fdm jm\u00e9nem DT, co\u017e je diplomovan\u00fd terapeut, co\u017e je profesn\u00ed titul, kter\u00fd ud\u011blujeme lidem, kte\u0159\u00ed pr\u00e1v\u011b spln\u00ed ty kvalifika\u010dn\u00ed podklady.<br \/><br \/>Patricie Strouhalov\u00e1, moder\u00e1torka<br \/>&#8212;&#8212;&#8212;&#8212;&#8212;&#8212;&#8211;<br \/>No, a jak se tedy v \u010cesk\u00e9 republice s tou metodou pracuje, kde se uplat\u0148uje, kde se s n\u00ed m\u016f\u017eeme setkat, tak je to vyu\u017eit\u00ed, t\u0159eba pr\u00e1v\u011b m\u011b napadaj\u00ed nemocni\u010dn\u00ed klauni.<br \/><br \/>Marie Ben\u00ed\u010dkov\u00e1, <br \/>J\u00e1 jsem r\u00e1da, \u017ee jste zm\u00ednila nemocni\u010dn\u00ed klauny, j\u00e1 s nimi m\u00e1m osobn\u00ed zku\u0161enost a co se t\u00fd\u010de nemocni\u010dn\u00edch klaun\u016f&#8230;<br \/><br \/>Patricie Strouhalov\u00e1, moder\u00e1torka<br \/>&#8212;&#8212;&#8212;&#8212;&#8212;&#8212;&#8211;<br \/>Vy jste byla nemocni\u010dn\u00ed klaunka, nebo jste \u0161kolila?<br \/><br \/>Marie Ben\u00ed\u010dkov\u00e1, <br \/>Ne, to ne. J\u00e1 si mysl\u00edm, \u017ee je to dal\u0161\u00ed rozm\u011br. J\u00e1 se v\u016fbec ni\u010demu nebr\u00e1n\u00edm a ur\u010dit\u011b by to byla zase zaj\u00edmav\u00e1 nov\u00e1 zku\u0161enost, ale j\u00e1 jsem se s nimi potkala v jin\u00e9 roli, a to v roli toho, komu ud\u011blali tu radost a komu dali nad\u011bji. Nad\u011bje je dneska velmi vz\u00e1cn\u00e1 entita. A oni samotn\u00ed teda zdravotn\u00ed klauni \u0159\u00edkaj\u00ed, my ani nel\u00e9\u010d\u00edme, ani nepracujeme s terapi\u00ed a dokonce u n\u00e1s ve studiu, j\u00e1 jsem \u0159editelkou Akademie alternativa, co\u017e je instituce v akreditaci ministerstva \u0161kolstv\u00ed, kde pr\u00e1v\u011b p\u0159ipravujeme erudovan\u00e9 terapeuty do praxe. A jsou takov\u00ed zdravotn\u00ed klauni, kte\u0159\u00ed se rozhodli si roz\u0161\u00ed\u0159it t\u0159eba ten obzor, tak\u017ee m\u00e1me zdravotn\u00ed klauny, kter\u00fd p\u0159i\u0161li k n\u00e1m a roz\u0161\u00ed\u0159\u00ed si to o tu terapeutickou oblast. Ale zp\u00e1tky k tomu z\u00e1\u017eitku. J\u00e1 bych jim t\u00edmhle t\u00edm zp\u016fsobem cht\u011bla moc pod\u011bkovat a j\u00e1 se je sna\u017e\u00edm podporovat, kde to jde, proto\u017ee si mysl\u00edm, \u017ee d\u011blaj\u00ed z\u00e1slu\u017enou \u010dinnost, maj\u00ed to velmi dob\u0159e zpracovan\u00fd, velmi dob\u0159e maj\u00ed postaven\u00fd kvalifika\u010dn\u00ed standardy, \u017ee to skute\u010dn\u011b nem\u016f\u017ee d\u011blat kdokoliv. A j\u00e1 m\u00e1m, nebo my m\u00e1me dceru s man\u017eelem, 13 let, a kdy\u017e Maru\u0161ce byly 4 roky, tak m\u011bla teplotu, velmi rychle ta teplota vyb\u011bhla 38, b\u011bhem 10 minut to bylo 39, to u\u017e jsme vid\u011bli, \u017ee je \u0161patn\u011b, nasedali jsme do auta a my jsme dojeli do nejbli\u017e\u0161\u00ed\u00a0<strong>nemocnice<\/strong>, tak to bylo 40. Okam\u017eit\u00e1 hospitalizace, okam\u017eit\u011b prvn\u00ed testy, zkou\u0161ely se antibiotika a jako maminka v tu chv\u00edli pro\u017e\u00edv\u00e1te, mamky to znaj\u00ed, kdy\u017e se n\u011bco takov\u00fdho stane, mamky to znaj\u00ed a tat\u00ednkov\u00e9 taky, kter\u00fd na to leckdy chud\u00e1ci p\u0159ihl\u00ed\u017e\u00ed, kdy\u017e ta m\u00e1ma v t\u00e9\u00a0<strong>nemocnici<\/strong>\u00a0t\u0159eba je s t\u00edm d\u00edt\u011btem, a tam tenkr\u00e1t p\u0159i\u0161el pan prim\u00e1\u0159 a \u0159\u00edkal, my v\u016fbec nev\u00edme, co to je, ale rovnou mi na f\u00e9rovku \u0159ekl, bu\u010fto bude ta lep\u0161\u00ed varianta, a to je teda t\u011b\u017ek\u00fd oboustrann\u00fd z\u00e1pal plic, co\u017e teda taky nen\u00ed v\u00fdhra, ale je to ta lep\u0161\u00ed varianta, anebo se bav\u00edme o v\u00e1\u017en\u00e9 nemoci. Budeme v\u011bd\u011bt v\u00fdsledky za 24 hodin, t\u011bch 24 hodin bylo stra\u0161n\u00fdch. J\u00e1 jsem se sna\u017eila malou podporovat, co to \u0161lo, ale to se mus\u00ed za\u017e\u00edt, to se ned\u00e1 popsat. A r\u00e1no, kdy\u017e jsem \u010dekala, \u017ee p\u0159ijde ten pan prim\u00e1\u0159 s t\u011bma v\u00fdsledkama, tak se otev\u0159ely dve\u0159e, \u010derven\u00fd nos a klauni a ud\u011blali perfektn\u00ed pr\u00e1ci a bylo to fajn.<br \/><br \/>moder\u00e1torka<br \/>&#8212;&#8212;&#8212;&#8212;&#8212;&#8212;&#8211;<br \/>kdy\u017e jsme mluvily o muzikoterapii, a to, \u017ee jste ji za\u017eila sama jako matka v setk\u00e1n\u00ed s nemocni\u010dn\u00edmi klauny, m\u011bl ten p\u0159\u00edb\u011bh dobr\u00fd konec?<br \/><br \/>Marie Ben\u00ed\u010dkov\u00e1, <br \/>Zapla\u0165p\u00e1nb\u016fh m\u011bl. Ve chv\u00edli, kdy ta dcera se za\u010dala sm\u00e1t a klauni ud\u011blali opravdu perfektn\u011b svou pr\u00e1ci a j\u00e1, by\u0165 jako terapeutka, kter\u00e1 bych o\u010dek\u00e1vala, co bude, tak jsem se do toho vno\u0159ila jako ta m\u00e1ma, tak klauni si odkr\u00e1\u010deli a dve\u0159\u00edch si vym\u011bnili m\u00edsto s panem prim\u00e1\u0159em a ten n\u00e1m ozn\u00e1mil, \u017ee je to ta lep\u0161\u00ed varianta, oboustrann\u00fd z\u00e1pal plic. Tak\u017ee je\u0161t\u011b jednou d\u011bkuju jak panu prim\u00e1\u0159i a jeho t\u00fdmu, tak nemocni\u010dn\u00edm klaun\u016fm.<br \/><br \/>Patricie Strouhalov\u00e1, moder\u00e1torka<br \/>&#8212;&#8212;&#8212;&#8212;&#8212;&#8212;&#8211;<br \/>A co je pr\u00e1v\u011b p\u0159i t\u00e9 aplikaci muzikoterapie jako podp\u016frn\u00e9 metody, l\u00e9\u010debn\u00e9 metody? Co je d\u016fle\u017eit\u00e9 a jestli t\u0159eba m\u016f\u017ee fungovat i jako prevence?<br \/><br \/>Marie Ben\u00ed\u010dkov\u00e1, <br \/>D\u016fle\u017eit\u00e9, tam t\u011bch d\u016fle\u017eit\u00fdch v\u011bc\u00ed je hodn\u011b, t\u011bch z\u00e1sad, kter\u00e9 je pot\u0159eba dodr\u017eovat a vlastn\u011b zvl\u00e1dat ten komplexn\u00ed terapeutick\u00fd proces, ale co je d\u016fle\u017eit\u00e9, muzikoterapie je postaven\u00e1 na terapeutick\u00e9m vztahu, to znamen\u00e1 na vz\u00e1jemn\u00e9 d\u016fv\u011b\u0159e, d\u016fv\u011b\u0159e mezi klientem nebo pacientem a muzikoterapeutem. A kdy\u017e je nav\u00e1z\u00e1n terapeutick\u00fd vztah, tak z t\u00e9to, vlastn\u011b \u010d\u00e1sti z t\u00e9to v\u00fdchoz\u00ed polo\u017eky se potom d\u00e1 velmi dob\u0159e pracovat. No, a d\u016fle\u017eit\u00e9 je uv\u011bdomit si, jak\u00fd je ten terapeutick\u00fd c\u00edl, to znamen\u00e1, pokud pot\u0159ebujeme pracovat se stresem, tak si uv\u011bdomit, \u017ee terapeutick\u00fdm c\u00edlem je sn\u00ed\u017een\u00ed stresu a naj\u00edt tu terapeutickou strategii k tomu, aby se n\u00e1m to poda\u0159ilo.<br \/><br \/>Patricie Strouhalov\u00e1, moder\u00e1torka<br \/>&#8212;&#8212;&#8212;&#8212;&#8212;&#8212;&#8211;<br \/>A kdy je vhodn\u00e9, nebo jestli je to v\u017edy nutn\u00e9 pracovat u muzikoterapie s psychikou, t\u0159eba s emocemi, i t\u011blem?<br \/><br \/>Marie Ben\u00ed\u010dkov\u00e1, <br \/>Tady se d\u00e1v\u00e1 do pop\u0159ed\u00ed v tu chv\u00edli takov\u00fd ten komplexn\u00ed psychosomatick\u00fd p\u0159\u00edstup. M\u011b tohle to t\u00e9ma velice zaujalo a kdy\u017e jsem, nechci \u0159\u00edct opustila tu oblast t\u011bch specifick\u00fdch poruch u\u010den\u00ed, ale za\u010dala jsem se zab\u00fdvat, \u010d\u00edm a jak d\u00e1l, tak jsem se za\u010dala zab\u00fdvat hodn\u011b siln\u011b pr\u00e1v\u011b psychosomatikou a povedla se, a dneska u\u017e je to v\u00fdzkumem ov\u011b\u0159en\u00e1 metoda, autorsk\u00e1 metoda, pr\u00e1v\u011b psychosomatick\u00e1 muzikoterapie a v t\u00e9 propojuji pr\u00e1v\u011b ten model paradigmatick\u00fd, kde se pracuje biopsychosoci\u00e1ln\u011b, a\u017e k t\u00e9 spiritu\u00e1ln\u00ed rovin\u011b, ale v t\u00e9 spiritu\u00e1ln\u00ed ve smyslu duchovn\u00ed, to, \u017ee ka\u017ed\u00fd n\u011b\u010demu v\u011b\u0159\u00edme, to, \u017ee jsou lid\u00e9, kte\u0159\u00ed v\u011b\u0159\u00ed t\u0159eba ur\u010dit\u00fdm zp\u016fsobem v Boha a podobn\u011b a terapeut by m\u011bl ct\u00edt to, jak\u00fdm zp\u016fsobem ten \u010dlov\u011bk m\u00e1 zalo\u017eenou osobnost, tak\u017ee ano, psychosomatick\u00e1 muzikoterapie funguje a pracuje.<br \/><br \/>Patricie Strouhalov\u00e1, moder\u00e1torka<br \/>&#8212;&#8212;&#8212;&#8212;&#8212;&#8212;&#8211;<br \/>No, a tak m\u011b napad\u00e1, jak se vlastn\u011b v na\u0161ich kultur\u00e1ch li\u0161\u00edme vlastn\u011b v p\u0159ij\u00edm\u00e1n\u00ed a pro\u017e\u00edv\u00e1n\u00ed tady toho typu terapie?<br \/><br \/>Marie Ben\u00ed\u010dkov\u00e1, <br \/>To je zase ot\u00e1zka na jednu velkou p\u0159edn\u00e1\u0161ku. J\u00e1 pr\u00e1v\u011b od toho sv\u011btov\u00e9ho festivalu te\u010f tak tro\u0161i\u010dku i o\u010dek\u00e1v\u00e1m to, \u017ee t\u00edm, \u017ee se sejdou fakt kultury z cel\u00e9ho sv\u011bta, tak se vz\u00e1jemn\u011b obohat\u00edme, ale kdy\u017e d\u00e1m takov\u00e9 dva protip\u00f3ly, tak t\u0159eba skandin\u00e1vsk\u00e9 zem\u011b, kter\u00e9 pracuj\u00ed velmi dob\u0159e v t\u011bch oblast\u00ed um\u011bleck\u00fdch terapi\u00ed, a mus\u00edm \u0159\u00edct, \u017ee teda te\u010f z \u010desk\u00e9 um\u011bleck\u00e9 terapie, jsou na tom sv\u011btov\u00e9m m\u011b\u0159\u00edtku velmi dob\u0159e. A na druhou stranu t\u0159eba p\u0159ij\u00edm\u00e1n\u00ed v Japonsku. J\u00e1 jsem m\u011bla tu mo\u017enost, \u017ee dcera n\u00e1s vyt\u00e1hla do Japonska, proto\u017ee byla vybran\u00e1 z \u010cesk\u00e9 republiky na s\u00f3lov\u00fd projekt v cimb\u00e1lu, ona je cimbalistka, a m\u011bli jsme mo\u017enost projet od vlastn\u011b, v tom Japonsku, od Tokia a\u017e k \u00d3sace, a tam jsem se vlastn\u011b potkala s t\u00edm, \u017ee ta muzikoterapie nebo v\u016fbec um\u011bleck\u00e9 terapie si tam tu cestu sice raz\u00ed, ale hodn\u011b slo\u017eit\u011b a ono to vych\u00e1z\u00ed z t\u00e9 kultury.<br \/><br \/>Patricie Strouhalov\u00e1, moder\u00e1torka<br \/>&#8212;&#8212;&#8212;&#8212;&#8212;&#8212;&#8211;<br \/>No, a ty l\u00e9\u010debn\u00e9 \u00fa\u010dinky, ty byly vlastn\u011b v r\u016fzn\u00fdch kultur\u00e1ch, i v r\u016fzn\u00fdch obdob\u00edch p\u0159isuzov\u00e1ny, tak, jak je to dnes?<br \/><br \/>Marie Ben\u00ed\u010dkov\u00e1, <br \/>To je ta oblast te\u010fko toho v\u00fdzkumu, jo, hodn\u011b se dnes u\u017e vlastn\u011b sly\u0161\u00ed na to, \u017ee v\u011bda m\u00e1 takov\u00e9 mo\u017enosti, aby ur\u010dit\u00e9 v\u011bci ov\u011b\u0159ila, tak\u017ee zapla\u0165p\u00e1nb\u016fh je sly\u0161eno na v\u00fdzkumy, jsou v\u00fdzkumn\u00e9 t\u00fdmy, kter\u00e9 na tom po cel\u00e9m sv\u011bt\u011b pracuj\u00ed. A t\u0159eba pr\u00e1v\u011b Mezin\u00e1rodn\u00ed asociace um\u011bleck\u00fdch terapi\u00ed te\u010f pracuje na v\u00fdzkumu, kter\u00fd je v r\u00e1mci Sv\u011btov\u00e9 federace muzikoterapie, prob\u00edhaj\u00ed kv\u016fli tomu online setk\u00e1n\u00ed a podobn\u011b, kde vlastn\u011b se pr\u00e1v\u011b zji\u0161\u0165uje, jak\u00fdm zp\u016fsobem se ve kter\u00fdch zem\u00ed pracuje, co funguje, na co si d\u00e1t pozor, co up\u0159ednostnit. J\u00e1 jsem na ty v\u00fdsledky t\u0159eba toho v\u00fdzkumu&#8230;<br \/><br \/>Patricie Strouhalov\u00e1, moder\u00e1torka<br \/>&#8212;&#8212;&#8212;&#8212;&#8212;&#8212;&#8211;<br \/>Na co se t\u0159eba historicky navazuje, kdy\u017e se pod\u00edv\u00e1me na seversk\u00e9 zem\u011b, t\u0159eba p\u0159\u00edklad, nebo vyberte jin\u00fd, to je jedno.<br \/><br \/>Marie Ben\u00ed\u010dkov\u00e1, <br \/>\u017de jsme mohli nav\u00e1zat na l\u00e9\u010den\u00ed, kter\u00e9 se t\u0159eba zmi\u0148uje v bibli a jinde. Ono, kdy\u017e si vezmeme tenhle ten zp\u016fsob pr\u00e1ce, tak to, \u017ee se t\u0159eba pracovalo hudbou t\u0159eba na depres\u00edch, David vlastn\u011b l\u00e9\u010dil Saula p\u0159i jeho depres\u00edch, tak tam u\u017e bysme na\u0161li takov\u00e9 ty primitivn\u00ed zn\u00e1mky toho, \u017ee se t\u00edmhle t\u00edm zp\u016fsobem pracovalo a tam odtud to vych\u00e1z\u00ed. Tak\u017ee my, kdy\u017e bysme se pod\u00edvali skute\u010dn\u011b na ten v\u00fdvoj od z\u00e1kladu, tak to, \u017ee um\u011bn\u00ed funguje, a to, \u017ee um\u011bn\u00ed pracuje, a to, \u017ee um\u011bn\u00ed l\u00e9\u010d\u00ed, tady m\u00e1me naprosto od za\u010d\u00e1tku.<br \/><br \/>Patricie Strouhalov\u00e1, moder\u00e1torka<br \/>&#8212;&#8212;&#8212;&#8212;&#8212;&#8212;&#8211;<br \/>No, kdy\u017e p\u0159ipravujete sv\u011btov\u00fd festival um\u011bleck\u00fdch terapi\u00ed, kter\u00fd bude, tedy prob\u011bhne tady v Praze na podzim v z\u00e1\u0159\u00ed. Tak koho zaj\u00edm\u00e1, dejme tomu, arteterapie nebo muzikoterapie nebo dramaterapie, pak jste mluvila o tane\u010dn\u011b pohybov\u00e9 terapii, tak m\u016f\u017ee p\u0159ij\u00edt, proto\u017ee to nen\u00ed jenom pro odbornou ve\u0159ejnost?<br \/><br \/>Marie Ben\u00ed\u010dkov\u00e1, <br \/>Nen\u00ed. My jsme to pr\u00e1v\u011b koncipovali, proto je tam ten n\u00e1zev festival.<br \/><br \/>Patricie Strouhalov\u00e1, moder\u00e1torka<br \/>&#8212;&#8212;&#8212;&#8212;&#8212;&#8212;&#8211;<br \/>Co tam jde za\u017e\u00edt.<br \/><br \/>Marie Ben\u00ed\u010dkov\u00e1, <br \/>Co tam jde za\u017e\u00edt? Od p\u0159edn\u00e1\u0161ek, po workshopy po poradnu, pov\u00edd\u00e1n\u00ed, pr\u00e1v\u011b bude tam i mo\u017enost p\u0159ij\u00edt na ten festival, \u0159\u00edct, m\u00e1m takov\u00fd a takov\u00fd probl\u00e9m, d\u00e1 se pracovat, kde. Budou tam odborn\u00edci, se kter\u00fdmi se mohou i z \u010cesk\u00e9 republiky, i ze Slovenska lid\u00e9 zkontaktovat. Tak\u017ee ten festival je pro rodinu, je pro jednotlivce, je pro z\u00e1jemce, pro studenty, kte\u0159\u00ed se cht\u011bj\u00ed o tom oboru dozv\u011bd\u011bt v\u00edc, i pro odbornou ve\u0159ejnost.<br \/><br \/>Patricie Strouhalov\u00e1, moder\u00e1torka<br \/>&#8212;&#8212;&#8212;&#8212;&#8212;&#8212;&#8211;<br \/>Pr\u00e1v\u011b, kde se d\u00e1 tohle to v\u0161echno studovat.<br \/><br \/>Marie Ben\u00ed\u010dkov\u00e1, <br \/>U n\u00e1s v republice? Tak u n\u00e1s v republice u\u017e jsou ur\u010dit\u00e9 programy na vysok\u00fdch \u0161kol\u00e1ch a nebo jsou to dlouhodob\u00e9 v\u00fdcviky, j\u00e1 jsem zmi\u0148ovala Akademie Alternativa, kde teda je tam ten prostor pro ten titul diplomovan\u00fd terapeut a tam je d\u016fle\u017eit\u00e9 pod\u00edvat se, jak je ten program koncipov\u00e1n. P\u0159i tom vzd\u011bl\u00e1v\u00e1n\u00ed by m\u011bly b\u00fdt t\u0159i z\u00e1kladn\u00ed slo\u017eky, a to je sebezku\u0161enost, \u017ee ten \u010dlov\u011bk si nejd\u0159\u00edve vyzkou\u0161\u00ed tu pr\u00e1ci na sob\u011b, vlastn\u011b zvl\u00e1dne vlastn\u00ed seberozvoj, ukotv\u00ed si sv\u00e1 t\u00e9mata a vlastn\u011b o\u0161et\u0159\u00ed si sv\u00e1 t\u00e9mata v \u017eivot\u011b, pak je tam \u010d\u00e1st teoretick\u00e1, kde teda se pod\u00edv\u00e1 na to, jak to je, a \u010d\u00e1st, kter\u00e1 je dovednostn\u00ed, supervizn\u00ed a praktick\u00e1.<br \/><br \/>Patricie Strouhalov\u00e1, moder\u00e1torka<br \/>&#8212;&#8212;&#8212;&#8212;&#8212;&#8212;&#8211;<br \/>A v \u010cesk\u00e9 republice vznik\u00e1 s\u00ed\u0165 terapeuticko-eduka\u010dn\u00edch center. Jak je to daleko?<br \/><br \/>Marie Ben\u00ed\u010dkov\u00e1, <br \/>Ta s\u00ed\u0165 terapeutick\u00fdch center nebo terapeuticko-eduka\u010dn\u00edch je od n\u00e1zvu T jako terapie, E jako edukace, V jako v\u00fdzkum a A aplikace do praxe, tak\u017ee TEVA centra. Je to v \u010cesk\u00e9 republice i na Slovensku a v tuhle tu chv\u00edli u\u017e m\u00e1me v ka\u017ed\u00e9m krajsk\u00e9m m\u011bst\u011b zastoupen\u00ed a do konce roku by se ty centra skute\u010dn\u011b m\u011bla rozjet po cel\u00e9 \u010cesk\u00e9 republice i Slovensku, v ka\u017ed\u00e9m krajsk\u00e9m m\u011bst\u011b.<br \/><br \/>Patricie Strouhalov\u00e1, moder\u00e1torka<br \/>&#8212;&#8212;&#8212;&#8212;&#8212;&#8212;&#8211;<br \/>Kdy\u017e ten festival, kter\u00fd tady v z\u00e1\u0159\u00ed prob\u011bhne, p\u0159iveze takov\u00e9 \u0161pi\u010dky ve sv\u00e9m oboru. J\u00e1 jsem se d\u00edvala t\u0159eba, \u017ee p\u0159ijede i prezidentka Sv\u011btov\u00e9 muzikoterapeutick\u00e9 asociace Vivian Chang. Co nab\u00eddne, co p\u0159iveze, nebo co p\u0159iv\u00e1\u017e\u00ed.<br \/><br \/>Marie Ben\u00ed\u010dkov\u00e1, <br \/>J\u00e1 se na to moc t\u011b\u0161\u00edm, proto\u017ee ka\u017ed\u00fd z t\u011bch host\u016f, t\u011bch hlavn\u00edch \u0159e\u010dn\u00edk\u016f, ale nejenom hlavn\u00edch \u0159e\u010dn\u00edk\u016f, budou tam potom je\u0161t\u011b dal\u0161\u00ed kolegov\u00e9, s sebou p\u0159in\u00e1\u0161\u00ed n\u011bkter\u00fd z t\u00e9mat, t\u011bch t\u00e9mat je n\u011bkolik, mezit\u00edm i t\u0159eba ta psychosomatika, o kter\u00e9 jsme mluvili. A vlastn\u011b ta panelov\u00e1 diskuze prob\u011bhne pr\u00e1v\u011b s t\u011bma hlavn\u00edma \u0159e\u010dn\u00edkama a potom budou workshopy a p\u0159\u00edm\u00e1 praxe. Tak\u017ee j\u00e1 se na to moc t\u011b\u0161\u00edm. J\u00e1 si to d\u00e1v\u00e1m, jestli se do\u017eiju, k pades\u00e1tin\u00e1m.<br \/><br \/>moder\u00e1torka<br \/>&#8212;&#8212;&#8212;&#8212;&#8212;&#8212;&#8211;<br \/>Kdy\u017e jsme mluvily o tom, \u017ee m\u00e1te za sebou praxi jako kantorka dlouholetou, jak na z\u00e1kladn\u00ed \u0161kole, tak na um\u011bleck\u00fdch \u0161kol\u00e1ch, jak se vlastn\u011b d\u00edv\u00e1te vy na v\u00fduky na hudebn\u00ed, v\u00fdtvarn\u00e9, t\u011blesn\u00e9, co by t\u0159eba podle v\u00e1s tam mohlo je\u0161t\u011b p\u0159ib\u00fdt, nebo jak to m\u00e1te nastaven\u00e9?<br \/><br \/>Marie Ben\u00ed\u010dkov\u00e1, <br \/>Hodn\u011b d\u016fle\u017eit\u00e9 je pro v\u00fdvoj \u010dlov\u011bka, pro v\u00fdvoj d\u00edt\u011bte ta um\u011bleck\u00e1 sf\u00e9ra. Tak\u017ee j\u00e1, kdy\u017e jsem za\u010d\u00ednala jako kantorka, co\u017e si mysl\u00edm, \u017ee je dob\u0159e, \u017ee ten pohled si vlastn\u011b \u010dlov\u011bk ud\u011blal z t\u00e9 hudebn\u00ed str\u00e1nky, koukal na to \u00fapln\u011b jin\u00fdm zp\u016fsobem, pak, kdy\u017e p\u0159i\u0161el speci\u00e1ln\u00ed projekt, zase na to kouknete je\u0161t\u011b jinak. A samoz\u0159ejm\u011b te\u010f teda psychologie, tak zase jin\u00fdm zp\u016fsobem. A um\u011bn\u00ed jako takov\u00e9 je dob\u0159e podporovat. My tam pracujeme s pravou hemisf\u00e9rou, my se hodn\u011b dr\u017e\u00edme v lev\u00e9 hemisf\u00e9\u0159e, tak\u017ee ono ty v\u00fdchovy jako takov\u00e9 maj\u00ed sv\u00e9 opodstatn\u011bn\u00ed. A hlavn\u011b, co si mysl\u00edm a co je i ve sv\u011bt\u011b precedens, je s\u00ed\u0165 z\u00e1kladn\u00edch um\u011bleck\u00fdch \u0161kol, j\u00e1 jsem nejenom u\u010dila v z\u00e1kladn\u00ed um\u011bleck\u00e9 \u0161kole, ale z\u00e1rove\u0148 s t\u00edm jsem d\u011blala \u0159editelku jeden \u010das v z\u00e1kladn\u00ed um\u011bleck\u00e9 \u0161kole. A kdy\u017e jsem se potkala s t\u00edm kontextem, tak ve sv\u00e9 podstat\u011b to je fakt ojedin\u011bl\u00e9 a ta pr\u00e1ce z\u00e1kladn\u00edch um\u011bleck\u00fdch \u0161kol, kter\u00e1 po\u0159\u00e1d se n\u011bkde dr\u017e\u00ed tro\u0161i\u010dku na chvostu toho \u0161kolstv\u00ed, je velmi d\u016fle\u017eit\u00e1, tak\u017ee um\u011bn\u00ed ur\u010dit\u011b. Jsou u\u010ditel\u00e9, stejn\u011b tak jako ve v\u0161ech oborech, jsou u\u010ditel\u00e9, kte\u0159\u00ed u\u010d\u00ed dob\u0159e, jsou u\u010ditel\u00e9, kte\u0159\u00ed by mohli zlep\u0161it, ale mysl\u00edm si, \u017ee u\u017e je dneska takov\u00fd trend, \u017ee u\u017e se jenom nebifluje, u\u017e se nach\u00e1zej\u00ed nov\u00e9 metody, u\u017e se pracuje jin\u00fdm zp\u016fsobem. A j\u00e1, kdy\u017e vid\u00edm ka\u017ed\u00e9ho u\u010ditele v praxi, kdy\u017e se sna\u017e\u00ed, tak to je pr\u00e1ce z jedn\u00fd strany \u00fa\u017easn\u00e1, ale je to fakt posl\u00e1n\u00ed a ono vydr\u017eet a pracovat t\u0159eba 20 let ve \u0161kolstv\u00ed, a\u0165 si to ka\u017ed\u00fd zkus\u00ed.<br \/><br \/>Patricie Strouhalov\u00e1, moder\u00e1torka<br \/>&#8212;&#8212;&#8212;&#8212;&#8212;&#8212;&#8211;<br \/>Pro\u010d vlastn\u011b se d\u00edv\u00e1me mnohdy na r\u016fzn\u00e9 druhy terapi\u00ed, v tomto p\u0159\u00edpad\u011b t\u0159eba, dejme tomu, tu muzikoterapii, jako na alternativn\u00ed p\u0159\u00edstup a m\u00e1me n\u011bjakou ned\u016fv\u011bru?<br \/><br \/>Marie Ben\u00ed\u010dkov\u00e1, <br \/>No, tohle je v\u00fdborn\u00e1 ot\u00e1zka. D\u011bkuju. Ta ned\u016fv\u011bra m\u016f\u017ee pr\u00e1v\u011b pramenit z toho, \u017ee jsou lid\u00e9, kte\u0159\u00ed se nazvou muzikoterapeuti, maj\u00ed za sebou t\u0159eba cestu n\u011bkam do pralesa, p\u0159ijedou zp\u00e1tky a maj\u00ed pocit, \u017ee to um\u00ed. N\u011bkdy se n\u00e1m i stane, \u017ee t\u0159eba v\u00fdkonn\u00ed um\u011blci maj\u00ed pocit, \u017ee to, \u017ee hraj\u00ed na hudebn\u00ed n\u00e1stroj, znamen\u00e1, \u017ee jsou terapeuti a chyb\u00ed tam vlastn\u011b to vzd\u011bl\u00e1n\u00ed, chyb\u00ed tam ta pr\u00e1ce konkr\u00e9tn\u011b s c\u00edlovou skupinou a to ukotven\u00ed. A nahr\u00e1v\u00e1 n\u00e1m k tomu bohu\u017eel, nebo nenahr\u00e1v\u00e1 sp\u00ed\u0161 to, \u017ee nem\u00e1me to legislativn\u00ed ukotven\u00ed, kdyby se legislativn\u011b ukotvilo, \u017ee um\u011bleck\u00e9 terapie jsou profese a jasn\u011b se vymezilo, kdo m\u016f\u017ee a kdo nem\u016f\u017ee b\u00fdt um\u011bleck\u00fdm terapeutem a byla by tam n\u011bjak\u00e1 koordina\u010dn\u00ed slo\u017eka, tak samoz\u0159ejm\u011b ta d\u016fv\u011bra v ten proces a v ty obory bude vy\u0161\u0161\u00ed.<br \/><br \/>Patricie Strouhalov\u00e1, moder\u00e1torka<br \/>&#8212;&#8212;&#8212;&#8212;&#8212;&#8212;&#8211;<br \/>No, a jak u\u010dit t\u0159eba muzikoterapii?<br \/><br \/>Marie Ben\u00ed\u010dkov\u00e1, <br \/>J\u00e1 u\u017e jsem o tom mluvila, \u017ee jsou tam d\u016fle\u017eit\u00e9 ty t\u0159i slo\u017eky, to znamen\u00e1 ta sebezku\u0161enost, teorie, dovednosti, praxe supervize. A jak u\u010dit? No, to je zase jedno velk\u00e9 t\u00e9ma, jak\u00fdm zp\u016fsobem u\u010dit. Tady se pracuje&#8230;<br \/><br \/>Patricie Strouhalov\u00e1, moder\u00e1torka<br \/>&#8212;&#8212;&#8212;&#8212;&#8212;&#8212;&#8211;<br \/>Proto\u017ee n\u011bkdo se vr\u00e1t\u00ed t\u0159eba z pralesa, prohl\u00e1s\u00ed se za \u0161amana nebo \u0161amanku. To jste myslela?<br \/><br \/>Marie Ben\u00ed\u010dkov\u00e1, <br \/>No, p\u0159esn\u011b tak, u\u010dit prost\u011b odborn\u011b, ve sv\u00e9 podstat\u011b odborn\u011b, stav\u011bt na v\u00fdzkumech, stav\u011bt na tom, \u017ee ten obor je tady n\u011bjak\u00fdm zp\u016fsobem etablov\u00e1n a koukat do sv\u011bta. Ona, jak znovu \u0159\u00edk\u00e1m, \u010desk\u00e9 um\u011bleck\u00e9 terapie jsou na tom v porovn\u00e1n\u00ed se sv\u011btem velmi dob\u0159e, ale po\u0159\u00e1d b\u00fdt v kontaktu s t\u011bmi dal\u0161\u00edmi odborn\u00edky a stejn\u011b jako to maj\u00ed l\u00e9ka\u0159i, tak stejn\u00fdm zp\u016fsobem se vz\u00e1jemn\u011b inspirovat.<br \/><br \/>Patricie Strouhalov\u00e1, moder\u00e1torka<br \/>&#8212;&#8212;&#8212;&#8212;&#8212;&#8212;&#8211;<br \/>Dnes se hodn\u011b mluv\u00ed o hled\u00e1n\u00ed t\u00e9 roviny mezi t\u00edm, jak pracujeme a jak tr\u00e1v\u00edme svoje volno, to pracovn\u00ed a osobn\u00ed, jak zvl\u00e1dnout stres, \u00fanavu, nepohodu, pocity, kter\u00e9 n\u00e1m nesou do \u017eivota, ne tu radost, ale sp\u00ed\u0161 n\u011bjak\u00e9 obavy a \u00fazkosti. Tak jak to odhodit nebo zahodit?<br \/><br \/>Marie Ben\u00ed\u010dkov\u00e1, <br \/>No, \u0161ev\u010de, dr\u017e se sv\u00fdho kopyta a kov\u00e1\u0159ova kobyla chod\u00ed bosa. D\u011bkuju. Tohle to,&#8230; sna\u017e\u00edm se pochopiteln\u011b, \u017ee se sna\u017e\u00edm, ale co se t\u00fdk\u00e1 toho, asi jak, ka\u017ed\u00fd to m\u00e1me jinde, ka\u017ed\u00fd to m\u00e1me jinak, n\u011bkdo va\u0159\u00ed, n\u011bkdo plete, n\u011bkdo m\u00e1 zahr\u00e1dku. J\u00e1 si t\u0159eba r\u00e1da zajdu na dobr\u00fd koncert, potk\u00e1m se vlastn\u011b s dobr\u00fdmi lidmi, j\u00e1 m\u00e1m r\u00e1da takov\u00fdto setk\u00e1n\u00ed lid\u00ed, kde je takov\u00fd to prav\u00fd \u010dlov\u011b\u010denstv\u00ed. Kdybysme m\u011bly \u010das, tak te\u010f jsem byla tady na koncert\u011b Kuby Hor\u00e1ka, Kluk z Husovky, Mirka Kemel a byl tam Vladim\u00edr Javorsk\u00fd tady na Kamenin\u011b, neskute\u010dn\u00fd koncert, ten prostor mezi vlastn\u011b div\u00e1ky a mezi jevi\u0161t\u011bm se naprost\u00fdm zp\u016fsobem eliminoval, my jsme odch\u00e1zeli, br\u00e1nice se n\u00e1m klepala a p\u0159itom tam bylo to neuv\u011b\u0159iteln\u00fd \u010dlov\u011b\u010denstv\u00ed, tak\u017ee pro m\u011b je to pro\u017eitek, z\u00e1\u017eitek a prost\u011b, aby ta du\u0161e nasb\u00edr\u00e1vala tu pro\u017eitkovou str\u00e1nku.<br \/><br \/>Patricie Strouhalov\u00e1, moder\u00e1torka<br \/>&#8212;&#8212;&#8212;&#8212;&#8212;&#8212;&#8211;<br \/>No, vy jste taky v roce 2012 se stala absolventkou p\u011btilet\u00e9ho sebe zku\u0161enostn\u00edho muzikoterapeutick\u00e9ho v\u00fdcviku Werbeck metody, co\u017e je \u0161koly, odhalen\u00ed hlasu, terapie zp\u011bvem. Co to je, co si pod t\u00edm m\u00e1m p\u0159edstavit, \u017ee kdy\u017e jste na koncert\u011b, tak s t\u00edm mus\u00edte zp\u00edvat taky?<br \/><br \/>Marie Ben\u00ed\u010dkov\u00e1, <br \/>No, tak tam je ta jedna str\u00e1nka, samoz\u0159ejm\u011b ta n\u011bjak\u00e1 v\u00fdkonn\u00e1 \u010dinnost, kdy p\u0159ipravujete ty hlasivky t\u00edm zp\u016fsobem, aby to bylo dob\u0159e, ale tady sp\u00ed\u0161e je to o tom, \u017ee pr\u00e1v\u011b prost\u0159ednictv\u00edm hlasu se d\u00e1 terapeuticky p\u016fsobit, to znamen\u00e1, m\u016f\u017eete pracovat s hlasem, jako pracujete s hudebn\u00edmi n\u00e1stroji, tak m\u016f\u017eete pracovat s hlasem.<br \/><br \/>Patricie Strouhalov\u00e1, moder\u00e1torka<br \/>&#8212;&#8212;&#8212;&#8212;&#8212;&#8212;&#8211;<br \/>Jak siln\u00e1 metoda to je?<br \/><br \/>Marie Ben\u00ed\u010dkov\u00e1, <br \/>Velmi siln\u00e1. A m\u011b nasm\u011b\u0159ovala dal\u0161\u00ed \u010d\u00e1st t\u00e9 muzikoterapeutick\u00e9 \u010dinnosti. Tak\u017ee ano, a 5 let skute\u010dn\u011b pracujete, jdete do sebe, zku\u0161enosti, pracujete na sv\u00e9m hlasu, plno v\u011bc\u00ed se v\u00e1m v tu chv\u00edli za\u010dne m\u011bnit jak v \u017eivot\u011b, tak i vlastn\u011b v tom hlase.<br \/><br \/>Patricie Strouhalov\u00e1, moder\u00e1torka<br \/>&#8212;&#8212;&#8212;&#8212;&#8212;&#8212;&#8211;<br \/>Pro koho je, komu byste ji doporu\u010dila, aby to zkusil nebo naopak, pro koho nen\u00ed?<br \/><br \/>Marie Ben\u00ed\u010dkov\u00e1, <br \/>J\u00e1 bych ne\u0159ekla, pro koho nen\u00ed, proto\u017ee ty kontraindikace tady v tuhle tu chv\u00edli, to je hodn\u011b t\u011b\u017ek\u00e9 a zase bysme se dostaly do n\u011bjak\u00e9 konkr\u00e9tn\u00ed oblasti, ale j\u00e1 bych \u0159ekla, \u017ee pro v\u0161echny. Pro lidi, kte\u0159\u00ed se cht\u011bj\u00ed t\u0159eba i nau\u010dit zp\u00edvat a jin\u00fdm zp\u016fsobem a nebo i pro ty, kte\u0159\u00ed pot\u0159ebuj\u00ed, aby jim bylo t\u00edmto zp\u016fsobem pomo\u017eeno, nebo si mohli vlastn\u011b v \u017eivot\u011b zvl\u00e1dat ur\u010ditou str\u00e1nku psychiky, ur\u010ditou str\u00e1nku t\u0159eba somatiky, prost\u011b hlas je jedin\u00fd n\u00e1stroj, kter\u00fd my nos\u00edme p\u0159i sob\u011b. A ten, kdy\u017e n\u00e1m nelad\u00ed, tak ono to v t\u011ble toho nelad\u00ed v\u00edc.<br \/><br \/>Patricie Strouhalov\u00e1, moder\u00e1torka<br \/>&#8212;&#8212;&#8212;&#8212;&#8212;&#8212;&#8211;<br \/>Jak o n\u011bj pe\u010dujete?<br \/><br \/>Marie Ben\u00ed\u010dkov\u00e1, <br \/>No, sna\u017e\u00edm se, sna\u017e\u00edm se pe\u010dovat, pracuju s cvi\u010den\u00edm a sna\u017e\u00edm dodr\u017eovat n\u011bjakou z\u00e1kladn\u00ed psychohygienu hlasovou, taky to n\u011bkdy nejde, taky to n\u011bkdy ul\u00edtne, v dob\u011b te\u010fko ch\u0159ipky a podobn\u011b, tak je to zaj\u00edmav\u00e9, ale kdy\u017e potom m\u00e1te tyhle ty n\u00e1stroje, tak je to fajn.<br \/><br \/>Patricie Strouhalov\u00e1, moder\u00e1torka<br \/>&#8212;&#8212;&#8212;&#8212;&#8212;&#8212;&#8211;<br \/>Tak d\u011bkuju moc, pe\u010dujte d\u00e1l, a\u0165 v\u00e1\u0161 hlas zn\u00ed a zase se n\u011bkdy sly\u0161\u00edme. Hostem v\u00edkendov\u00e9ho Radio\u017eurn\u00e1lu byla pan\u00ed doktorka Marie Ben\u00ed\u010dkov\u00e1.<br \/><br \/><\/p>\n","protected":false},"excerpt":{"rendered":"<div class=\"mh-excerpt\"><p>Radio\u017eurn\u00e1l&nbsp; Hostem v\u00edkendov\u00e9ho Radio\u017eurn\u00e1lu je pan\u00ed doktorka Marie Ben\u00ed\u010dkov\u00e1, prezidentka Sv\u011btov\u00e9ho festivalu um\u011bleck\u00fdch terapi\u00ed a tak\u00e9 prezidentka Mezin\u00e1rodn\u00ed asociace um\u011bleck\u00fdch terapi\u00ed MAUT. V\u00edt\u00e1m v\u00e1s tady, <a class=\"mh-excerpt-more\" href=\"https:\/\/www.invarena.cz\/?p=54742\" title=\"Na z\u00e1\u0159\u00ed se p\u0159ipravuje Sv\u011btov\u00fd festival um\u011bleck\u00fdch terapi\u00ed\u00a0\u00a0\">[&#8230;]<\/a><\/p>\n<\/div>","protected":false},"author":1,"featured_media":19919,"comment_status":"open","ping_status":"closed","sticky":false,"template":"","format":"standard","meta":{"footnotes":""},"categories":[12],"tags":[],"class_list":["post-54742","post","type-post","status-publish","format-standard","has-post-thumbnail","hentry","category-rozhovory"],"_links":{"self":[{"href":"https:\/\/www.invarena.cz\/index.php?rest_route=\/wp\/v2\/posts\/54742","targetHints":{"allow":["GET"]}}],"collection":[{"href":"https:\/\/www.invarena.cz\/index.php?rest_route=\/wp\/v2\/posts"}],"about":[{"href":"https:\/\/www.invarena.cz\/index.php?rest_route=\/wp\/v2\/types\/post"}],"author":[{"embeddable":true,"href":"https:\/\/www.invarena.cz\/index.php?rest_route=\/wp\/v2\/users\/1"}],"replies":[{"embeddable":true,"href":"https:\/\/www.invarena.cz\/index.php?rest_route=%2Fwp%2Fv2%2Fcomments&post=54742"}],"version-history":[{"count":0,"href":"https:\/\/www.invarena.cz\/index.php?rest_route=\/wp\/v2\/posts\/54742\/revisions"}],"wp:featuredmedia":[{"embeddable":true,"href":"https:\/\/www.invarena.cz\/index.php?rest_route=\/wp\/v2\/media\/19919"}],"wp:attachment":[{"href":"https:\/\/www.invarena.cz\/index.php?rest_route=%2Fwp%2Fv2%2Fmedia&parent=54742"}],"wp:term":[{"taxonomy":"category","embeddable":true,"href":"https:\/\/www.invarena.cz\/index.php?rest_route=%2Fwp%2Fv2%2Fcategories&post=54742"},{"taxonomy":"post_tag","embeddable":true,"href":"https:\/\/www.invarena.cz\/index.php?rest_route=%2Fwp%2Fv2%2Ftags&post=54742"}],"curies":[{"name":"wp","href":"https:\/\/api.w.org\/{rel}","templated":true}]}}