{"id":54748,"date":"2025-02-10T06:11:53","date_gmt":"2025-02-10T05:11:53","guid":{"rendered":"https:\/\/www.invarena.cz\/?p=54748"},"modified":"2025-02-10T06:11:53","modified_gmt":"2025-02-10T05:11:53","slug":"atopicky-ekzem-a-zima","status":"publish","type":"post","link":"https:\/\/www.invarena.cz\/?p=54748","title":{"rendered":"Atopick\u00fd ekz\u00e9m a zima\u00a0\u00a0"},"content":{"rendered":"\n<p>Prima\u00a0&#8211; Hlavn\u00ed zpr\u00e1vy<\/p>\n\n\n\n<p><br \/>A\u017e 20 % d\u011bt\u00ed a 10 % dosp\u011bl\u00fdch. Tolik lid\u00ed v \u010cesku trp\u00ed atopick\u00fdm ekz\u00e9mem. A zima pro n\u011b b\u00fdv\u00e1 no\u010dn\u00ed m\u016frou. K\u016f\u017ee je toti\u017e such\u00e1 a ekz\u00e9m se razantn\u011b zhor\u0161uje.<br \/><br \/>Probl\u00e9mem podle odborn\u00edk\u016f \u010dasto b\u00fdv\u00e1 paradoxn\u011b i zimn\u00ed oble\u010den\u00ed jako \u0161\u00e1ly nebo rukavice. D\u016fle\u017eit\u00fd je proto spr\u00e1vn\u00fd v\u00fdb\u011br materi\u00e1l\u016f a d\u016fkladn\u00e1 p\u00e9\u010de o k\u016f\u017ei.<br \/><br \/>Such\u00e1, \u0161upinat\u00e1, sv\u011bdiv\u00e1 vyr\u00e1\u017eka. Lid\u00e9, kte\u0159\u00ed trp\u00ed atopick\u00fdm ekz\u00e9mem, pro\u017e\u00edvaj\u00ed nep\u0159\u00edjemn\u00e9 obdob\u00ed. Ekz\u00e9m zhor\u0161uje nejen chladn\u00e9 po\u010das\u00ed, ale tak\u00e9 no\u0161en\u00ed chlupat\u00fdch \u010depic, \u0161\u00e1l nebo rukavic. Ty suchou poko\u017eku je\u0161t\u011b v\u00edc dr\u00e1\u017ed\u00ed.<br \/><br \/>Martin, pacient s atopick\u00fdm ekz\u00e9mem<br \/>&#8212;&#8212;&#8212;&#8212;&#8212;&#8212;&#8211;<br \/>Mus\u00edm m\u00edt v\u017edycky bavln\u011bn\u00fd tri\u010dko a na to teprve n\u011bjakou mikinu nebo svetr.<br \/><br \/>Gabriela Ki\u010dmerov\u00e1, dermatolo\u017eka<br \/>&#8212;&#8212;&#8212;&#8212;&#8212;&#8212;&#8211;<br \/>Na druhou stranu nen\u00ed dobr\u00e9 tu atopickou k\u016f\u017ei nech\u00e1vat na mrazu, proto\u017ee ten samotn\u00fd mr\u00e1z to prost\u011b zhor\u0161uje. Tak\u017ee tam je potom ot\u00e1zka, ale ur\u010dit\u011b bych zvolila n\u011bjak\u00e9 materi\u00e1ly, kde je hlavn\u011b bavlna.<br \/><br \/>redaktorka<br \/>&#8212;&#8212;&#8212;&#8212;&#8212;&#8212;&#8211;<br \/>Proti sv\u011bd\u011bn\u00ed pomohou bylinn\u00e9 koupele t\u0159eba z licho\u0159e\u0161nice nebo eukalyptu a tak\u00e9 r\u016fzn\u00e9 balz\u00e1my a masti.<br \/><br \/>Cyril Mucha, praktick\u00fd l\u00e9ka\u0159<br \/>&#8212;&#8212;&#8212;&#8212;&#8212;&#8212;&#8211;<br \/>Proma\u0161\u0165ov\u00e1n\u00ed, to znamen\u00e1 mastn\u00e9 masti, klidn\u011b z vep\u0159ov\u00e9ho s\u00e1dla a podobn\u011b, v extr\u00e9mn\u00edm p\u0159\u00edpad\u011b je pot\u0159eba masti s kortikoidy, kter\u00e9 pomohou ten z\u00e1n\u011bt potla\u010dit.<br \/><br \/>Martin, pacient s atopick\u00fdm ekz\u00e9mem<br \/>&#8212;&#8212;&#8212;&#8212;&#8212;&#8212;&#8211;<br \/>Ka\u017ed\u00fd den se mus\u00edm mazat r\u00e1no a ve\u010der, mus\u00edm teda pou\u017e\u00edvat i kortikoidy, proto\u017ee se vlastn\u011b v takov\u00fdch pravideln\u00fdch intervalech v\u017edycky ta k\u016f\u017ee zhor\u0161\u00ed.<br \/><br \/>redaktorka<br \/>&#8212;&#8212;&#8212;&#8212;&#8212;&#8212;&#8211;<br \/>D\u016fle\u017eit\u00e9 je podle odborn\u00edk\u016f myslet i na prevenci.<br \/><br \/>Monika Arenbergerov\u00e1, dermatolo\u017eka, Dermatovenerologick\u00e1\u00a0<strong>klinika<\/strong>\u00a0FN Kr\u00e1lovsk\u00e9 Vinohrady<br \/>&#8212;&#8212;&#8212;&#8212;&#8212;&#8212;&#8211;<br \/>Jak\u00e9koliv oslaben\u00ed toho organismu m\u016f\u017ee vlastn\u011b v\u00e9st k tomu, \u017ee ten atopick\u00fd ekz\u00e9m vzplane. Stres u atopick\u00e9ho ekz\u00e9mu je velmi d\u016fle\u017eit\u00fdm faktorem, proto\u017ee v\u00edme, \u017ee se zhor\u0161uje pr\u00e1v\u011b p\u0159i stresov\u00e9 z\u00e1t\u011b\u017ei.<br \/><br \/>Gabriela Ki\u010dmerov\u00e1, dermatolo\u017eka<br \/>&#8212;&#8212;&#8212;&#8212;&#8212;&#8212;&#8211;<br \/>Jsou ur\u010dit\u00e9 spou\u0161t\u011b\u010de, kter\u00e9 to vlastn\u011b spust\u00ed, vir\u00f3za nebo n\u011bjak\u00e9 jin\u00e9 onemocn\u011bn\u00ed, tak na t\u00e9 k\u016f\u017ei se to projev\u00ed a ten atopick\u00fd ekz\u00e9m se m\u016f\u017ee objevit, i kdy\u017e do t\u00e9 doby t\u0159eba nikdy nebyl.<br \/><br \/> redaktorka<br \/>&#8212;&#8212;&#8212;&#8212;&#8212;&#8212;&#8211;<br \/>Kl\u00ed\u010dov\u00fdm faktorem je tak\u00e9 strava. Vhodn\u00e9 je za\u0159adit do j\u00eddeln\u00ed\u010dku potraviny bohat\u00e9 na omega-3 mastn\u00e9 kyseliny jako ryby nebo o\u0159echy. Naopak omezit by lid\u00e9 s ekz\u00e9mem m\u011bli j\u00eddla s vysok\u00fdm obsahem cukru. <\/p>\n\n\n\n<p> CNN Prima News.<\/p>\n\n\n\n<p><a href=\"https:\/\/monitoring.anopress.cz\/files\/dnload\/final\/medical_00322_71284717.htm#obsah\"><br \/><\/a><\/p>\n","protected":false},"excerpt":{"rendered":"<div class=\"mh-excerpt\"><p>Prima\u00a0&#8211; Hlavn\u00ed zpr\u00e1vy A\u017e 20 % d\u011bt\u00ed a 10 % dosp\u011bl\u00fdch. Tolik lid\u00ed v \u010cesku trp\u00ed atopick\u00fdm ekz\u00e9mem. A zima pro n\u011b b\u00fdv\u00e1 no\u010dn\u00ed m\u016frou. <a class=\"mh-excerpt-more\" href=\"https:\/\/www.invarena.cz\/?p=54748\" title=\"Atopick\u00fd ekz\u00e9m a zima\u00a0\u00a0\">[&#8230;]<\/a><\/p>\n<\/div>","protected":false},"author":1,"featured_media":40563,"comment_status":"open","ping_status":"closed","sticky":false,"template":"","format":"standard","meta":{"footnotes":""},"categories":[11],"tags":[],"class_list":["post-54748","post","type-post","status-publish","format-standard","has-post-thumbnail","hentry","category-zdravi"],"_links":{"self":[{"href":"https:\/\/www.invarena.cz\/index.php?rest_route=\/wp\/v2\/posts\/54748","targetHints":{"allow":["GET"]}}],"collection":[{"href":"https:\/\/www.invarena.cz\/index.php?rest_route=\/wp\/v2\/posts"}],"about":[{"href":"https:\/\/www.invarena.cz\/index.php?rest_route=\/wp\/v2\/types\/post"}],"author":[{"embeddable":true,"href":"https:\/\/www.invarena.cz\/index.php?rest_route=\/wp\/v2\/users\/1"}],"replies":[{"embeddable":true,"href":"https:\/\/www.invarena.cz\/index.php?rest_route=%2Fwp%2Fv2%2Fcomments&post=54748"}],"version-history":[{"count":0,"href":"https:\/\/www.invarena.cz\/index.php?rest_route=\/wp\/v2\/posts\/54748\/revisions"}],"wp:featuredmedia":[{"embeddable":true,"href":"https:\/\/www.invarena.cz\/index.php?rest_route=\/wp\/v2\/media\/40563"}],"wp:attachment":[{"href":"https:\/\/www.invarena.cz\/index.php?rest_route=%2Fwp%2Fv2%2Fmedia&parent=54748"}],"wp:term":[{"taxonomy":"category","embeddable":true,"href":"https:\/\/www.invarena.cz\/index.php?rest_route=%2Fwp%2Fv2%2Fcategories&post=54748"},{"taxonomy":"post_tag","embeddable":true,"href":"https:\/\/www.invarena.cz\/index.php?rest_route=%2Fwp%2Fv2%2Ftags&post=54748"}],"curies":[{"name":"wp","href":"https:\/\/api.w.org\/{rel}","templated":true}]}}