{"id":54765,"date":"2025-02-11T05:23:01","date_gmt":"2025-02-11T04:23:01","guid":{"rendered":"https:\/\/www.invarena.cz\/?p=54765"},"modified":"2025-02-11T05:23:02","modified_gmt":"2025-02-11T04:23:02","slug":"v-cesku-trpi-epilepsii-zhruba-jeden-clovek-ze-sta","status":"publish","type":"post","link":"https:\/\/www.invarena.cz\/?p=54765","title":{"rendered":"V \u010cesku trp\u00ed epilepsi\u00ed zhruba jeden \u010dlov\u011bk ze sta\u00a0\u00a0"},"content":{"rendered":"\n<p>NOVA\u00a0&#8211; Televizn\u00ed noviny<br \/><br \/>V \u010cesku trp\u00ed epilepsi\u00ed zhruba jeden \u010dlov\u011bk ze sta. Prvn\u00ed epileptick\u00fd z\u00e1chvat se m\u016f\u017ee objevit prakticky kdykoliv. V posledn\u00ed dob\u011b onemocn\u011bn\u00ed mozku tr\u00e1p\u00ed \u010d\u00edm d\u00e1l v\u00edc senior\u016f. Pomoci ji m\u016f\u017ee t\u0159eba i asisten\u010dn\u00ed pes, kter\u00fd jim dok\u00e1\u017ee p\u0159ivolat pomoc. Ale tuto slu\u017ebu zdravotn\u00ed poji\u0161\u0165ovny nehrad\u00ed.<br \/><br \/>Osmn\u00e1ctilet\u00fd Tom\u00e1\u0161 dostal prvn\u00ed epileptick\u00fd z\u00e1chvat po prod\u011blan\u00e9m covidu 19. Klasick\u00e1 l\u00e9\u010dba nezab\u00edrala, z\u00e1chvaty p\u0159ich\u00e1zely \u010dasto a bez p\u0159\u00edznak\u016f. A Tom\u00e1\u0161 po nich z\u016fst\u00e1val i zran\u011bn\u00fd.<br \/><br \/>Tom\u00e1\u0161 Coufal, pacient s epilepsi\u00ed<br \/>&#8212;&#8212;&#8212;&#8212;&#8212;&#8212;&#8211;<br \/>Epilepsie m\u016f\u017ee m\u00edt v\u00edce spou\u0161t\u011b\u010d\u016f. Ono to nen\u00ed jenom, \u017ee epilepsie sem na blikaj\u00edc\u00ed sv\u011btla, m\u016f\u017ee to bejt podm\u00edn\u011bno stresem.<br \/><br \/>Jana Z\u00e1rubov\u00e1, l\u00e9ka\u0159ka, Centrum pro epilepsie FN Motol<br \/>&#8212;&#8212;&#8212;&#8212;&#8212;&#8212;&#8211;<br \/>My jsme se potkali ve chv\u00edli, kdy m\u011bl z\u00e1chvaty jednou m\u011bs\u00ed\u010dn\u011b. Podle toho jsme volili dal\u0161\u00ed l\u00e9k a vlastn\u011b jeden z nejmodern\u011bj\u0161\u00edch l\u00e9k\u016f proti epilepsii, kter\u00fd na\u0161t\u011bst\u00ed u Tom\u00e1\u0161e zafungoval.<br \/><br \/>Tom\u00e1\u0161 Coufal, pacient s epilepsi\u00ed<br \/>&#8212;&#8212;&#8212;&#8212;&#8212;&#8212;&#8211;<br \/>J\u00e1 d\u011bl\u00e1m h\u00e1zenou a sport pr\u00e1v\u011b pom\u00e1h\u00e1.<br \/><br \/>redaktorka<br \/>&#8212;&#8212;&#8212;&#8212;&#8212;&#8212;&#8211;<br \/>Pom\u00e1h\u00e1 plavat a pot\u00e1p\u011bt se ale mus\u00ed pod dozorem.<br \/><br \/>Tom\u00e1\u0161 Coufal, pacient s epilepsi\u00ed<br \/>&#8212;&#8212;&#8212;&#8212;&#8212;&#8212;&#8211;<br \/>U\u017e mi byl sl\u00edben\u00fd i \u0159idi\u010d\u00e1k, ale pr\u00e1v\u011b jsem 23. prosince m\u011bl z\u00e1chvat, tak\u017ee se mi to zase posunulo o rok.<br \/><br \/> redaktorka<br \/>&#8212;&#8212;&#8212;&#8212;&#8212;&#8212;&#8211;<br \/>Je\u0161t\u011b d\u0159\u00edv ne\u017e Tom\u00e1\u0161 vyc\u00edt\u00ed p\u0159ich\u00e1zej\u00edc\u00ed z\u00e1chvat jeho asisten\u010dn\u00ed pes Don, kter\u00fd dok\u00e1\u017ee p\u0159ivolat pomoc. V\u00fdcvik Dona trval zhruba rok. Poji\u0161\u0165ovna ho Tom\u00e1\u0161ovi odm\u00edtla zaplatit.<br \/><br \/>Tom\u00e1\u0161 Coufal, pacient s epilepsi\u00ed<br \/>&#8212;&#8212;&#8212;&#8212;&#8212;&#8212;&#8211;<br \/>N\u00e1m \u0159ekli, \u017ee m\u00e1me platit kolem 300 000 za Dona. Na\u0161t\u011bst\u00ed to zaplatili sponzo\u0159i.<br \/><br \/>Jana Z\u00e1rubov\u00e1, l\u00e9ka\u0159ka, Centrum pro epilepsie FN Motol<br \/>&#8212;&#8212;&#8212;&#8212;&#8212;&#8212;&#8211;<br \/>Bohu\u017eel oni nejsou vedeni ani vn\u00edm\u00e1ni jako kompenza\u010dn\u00ed pom\u016fcka, na rozd\u00edl u\u00a0<strong>nevidom\u00fdch<\/strong>\u00a0pacient\u016f.<br \/><br \/>redaktorka<br \/>&#8212;&#8212;&#8212;&#8212;&#8212;&#8212;&#8211;<br \/>Tom\u00e1\u0161 tak\u00e9 p\u0159izn\u00e1v\u00e1, \u017ee Dona s n\u00edm necht\u011bj\u00ed pou\u0161t\u011bt t\u0159eba do obchod\u016f a \u017ee psa ru\u0161\u00ed i kolemjdouc\u00ed.<br \/><br \/>Tom\u00e1\u0161 Coufal, pacient s epilepsi\u00ed<br \/>&#8212;&#8212;&#8212;&#8212;&#8212;&#8212;&#8211;<br \/>J\u00e1 bych cht\u011bl apelovat na v\u0161echny lidi: nehla\u010fte ty asisten\u010dn\u00ed psy.<br \/><br \/>Jana Z\u00e1rubov\u00e1, l\u00e9ka\u0159ka, Centrum pro epilepsie FN Motol<br \/>&#8212;&#8212;&#8212;&#8212;&#8212;&#8212;&#8211;<br \/>Epilepsie m\u016f\u017ee vzniknout kdykoliv v pr\u016fb\u011bhu \u017eivota.<br \/><br \/>redaktorka<br \/>&#8212;&#8212;&#8212;&#8212;&#8212;&#8212;&#8211;<br \/>Nej\u010dast\u011bji prvn\u00ed z\u00e1chvat p\u0159ich\u00e1z\u00ed u kojenc\u016f nebo po p\u011bta\u0161edes\u00e1t\u00e9m roce \u017eivota.<br \/><br \/>Jana Z\u00e1rubov\u00e1, l\u00e9ka\u0159ka, Centrum pro epilepsie FN Motol<br \/>&#8212;&#8212;&#8212;&#8212;&#8212;&#8212;&#8211;<br \/>Z\u00e1chvaty mohou b\u00fdt takov\u00e9 matouc\u00ed. I ten z\u00e1chvat m\u016f\u017ee b\u00fdt jako chvilkov\u00e1 zmatenost.<br \/><br \/>redaktorka<br \/>&#8212;&#8212;&#8212;&#8212;&#8212;&#8212;&#8211;<br \/>Krom\u011b klasick\u00fdch tabletek se epilepsie l\u00e9\u010d\u00ed i operativn\u011b a z\u00e1chvaty dok\u00e1\u017ee tlumit i speci\u00e1ln\u00ed stimulace.<br \/><br \/>Jana Z\u00e1rubov\u00e1, l\u00e9ka\u0159ka, Centrum pro epilepsie FN Motol<br \/>&#8212;&#8212;&#8212;&#8212;&#8212;&#8212;&#8211;<br \/>K tomu m\u00e1me je\u0161t\u011b n\u011bjak\u00e9 vz\u00e1cn\u00e9 centrov\u00e9 l\u00e9ky.<br \/><br \/> redaktorka<br \/>&#8212;&#8212;&#8212;&#8212;&#8212;&#8212;&#8211;<br \/>U n\u011bkter\u00fdch forem zab\u00edr\u00e1 tak\u00e9 speci\u00e1ln\u00ed dieta. P\u0159i dob\u0159e nastaven\u00e9 l\u00e9\u010db\u011b je u\u017e jen mo\u017en\u00e9 i t\u011bhotenstv\u00ed. <\/p>\n\n\n\n<p><\/p>\n","protected":false},"excerpt":{"rendered":"<div class=\"mh-excerpt\"><p>NOVA\u00a0&#8211; Televizn\u00ed noviny V \u010cesku trp\u00ed epilepsi\u00ed zhruba jeden \u010dlov\u011bk ze sta. Prvn\u00ed epileptick\u00fd z\u00e1chvat se m\u016f\u017ee objevit prakticky kdykoliv. V posledn\u00ed dob\u011b onemocn\u011bn\u00ed mozku <a class=\"mh-excerpt-more\" href=\"https:\/\/www.invarena.cz\/?p=54765\" title=\"V \u010cesku trp\u00ed epilepsi\u00ed zhruba jeden \u010dlov\u011bk ze sta\u00a0\u00a0\">[&#8230;]<\/a><\/p>\n<\/div>","protected":false},"author":1,"featured_media":21147,"comment_status":"open","ping_status":"closed","sticky":false,"template":"","format":"standard","meta":{"footnotes":""},"categories":[11],"tags":[],"class_list":["post-54765","post","type-post","status-publish","format-standard","has-post-thumbnail","hentry","category-zdravi"],"_links":{"self":[{"href":"https:\/\/www.invarena.cz\/index.php?rest_route=\/wp\/v2\/posts\/54765","targetHints":{"allow":["GET"]}}],"collection":[{"href":"https:\/\/www.invarena.cz\/index.php?rest_route=\/wp\/v2\/posts"}],"about":[{"href":"https:\/\/www.invarena.cz\/index.php?rest_route=\/wp\/v2\/types\/post"}],"author":[{"embeddable":true,"href":"https:\/\/www.invarena.cz\/index.php?rest_route=\/wp\/v2\/users\/1"}],"replies":[{"embeddable":true,"href":"https:\/\/www.invarena.cz\/index.php?rest_route=%2Fwp%2Fv2%2Fcomments&post=54765"}],"version-history":[{"count":0,"href":"https:\/\/www.invarena.cz\/index.php?rest_route=\/wp\/v2\/posts\/54765\/revisions"}],"wp:featuredmedia":[{"embeddable":true,"href":"https:\/\/www.invarena.cz\/index.php?rest_route=\/wp\/v2\/media\/21147"}],"wp:attachment":[{"href":"https:\/\/www.invarena.cz\/index.php?rest_route=%2Fwp%2Fv2%2Fmedia&parent=54765"}],"wp:term":[{"taxonomy":"category","embeddable":true,"href":"https:\/\/www.invarena.cz\/index.php?rest_route=%2Fwp%2Fv2%2Fcategories&post=54765"},{"taxonomy":"post_tag","embeddable":true,"href":"https:\/\/www.invarena.cz\/index.php?rest_route=%2Fwp%2Fv2%2Ftags&post=54765"}],"curies":[{"name":"wp","href":"https:\/\/api.w.org\/{rel}","templated":true}]}}