{"id":54797,"date":"2025-02-12T20:06:06","date_gmt":"2025-02-12T19:06:06","guid":{"rendered":"https:\/\/www.invarena.cz\/?p=54797"},"modified":"2025-02-12T20:06:13","modified_gmt":"2025-02-12T19:06:13","slug":"policie-loni-resila-77-smrtelnych-predavkovani-nelegalnimi-drogami-nebo-leky","status":"publish","type":"post","link":"https:\/\/www.invarena.cz\/?p=54797","title":{"rendered":"Policie loni \u0159e\u0161ila 77 smrteln\u00fdch p\u0159ed\u00e1vkov\u00e1n\u00ed neleg\u00e1ln\u00edmi drogami nebo l\u00e9ky\u00a0\u00a0"},"content":{"rendered":"\n<p>NOVA\u00a0&#8211; Televizn\u00ed noviny<br \/><\/p>\n\n\n\n<p>Policie loni \u0159e\u0161ila 77 smrteln\u00fdch p\u0159ed\u00e1vkov\u00e1n\u00ed neleg\u00e1ln\u00edmi drogami nebo\u00a0<strong>l\u00e9ky<\/strong>. Vypl\u00fdv\u00e1 to z \u00fadaj\u016f N\u00e1rodn\u00ed protidrogov\u00e9 centr\u00e1ly, kter\u00e9 m\u00e1 televize Nova k dispozici. Podle nich narostl po\u010det tragick\u00fdch p\u0159\u00edpad\u016f spojen\u00fdch s nebezpe\u010dn\u00fdm fentanylem. V\u00edc p\u0159\u00edpad\u016f p\u0159ed\u00e1vkov\u00e1n\u00ed loni zaznamenali i z\u00e1chran\u00e1\u0159i.<br \/><br \/>Jan Lisick\u00fd, vedouc\u00ed odboru obecn\u00e9 kriminality Policie \u010cR Olomouck\u00e9ho kraje<br \/>&#8212;&#8212;&#8212;&#8212;&#8212;&#8212;&#8211;<br \/>Obvin\u011bn\u00fd, p\u0159esto\u017ee si byl v\u011bdom, co t\u00e9 mlad\u00e9 \u017een\u011b hroz\u00ed, nep\u0159ivolal zdravotnickou z\u00e1chrannou slu\u017ebu a d\u00edvka na n\u00e1sledky intoxikace zem\u0159ela.<br \/><br \/>redaktor<br \/>&#8212;&#8212;&#8212;&#8212;&#8212;&#8212;&#8211;<br \/>Takhle loni v prosinci policie jeden z tragick\u00fdch p\u0159\u00edpad\u016f prezentovala. Dvacetilet\u00e1 d\u00edvka z Olomouce byla bohu\u017eel jednou z mnoha.<br \/><br \/>Jakub Frydrych, \u0159editel N\u00e1rodn\u00ed protidrogov\u00e9 centr\u00e1ly<br \/>&#8212;&#8212;&#8212;&#8212;&#8212;&#8212;&#8211;<br \/>Registrujeme 93 nefat\u00e1ln\u00edch intoxikac\u00ed a 77 fat\u00e1ln\u00edch, kdy to \u00famrt\u00ed m\u011blo bezprost\u0159edn\u00ed souvislost se zneu\u017eit\u00edm n\u011bjak\u00e9 n\u00e1vykov\u00e9 nebo psychoaktivn\u00ed l\u00e1tky.<br \/><br \/>redaktor<br \/>&#8212;&#8212;&#8212;&#8212;&#8212;&#8212;&#8211;<br \/>To nen\u00ed o mnoho v\u00edce ne\u017e v minul\u00fdch t\u0159ech letech. \u010c\u00edm d\u00e1l \u010dast\u011bji se ale jako jedna z p\u0159\u00ed\u010din \u00famrt\u00ed uv\u00e1d\u00ed u\u017eit\u00ed fentanylu. Loni 15 lid\u00ed, v\u010detn\u011b d\u00edvky z Olomouce.<br \/><br \/>Jind\u0159ich Vobo\u0159il, expert na drogovou problematiku<br \/>&#8212;&#8212;&#8212;&#8212;&#8212;&#8212;&#8211;<br \/>V\u011bt\u0161inou to b\u00fdvaly tak jako jednotky lid\u00ed, dva, t\u0159i, \u010dty\u0159i. Ur\u010dit\u011b bych se jako nad t\u00edm zamyslel, co se d\u011bje.<br \/><br \/>redaktor<br \/>&#8212;&#8212;&#8212;&#8212;&#8212;&#8212;&#8211;<br \/>Extrakt se z\u00edsk\u00e1v\u00e1 z n\u00e1plast\u00ed proti bolesti na p\u0159edpis a je mnohon\u00e1sobn\u011b siln\u011bj\u0161\u00ed ne\u017e cokoliv jin\u00e9ho. Zab\u00edt um\u00ed p\u00e1r miligram\u016f.<br \/><br \/>Jakub Frydrych, \u0159editel N\u00e1rodn\u00ed protidrogov\u00e9 centr\u00e1ly<br \/>&#8212;&#8212;&#8212;&#8212;&#8212;&#8212;&#8211;<br \/>Ta toxicita prost\u011b nesoum\u011b\u0159iteln\u00e1 s jakoukoliv jinou l\u00e1tkou.<br \/><br \/>redaktor<br \/>&#8212;&#8212;&#8212;&#8212;&#8212;&#8212;&#8211;<br \/>P\u0159esto je \u010d\u00edm d\u00e1l obl\u00edben\u011bj\u0161\u00ed. P\u0159i nat\u00e1\u010den\u00ed na pra\u017esk\u00e9m And\u011blu, kter\u00fd je koncentrac\u00ed narkoman\u016f nechvaln\u011b vyhl\u00e1\u0161en\u00fd, se o tom ned\u00e1vno p\u0159esv\u011bd\u010dili kolegov\u00e9 z po\u0159adu Na va\u0161\u00ed stran\u011b.<br \/><br \/>S t\u011b\u017ece p\u0159ed\u00e1vkovan\u00fdmi lidmi se \u010d\u00edm d\u00e1l \u010dast\u011bji pot\u00fdkaj\u00ed i z\u00e1chran\u00e1\u0159i.<br \/><br \/>Karel Kirs, mluv\u010d\u00ed pra\u017esk\u00e9 z\u00e1chrann\u00e9 slu\u017eby<br \/>&#8212;&#8212;&#8212;&#8212;&#8212;&#8212;&#8211;<br \/>Mezi lety 2023 a 2024 do\u0161lo zhruba ke 45% n\u00e1r\u016fstu v\u00fdjezd\u016f k pacient\u016fm intoxikovan\u00fdch jednou nebo v\u00edce n\u00e1vykov\u00fdmi l\u00e1tkami.<br \/><br \/>redaktor<br \/>&#8212;&#8212;&#8212;&#8212;&#8212;&#8212;&#8211;<br \/>Policie mluv\u00ed jen o p\u0159\u00edpadech, u kter\u00fdch zasahovala. Podle jejich dat um\u00edrali lid\u00e9 nejv\u00edce v Praze a nej\u010dast\u011bji jim bylo mezi 26 a 35 roky. Pervitin byl a\u017e druhou nej\u010dast\u011bj\u0161\u00ed p\u0159\u00ed\u010dinou. Zabij\u00e1kem \u010d\u00edslo jedna se staly\u00a0<strong>l\u00e9ky<\/strong>\u00a0a mezi n\u011b se po\u010d\u00edt\u00e1 pr\u00e1v\u011b i fentanyl. Celkov\u00fd po\u010det otrav, kter\u00e9 loni vy\u017eadovaly akutn\u00ed, p\u0159ednemocni\u010dn\u00ed nebo nemocni\u010dn\u00ed p\u00e9\u010di, ale bude z\u0159ejm\u011b mnohem vy\u0161\u0161\u00ed. Data zat\u00edm nejsou k dispozici. Statistici ministerstva\u00a0<strong>zdravotnictv\u00ed<\/strong>\u00a0je budou m\u00edt pohromad\u011b a\u017e b\u011bhem kv\u011btna nebo \u010dervna. Za\u010d\u00e1tkem lo\u0148sk\u00e9ho roku vzbudily velkou pozornost mno\u017e\u00edc\u00ed se p\u0159\u00edpady d\u011bt\u00ed p\u0159iotr\u00e1ven\u00fdch l\u00e1tkou HHC, voln\u011b dostupnou v podob\u011b cukrovinek. N\u00e1sledovala omezen\u00ed prodeje a v\u00fdsledkem je podle policie 50 p\u0159\u00edpad\u016f intoxikac\u00ed. V roce 2023 jich p\u0159itom bylo p\u0159es 160. <\/p>\n\n\n\n<p><\/p>\n\n\n\n<p><\/p>\n","protected":false},"excerpt":{"rendered":"<div class=\"mh-excerpt\"><p>NOVA\u00a0&#8211; Televizn\u00ed noviny Policie loni \u0159e\u0161ila 77 smrteln\u00fdch p\u0159ed\u00e1vkov\u00e1n\u00ed neleg\u00e1ln\u00edmi drogami nebo\u00a0l\u00e9ky. Vypl\u00fdv\u00e1 to z \u00fadaj\u016f N\u00e1rodn\u00ed protidrogov\u00e9 centr\u00e1ly, kter\u00e9 m\u00e1 televize Nova k dispozici. <a class=\"mh-excerpt-more\" href=\"https:\/\/www.invarena.cz\/?p=54797\" title=\"Policie loni \u0159e\u0161ila 77 smrteln\u00fdch p\u0159ed\u00e1vkov\u00e1n\u00ed neleg\u00e1ln\u00edmi drogami nebo l\u00e9ky\u00a0\u00a0\">[&#8230;]<\/a><\/p>\n<\/div>","protected":false},"author":1,"featured_media":27270,"comment_status":"open","ping_status":"closed","sticky":false,"template":"","format":"standard","meta":{"footnotes":""},"categories":[7],"tags":[],"class_list":["post-54797","post","type-post","status-publish","format-standard","has-post-thumbnail","hentry","category-spolecnost"],"_links":{"self":[{"href":"https:\/\/www.invarena.cz\/index.php?rest_route=\/wp\/v2\/posts\/54797","targetHints":{"allow":["GET"]}}],"collection":[{"href":"https:\/\/www.invarena.cz\/index.php?rest_route=\/wp\/v2\/posts"}],"about":[{"href":"https:\/\/www.invarena.cz\/index.php?rest_route=\/wp\/v2\/types\/post"}],"author":[{"embeddable":true,"href":"https:\/\/www.invarena.cz\/index.php?rest_route=\/wp\/v2\/users\/1"}],"replies":[{"embeddable":true,"href":"https:\/\/www.invarena.cz\/index.php?rest_route=%2Fwp%2Fv2%2Fcomments&post=54797"}],"version-history":[{"count":0,"href":"https:\/\/www.invarena.cz\/index.php?rest_route=\/wp\/v2\/posts\/54797\/revisions"}],"wp:featuredmedia":[{"embeddable":true,"href":"https:\/\/www.invarena.cz\/index.php?rest_route=\/wp\/v2\/media\/27270"}],"wp:attachment":[{"href":"https:\/\/www.invarena.cz\/index.php?rest_route=%2Fwp%2Fv2%2Fmedia&parent=54797"}],"wp:term":[{"taxonomy":"category","embeddable":true,"href":"https:\/\/www.invarena.cz\/index.php?rest_route=%2Fwp%2Fv2%2Fcategories&post=54797"},{"taxonomy":"post_tag","embeddable":true,"href":"https:\/\/www.invarena.cz\/index.php?rest_route=%2Fwp%2Fv2%2Ftags&post=54797"}],"curies":[{"name":"wp","href":"https:\/\/api.w.org\/{rel}","templated":true}]}}