{"id":54803,"date":"2025-02-12T02:49:00","date_gmt":"2025-02-12T01:49:00","guid":{"rendered":"https:\/\/www.invarena.cz\/?p=54803"},"modified":"2025-02-12T20:49:56","modified_gmt":"2025-02-12T19:49:56","slug":"v-poslanecke-snemovne-o-kriminalite-uprchliku","status":"publish","type":"post","link":"https:\/\/www.invarena.cz\/?p=54803","title":{"rendered":"V poslaneck\u00e9 sn\u011bmovn\u011b o kriminalit\u011b uprchl\u00edk\u016f\u00a0\u00a0"},"content":{"rendered":"\n<p>12.02.2025\u00a0P\u0159epis z Poslaneck\u00e9 sn\u011bmovny <br \/><\/p>\n\n\n\n<p>Helena V\u00e1lkov\u00e1, \u010dlenka \u00fastavn\u011b-pr\u00e1vn\u00edho v\u00fdboru, Poslaneck\u00e1 sn\u011bmovna \/ANO\/<br \/>&#8212;&#8212;&#8212;&#8212;&#8212;&#8212;&#8211;<br \/>Budeme se te\u010f zab\u00fdvat \u017e\u00e1dost\u00ed Policie \u010cesk\u00e9 republiky o vysloven\u00ed souhlasu s trestn\u00edm st\u00edh\u00e1n\u00edm pana poslance Tomia Okamury ze dne 7. ledna 2025, kter\u00fd byl evidov\u00e1n v Poslaneck\u00e9 sn\u011bmovn\u011b okam\u017eit\u011b, jak p\u0159i\u0161el. J\u00e1 jsem se vlastn\u011b t\u00e9ho\u017e dne o tom dozv\u011bd\u011bla jako p\u0159edsedkyn\u011b mand\u00e1tov\u00e9honitn\u00edho v\u00fdboru. M\u011b to pan\u00ed p\u0159edsedkyn\u011b Poslaneck\u00e9 sn\u011bmovny postoupila, my jsme pochopiteln\u011b nejd\u0159\u00edve se se\u0161li, abychom jako mand\u00e1tov\u00fd a imunitn\u00ed v\u00fdbor si stanovili ur\u010dit\u00fd postup, postup, to znamen\u00e1 vy\u017e\u00e1d\u00e1n\u00ed si podklad\u016f, materi\u00e1l\u016f, kter\u00e9 budeme pot\u0159ebovat k, podle jednac\u00edho \u0159\u00e1du, standardn\u011b k posouzen\u00ed t\u00e9 \u017e\u00e1dosti policie, ov\u0161em v\u00e1m potom \u0159ekne pan zpravodaj. To, co tu chronologii a konkr\u00e9tn\u00ed kroky ustanovili, jsme zpravodajem pana poslance Sta\u0148ka, vy\u017e\u00e1dali jsme si kopii spisu, ta n\u00e1m byla k dispozici od 20. ledna do 4. \u00fanora. Tady chci vyslovit pod\u011bkov\u00e1n\u00ed mand\u00e1tov\u00e9ho a m\u00fdtn\u00edho v\u00fdboru za to, \u017ee n\u00e1m policie vy\u0161la vst\u0159\u00edc. Proto\u017ee p\u016fvodn\u011b, a je to standard, bychom tam museli chodit a ona n\u00e1m ten kopii toho spisu dala cel\u00e9, celou kopii, cel\u00fd ten jeden svazek dala k dispozici, dostali jsme tak\u00e9 vyj\u00e1d\u0159en\u00ed od pana poslance Okamury, o jeho\u017e vyd\u00e1n\u00ed se jedn\u00e1 v ur\u010dit\u00e9 p\u00edsemn\u00e9, p\u00edsemn\u00e9 podob\u011b, kter\u00e1 byla doru\u010dena panu tajemn\u00edkovi 3. \u00fanora 2025, a my ve souladu s jednac\u00edm \u0159\u00e1dem jsme upozornili, \u017ee budeme projedn\u00e1vat v\u011bc na z\u00e1klad\u011b teda stanoven\u00ed postupu, kter\u00fd jsme stanovili 14. ledna 2025 a p\u0159ijali usnesen\u00ed \u010d\u00edslo 70 \u0161est a upozornili jsme pana poslance Tomia Okamuru, \u017ee m\u00e1 mo\u017enost, to nen\u00ed povinnost se 4. \u00fanora 2025 toho jedn\u00e1n\u00ed z\u00fa\u010dastnit. Ostatn\u00ed body u\u017e by v\u00e1m p\u0159edneslo. Pan zpravodaj, pan\u00ed m\u00edstop\u0159edsedkyn\u011b a mil\u00e9 kolegyn\u011b a mil\u00ed kolegov\u00e9, v\u010detn\u011b usnesen\u00ed, kter\u00e9 jsme p\u0159ijali a ta usnesen\u00ed vlastn\u011b byla t\u0159i, to prvn\u00ed, \u017ee si zavol\u00e1me nebo pozveme st\u00e1tn\u00edho z\u00e1stupce, policejn\u00ed org\u00e1n, vy\u0161et\u0159ovac\u00ed spis, jak jsem ji\u017e \u0159ekla p\u0159ed chv\u00edl\u00ed, jsme m\u011bli k dispozici a uv\u011bdom\u00edme pana poslance Tomio Okamura, \u017ee se m\u016f\u017ee, ale nemus\u00ed s\u00e1m nebo spr\u00e1vn\u00edm z\u00e1stupcem z\u00fa\u010dastnit a pak toho 4. \u00fanora jsme zasedali a nedo\u0161li jsme. To m\u016f\u017eu snad \u0159\u00edci hned k \u017e\u00e1dn\u00e9mu doporu\u010den\u00ed, proto\u017ee v\u011bt\u0161inov\u011b jak n\u00e1vrh na usnesen\u00ed.<br \/>Na doporu\u010den\u00ed souhlasu k vyd\u00e1n\u00ed, tak n\u00e1vrh na doporu\u010den\u00ed nesouhlasu k vyd\u00e1n\u00ed nez\u00edskal pot\u0159ebnou v\u011bt\u0161inu. Tak\u017ee jsme v souladu s jednac\u00edm \u0159\u00e1dem posunuli to rozhodov\u00e1n\u00ed do pl\u00e9na Poslaneck\u00e9 sn\u011bmovny. Kde v\u00e1m je\u0161t\u011b podrobnosti, pan zpravodaj te\u010f sd\u011bl\u00ed. D\u011bkuji za pozornost.<br \/><br \/>mluv\u010d\u00ed 3,<br \/>&#8212;&#8212;&#8212;&#8212;&#8212;&#8212;&#8211;<br \/>D\u011bkuji. A nyn\u00ed pros\u00edm zpravodaje v\u00fdboru, poslance Pavla Sta\u0148ka, aby se ujal slova.Pros\u00edm, m\u00e1te slovo, pane poslan\u010de.<br \/><br \/>mluv\u010d\u00ed 4,<br \/>&#8212;&#8212;&#8212;&#8212;&#8212;&#8212;&#8211;<br \/>D\u011bkuji. Pan\u00ed m\u00edstop\u0159edsedkyn\u011b, kolegyn\u011b, kolegov\u00e9. Dovolte mi tedy, abych nav\u00e1zal na pan\u00ed p\u0159edsedkyni na\u0161eho mand\u00e1tov\u00e9ho imunitn\u00edho v\u00fdboru a sezn\u00e1mil v\u00e1s vlastn\u011b s pr\u016fb\u011bhem projedn\u00e1v\u00e1n\u00ed tohoto bodu, tak, jak p\u0159\u00edslu\u0161\u00ed zpravodaji, tak, jak tady u\u017e zmi\u0148ovala pan\u00ed p\u0159edsedkyn\u011b Helena V\u00e1lkov\u00e1. 7. 1. 2025 n\u00e1m prost\u0159ednictv\u00edm datov\u00e9 zpr\u00e1vy do parlamentu sem do Poslaneck\u00e9 sn\u011bmovny p\u0159i\u0161la \u017e\u00e1dost Policie \u010cesk\u00e9 republiky o vysloven\u00ed souhlasu s trestn\u00edm st\u00edh\u00e1n\u00edm Tomia Okamury, kterou tady vedeme pod jednac\u00edm \u010d\u00edslem PS 2025\/000342. Tato \u017e\u00e1dost je opat\u0159ena \u010d. j. a je to \u017e\u00e1dost Krajsk\u00e9ho \u0159editelstv\u00ed policie hlavn\u00edho m\u011bsta Prahy a je opat\u0159ena \u010d. J. Krpa \u2013 25, 11, 70, Jednaml\u010dka 110\/t, \u010d 2024\u2013000041. Dovol\u00edm si tedy ocitovat konkr\u00e9tn\u011b tuto \u017e\u00e1dost. Policejn\u00ed org\u00e1n Krajsk\u00e9ho \u0159editelstv\u00ed policie hlavn\u00edho m\u011bsta Prahy, slu\u017eba krimin\u00e1ln\u00ed policie a vy\u0161et\u0159ov\u00e1n\u00ed, odbor extremismu a terorismu. Prvn\u00ed odd\u011blen\u00ed Kongresov\u00e1 1666\/2140, Praha 4 s odkazem na ustanoven\u00ed \u010dl. 27 odstavec \u010dty\u0159i z\u00e1kona \u010d\u00edslo 1\/1993 Sb.\u00dastava \u010cesk\u00e9 republiky a ustanoven\u00ed \u00a7 12 z\u00e1kona \u010d. 90\/1995 Sb. o jednac\u00edm \u0159\u00e1du Poslaneck\u00e9 sn\u011bmovny ve zn\u011bn\u00ed pozd\u011bj\u0161\u00edch p\u0159edpis\u016f, \u017e\u00e1d\u00e1 Poslaneckou sn\u011bmovnu Parlamentu \u010cesk\u00e9 republiky o vysloven\u00ed souhlasu s trestn\u00edm st\u00edh\u00e1n\u00edm poslance Tomia Okamury narozen\u00e9ho 4. 7. 1972, policejn\u00ed org\u00e1n vede pod \u010d. J. krpa \u2013 25, 11, 71\/te\u010de 20, 24\u2013000041. Trestn\u00ed \u0159\u00edzen\u00ed pro skutek popsan\u00fd n\u00e1sleduj\u00edc\u00edm zp\u016fsobem. Tomio Okamura narozen\u00fd 4. 7. 1972 jako p\u0159edseda politick\u00e9ho hnut\u00ed Svoboda a p\u0159\u00edm\u00e9 demokracie SPD. I\u010cO 0, 41, 34 940 v pozici odpov\u011bdn\u00e9ho statut\u00e1rn\u00edho org\u00e1nu tohoto politick\u00e9ho hnut\u00ed v r\u00e1mci \u010dinnosti a v r\u00e1mci z\u00e1jmu uveden\u00e9ho hnut\u00ed \u00famysln\u011b ve\u0159ejn\u011b prezentoval a d\u00e1le se v r\u00e1mci t\u00e9to ve\u0159ejn\u00e9 prezentace souhlasn\u011b vyjad\u0159oval k plak\u00e1tu I z uvozovky chirurgov\u00e9 z dovozu uvozovky uzav\u0159eny, kter\u00fd byl v r\u00e1mci uveden\u00e9ho hnut\u00ed pou\u017eit k ovlivn\u011bn\u00ed voli\u010d\u016f v r\u00e1mci p\u0159edvolebn\u00ed kampan\u011b politick\u00e9ho hnut\u00ed SPD do krajsk\u00fdch zastupitelstev v roce 2024, p\u0159i\u010dem\u017e. Na plak\u00e1tu je vyobrazen mu\u017e negroidn\u00ed rasy s agresivn\u00edm v\u00fdrazem v obli\u010deji zakrv\u00e1cen\u00e9m ob oble\u010den\u00ed a se zakrv\u00e1cen\u00fdm no\u017eem v ruce.P\u0159i\u010dem\u017e tento plak\u00e1t je dopln\u011bn textem. Nedostatky ve zdravotnictv\u00ed nevy\u0159e\u0161\u00ed chirurgov\u00e9 z dovozu stop migra\u010dn\u00edmu paktu EU, kdy uveden\u00fd plak\u00e1t m\u00e1 rasistick\u00fd a xenofobn\u00ed podtext, kdy p\u0159\u00edmo p\u0159isuzuje pouze negativn\u00ed vlastnosti migrant\u016fm negroidn\u00ed rasy a t\u00edmto vyvol\u00e1v\u00e1 nen\u00e1vist k t\u00e9to rase, p\u0159i\u010dem\u017e uveden\u00fd plak\u00e1t minim\u00e1ln\u011b ve\u0159ejn\u011b prezentoval t\u00edm zp\u016fsobem, \u017ee je osobn\u011b prezentoval v r\u00e1mci televizn\u00ed report\u00e1\u017ee CNN Prima News v po\u0159adu K v\u011bci, kter\u00e1 byla odvys\u00edl\u00e1na dne 19. 8. 2024 ve 12:30 v r\u00e1mci televizn\u00ed report\u00e1\u017ee CNN Prima News v po\u0159adu Partie Terezie Tom\u00e1nkov\u00e9, kter\u00e1 byla odvys\u00edl\u00e1na dne 25. 8. 2024 v 11:45 hodin a d\u00e1le uveden\u00fd plak\u00e1t ve\u0159ejn\u011b prezentoval dne 5. 9. 2024 na V\u00e1clavsk\u00e9m n\u00e1m\u011bst\u00ed v Praze, kde se osobn\u011b \u00fa\u010dastnil prezenta\u010dn\u00ed akce politick\u00e9ho hnut\u00ed SPD, v r\u00e1mci kter\u00e9 byl p\u0159edm\u011btn\u00fd plak\u00e1t vyv\u011b\u0161en v podob\u011b banneru.D\u00e1le v dob\u011b od 19. 8. 2024 do 30. 9. 2024 pod u\u017eivatelsk\u00fdm jm\u00e9nem Tomio Okamura. Ofici\u00e1ln\u00ed profil na webov\u00e9m port\u00e1lu www.youtube.com zve\u0159ejnil celkem \u0161est vide\u00ed, kde se jednalo o p\u0159edvolebn\u00ed spoty, \u00faryvky z videoreport\u00e1\u017e\u00ed, kter\u00fd se obvin\u011bn\u00fd osobn\u011b \u00fa\u010dastnil a vlastn\u00ed video, prohl\u00e1\u0161en\u00ed obvin\u011bn\u00e9ho, p\u0159i\u010dem\u017e tato videa uveden\u00fd plak\u00e1t propaguj\u00ed a vyj\u00e1d\u0159en\u00ed obvin\u011bn\u00e9ho na t\u011bchto vide\u00edch jsou souhlasn\u00e1 ve vztahu k p\u0159edm\u011btn\u00e9mu plak\u00e1tu plak\u00e1t d\u00e1le v dob\u011b od 5. 8. 2024 do dne 5. 10. 2024 opakovan\u011b uve\u0159ej\u0148oval na sv\u00e9m facebookov\u00e9m profilu Tomio Okamura \u2013 SPD a dne 21. 12. 2024 na soci\u00e1ln\u00ed s\u00edti X v r\u00e1mci p\u0159\u00edsp\u011bvku, kter\u00fd reaguje na \u00fatok v n\u011bmeck\u00e9m Magdeburgu II uvozovky, rom\u0161t\u00ed chlapci uvozovky uzav\u0159eny. Kter\u00fd byl v r\u00e1mci uveden\u00e9ho hnut\u00ed pou\u017eit k ovlivn\u011bn\u00ed voli\u010d\u016f v r\u00e1mci p\u0159edvolebn\u00ed kampan\u011b politick\u00e9ho hnut\u00ed SPD do krajsk\u00fdch zastupitelstev v roce 2024, p\u0159i\u010dem\u017e na plak\u00e1tu jsou vyzobrazeni dva chlapci romsk\u00e9ho etnika ve \u0161koln\u00edm v\u011bku, kte\u0159\u00ed maj\u00ed znud\u011bn\u00fd v\u00fdraz ve tv\u00e1\u0159i a kou\u0159\u00ed cigarety. P\u0159i\u010dem\u017e tento plak\u00e1t je dopln\u011bn textem. \u0158\u00edkaj\u00ed, a\u0165 chod\u00edme do \u0161koly, ale na\u0161i to maj\u00ed na h\u00e1ku.Podpora pouze pro rodiny, kde d\u011bti pln\u00ed \u0161koln\u00ed doch\u00e1zku, kdy uveden\u00fd plak\u00e1t m\u00e1 rasistick\u00fd podtext nam\u00ed\u0159en\u00fd proti romsk\u00e9mu etniku, kdy p\u0159\u00edmo p\u0159isuzuje pouze negativn\u00ed vlastnosti p\u0159\u00edslu\u0161n\u00edk\u016fm romsk\u00e9ho etnika a t\u00edmto vyvol\u00e1v\u00e1 nen\u00e1vist k t\u00e9to etnick\u00e9 skupin\u011b, p\u0159i\u010dem\u017e uveden\u00fd plak\u00e1t minim\u00e1ln\u011b ve\u0159ejn\u011b prezentoval t\u00edm zp\u016fsobem, \u017ee jej osobn\u011b prezentoval v r\u00e1mci televizn\u00ed report\u00e1\u017ee CNN Prima News v po\u0159adu Partie Terezie Tom\u00e1nkov\u00e9 odvys\u00edlan\u00e9 dne 25. 8. 2024 v 11:45 hodin. D\u00e1le uveden\u00fd plak\u00e1t ve\u0159ejn\u011b prezentoval dne 5. 9. 2024 na V\u00e1clavsk\u00e9m n\u00e1m\u011bst\u00ed v Praze, kde se osobn\u011b \u00fa\u010dastnil prezenta\u010dn\u00ed akce politick\u00e9ho hnut\u00ed SPD, v r\u00e1mci kter\u00e9 byl p\u0159edm\u011btn\u00fd plag\u00e1n vyv\u011b\u0161en v podob\u011b banneru, d\u00e1le dne 27. 8. 2024 pod u\u017eivatelsk\u00fdm jm\u00e9nem Tomio Okamura. Ofici\u00e1ln\u00ed profil na webov\u00e9m port\u00e1lu www.youtube.com zve\u0159ejnil video, kdy se jednalo o \u00faryvek z videoreport\u00e1\u017ee CNN Prima News, p\u0159i\u010dem\u017e toto video uveden\u00fd plak\u00e1t propaguje a obvin\u011bn\u00fd na tomto videu schvaluje podobu samotn\u00e9ho plak\u00e1tu, tedy dle z\u00e1v\u011bru policejn\u00edho org\u00e1nu \u00famysln\u011b ve\u0159ejn\u011b podn\u011bcoval k nen\u00e1visti, k n\u011bkter\u00e9 rase a etnick\u00e9 skupin\u011b a tento \u010din sp\u00e1chal v televizi a ve\u0159ejn\u011b p\u0159\u00edstupnou po\u010d\u00edta\u010dovou s\u00edt\u00ed, \u010d\u00edm\u017e sp\u00e1chala p\u0159e\u010din podn\u011bcov\u00e1n\u00ed k nen\u00e1visti v\u016f\u010di skupin\u011b osob nebo k omezov\u00e1n\u00ed jejich pr\u00e1v a svobod. Podle \u00a7 356 odstavec jedna, odstavec, t\u0159i p\u00edsmena a tr. z\u00e1kon\u00edku.V p\u0159\u00edpad\u011b pot\u0159eby lze na z\u00e1klad\u011b va\u0161\u00ed \u017e\u00e1dosti za podm\u00ednek ustanoven\u00ed \u00a7 65 tr. \u0159\u00e1du umo\u017enit v s\u00eddle policejn\u00edho org\u00e1nu nahl\u00e9dnut\u00ed do trestn\u00edho spisu. Vzhledem k v\u00fd\u0161e popsan\u00e9mu \u017e\u00e1d\u00e1m o vysloven\u00ed souhlasu s trestn\u00edm st\u00edh\u00e1n\u00edm poslance Tomia Okamury narozen\u00e9ho 4. 7. 1972, tak, jak je v\u00fd\u0161e od\u016fvodn\u011bno, kpt. Mgr. Ji\u0159\u00ed Kom\u00e1rek, vrchn\u00ed komisa\u0159.<br \/><br \/>Tolik citace n\u00e1m doru\u010den\u00e9 \u017e\u00e1dosti Policie \u010cesk\u00e9 republiky o vysloven\u00ed souhlasu s trestn\u00edm st\u00edh\u00e1n\u00edm.Na z\u00e1klad\u011b takto doru\u010den\u00e9 z \u017e\u00e1dosti se nejprve mand\u00e1t se se\u0161el mand\u00e1tov\u00fd imunitn\u00ed v\u00fdbor \u010dtrn\u00e1ct\u00e9ho DNA 2025, kde projednal tuto \u017e\u00e1dost a p\u0159ijal z\u00e1rove\u0148 usnesen\u00ed \u010d\u00edslo 76, cituji mand\u00e1tov\u00fd imunitn\u00ed v\u00fdbor Poslaneck\u00e9 sn\u011bmovny Parlamentu \u010cesk\u00e9 republiky podle n\u00e1vrhu p\u0159edsedkyn\u011b v\u00fdboru prof. Dr. Heleny V\u00e1lkov\u00e9. CS. A po rozprav\u011b, za prv\u00e9, \u017e\u00e1d\u00e1 policejn\u00ed org\u00e1n kpt. Mgr. Ji\u0159\u00edho Kom\u00e1rka o zp\u0159\u00edstupn\u011bn\u00ed vy\u0161et\u0159ovac\u00edho spisu k trestn\u00edmu st\u00edh\u00e1n\u00ed poslance Tomia Okamury ve fyzick\u00e9 podob\u011b ti\u0161t\u011bn\u00e9 na dobu dvou t\u00fddn\u016f do 28. ledna 2025, a to jeho doru\u010den\u00edm do prostor mand\u00e1tov\u00e9ho a imunitn\u00edho v\u00fdboru. Za druh\u00e9 stanov\u00ed term\u00edn meritorn\u00edho projedn\u00e1n\u00ed v\u011bci, na kter\u00fd budou pozv\u00e1ni policejn\u00ed org\u00e1n a dozoruj\u00edc\u00ed st\u00e1tn\u00ed z\u00e1stupce a bude o n\u011bm informov\u00e1n i poslanec Tomio Okamura. Na \u00fater\u00fd 4. \u00fanora 2025 od 10 hodin s n\u00e1vrhem tohoto programu schv\u00e1len\u00ed po\u0159adu jedn\u00e1n\u00ed, to je bod prvn\u00ed, bod druh\u00fd, projedn\u00e1n\u00ed \u017e\u00e1dosti o vysloven\u00ed souhlasu k trestn\u00edmu st\u00edh\u00e1n\u00ed poslance Tomia Okamury. A za t\u0159et\u00ed r\u016fzn\u00e9 a term\u00edn a po\u0159ad p\u0159\u00ed\u0161t\u00ed sch\u016fze v\u00fdboru, tak takov\u00e9 zn\u011blo usnesen\u00ed \u010d\u00edslo 76, kter\u00fdm se vlastn\u011b vypo\u0159\u00e1dal, je mand\u00e1tov\u00fd imunitn\u00ed v\u00fdbor. Bezprost\u0159edn\u011b pot\u00e9, co mu byla doru\u010dena \u017e\u00e1dost Policie \u010cesk\u00e9 republiky o vysloven\u00ed souhlasu s trestn\u00edm st\u00edh\u00e1n\u00edm Tomia Okamury a na z\u00e1klad\u011b toho, tak, jak jsem tady p\u0159e\u010detl toto usnesen\u00ed, jsme jako mand\u00e1tov\u00fd imunitn\u00ed v\u00fdbor si dovolili pozvat nejen samoz\u0159ejm\u011b pana vy\u0161et\u0159ovatele Kom\u00e1rka, ale i tak\u00e9 st\u00e1tn\u00edho z\u00e1stupce dozoruj\u00edc\u00edho st\u00e1tn\u00edho z\u00e1stupce Mgr. Davida Jachnick\u00e9ho a samoz\u0159ejm\u011b i kolegu poslance Tomia Okamuru. Tento n\u00e1m ale doru\u010dil vlastn\u011b den, den p\u0159ed jedn\u00e1n\u00edm mand\u00e1tov\u00e9ho v\u00fdboru, 3. \u00fanora 2025, r\u00e1no vyj\u00e1d\u0159en\u00ed, kter\u00e9 n\u00e1m poslala p\u00edsemn\u011b a se kter\u00fdm v\u00e1s tak\u00e9, rovn\u011b\u017e sezn\u00e1m\u00edm vyj\u00e1d\u0159en\u00ed, je nazv\u00e1no vyj\u00e1d\u0159en\u00ed k \u017e\u00e1dosti policejn\u00edho org\u00e1nu ze dne 7. 1. 2025, \u010d. J. krpa \u2013 25, 11, 71\u2013110\/t\u010d \u2013 20, 24\u201300041. V \u00favodu tohoto materi\u00e1lu je obsah, kter\u00fd zahrnuje \u010dty\u0159i body. Prvn\u00edm bodem obsahuje \u00favod, druh\u00fdm bodem smysl plak\u00e1t\u016f, k tomu je odr\u00e1\u017eka bl\u00ed\u017ee k plak\u00e1tu \u010d\u00edslo jedna chirurgov\u00e9 z dovozu, n\u00e1sleduje \u0159\u00e1dek hlub\u0161\u00ed souvislosti kritiky, probl\u00e9m migra\u010dn\u00edho paktu Evropsk\u00e9 unie. Bl\u00ed\u017ee k plak\u00e1tu \u010d\u00edslo dv\u011b, v uvozovk\u00e1ch nep\u0159izp\u016fsobiv\u00fd. T\u0159et\u00ed bod je vady postupu policejn\u00edho org\u00e1nu, kdy op\u011bt je jedna odr\u00e1\u017eka. Plak\u00e1t \u010d\u00edslo jedna, plak\u00e1t \u010d\u00edslo dv\u011b. Shrnut\u00ed. A na z\u00e1v\u011br pod bodem \u010dty\u0159i je uveden seznam d\u016fkaz\u016f, dovol\u00edm si tedy p\u0159e\u010d\u00edst vyj\u00e1d\u0159en\u00ed pana kolegy tak, aby jste m\u011bli mo\u017enost se s n\u00edm sezn\u00e1mit pod bodem jedna \u00favod. N\u00e1\u0161 pan kolega a Tomio Okamura uv\u00e1d\u00ed, toto. Policejn\u00ed org\u00e1n doru\u010dil dne 7. 1. dvac\u00e1t\u00e9ho a 2025 mand\u00e1tov\u00e9mu a imunitn\u00edmu v\u00fdboru Poslaneck\u00e9 sn\u011bmovny. \u017d\u00e1dost o vysloven\u00ed souhlasu s m\u00fdm trestn\u00edm st\u00edh\u00e1n\u00edm, p\u0159edm\u011btem t\u00e9to dvoustr\u00e1nkov\u00e9 \u017e\u00e1dosti bez jak\u00fdchkoliv p\u0159\u00edloh jsou 22, promi\u0148te, p\u0159edvolebn\u00ed plak\u00e1ty, ke kter\u00fdm jsem policejn\u00edmu org\u00e1nu poskytl ji\u017e rozs\u00e1hl\u00e9 vysv\u011btlen\u00ed, \u017ee v r\u00e1mci jsme s odkazem na konkr\u00e9tn\u00ed zdroje informac\u00ed pouk\u00e1zal, v jak\u00e9m kontextu tyto plak\u00e1ty vznikly a byly prezentov\u00e1ny, policejn\u00ed org\u00e1n ve sv\u00e9 \u017e\u00e1dosti odkazuje na moje ve\u0159ejn\u00e1 vyj\u00e1d\u0159en\u00ed a projedn\u00e1v\u00e1ny plak\u00e1t\u016fm, z kter\u00fdch v\u0161ak v\u016fbec nevych\u00e1z\u00ed a n\u00e1sledn\u011b dosp\u00edv\u00e1 k obecn\u00e9mu z\u00e1v\u011bru, \u017ee v m\u00e9 ve\u0159ejn\u00e9 prezentaci t\u011bchto plak\u00e1t\u016f shledal \u00fadajn\u00fd \u00famysl ve\u0159ejn\u011b podn\u011bcovat z nen\u00e1visti k n\u011bkter\u00e9 rase atnick\u00e9 skupin\u011b.Tento nepodlo\u017een\u00fd z\u00e1v\u011br policejn\u00edho org\u00e1nu se zcela m\u00edj\u00ed se skute\u010dn\u00fdm \u00famyslem. Za t\u011bmito plak\u00e1ty, kter\u00fd je zn\u00e1m ve\u0159ejnosti, zejm\u00e9na z m\u00fdch vyj\u00e1d\u0159en\u00ed i vyj\u00e1d\u0159en\u00ed hnut\u00ed SPD bod dva je nazv\u00e1n smysl plak\u00e1t\u016f s \u00famyslem, za t\u011bmito alergick\u00fdmi plak\u00e1ty byla ve\u0159ejnost sezn\u00e1men nap\u0159\u00edklad politick\u00fdm usnesen\u00edm hnut\u00edm SPD ze dne 10. 9. 2024, ve kter\u00e9m jsme uvedli, \u017ee smyslem t\u011bchto alegori\u00ed je upozor\u0148ovat na kl\u00ed\u010dov\u00e9 re\u00e1ln\u00e9 spole\u010densko, politick\u00e9 probl\u00e9my dne\u0161ka a na nebezpe\u010d\u00ed pro \u010cR a \u010desk\u00e9 ob\u010dany, kter\u00e9 jsou d\u016fsledkem vl\u00e1dn\u00ed politiky, proto t\u00e9matikou t\u011bchto plak\u00e1t\u016f byl zejm\u00e9na migra\u010dn\u00ed pakt a Green Deal Evropsk\u00e9 unie, dlouhodob\u00e9 zneu\u017e\u00edv\u00e1n\u00ed soci\u00e1ln\u00edch d\u00e1vek a vysok\u00e9 ceny potravin a energi\u00ed. V\u0161emi t\u011bmito ot\u00e1zkami se hnut\u00ed SPD pravideln\u011b zab\u00fdv\u00e1 a zab\u00fdvalo ji\u017e p\u0159ed vznikem a ve\u0159ejnou prezentac\u00ed t\u011bchto plak\u00e1t\u016f, a proto v\u011b\u0159\u00edm, \u017ee kdokoliv, kdo p\u0159i\u0161el do styku s t\u011bmito plak\u00e1ty, mohl jednotliv\u00e1 t\u00e9mata plak\u00e1t\u016f ihned rozpoznat, a to i d\u00edky jejich doprovodn\u00e9mu textu.<br \/><br \/>Dal\u0161\u00edm odstavcem je k plak\u00e1tu \u010d\u00edslo jedna chirurgov\u00e9 z dovozu. Prvn\u00ed plak\u00e1t, kter\u00fd je p\u0159edm\u011btem \u017e\u00e1dosti policejn\u00edho org\u00e1nu, je zcela evidentn\u011b vytvo\u0159en v reakci na migra\u010dn\u00ed pakt Evropsk\u00e9 unie, av\u0161ak pochopiteln\u011b navazuje na celou dlouhodobou problematiku nezvl\u00e1d\u00e1n\u00ed imigra\u010dn\u00ed krize v r\u00e1mci Evropsk\u00e9 unie, ke kter\u00e9 se hnut\u00ed SPD vyjad\u0159uje u\u017e mnoho let. Ur\u010dit\u00e9 z\u00e1kladn\u00ed rysy tohoto plak\u00e1tu jsem vysv\u011btloval v srpnu a z\u00e1\u0159\u00ed 2024. A jak vypl\u00fdv\u00e1 z \u010dl\u00e1nk\u016f Seznam Zpr\u00e1v ze dne 12. 8. 2024, tady potom je p\u0159ilo\u017een\u00fd odkaz na ten konkr\u00e9tn\u00ed \u010dl\u00e1nek report\u00e1\u017ee CNN Prima News odvys\u00edlan\u00e9 dne 19. 8. 2024, op\u011bt p\u0159ilo\u017een odkaz na tuto report\u00e1\u017e a rozhovoru pro Mladou frontu DNES ze dne 12. 9. 2024. Op\u011bt p\u0159ilo\u017een odkaz, jak je z\u0159ejm\u00e9 z t\u011bchto ve\u0159ejn\u011b dostupn\u00fdch zdroj\u016f. Ukazoval jsem na to, \u017ee tento plak\u00e1t se odvol\u00e1v\u00e1 p\u0159edev\u0161\u00edm na sou\u010dasnou situaci v z\u00e1padn\u00edm Berl\u00edn\u011b a doprovodn\u011b sem uv\u00e1d\u011bl nap\u0159\u00edklad statistiku, dle kter\u00e9 v roce 2023 do\u0161lo v Berl\u00edn\u011b 3840 \u00fatok\u016f no\u017eem, p\u0159i\u010dem\u017e agresory byli v\u011bt\u0161inou migranti bez n\u011bmeck\u00e9ho pasu, a to nej\u010dast\u011bji Turci, Sy\u0159ani a Afgh\u00e1nci z povahy v\u011bci. Pak je na tomto plak\u00e1tu, jeho\u017e podn\u011btem je kritika migra\u010dn\u00edho paktu Evropsk\u00e9 unie, nezvl\u00e1d\u00e1n\u00ed neleg\u00e1ln\u00ed imigrace, zvl\u00e1d\u00e1n\u00ed integrace imigrant\u016f, v\u010detn\u011b n\u00e1r\u016fstu kriminality spojen\u00e9ho s imigrac\u00ed a snahy o legalizaci neleg\u00e1ln\u00ed imigrace. Vyobrazen mu\u017e \u010dern\u00e9 pleti. To nen\u00ed v\u00fdsledek snahy \u00fato\u010dit na konkr\u00e9tn\u00ed rasu? Jedn\u00e1 se o prostou statistickou skute\u010dnost, nebo\u0165 migra\u010dn\u00ed pakt Evropsk\u00e9 unie i problematika neleg\u00e1ln\u00ed imigrace su\u017euj\u00edc\u00ed Evropskou unii se p\u0159eva\u017euj\u00edc\u00ed m\u00ed\u0159e t\u00fdk\u00e1 africk\u00fdch a isl\u00e1msk\u00fdch uprchl\u00edk\u016f. Pokud by mezi neleg\u00e1ln\u00edmi imigranty p\u0159eva\u017eovali b\u011blo\u0161i, byl by na plak\u00e1tu b\u011bzem b\u011bloch.I vyu\u017eit\u00ed pojmu v uvozovk\u00e1ch. Chirurgov\u00e9 z dovozu. M\u00e1 samoz\u0159ejm\u011b sv\u00e9 opodstatn\u011bn\u00ed. Domn\u00edv\u00e1m se, \u017ee ka\u017ed\u00e9mu do\u0161la ta prvn\u00ed spojitost spo\u010d\u00edvaj\u00edc\u00ed mezi n\u00e1r\u016fstem \u00fatok\u016f no\u017eem, neleg\u00e1ln\u00ed imigrac\u00ed a pojmem chirurg, jeho\u017e ikonick\u00fdm pracovn\u00edm n\u00e1strojem je skalpel. Slovn\u00ed spojen\u00ed chirurgov\u00e9 z dovozu op\u011bt v uvozovk\u00e1ch, v\u0161ak odkazuje i na d\u011bdictv\u00ed, kter\u00e9 n\u00e1m po sob\u011b zanechala Angela Merkelov\u00e1, kter\u00e1 u\u017e v roce 2015 nad\u0161en\u011b v\u00edtala imigranty se slovy zvl\u00e1dneme to. A je j\u00ed \u010dasto p\u0159ikl\u00e1d\u00e1 velk\u00fd pod\u00edl na imigra\u010dn\u00ed krizi, snahy prosadit v Evropsk\u00e9 unii pozitivn\u011bj\u0161\u00ed n\u00e1zor na p\u0159ij\u00edm\u00e1n\u00ed uprchl\u00edk\u016f, tedy byly prov\u00e1zeny i tvrzen\u00edmi, \u017ee z jednotliv\u00fdch zem\u00ed, jako byl nap\u0159\u00edklad Tunisko, ve velk\u00e9m po\u010dtu, \u00fadajn\u011b emigrovali i vystudovan\u00ed l\u00e9ka\u0159i. Jednalo se tedy o snahy vyvolat dojem, \u017ee Evropsk\u00e1 unie bude p\u0159ij\u00edmat vysoce kvalifikovan\u00e9 uprchl\u00edky, kte\u0159\u00ed vy\u0159e\u0161\u00ed n\u00e1\u0161 nedostatek kvalifikovan\u00fdch zam\u011bstnanc\u016f, mezi kter\u00e9 spadaj\u00ed pr\u00e1v\u011b i l\u00e9ka\u0159i.Nakonec se za\u010dalo ukazovat, \u017ee mnoho \u00fadajn\u011b kvalifikovan\u00fdch b\u011b\u017eenc\u016f neum\u011blo ani \u010d\u00edst, ani ps\u00e1t. S t\u00edmto odhalen\u00edm p\u0159i\u0161ly nap\u0159\u00edklad Lidov\u00e9 noviny ve sv\u00e9m \u010dl\u00e1nku z 31. 8. 2016 op\u011bt p\u0159ilo\u017een odkaz na tento \u010dl\u00e1nek. Pak je tu pod odstavec nazvan\u00fd Hlub\u0161\u00ed souvislosti kritiky. Samotn\u00e1 povaha form\u00e1tu plak\u00e1tu n\u00e1s bohu\u017eel nut\u00ed klouzat po povrchu probl\u00e9mu, na kter\u00fd chceme plak\u00e1tem upoutat pozornost. Imigra\u010dn\u00ed pakt Evropsk\u00e9 unie a imigra\u010dn\u00ed krize obecn\u011b jsou p\u0159itom komplexn\u00edmi ot\u00e1zkami, ke kter\u00fdm by se daly napsat cel\u00e9 knihy a taky, \u017ee se napsaly minim\u00e1ln\u011b o imigra\u010dn\u00ed krizi. Proto jsem toho n\u00e1zoru, \u017ee policejn\u00ed org\u00e1n m\u011bl poctiv\u011b zkoumat aktivitu hnut\u00ed SPD i m\u011b samotn\u00e9ho p\u0159edsedy ve vztahu k tento ot\u00e1zk\u00e1m, proto\u017ee pr\u00e1v\u011b v kontextu t\u00e9to aktivity \u0161irok\u00e1 ve\u0159ejnost na\u0161e plak\u00e1ty vn\u00edm\u00e1, hnut\u00ed SPD pravideln\u011b vyjad\u0159uje a od\u016fvod\u0148uje sv\u00e9 n\u00e1zory, \u017ee Evropsk\u00e1 unie dlouhodob\u011b nezvl\u00e1d\u00e1 imigra\u010dn\u00ed krizi a integraci imigrant\u016f ze spole\u010dnosti i s jin\u00fdmi hodnotov\u00fdmi z\u00e1klady a \u017ee neleg\u00e1ln\u00ed imigrace je zcela nep\u0159ijateln\u00e1, p\u0159i\u010dem\u017e migra\u010dn\u00ed pakt Evropsk\u00e9 unie nen\u00ed \u00fa\u010dinn\u00fdm \u0159e\u0161en\u00edm, co se nezvl\u00e1d\u00e1n\u00ed imigrace t\u00fd\u010de.Vn\u00edm\u00e1me dva z\u00e1kladn\u00ed probl\u00e9my, se kter\u00fdmi se Evropsk\u00e1 unie dlouhodob\u011b pot\u00fdk\u00e1, a to neschopnost zabra\u0148ovat neleg\u00e1ln\u00edm vstup\u016fm na \u00fazem\u00ed Evropsk\u00e9 unie a drasticky nefunguj\u00edc\u00ed n\u00e1vratovou politiku, po\u010det neleg\u00e1ln\u00edch vstup\u016f na \u00fazem\u00ed Evropsk\u00e9 unie se Evropsk\u00e1 unie pokou\u0161\u00ed monitorovat zejm\u00e9na za pomoci informac\u00ed od Frontexu. A v\u00fdsledkem je infografika, op\u011bt odkaz na tuto grafiku, ze kter\u00e9 vypl\u00fdv\u00e1, \u017ee za rok 2024 je i p\u0159es v\u00fdrazn\u00fd pokles na trase p\u0159es centr\u00e1ln\u00ed St\u0159edomo\u0159\u00ed evidov\u00e1no p\u0159es 150 000 neleg\u00e1ln\u00edch vstup\u016f do Evropsk\u00e9 unie. Nutno podotknout, \u017ee tato, toto \u010d\u00edslo logicky nem\u016f\u017ee zahrnovat ty neleg\u00e1ln\u00ed vstupy do Evropsk\u00e9 unie, kter\u00e9 se Evropsk\u00e9 unii nepoda\u0159ilo monitorovat ve vztahu k n\u00e1vratov\u00e9 politice. A pak poukazuj\u00ed na prohl\u00e1\u0161en\u00ed p\u0159edsedkyn\u011b Evropsk\u00e9 komise Ursuly von der Leyen z roku 2023, \u017ee azylov\u00e9 syst\u00e9my v \u010dlensk\u00fdch st\u00e1tech jsou vystaveny zna\u010dn\u00e9mu tlaku a faktem je, \u017ee v\u011bt\u0161ina \u017eadatel\u016f o azyl ochranu nepot\u0159ebuje. I p\u0159es tuto skute\u010dnost z\u016fst\u00e1v\u00e1 m\u00edra n\u00e1vratu na n\u00edzk\u00e9 \u00farovni pouh\u00fdch 22 %.Vy jste \u010dl\u00e1nek, Tvo\u0159\u00edme Evropu ze dne 6. 2. o 2003 a op\u011bt p\u0159elo\u017een\u00fd odkaz. Sv\u00e1 slova Ursula von der Leyen potvrdila i na konci roku 2024, kdy uvedla, \u017ee p\u0159ibli\u017en\u011b jen 20 % st\u00e1tn\u00edch p\u0159\u00edslu\u0161n\u00edk\u016f t\u0159et\u00edch zem\u00ed, kter\u00fdm bylo na\u0159\u00edzeno odej\u00edt, se skute\u010dn\u011b vr\u00e1tilo. Vy jste \u010dl\u00e1nek Seznam Zpr\u00e1v ze dne 15. \u0159\u00edjna 2024, op\u011bt p\u0159ilo\u017een odkaz. Nejen\u017ee tedy Evropsk\u00e1 unie nen\u00ed schopna zamezit neleg\u00e1ln\u00edm imigra\u010dn\u00edm tok\u016fm do Evropsk\u00e9 unie, zcela z\u00e1sadn\u011b tak\u00e9 selh\u00e1v\u00e1 p\u0159i n\u00e1vratech \u017eadatel\u016f o azyl. Jejich \u017e\u00e1dostem nen\u00ed vyhov\u011bno na tento probl\u00e9m pak navazuje prokazateln\u00e9 dlouhodob\u00e9 nezvl\u00e1d\u00e1n\u00ed plo\u0161n\u00e9 integrace, a\u0165 u\u017e leg\u00e1ln\u00edch \u010di neleg\u00e1ln\u00edch imigrant\u016f ze spole\u010dnosti s jin\u00fdmi hodnotov\u00fdmi z\u00e1klady do st\u00e1tu Evropsk\u00e9 unie. Tento z\u00e1v\u011br podporuj\u00ed dv\u011b z\u00e1kladn\u00ed skute\u010dnosti, a to vznik no, gonzon v mnoha st\u00e1tech Evropsk\u00e9 unie a vysok\u00e1 kriminalita p\u00e1chan\u00e1 imigranty, jak zdokumentoval institut Gate Stone ve sv\u00e9 120 str\u00e1nkov\u00e9 v\u00fdzkumn\u00e9 zpr\u00e1v\u011b s n\u00e1zvem no Go z\u00f3ny ve Francouzsk\u00e9 republice. M\u00fdtus nebo realita. Ji\u017e p\u0159ed v\u00edce ne\u017e 10 lety ve Francii existovaly na p\u0159edm\u011bst\u00edch des\u00edtky zdokumentovan\u00fdch odd\u011blen\u00fdch isl\u00e1msk\u00fdch \u010dtvrt\u00ed, kde je dodr\u017eov\u00e1no isl\u00e1msk\u00e9 pr\u00e1vo \u0161arja a kde policist\u00e9 a str\u00e1\u017en\u00edci mohou jen st\u011b\u017e\u00ed uplat\u0148ovat francouzsk\u00fd pr\u00e1vn\u00ed \u0159\u00e1d. Op\u011bt odkaz na tento \u010dl\u00e1nek.Tato skute\u010dnost se p\u0159itom v pr\u016fb\u011bhu let nezlep\u0161ila, pr\u00e1v\u011b naopak. To je zji\u0161t\u011bn\u00ed, ke kter\u00e9mu do\u0161la report\u00e1\u017e odvys\u00edlan\u00e1 ve francouzsk\u00e9m po\u0159adu Zak\u00e1zan\u00e1 z\u00f3na ze dne 23. 1. 2022. Jej\u00edm p\u0159edm\u011btem bylo sledov\u00e1n\u00ed projevu radik\u00e1ln\u00edho z isl\u00e1mu ve m\u011bst\u011b Roubex na severu Francie. Op\u011bt odkaz na tento, na tuto skute\u010dnost. Report\u00e1\u017e se zab\u00fdvala nap\u0159\u00edklad odd\u011blen\u00fdmi boxy pro \u017eeny v restaurac\u00edch, d\u011blen\u00edm t\u0159\u00edd nad d\u00edv\u010d\u00ed, chlapeck\u00e9 \u010di skr\u00fdv\u00e1n\u00edm kurz\u016f studia kor\u00e1n\u016f ve \u0161kol\u00e1ch pod formy doru\u010dov\u00e1n\u00ed, aby jejich tv\u016frci mohli \u010derpat m\u011bstsk\u00e9 dotace. V\u00fdsledkem pak bylo, \u017ee novin\u00e1\u0159ka i jeden z respondent\u016f museli po odvys\u00edl\u00e1n\u00ed report\u00e1\u017ee skon\u010dit pod policejn\u00ed ochranou z d\u016fvodu \u010detn\u00fdch v\u00fdhr\u016f\u017eek smrti ze strany muslim\u016f ve vztahu k samotn\u00e9 kriminalit\u011b lze pak uv\u00e9st, \u017ee v roce 2022 i tehdej\u0161\u00ed ministr vnitra G\u00e9rald Darman uznal, \u017ee 48 % trestn\u00fdch \u010din\u016f ve francouzsk\u00e9 metropoli sp\u00e1chali ciz\u00ed st\u00e1tn\u00ed p\u0159\u00edslu\u0161nosti p\u0159\u00edslu\u0161n\u00edci. Promi\u0148te.Zat\u00edmco v Marseilles tvo\u0159ili 55 % trestn\u00fdch \u010din\u016f a v Lyonu 39 %. Op\u011bt vy jste \u010dl\u00e1nek port\u00e1lu Remix ze dne 22. 8. 2002 a op\u011bt p\u0159ipojen\u00fd odkaz institut Gate Stone studoval i situaci v Brit\u00e1nii, kde dle jeho zji\u0161t\u011bn\u00ed u\u017e v roce 2011 byla v\u00edce ne\u017e stovka muslimsk\u00fdch enkl\u00e1v, kter\u00e9 i dle vyj\u00e1d\u0159en\u00ed gener\u00e1ln\u00edho inspektora policejn\u00edch sil v Anglii a Wasu Siratoma Windsora maj\u00ed vlastn\u00ed formu spravedlnosti a sv\u00e9 pot\u00ed\u017ee si tyto komunity \u0159e\u0161\u00ed sami. Vy jste \u010dl\u00e1nek institutu Gateston p\u0159elo\u017een\u00fd na str\u00e1nk\u00e1ch Hospod\u00e1\u0159sk\u00fdch novin. HN. Cz dne osm\u00e9ho 18. 4. 2015 s n\u00e1zvem Evropsk\u00e9 nogon z\u00f3ny, skute\u010dnost nebo fikce? \u010c\u00e1st druh\u00e1 Brit\u00e1nie a op\u011bt p\u0159elo\u017een\u00fd odkaz v roce 2002, 22 Brit\u00e1ni\u00ed rezonovalo zji\u0161t\u011bn\u00ed vypl\u00fdvaj\u00edc\u00ed ze zpr\u00e1vy ministerstva spr\u00e1vnosti, \u017ee \u010dtvrtina odsouzen\u00fdch cizinc\u016f po propou\u0161t\u011bn\u00ed p\u00e1chala dal\u0161\u00ed trestnou \u010dinnost na 3235 d\u0159\u00edve odsouzen\u00fdch cizinc\u016f v pr\u016fm\u011bru p\u0159ipadaly t\u0159i dal\u0161\u00ed trestn\u00e9 \u010diny, celkem 10 000. 0, 12.Rozho\u0159\u010den\u00ed d\u0159\u00edv\u011bj\u0161\u00edho ministra pro imigraci Roberta Jenrika citoval \u010dl\u00e1nek GB News ze dne 2. 12. 2024. Op\u011bt p\u0159ilo\u017een\u00fd odkaz n\u00e1sledovn\u011b. Des\u00edtk\u00e1m tis\u00edc trestn\u00fdch \u010din\u016f ro\u010dn\u011b by zabr\u00e1nilo, kdyby vl\u00e1da zaujala p\u0159\u00edstup nulov\u00e9 tolerance k vyho\u0161\u0165ov\u00e1n\u00ed cizinc\u016f, pachatel\u016f trestn\u00fdch \u010din\u016f. Ve\u0159ejnost o\u010dek\u00e1v\u00e1 r\u00e1zn\u00e1 opat\u0159en\u00ed.<br \/><br \/>A d\u00e1le ve vyj\u00e1d\u0159en\u00ed pokra\u010duji. Takto selh\u00e1n\u00ed integrace imigrant\u016f opakovan\u011b ve\u0159ejn\u011b p\u0159iznalo i \u0160v\u00e9dsko, kter\u00e9 je\u0161t\u011b v roce 2015 razilo velmi liber\u00e1ln\u00ed politiku ve vztahu k imigra\u010dn\u00edm ot\u00e1zk\u00e1m tento obrat o 180 stup\u0148\u016f zdokumentovali. Seznam Zpr\u00e1vy ve sv\u00e9m \u010dl\u00e1nku ze dne 2. 10. 2020. Op\u011bt p\u0159ilo\u017een\u00fd odkaz na tento \u010dl\u00e1nek kter\u00fd informoval o zm\u011bn\u011b azylov\u00e9 politiky \u0160v\u00e9dska. D\u016fvodem zm\u011bny postoje byla skute\u010dnost, \u017ee \u0160v\u00e9dsko \u010delilo p\u0159edev\u0161\u00edm rostouc\u00ed kriminalit\u011b gangu, co\u017e z\u00e1stupce policejn\u00edho prezidia ozna\u010dil dokonce za syst\u00e9movou hrozbu, d\u00e1le n\u00e1r\u016fstu sexu\u00e1ln\u011b motivovan\u00fdch \u00fatok\u016f a roz\u0161i\u0159ov\u00e1n\u00ed. No, Go z\u00f3n. Premi\u00e9r L\u00f6fven v\u00fdslovn\u011b uvedl, \u017ee \u0160v\u00e9dsko \u010delilo migraci v takov\u00e9m rozsahu, \u017ee integrace ji\u017e nefungovala. Do dne\u0161n\u00edho dne nem\u00e1 \u0160v\u00e9dsko vyhr\u00e1no. Nad\u00e1le se pot\u00fdk\u00e1 s vysokou kriminalitou, v\u00e1lkou migrantsk\u00fdch gang\u016f a n\u00e1sil\u00edm. D\u016fvod dle \u0161v\u00e9dsk\u00e9 ministryn\u011b pro migraci Marie Malmer Stenegardov\u00e9 spo\u010d\u00edv\u00e1 v tom, \u017ee se mnoho let nemohlo o probl\u00e9mu s migrac\u00ed v\u016fbec mluvit, ani \u0159\u00edct, \u017ee mezi migranty jsou velk\u00e9 rozd\u00edly. Tento p\u0159\u00edstup se v\u0161ak \u0160v\u00e9dsku postupn\u011b m\u011bn\u00ed.Nov\u00e1 vl\u00e1da se ji\u017e neboj\u00ed \u0159\u00edct, \u017ee v\u011bt\u0161ina t\u011bch, kte\u0159\u00ed v sou\u010dasn\u00e9 dob\u011b \u017e\u00e1daj\u00ed o azyl v Evrop\u011b, nepot\u0159ebuj\u00ed \u017e\u00e1dnou ochranu a \u017ee se ve \u0160v\u00e9dsku nach\u00e1z\u00ed mnoho lid\u00ed, kter\u00fdm byl odep\u0159en azyl, ale nepoda\u0159ilo se je navr\u00e1tit do zem\u011b p\u016fvodu.A \u0160v\u00e9dsko nyn\u00ed omezuje v\u00fd\u0161i soci\u00e1ln\u00edch d\u00e1vek a zp\u0159\u00eds\u0148uje podm\u00ednky pro ud\u011blen\u00ed azylu i zp\u016fsob, jak\u00fdm jsou \u017eadatel\u00e9 o azyl um\u00edst\u011bni, aby jim nebylo umo\u017en\u011bno obch\u00e1zet n\u00e1vratovou politiku? S t\u00edmto zji\u0161t\u011bn\u00edm p\u0159i\u0161ly Novinky. CZ ve sv\u00e9m \u010dl\u00e1nku ze dne 30. 8. 2024 op\u011bt p\u0159elo\u017een\u00fd odkaz na tento \u010dl\u00e1nek. Jako posledn\u00ed odstra\u0161uj\u00edc\u00ed p\u0159\u00edpad bych r\u00e1d uvedl N\u011bmecko, jeho\u017e policie u\u017e v roce 2015 varovala p\u0159ed noGo z\u00f3nami. Jak odhalil institut Gateston ve sv\u00e9m \u010dl\u00e1nku ze dne 1. 8. 2015 op\u011bt p\u0159ilo\u017een\u00fd odkaz na tento \u010dl\u00e1nek, kter\u00fd mimo jin\u00e9 pracoval se zpr\u00e1vou vypracovanou policejn\u00edm \u0159editelstv\u00edm Severn\u00edho Por\u00fdn\u00ed Vestf\u00e1lska varuj\u00edc\u00ed, \u017ee vl\u00e1da ztr\u00e1c\u00ed kontrolu nad probl\u00e9mov\u00fdmi \u010dtvrt\u011bmi a \u017ee schopnost policie udr\u017eovat ve\u0159ejn\u00fd po\u0159\u00e1dek nem\u016f\u017ee b\u00fdt v dlouhodob\u00e9m horizontu zaru\u010dena. Vedouc\u00ed tohoto \u0159editelstv\u00ed pak v rozhovoru pro n\u011bmeck\u00fd magaz\u00edn Focus varoval konkr\u00e9tn\u011b p\u0159ed vznikem noGo zon. Ve m\u011bst\u011b Kol\u00edn nad R\u00fdnem Dortmund, Duisburg a Essen.Dnes ve vztahu k N\u011bmecku m\u016f\u017eeme mluvit o tom, \u017ee podle spolkov\u00e9ho krimin\u00e1ln\u00edho \u00fa\u0159adu do\u0161lo k v\u00fdrazn\u00e9mu n\u00e1r\u016fstu z\u00e1va\u017en\u00e9 trestn\u00e9 \u010dinnosti sp\u00e1chan\u00e9 migranty podle statistiky poskytnut\u00e9 t\u00edmto \u00fa\u0159adem, je v N\u011bmecku ka\u017ed\u00fd den sp\u00e1ch\u00e1no migranty 25 sexu\u00e1ln\u00edch zlo\u010din\u016f, ve srovn\u00e1n\u00ed s rokem 2019 vzrostl po\u010det sexu\u00e1ln\u00edch\u00a0<strong>delikt\u016f<\/strong>\u00a0<strong>sp\u00e1chan\u00fdch<\/strong>\u00a0<strong>uprchl\u00edky<\/strong>\u00a0<strong>o<\/strong>\u00a0<strong>51<\/strong>,<strong>7<\/strong>\u00a0<strong>%<\/strong>. Nejv\u00edce podez\u0159el\u00fdch poch\u00e1z\u00ed ze S\u00fdrie, Afgh\u00e1nist\u00e1nu a Ir\u00e1ku. S t\u00edmto zji\u0161t\u011bn\u00edm p\u0159i\u0161el dne 3. 11. 2024. Port\u00e1l Echo CZ, p\u0159elo\u017een\u00fd odkaz o n\u00e1r\u016fstu kriminality v N\u011bmecku informovali dne 9. 4. 2024 tak\u00e9 \u010desk\u00e9 noviny, a to s odkazem na ozn\u00e1men\u00ed spolkov\u00e9 ministryn\u011b vnitra Nancy Faserov\u00e9, kter\u00e1 za ozvl\u00e1\u0161tn\u011bn\u00ed za obzvl\u00e1\u0161tn\u00ed probl\u00e9m, ozna\u010dila krimin\u00e1ln\u00ed chov\u00e1n\u00ed cizinc\u016f, a to zejm\u00e9na t\u011bch mlad\u00fdch. Na v\u00edce ne\u017e 2,2 milionu podez\u0159el\u00fdch z trestn\u00fdch \u010din\u016f dle n\u00ed p\u0159ipadalo p\u0159es 744 000 cizinc\u016f, u kter\u00fdch do\u0161lo k meziro\u010dn\u00edmu n\u00e1r\u016fstu o 15,2 %. Op\u011bt odkaz na zdroj, probl\u00e9m migra\u010dn\u00edho paktu Evropsk\u00e9 unie.Dal\u0161\u00ed podostavec, \u017e\u00e1dn\u00fd z uveden\u00fdch probl\u00e9m\u016f migra\u010dn\u00ed pakt Evropsk\u00e9 unie p\u0159itom \u00fa\u010dinn\u011b ne\u0159e\u0161\u00ed, jen je roz\u0161i\u0159uje do dal\u0161\u00edch zem\u00ed Evropsk\u00e9 unie, a to i k n\u00e1m, jak jsem ve\u0159ejn\u011b uvedl ji\u017e ve sv\u00e9m p\u0159\u00edsp\u011bvku na Facebooku ze dne 18. 4. 2024, p\u0159edlo\u017een\u00fd odkaz na facebookov\u00fd profil pana poslance Tomia Okamury. Tento pak fakticky zav\u00e1d\u00ed povinn\u00e9 kv\u00f3ty na p\u0159ij\u00edm\u00e1n\u00ed africk\u00fdch a isl\u00e1msk\u00fdch migrant\u016f do \u010cesk\u00e9 republiky, c\u00edl migra\u010dn\u00edho paktu Evropsk\u00e9 unie je jedin\u00fd, a to odleh\u010dit Z\u00e1padu a p\u0159esunout co nejv\u011bt\u0161\u00ed \u010d\u00e1st nep\u0159izp\u016fsobiv\u00fdch migrant\u016f do zem\u00ed st\u0159edn\u00ed a v\u00fdchodn\u00ed Evropy, kter\u00e9 se a\u017e dosud migrant\u016fm ze z\u00e1padu br\u00e1nily. V \u017e\u00e1dn\u00e9m p\u0159\u00edpad\u011b pak ne\u0159e\u0161\u00ed p\u0159\u00ed\u010diny migrace a nen\u00ed jej\u00edm \u0159e\u0161en\u00edm, jak se n\u00e1m bezosty\u0161n\u011b sna\u017eili vl\u00e1dn\u00ed z\u00e1stupci opakovan\u011b nalh\u00e1vat. P\u0159ijet\u00ed migra\u010dn\u00edho paktu Evropsk\u00e9 unie? Pro n\u00e1s znamen\u00e1, \u017ee budeme povinn\u011b odeb\u00edrat 2\u20133 % z celkov\u00e9ho po\u010dtu p\u0159ev\u00e1\u017en\u011b muslimsk\u00fdch migrant\u016f z Afriky a Asie pakt sice d\u00e1v\u00e1 mo\u017enost p\u0159evz\u00edt ur\u010dit\u00e9 mno\u017estv\u00ed migrant\u016f do tzv. v uvozovk\u00e1ch virtu\u00e1ln\u00ed p\u00e9\u010de, co\u017e znamen\u00e1, \u017ee budeme muset platit n\u00e1klady na ka\u017ed\u00e9ho takov\u00e9ho migranta, zemi, ve kter\u00e9 se usad\u00ed. M\u011bs\u00ed\u010dn\u011b to v\u0161ak m\u00e1 b\u00fdt kolem 1 700 EUR na jednoho migranta, tedy asi 42 000 K\u010d, kter\u00e9 zaplat\u00edme za ka\u017ed\u00e9ho migranta, zemi, do kter\u00e9 bude um\u00edst\u011bn.M\u016f\u017eeme se tak\u00e9 z p\u0159ij\u00edm\u00e1n\u00ed vykoupit, ale stanoven\u00e1 cena 20 000 EUR ro\u010dn\u011b, cirka p\u016fl milionu korun za migranta, je velmi vysok\u00e1 na to, abychom si podobn\u00fd v uvozovk\u00e1ch luxus mohli dovolit. Dlouhodob\u011b. Jsme p\u0159itom zem\u011b \u010d\u00edslo dv\u011b ze v\u0161ech zem\u00ed Evropsk\u00e9 unie, kam bude m\u00ed\u0159it tzv. povinn\u00e1 solidarita, tedy p\u0159ejmenovan\u00e9 povinn\u00e9 kv\u00f3ty. V\u00edce migrant\u016f bude nab\u00edzeno ji\u017e jen v Polsku. V tom pom\u011bru. Nem\u011bli bychom tak\u00e9 zapom\u00ednat na to, \u017ee ministr vnitra V\u00edt Raku\u0161an z hnut\u00ed STAN se opakovan\u011b vychloubal t\u00edm, \u017ee pro \u010ceskou republiku vyjednal v migra\u010dn\u00edm paktu Evropsk\u00e9 unie v\u00fdjimku, \u017ee se \u010cesk\u00e9 republiky povinn\u00e9 platby net\u00fdkaj\u00ed, nebo\u0165 p\u0159ijala velk\u00e9 mno\u017estv\u00ed uprchl\u00edk\u016f z Ukrajiny, \u017e\u00e1dn\u00e1 takov\u00e1 v\u00fdjimka, kter\u00e1 by zcela vylu\u010dovala povinnost \u010cesk\u00e9 republiky, v\u0161ak v paktu v\u00fdslovn\u011b zakotvena nen\u00ed uvedena nen\u00ed, promi\u0148te. Pak pouze plo\u0161n\u011b ve vztahu ke v\u0161em st\u00e1t\u016fm zav\u00e1d\u00ed mo\u017enost po\u017e\u00e1dat si o to, aby skute\u010dnost, \u017ee konkr\u00e9tn\u00ed st\u00e1t je ji\u017e pod migra\u010dn\u00edm tlakem, byla zohledn\u011bna p\u0159i ur\u010den\u00ed rozsahu povinnost\u00ed vypl\u00fdvaj\u00edc\u00edch z paktu.Zjednodu\u0161en\u011b, v p\u0159\u00edpad\u011b povinn\u00fdch plateb se jedn\u00e1 o mo\u017enost po\u017e\u00e1dat o jejich sn\u00ed\u017een\u00ed, o n\u00e1klady spojen\u00e9 s ji\u017e p\u0159ijat\u00fdmi uprchl\u00edky, nikoliv v\u0161ak o \u00faplnou v\u00fdjimku z t\u00e9to povinnosti a u\u017e v\u016fbec ne sjednanou ve vztahu k \u010cesk\u00e9 republice. Vy jste citace v rozhovoru Viktorem Da\u0148kem, z\u00e1stupcem \u0159editele Institutu pro evropskou politiku Europeum pro CNN Prima News ze dne 22. 4. 2024. P\u0159ilo\u017een\u00fd odkaz na tuto citaci. <br \/>P\u0159ilo\u017een\u00fd odkaz na tuto citaci. Pak tu je dal\u0161\u00ed vlastn\u011b odstavec nazvan\u00fd bl\u00ed\u017eek plak\u00e1tu \u010d\u00edslo dva nep\u0159izp\u016fsobiv\u00fd, druh\u00fd plak\u00e1t, kter\u00fd je p\u0159edm\u011btem \u017e\u00e1dosti policejn\u00edho org\u00e1nu, poukazuje na dal\u0161\u00ed dlouhodob\u00fd probl\u00e9m su\u017euj\u00edc\u00ed \u010ceskou republiku, kter\u00fd vl\u00e1dnouc\u00ed politick\u00e9 strany takt\u00e9\u017e odm\u00edtaj\u00ed \u0159e\u0161it a zav\u00edraj\u00ed p\u0159ed n\u00edm o\u010di, nebo\u0165 se jedn\u00e1 o kontroverzn\u00ed t\u00e9ma, kter\u00e9 jim nep\u0159inese \u017e\u00e1dn\u00e9 politick\u00e9 body. Jedn\u00e1 se o probl\u00e9m zneu\u017e\u00edv\u00e1n\u00ed soci\u00e1ln\u00edch d\u00e1vek takzvan\u011b nep\u0159izp\u016fsobiv\u00fdmi spoluob\u010dany.My\u0161lenky skryt\u00e9 za t\u00edmto plak\u00e1tem jsem p\u0159edest\u0159el na sv\u00e9m p\u0159\u00edsp\u011bvku na Facebooku ze dne 23. 8. 2024, kde definuji pojem nep\u0159izp\u016fsobiv\u00ed ob\u010dan\u00e9 a vyjad\u0159uji se k smyslu syst\u00e9mu soci\u00e1ln\u00ed podpory. A p\u0159ilo\u017een\u00fd odkaz na to, na facebookov\u00fd profil. I v p\u0159\u00edpad\u011b tohoto plak\u00e1tu se jedn\u00e1 o ot\u00e1zku, ke kter\u00e9 hnut\u00ed SPD dlouhodob\u011b vyjad\u0159uje a opakovan\u011b jsme v r\u00e1mci legislativn\u00edho procesu navrhovali \u0159e\u0161en\u00ed, kter\u00e9 v\u0161ak p\u0159es vl\u00e1dnouc\u00ed garnituru nepro\u0161lo. Z na\u0161ich dlouhodob\u00fdch postoj\u016f je z\u0159ejm\u00e9, \u017ee smysl syst\u00e9mu soci\u00e1ln\u00ed podpory, kter\u00fd je s touto alegori\u00ed \u00fazce spojen, vn\u00edm\u00e1me tak, \u017ee m\u00e1 slou\u017eit jako z\u00e1chrann\u00e1 s\u00ed\u0165 pro nejzraniteln\u011bj\u0161\u00ed z n\u00e1s p\u0159ed chudobou a finan\u010dn\u00ed t\u00edsn\u00ed. A hnut\u00ed SPD je vn\u00edm\u00e1 tak, \u017ee tento syst\u00e9m mus\u00ed jeho adres\u00e1ty motivovat k tomu, aby se cht\u011bli vymanit z kruhu nezam\u011bstnanosti, nevzd\u011blanosti, zanedb\u00e1v\u00e1n\u00ed v\u00fdchovy a dal\u0161\u00edho.Pr\u00e1v\u011b proto hnut\u00ed SPD bojuje za to, aby d\u00e1vky byly motiva\u010dn\u00ed k veden\u00ed \u017e\u00e1dn\u00e9ho \u017eivota a nikoliv naopak. A proto mus\u00ed b\u00fdt postaven\u00fd na tom, aby ti, kdo je pob\u00edraj\u00ed, skute\u010dn\u011b n\u011bco p\u0159in\u00e1\u0161eli spole\u010dnosti, tedy aby si p\u0159isvojili takov\u00e9 vzorce chov\u00e1n\u00ed, kter\u00e9 jsou pozitivn\u00ed pro n\u011b sam\u00e9, jejich d\u011bti i spole\u010dnost jako celek. Pojmem nep\u0159izp\u016fsobiv\u00ed, se kter\u00fdm tato alegorie pracuje, hnut\u00ed SPD, pak ozna\u010duje osoby, kter\u00e9 \u00famysln\u011b parazituj\u00ed na neleg\u00e1ln\u011b vypl\u00e1cen\u00fdch soci\u00e1ln\u00edch d\u00e1vk\u00e1ch, neplat\u00ed pokuty za vybran\u00e9 p\u0159estupky nep\u0159ihla\u0161uj\u00ed d\u011bti k z\u00e1pisu povinn\u00e9 \u0161koln\u00ed doch\u00e1zce, zanedb\u00e1vaj\u00ed p\u00e9\u010di o povinnou \u0161koln\u00ed doch\u00e1zku \u017d\u00e1ka a nehledaj\u00ed si pr\u00e1ci, a\u010d jsou pr\u00e1ceschopn\u00e9 a podobn\u011b. Tento pojem jsem v tomto kontextu pou\u017eil nap\u0159\u00edklad ve sv\u00e9 aktualit\u011b na str\u00e1nk\u00e1ch hnut\u00ed SPD ze dne 22. 7. 2021, p\u0159ilo\u017een\u00fd odkaz na, pr\u00e1v\u011b na str\u00e1nky hnut\u00ed SPD, kde jsem ve\u0159ejnost informoval o tom, \u017ee i d\u00edky hlas\u016fm na\u0161ich poslanc\u016f byla schv\u00e1lena novela z\u00e1kona o hmotn\u00e9 nouzi, jej\u00edm\u017e c\u00edlem bylo, aby nep\u0159izp\u016fsobiv\u00ed ob\u010dan\u00e9, kte\u0159\u00ed neplat\u00ed pokuty za vybran\u00e9 p\u0159estupky a z\u00e1rove\u0148 pob\u00edraj\u00ed soci\u00e1ln\u00ed d\u00e1vky, p\u0159i\u0161li o \u010d\u00e1st doplatku na bydlen\u00ed i o p\u0159\u00edsp\u011bvek na \u017eivobyt\u00ed. \u00da\u0159ady jim z t\u011bchto d\u00e1vek nyn\u00ed neuhrazen\u00e9 pokuty maj\u00ed strh\u00e1vat. Stejn\u011b by postupovali v p\u0159\u00edpad\u011b nep\u0159ihl\u00e1\u0161en\u00ed d\u00edt\u011bte v z\u00e1pisu, povinn\u00e9 \u0161koln\u00ed doch\u00e1zce a v p\u0159\u00edpad\u011b zanedb\u00e1v\u00e1n\u00ed p\u00e9\u010de o povinnou \u0161koln\u00ed doch\u00e1zku \u017d\u00e1ka.\u00da\u0159ady pr\u00e1ce by po ozn\u00e1men\u00ed musely d\u00e1vky sn\u00ed\u017eit. \u010c\u00e1stky, kter\u00e9 by lidem nevyplatily, by putovaly do rozpo\u010dtu p\u0159\u00edslu\u0161n\u00fdch obc\u00ed. Dod\u00e1v\u00e1m, \u017ee proti t\u00e9to novele hlasovali poslanci \u010cSSD, Pir\u00e1t\u016f a STAN. Na dal\u0161\u00ed str\u00e1nce text pokra\u010duje v obdobn\u00e9m smyslu. Tento pojem u\u017e\u00edv\u00e1 nap\u0159\u00edklad Radek Rozvoral, jak je z\u0159ejm\u00e9 z jeho aktuality na str\u00e1nk\u00e1ch hnut\u00ed SPD ze dne 5. 2. 2022, odkaz na tuto aktualitu, ve kter\u00e9m kritizoval vl\u00e1du za to, \u017ee nechce \u0159e\u0161it zneu\u017e\u00edv\u00e1n\u00ed soci\u00e1ln\u00edch d\u00e1vek nep\u0159izp\u016fsobiv\u00fdm, proto\u017ee opakovan\u011b blokuje na\u0161e n\u00e1vrhy novel z\u00e1kona o pomoci v hmotn\u00e9 nouzi, smyslem t\u011bchto novel je, aby tato soci\u00e1ln\u00ed pomoc byla vyu\u017e\u00edv\u00e1na k \u00fa\u010delu, pro kter\u00fd je ur\u010dena a \u017ee se jej\u00ed p\u0159\u00edjemci budou chovat v souladu s pr\u00e1vn\u00edm \u0159\u00e1dem a v obecn\u00e9 rovin\u011b i v souladu s pravidly slu\u0161n\u00e9ho a ve spole\u010dnosti obvykl\u00e9ho chov\u00e1n\u00ed. S t\u00edmto pojmem jsem pracoval i v roce 2023, kdy\u017e jsem ve sv\u00e9m p\u0159\u00edsp\u011bvku na Facebooku ze dne \u010dtvrt\u00e9ho 2002, lze t\u0159i, promi\u0148te, p\u0159ilo\u017een\u00fd odkaz na tento facebookov\u00fd profil p\u0159edstavoval n\u00e1vrh konkr\u00e9tn\u00edch \u0159e\u0161en\u00ed zlep\u0161uj\u00edc\u00ed situaci ve vylou\u010den\u00fdch lokalit\u00e1ch, nap\u0159\u00edklad podm\u00edn\u011bn\u00fdm \u010derp\u00e1n\u00ed soci\u00e1ln\u00edch d\u00e1vek, \u0159\u00e1dnou doch\u00e1zku d\u011bt\u00ed do posledn\u00edho ro\u010dn\u00edku \u0161kolky, zaveden\u00edm hygienick\u00fdch a technick\u00fdch standard\u016f a pravidel pro nemovitosti, na kter\u00e9 jsou \u010derp\u00e1ny d\u00e1vky na bydlen\u00ed, co\u017e minimalizuje prostor pro tzv. obchod s chudobou, kter\u00fd je jednou z hlavn\u00edch p\u0159\u00ed\u010din roz\u0161i\u0159ov\u00e1n\u00ed vylou\u010den\u00fdch lokalit, d\u00e1le roz\u0161\u00ed\u0159en\u00edm kontroln\u00ed pravomoci \u00fa\u0159ad\u016f pr\u00e1ce a umo\u017en\u011bn\u00edm t\u011bmto \u00fa\u0159ad\u016fm p\u0159i poru\u0161en\u00ed z\u00e1kona o soci\u00e1ln\u00ed d\u00e1vku hned odebrat, a to na dvojn\u00e1sobn\u011b del\u0161\u00ed dobu, ne\u017e je tomu doposud, a\u017e na citeln\u011bj\u0161\u00ed \u0161est m\u011bs\u00edc\u016f.Vl\u00e1da Petra Fialy tento n\u00e1vrh smetla ze stolu. Ostatn\u011b jako v\u017edy. C\u00edlem na\u0161ich dlouhodob\u00fdch legislativn\u00edch snah i tohoto plak\u00e1tu tedy rozhodn\u011b nen\u00ed \u00fato\u010dit na konkr\u00e9tn\u00ed men\u0161inu, a\u010dkoliv je z\u0159ejm\u00e9, \u017ee se n\u011bjak\u00e9 skupiny osob dot\u00fdk\u00e1 v\u00edce. To je ov\u0161em d\u016fsledek nepop\u00edrateln\u00e9 statistick\u00e9 skute\u010dnosti, stejn\u011b jako u problematiky t\u00fdkaj\u00edc\u00ed se plak\u00e1tu \u010d\u00edslo jedna. Jak vypl\u00fdv\u00e1 ze zpr\u00e1vy o socioekonomick\u00e9 situaci, o romsk\u00e9 populaci v \u010cesk\u00e9 republice v roce 2023 a 2024. Ve v\u011bkov\u00e9 kategorii 20\u201364 let se v obecn\u00e9 populaci \u010cesk\u00e9 republiky nach\u00e1z\u00ed 6 % osob, kter\u00e9 dos\u00e1hly maxim\u00e1ln\u011b z\u00e1kladn\u00edho vzd\u011bl\u00e1n\u00ed, zat\u00edmco v romsk\u00e9 populaci to je 59 % osob, v obecn\u00e9 populaci \u010cesk\u00e9 republiky m\u00e1 81 % osob placenou pr\u00e1ci, u romsk\u00e9 populace je to 45 %, m\u00edra nezam\u011bstnanosti, u obecn\u00e9 populace \u010cesk\u00e9 republiky je 2,5 %, zat\u00edmco u romsk\u00e9 populace je to 18 %. V z\u00e1vorce potom p\u0159ilo\u017een\u00fd odkaz na, na zdroj.Kdo jin\u00fd by tedy na tomto plak\u00e1tu m\u011bl b\u00fdt vyobrazen, aby plak\u00e1t byl zrcadlem z aktu\u00e1ln\u00edho stavu na\u0161\u00ed skute\u010dnosti. Na tento konkr\u00e9tn\u00ed probl\u00e9m se hnut\u00ed SPD zam\u011b\u0159ilo proto, \u017ee je po des\u00edtky let ignorov\u00e1n. Je tomu tak proto, \u017ee se jin\u00e9 politick\u00e9 subjekty ob\u00e1vaj\u00ed, \u017ee v moment\u011b, kdy je za\u010dnou \u0159e\u0161it, budou ozna\u010deny zas rasisty. Tato obava je opr\u00e1vn\u011bn\u00e1. Jak lze vid\u011bt na p\u0159\u00edpadu hnut\u00ed SPD, hnut\u00ed SPD se v\u0161ak nechce omezovat jen na jednoduch\u00e1, pohodln\u00e1 a bezpe\u010dn\u00e1 politick\u00e1 t\u00e9mata, od kter\u00fdch si ostatn\u00ed politick\u00e9 subjekty myj\u00ed ruce hnut\u00ed SPD. \u017d\u00e1dn\u00fdm zp\u016fsobem romskou men\u0161inu nijak nediskriminuje, ani ji nechce vylu\u010dovat ze spole\u010dnosti, ale \u00fazce s n\u00ed spolupracuje, hnut\u00ed SPD, m\u00e1 romsk\u00e9 zastupitele i \u010dleny, naopak, kdy\u017e hnut\u00ed SPD v roce 2019 navrhovala do rady vl\u00e1dy pro romsk\u00e9 ot\u00e1zky svoje romsk\u00e9 \u010dleny. Helena V\u00e1lkov\u00e1, ANO, to odm\u00edtla se slovy, \u017ee si to jin\u00ed \u010dlenov\u00e9 rady nep\u0159ej\u00ed. Pak je tu bod t\u0159i, kter\u00fd je nazvan\u00fd Vady postupu policejn\u00edho org\u00e1nu, budu tedy pokra\u010dovat ve \u010dten\u00ed textu, policejn\u00ed org\u00e1n v tom, \u017ee jsem tyto dva plak\u00e1ty ve\u0159ejn\u011b prezentoval a souhlasil se k nim vyjad\u0159oval, shled\u00e1v\u00e1 \u00famysln\u00e9 ve\u0159ejn\u00e9 podn\u011bcov\u00e1n\u00ed k nen\u00e1visti k n\u011bkter\u00e9 rase a etnick\u00e9 skupin\u011b moje ve\u0159ejn\u00e9 prezentace t\u011bchto plak\u00e1t\u016f i vyj\u00e1d\u0159en\u00ed s nimi spojen\u00e1, v\u0161ak zcela postr\u00e1dav\u00ed. Takov\u00e9 znaky, aby bylo mo\u017en\u00e9 je vyhodnotit jako trestn\u00fd \u010din podle \u00a7 356 trestn\u00edho z\u00e1kona, z\u00e1kon\u00edku, jako, jak policejn\u00ed org\u00e1n nazna\u010duje, z moj\u00ed strany, toti\u017e v \u017e\u00e1dn\u00e9m p\u0159\u00edpad\u011b nedo\u0161lo k \u00famysln\u00fdm snah\u00e1m vzbudit u jin\u00fdch osob nen\u00e1vist n\u011bkter\u00e9mu n\u00e1rodru, etnick\u00e9 skupin\u011b, rase, n\u00e1bo\u017eenstv\u00ed, t\u0159\u00edd\u011b nebo jin\u00e9 skupin\u011b osob nebo vyvolat jedn\u00e1n\u00ed dal\u0161\u00edch osob vedouc\u00ed k omezov\u00e1n\u00ed pr\u00e1v a svobod jejich p\u0159\u00edslu\u0161n\u00edk\u016f, jak jsem ji\u017e p\u0159edest\u0159el d\u0159\u00edve, tento nespr\u00e1vn\u00fd z\u00e1v\u011br, policejn\u00ed org\u00e1n u\u010dinil z tohoto d\u016fvodu, \u017ee zcela rezignoval na to, sezn\u00e1mit se s obsahem jejich vyj\u00e1d\u0159en\u00ed i skute\u010dn\u00fdm \u00famyslem zt\u011blesn\u011bn\u00fdm v t\u011bchto plak\u00e1tech, a\u010dkoliv tyto jsou ve\u0159ejn\u011b p\u0159\u00edstupn\u00e9 ka\u017ed\u00e9mu. A nav\u00edc jsem na n\u011b s\u00e1m p\u0159i komunikaci s policejn\u00edm org\u00e1nem. Odkazoval je p\u0159itom z\u00e1konnou povinnost\u00ed policejn\u00edho org\u00e1nu, org\u00e1n\u016f v r\u00e1mci p\u0159\u00edpravn\u00e9ho \u0159\u00edzen\u00ed objas\u0148ovat stejn\u011b pe\u010dliv\u011b okolnosti sv\u011bd\u010d\u00edc\u00ed ve prosp\u011bch i v neprosp\u011bch osoby, proti n\u00ed\u017e se \u0159\u00edzen\u00ed vede. \u00a7 2, odstavec, p\u011bt tr. \u0159\u00e1du.A p\u0159i\u010dem\u017e u\u017e ze samotn\u00e9 \u017e\u00e1dosti policejn\u00edho org\u00e1nu je z\u0159ejm\u00e9, \u017ee t\u00e9to povinnosti nedostal o co h\u016f\u0159e, ani se o to nepokusil, pokud by policejn\u00ed org\u00e1n pe\u010dliv\u011b zkoum\u00e1 plak\u00e1ty i ve\u0159ejn\u00e1 vyj\u00e1d\u0159en\u00ed, na kter\u00e9 s\u00e1m odkazuje, pop\u0159\u00edpad\u011b dokonce i dal\u0161\u00ed dostupn\u00e9 podklady, tak, jak mu to ukl\u00e1d\u00e1 z\u00e1kon. Nevyhnuteln\u011b by dosp\u011bl k jednoduch\u00fdm z\u00e1v\u011br\u016fm. Plak\u00e1t \u010d\u00edslo jedna, za prv\u00e9 smyslem plak\u00e1tu \u010d\u00edslo jedna a jeho ve\u0159ejn\u00e9 prezentace z moj\u00ed strany bylo za a kritizovat migra\u010dn\u00ed pakt Evropsk\u00e9 unie, kter\u00fd ne\u0159e\u0161\u00ed \u017e\u00e1dn\u00fd z dlouhotrvaj\u00edc\u00edch probl\u00e9m\u016f spojen\u00fdch s imigra\u010dn\u00ed kriz\u00ed, ale pouze je \u0161\u00ed\u0159\u00ed do st\u00e1t\u016f Evropsk\u00e9 unie, kter\u00e9 t\u011bmito probl\u00e9my doposud netrp\u00ed. A to prost\u0159ednictv\u00edm povinn\u00e9 solidarity, co\u017e nen\u00ed jin\u00e9 nic jin\u00e9ho ne\u017e politicky l\u00e9pe pr\u016fchoz\u00ed povinn\u00e9 kv\u00f3ty za b. Upozornit na konkr\u00e9tn\u00ed probl\u00e9my Evropsk\u00e9 unie spojen\u00e9 s imigra\u010dn\u00ed kriz\u00ed, a to zejm\u00e9na na prokazateln\u00fd n\u00e1r\u016fst n\u00e1siln\u00e9 kriminality zp\u016fsoben\u00fd imigranty, a\u0165 u\u017e leg\u00e1ln\u00edmi \u010di neleg\u00e1ln\u00edmi z konkr\u00e9tn\u00edch oblast\u00ed.Za druh\u00e9 skute\u010dnost, \u017ee je na plak\u00e1tu \u010d\u00edslo jedna vyobrazen mu\u017e \u010dern\u00e9 pleti dr\u017e\u00edc\u00ed n\u016f\u017e. Nen\u00ed d\u00e1na \u00famyslem vyvolat nen\u00e1vist v\u016f\u010di osob\u00e1m \u010dern\u00e9 pleti, ale t\u00edm, \u017ee ta problematika n\u00e1r\u016fst n\u00e1siln\u00e9 kriminality zp\u016fsoben\u00e9 i migranty se p\u0159eva\u017euj\u00edc\u00ed m\u00ed\u0159e prokazateln\u011b t\u00fdk\u00e1 osob proch\u00e1zej\u00edc\u00ed z oblasti, jej\u00ed\u017e obyvatel\u00e9 jsou \u010dern\u00e9 pleti. Za t\u0159et\u00ed, nejedn\u00e1 se o probl\u00e9m smy\u0161len\u00fd ani z moj\u00ed strany z\u00e1m\u011brn\u011b nadhodnocen\u00fd, kdy\u017e probl\u00e9my spojen\u00e9 s imigra\u010dn\u00ed kriz\u00ed, zejm\u00e9na n\u00e1r\u016fst n\u00e1siln\u00e9 kriminality zp\u016fsoben\u00fd imigranty kone\u010dn\u011b za\u010d\u00ednaj\u00ed p\u0159izn\u00e1vat \u0161pi\u010dky Evropsk\u00e9 unie i samotn\u00e9 \u010dlensk\u00e9 st\u00e1ty Evropsk\u00e9 unie, kter\u00e9 jsou imigra\u010dn\u00ed kriz\u00ed zasa\u017eeny nejv\u00edce a kter\u00fdm by pr\u00e1v\u011b sv\u011bd\u010dila povinn\u00e1 solidarita zav\u00e1d\u011bn\u00e1 migra\u010dn\u00ed paktem Evropsk\u00e9 unie, bohu\u017eel v\u0161ak v neprosp\u011bch ostatn\u00edch \u010dlensk\u00fdch st\u00e1t\u016f.Plak\u00e1t \u010d\u00edslo dv\u011b, za prv\u00e9, smyslem plak\u00e1tu \u010d\u00edslo dva a jeho ve\u0159ejn\u00e9 prezentace z moj\u00ed strany bylo pouk\u00e1zat na dal\u0161\u00ed dlouhotrvaj\u00edc\u00ed probl\u00e9m, tentokr\u00e1t sp\u00ed\u0161e lok\u00e1ln\u00edho \u010desk\u00e9ho r\u00e1zu, a to zneu\u017e\u00edv\u00e1n\u00ed soci\u00e1ln\u00edch d\u00e1vek takzvan\u011b nep\u0159izp\u016fsobiv\u00fdmi ob\u010dany, tedy osobami, kter\u00e9 \u00famysln\u011b parazituj\u00ed na neleg\u00e1ln\u011b vyplacen\u00fdch soci\u00e1ln\u00edch d\u00e1vk\u00e1ch, neplat\u00ed pokuty za vybran\u00e9 p\u0159estupky nep\u0159ihla\u0161uj\u00ed d\u011bti k z\u00e1pisu k povinn\u00e9 \u0161koln\u00ed doch\u00e1zce zanedb\u00e1vaj\u00ed p\u00e9\u010di o povinnou \u0161koln\u00ed doch\u00e1zku \u017d\u00e1ka a nehledaj\u00ed si pr\u00e1ci, a\u0165 jsou pr\u00e1ceschopn\u00e9 a podobn\u011b. Za druh\u00e9 skute\u010dnost, \u017ee jsou na plak\u00e1tu \u010d\u00edslo dv\u011b vyobrazeno, vyobrazeny d\u011bti romsk\u00e9ho p\u016fvodu, stejn\u011b jako v p\u0159\u00edpad\u011b plak\u00e1tu \u010d\u00edslo jedna, nen\u00ed d\u00e1na snahu vyvolat nen\u00e1vist v\u016f\u010di osob\u00e1m romsk\u00e9ho p\u016fvodu, ale pouhou skute\u010dnost\u00ed, \u017ee probl\u00e9my spojen\u00e9 s povinnou \u0161koln\u00ed doch\u00e1zkou nebo m\u00edrou nezam\u011bstnanosti jsou s romskou populac\u00ed prokazateln\u011b spojeny znateln\u011b ve vy\u0161\u0161\u00ed m\u00ed\u0159e.Za t\u0159et\u00ed, hnut\u00ed SPD prokazateln\u011b roky navrhuje konkr\u00e9tn\u00ed legislativn\u00ed \u0159e\u0161en\u00ed, kter\u00e1 nejsou podm\u00edn\u011bna n\u00e1rodem, etnickou skupinou, rasou, ani p\u0159\u00edslu\u0161nost\u00ed k \u017e\u00e1dn\u00e9 jin\u00e9 skupin\u011b chr\u00e1n\u011bn\u00e9 tr. z\u00e1kon\u00edkem. Shrnut\u00ed na z\u00e1klad\u011b takov\u00fdchto z\u00e1v\u011br\u016f by policejn\u00ed org\u00e1n mohl zvolit pouze jedin\u00fd postup, a to odlo\u017een\u00ed t\u00e9to v\u011bci, nebo\u0165 se nejedn\u00e1 o podez\u0159en\u00ed z trestn\u00e9ho \u010dinu a ani nen\u00ed na m\u00edst\u011b v\u011bc vy\u0159\u00eddit jinak, kdy\u017e m\u016fj \u00famysl se zcela m\u00edj\u00ed s t\u00edm, co tr. z\u00e1kon\u00edk pova\u017euje za trestn\u00fd \u010din. V \u010cesk\u00e9 republice a p\u0159eva\u017euj\u00edc\u00ed \u010d\u00e1sti Evropsk\u00e9 unie se o n\u011bkter\u00fdch skupin\u00e1ch osob sm\u00ed nad\u00e1le mluvit pouze pozitivn\u011b. Jak\u00e9koliv snahy o up\u0159\u00edmn\u00e9 a p\u0159esn\u00e9 pojmenov\u00e1n\u00ed n\u011bkter\u00fdch politicky neatraktivn\u00edch probl\u00e9m\u016f, kter\u00e9 se v podstatn\u00e9 m\u00ed\u0159e dot\u00fdkaj\u00ed pr\u00e1v\u011b t\u011bchto skupin osob, se pak setk\u00e1vaj\u00ed se zcela p\u0159il\u00e9hav\u00fdm negativn\u00edm n\u00e1lepkov\u00e1n\u00edm a nepodlo\u017een\u00fdmi trestn\u00edmi ozn\u00e1men\u00ed, jako je tomu i v tomto p\u0159\u00edpad\u011b posledn\u00ed strana osm, obsahuje u\u017e jenom kr\u00e1tk\u00e9, kr\u00e1tk\u00fd text a kter\u00fd zn\u00ed v\u00edce. Politov\u00e1n\u00edhodn\u00e9 je v\u0161ak to, \u017ee t\u011bmto sentiment\u016fm podl\u00e9haj\u00ed i org\u00e1ny \u010dinn\u00e9 v trestn\u00edm \u0159\u00edzen\u00ed, kter\u00e9 by m\u011bly b\u00fdt schopny pod bezpodm\u00edne\u010dn\u011b odhalovat skute\u010dnost, skute\u010dn\u00fd \u00famysl za pro\u0161et\u0159ovan\u00fdm jedn\u00e1n\u00edm a ne\u010dinit nepodlo\u017een\u00e9 z\u00e1v\u011bry, kter\u00fdmi fakticky potla\u010duj\u00ed svobodu slova.D\u011bje se tak p\u0159\u00edmo ohledn\u011b ot\u00e1zek celospole\u010densk\u00e9ho v\u00fdznamu, kter\u00fdm by m\u011bl z\u00e1kon poskytovat nej\u0161ir\u0161\u00ed mo\u017enou ochranu. D\u016fv\u011bru v opr\u00e1vn\u011bnost postupu policejn\u00edho org\u00e1nu ve mn\u011b podr\u00fdv\u00e1 i ta skute\u010dnost, \u017ee se k \u017e\u00e1dosti o vyd\u00e1n\u00ed moj\u00ed osoby policejn\u00ed org\u00e1n p\u0159istoupil a\u017e pot\u00e9, co byl konfrontov\u00e1n s t\u00edm, \u017ee podoba kampan\u011b i volebn\u00edch plak\u00e1t\u016f nejsou v\u00fdsledkem tv\u016fr\u010d\u00ed \u010dinnosti jedin\u00e9 osoby, ale v\u00fdsledkem \u017eiveln\u00e9ho procesu, do kter\u00e9ho se pr\u016fb\u011b\u017en\u011b zapojovala mnoho osob i uvnit\u0159 i mimo hnut\u00ed SPD. A samoz\u0159ejm\u011b um\u011bl\u00e1 inteligence. Je proto fakticky nemo\u017en\u00e9 spojit konkr\u00e9tn\u00ed my\u0161lenku \u010di plak\u00e1t s konkr\u00e9tn\u00ed osobou. Policejn\u00ed org\u00e1n se t\u00edmto zp\u016fsobem tedy sna\u017e\u00ed obej\u00edt to, \u017ee se mu nepoda\u0159ilo nal\u00e9zt pachatele bl\u00ed\u017ee nespecifikovan\u00e9ho jedn\u00e1n\u00ed, kter\u00e9 p\u016fvodn\u011b zam\u00fd\u0161lel pro\u0161et\u0159ovat. A pak pod bodem \u010dty\u0159i je tady seznam d\u016fkaz\u016f, kdy na 25 \u0159\u00e1dc\u00edch jsou vlastn\u011b p\u0159ipojeny odkazy na \u010dl\u00e1nky a pojme, kter\u00e9 jsou v textu bu\u010f citov\u00e1ny, anebo je na n\u011b odkazov\u00e1no. Tolik tedy vyj\u00e1d\u0159en\u00ed na\u0161eho kolegy Tomia Okamury, se kter\u00fdm jsem m\u011bl mo\u017enost sezn\u00e1mit mand\u00e1tov\u00fd imunitn\u00ed v\u00fdbor na sv\u00e9m jedn\u00e1n\u00ed pr\u00e1v\u011b 4. \u00fanora 2025, kdy z\u00e1rove\u0148 se sezn\u00e1mil i s vyj\u00e1d\u0159en\u00edmi vrchn\u00edho komisa\u0159e Mgr. Ji\u0159\u00edho Kom\u00e1rka a tak\u00e9 st\u00e1tn\u00edho z\u00e1stupce magistra a mgistra Davida Jaknick\u00e9ho, poslanci a \u010dlenov\u00e9 mand\u00e1tov\u00e9ho a imunitn\u00edho v\u00fdboru tak, jak se mu\u017e uv\u00e1d\u011bl, m\u011bli k dispozici mo\u017enost nahl\u00e9dnout do cel\u00e9ho spisu tak, jak tady vlastn\u011b hovo\u0159ila i pan\u00ed p\u0159edsedkyn\u011b V\u00e1lkov\u00e1, kdy tento spis byl k dispozici \u010dlen\u016fm mand\u00e1tov\u00e9ho a imunitn\u00edho v\u00fdboru v prostor\u00e1ch sekretari\u00e1tu mand\u00e1tov\u00e9ho imunitn\u00edho v\u00fdboru, a to v dob\u011b od 20. ledna 2025 do 4. \u00fanora 2025, tedy m\u011bli mo\u017enost se sezn\u00e1mit s celou spisovou agendou a m\u011bli mo\u017enost nahl\u00e9dnout do cel\u00e9ho policejn\u00edho spisu a s jeho obsahem se sezn\u00e1mit.<br \/><br \/>Mand\u00e1tov\u00fd imunitn\u00ed v\u00fdbor na sv\u00e9m jedn\u00e1n\u00ed Pr\u00e1v\u011b 4. \u00danora 2025 po pr\u00e1v\u011b p\u0159ednesen\u00e9m vyj\u00e1d\u0159en\u00ed \u017e\u00e1dosti policejn\u00edho org\u00e1nu kolegy Tomia Okamury a koment\u00e1\u0159\u016f, respektive mo\u017enosti dotaz\u016f nebo zodpov\u011bzen\u00ed dotaz\u016f kpt. Kom\u00e1rka a st\u00e1tn\u00edho z\u00e1stupce Jachnick\u00e9ho, potom n\u00e1sledn\u011b vedl rozpravu, kterou zakon\u010dil t\u00edm, \u017ee p\u0159ipravil dv\u011b usnesen\u00ed. Dovol\u00edm si v\u00e1s tedy s nimi sezn\u00e1mit, je to usnesen\u00ed \u010d\u00edslo 78 a je to usnesen\u00ed \u010d\u00edslo 79, \u010d\u00edslo 78, tedy usnesen\u00ed \u010d\u00edslo 78 z dvac\u00e1t\u00e9 sedm\u00e9 sch\u016fze imunitn\u00edho a mand\u00e1tov\u00e9ho a imunitn\u00edho v\u00fdboru konan\u00e9ho 4. \u00fanora 2025 z, je v tomto zn\u011bn\u00ed projedn\u00e1n\u00ed \u017e\u00e1dosti Krajsk\u00e9ho \u0159editelstv\u00ed hlavn\u00edho m\u011bsta Prahy, policie hlavn\u00edho m\u011bsta Prahy ze dne 7. ledna 2025 o vysloven\u00ed souhlasu Poslaneck\u00e9 sn\u011bmovny Parlamentu \u010cesk\u00e9 republiky k trestn\u00edmu st\u00edh\u00e1n\u00ed poslanci Tomia Okamury. Trestn\u00ed v\u011bci veden\u00e9 u Krajsk\u00e9ho \u0159editelstv\u00ed policie hlavn\u00edho m\u011bsta Prahy pod \u010d. J. Krpa 25. 11. 71\/t\u00e9\u010de, 20, 24\u2013000041.Toto usnesen\u00ed, respektive tento n\u00e1vrh jste m\u011bli mo\u017enost dnes kolem poledne obdr\u017eet. Byl v\u00e1m rozesl\u00e1n v\u0161em poslanc\u016fm a poslankyn\u00edm, abyste se s n\u00edm mohli sezn\u00e1mit. J\u00e1 je\u0161t\u011b p\u0159esto ocituji tak, jak zn\u00ed, aby bylo jasn\u00e9, o \u010dem budeme dnes i hlasovat. Mand\u00e1tov\u00fd imunitn\u00ed v\u00fdbor po \u00favodn\u00edm slovu p\u0159edsedkyn\u011b v\u00fdboru poslankyn\u011b prof. Dr. Heleny V\u00e1lkov\u00e9, CS. Zpravodajsk\u00e9 zpr\u00e1v\u011b poslance Dr. Pavla Sta\u0148ka. NBA. Po vyj\u00e1d\u0159en\u00ed vrchn\u00edho komisa\u0159e kpt. Mgr. Ji\u0159\u00edho Kom\u00e1rka, st\u00e1tn\u00edho z\u00e1stupce Mgr. Mgr. Davida Jachnick\u00e9ho a po rozprav\u011b I navrhuje Poslaneck\u00e9 sn\u011bmovn\u011b, aby v souladu s ustanoven\u00edm \u00a7 12 odstavec jedna, z\u00e1kon na \u010d\u00edslo 90\/95 o jednac\u00edm sb\u00edrky o jednac\u00edm \u0159\u00e1du Poslaneck\u00e9 sn\u011bmovny ve zn\u011bn\u00ed pozd\u011bj\u0161\u00edch p\u0159edpis\u016f rozhodla o n\u00e1vrhu usnesen\u00ed Poslaneck\u00e9 sn\u011bmovny. Dvojte\u010dka uvozovky. Poslaneck\u00e1 sn\u011bmovna podle \u010dl. 27 odstavec \u010dty\u0159i z\u00e1kona \u010d\u00edslo 1\/1993 Sb.\u00dastava \u010cesk\u00e9 republiky ve zn\u011bn\u00ed pozd\u011bj\u0161\u00edch p\u0159edpis\u016f a podle ustanoven\u00ed \u00a7 12 odstavec jedna z\u00e1kona \u010d. 90\/95 Sb. o jednac\u00edm \u0159\u00e1du Poslaneck\u00e9 sn\u011bmovny ve zn\u011bn\u00ed pozd\u011bj\u0161\u00ed p\u0159edpis\u016f. Vyslovuje souhlas k trestn\u00edmu st\u00edh\u00e1n\u00ed poslance Tomia Okamury narozen\u00e9ho 4. 7. 1972, kter\u00fd m\u011bl jako p\u0159edseda politick\u00e9ho hnut\u00ed Svoboda a p\u0159\u00edm\u00e9 demokracie SPD I\u010cO 0413, 49, 40 v pozici odpov\u011bdn\u00e9ho statut\u00e1rn\u00edho org\u00e1nu tohoto politick\u00e9ho hnut\u00ed v r\u00e1mci \u010dinnosti v r\u00e1mci z\u00e1jmu uveden\u00e9ho hnut\u00ed \u00famysln\u011b ve\u0159ejn\u011b prezentovat a d\u00e1le se v r\u00e1mci t\u00e9to ve\u0159ejn\u00e9 prezentace souhlasn\u011b vyjad\u0159ovat k plak\u00e1tu dvojte\u010dka I chirurgov\u00e9 z dovozu, kter\u00fd byl v r\u00e1mci uveden\u00e9ho hnut\u00ed pou\u017eit k ovlivn\u011bn\u00ed voli\u010d\u016f v r\u00e1mci p\u0159edvolebn\u00ed politick\u00e9 kampan\u011b politick\u00e9ho hnut\u00ed SPD do krajsk\u00fdch zastupitelstev v roce 2024, p\u0159i\u010dem\u017e na plak\u00e1tu vyobrazen mu\u017e negroidn\u00ed rasy s agresivn\u00edm v\u00fdrazem v obli\u010deji, v zakrv\u00e1cen\u00e9m oble\u010den\u00ed a se zakrv\u00e1cen\u00fdm no\u017eem v ruce, p\u0159i\u010dem\u017e tento plak\u00e1t je dopln\u011bn textem. Nedostatky ve zdravotnictv\u00ed nevy\u0159e\u0161\u00ed chirurgov\u00e9 z dovozu stop migra\u010dn\u00edmu paktu EU, kdy uveden\u00fd plak\u00e1t m\u00e1 rasistick\u00fd xenofobn\u00ed podtext, kdy p\u0159\u00edmo p\u0159isuzuje pouze negativn\u00ed vlastnosti migrant\u016fm negroidn\u00ed rasy, a t\u00edm to vyvol\u00e1v\u00e1 nen\u00e1vist k t\u00e9to rase. P\u0159i\u010dem\u017e uveden\u00fd plak\u00e1t m\u011bl minim\u00e1ln\u011b ve\u0159ejn\u011b prezentovat t\u00edm zp\u016fsobem, \u017ee osobn\u011b jej prezentoval v r\u00e1mci televizn\u00ed report\u00e1\u017ee CNN Prima News v po\u0159adu K v\u011bci, kter\u00e1 byla odvys\u00edl\u00e1na dne 19. 8. 2024 ve 12:30 a v r\u00e1mci televizn\u00ed report\u00e1\u017ee CNN Prima News v po\u0159adu Partie Terezie Tom\u00e1nkov\u00e9 a kter\u00e1 byla odvys\u00edl\u00e1na dne 25. 8.2000, promi\u0148te, 25. 8. 2024 v 11:45. D\u00e1le uveden\u00fd plak\u00e1t m\u011bl ve\u0159ejn\u011b prezentovat dne 5. 9. 2024 na V\u00e1clavsk\u00e9m n\u00e1m\u011bst\u00ed v Praze, kde se osobn\u011b \u00fa\u010dastnil prezenta\u010dn\u00ed akce politick\u00e9 hnut\u00ed SPD, v r\u00e1mci kter\u00e9 byl p\u0159edm\u011btn\u00fd plak\u00e1t vyv\u011b\u0161en v podob\u011b banneru. D\u00e1le v dob\u011b od 19. 8. 2024 do 30. 9. 2024 pod u\u017eivatelsk\u00fdm jm\u00e9nem Tomio Okamura. Ofici\u00e1ln\u00ed profil na webov\u00e9m port\u00e1lu www.youtube.com m\u011bl zve\u0159ejnit celkem \u0161est vide\u00ed, kdy se jednalo o p\u0159edvolebn\u00ed spoty, \u00faryvky z vide\u00ed videoreport\u00e1\u017e\u00ed, kter\u00fd se obvin\u011bn\u00fd m\u011bl osobn\u011b \u00fa\u010dastnit a vlastn\u00ed video, prohl\u00e1\u0161en\u00ed obvin\u011bn\u00e9ho, p\u0159i\u010dem\u017e tato videa uveden\u00fd plak\u00e1t propaguj\u00ed a vyj\u00e1d\u0159en\u00ed obvin\u011bn\u00e9ho na t\u011bchto vide\u00edch jsou souhlasn\u00e1 a ve vztahu k p\u0159edm\u011btn\u00e9mu plak\u00e1tu plak\u00e1t d\u00e1le v dob\u011b ode dne 5. 8. 2024 do dne 5. 10. 2024 m\u011bl opakovan\u011b uve\u0159ej\u0148ovat na sv\u00e9m facebookov\u00e9m profilu Tomio Okamura SPD a dne 21. 12. 2024 na soci\u00e1ln\u00ed s\u00edti X v r\u00e1mci p\u0159\u00edsp\u011bvku, kter\u00fd reaguje na \u00fatok n\u011bmeck\u00e9ho Magdeburgu. \u010c\u00e1rka II rom\u0161t\u00ed chlapci, kter\u00fd m\u011bl b\u00fdt v r\u00e1mci uveden\u00e9ho hnut\u00ed pou\u017eit. Ovlivn\u011bn\u00ed voli\u010d\u016f v r\u00e1mci p\u0159edvolebn\u00ed kampan\u011b politick\u00e9ho hnut\u00ed SPD do krajsk\u00fdch zastupitelstev v roce 2024, p\u0159i\u010dem\u017e na plak\u00e1tu jsou vyobrazen\u00ed dva chlapci romsk\u00e9ho etnika \u0161koln\u00edho v\u011bku, kte\u0159\u00ed maj\u00ed znud\u011bn\u00fd v\u00fdraz ve tv\u00e1\u0159i, kou\u0159\u00ed cigarety. Tento plak\u00e1t je dopln\u011bn textem. \u0158\u00edkaj\u00ed, a\u0165 chod\u00edme do \u0161koly a na\u0161i to maj\u00ed na h\u00e1ku. Podpora pouze pro rodiny, kde d\u011bti pln\u00ed \u0161koln\u00ed doch\u00e1zku u vozovky uzav\u0159eny, kdy uveden\u00fd plak\u00e1t m\u00e1 rasistick\u00fd podtext nam\u00ed\u0159en\u00fd proti romsk\u00e9mu etniku, kdy p\u0159\u00edmo p\u0159isuzuje pouze negativn\u00ed vlastnosti p\u0159\u00edslu\u0161n\u00edk\u016fm romsk\u00e9ho etnika a t\u00edmto vyvol\u00e1v\u00e1 nen\u00e1vist v t\u00e9to etnick\u00e9 skupin\u011b, p\u0159i\u010dem\u017e uveden\u00fd plak\u00e1t m\u011bl minim\u00e1ln\u011b ve\u0159ejn\u011b prezentovat t\u00edm zp\u016fsobem, \u017ee je osobn\u011b prezentoval v r\u00e1mci televizn\u00ed report\u00e1\u017ee CNN Prima News v po\u0159adu Partie Terezie Tom\u00e1nkov\u00e9 odvys\u00edlan\u00e9 dne 25. 8. 2024 v 11:45 hodin. D\u00e1le uveden\u00fd plak\u00e1t m\u011bl ve\u0159ejn\u011b prezentovat dne 5. 9. 2024 na V\u00e1clavsk\u00e9m n\u00e1m\u011bst\u00ed v Praze, kde se osobn\u011b \u00fa\u010dastnil.<br \/><br \/>A prezenta\u010dn\u00ed akce politick\u00e9ho hnut\u00ed SPD, v r\u00e1mci kter\u00e9 byl p\u0159edm\u011btn\u00fd plak\u00e1t vyv\u011b\u0161en v podob\u011b banneru, d\u00e1le dne 27. 8. 2024 pod u\u017eivatelsk\u00fdm jm\u00e9nem Tomiokamura. Ofici\u00e1ln\u00ed profil na webov\u00e9m port\u00e1lu www.youtube.com m\u011bl zve\u0159ejnit video, kde se jednalo o \u00faryvek z videoreport\u00e1\u017ee CNN Prima News, p\u0159i\u010dem\u017e toto video uveden\u00fd plak\u00e1t propaguje obvin\u011bn\u00e9, tomto videu schvaluje podobu samotn\u00e9ho plak\u00e1tu, tedy dle z\u00e1v\u011br\u016f policejn\u00edho org\u00e1nu \u00famysln\u011b ve\u0159ejn\u011b podn\u011bcoval k nen\u00e1visti, k n\u011bkter\u00e9 rase a etnick\u00e9 skupin\u011b a tento \u010din sp\u00e1chal televiz\u00ed a ve\u0159ejn\u011b p\u0159\u00edstupnou po\u010d\u00edta\u010dovou s\u00edt\u00ed, \u010d\u00edm\u017e sp\u00e1chal p\u0159e\u010din podn\u011bcov\u00e1n\u00ed k nen\u00e1visti v\u016f\u010di skupin\u011b osob nebo k omezov\u00e1n\u00ed jejich pr\u00e1v a svobod. Podle \u00a7 356 odstavec jedna, odstavec, t\u0159i p\u00edsmena a. Tr. z\u00e1kon\u00edku II tohoto usnesen\u00ed je pov\u011b\u0159uje p\u0159edsedkyni v\u00fdboru, poslankyni prof. Dr. Helenu V\u00e1lkovou CSE, aby toto usnesen\u00ed p\u0159edlo\u017eila p\u0159edsedkyni Poslaneck\u00e9 sn\u011bmovny Parlamentu \u010cesk\u00e9 republiky, Ing. Mark\u00e9t\u011b Pekarov\u00e9, Adamov\u00e9 Adamov\u00e9 a za t\u0159et\u00ed a III zmoc\u0148uje zpravodaje v\u00fdboru Dr. Pavla Sta\u0148ka NBA, aby s t\u00edmto usnesen\u00edm sezn\u00e1mil Poslaneckou sn\u011bmovnu Parlamentu \u010cesk\u00e9 republiky, co\u017e jsem te\u010f pr\u00e1v\u011b u\u010dinil, nutno dodat, \u017ee \u010dlenov\u00e9 mand\u00e1tov\u00e9 a imunitn\u00edho v\u00fdboru nedo\u0161li\u0161li p\u0159i projedn\u00e1v\u00e1n\u00ed pr\u00e1v\u011b tohoto usnesen\u00ed ke shod\u011b, \u010dili toto usnesen\u00ed je p\u0159edkl\u00e1d\u00e1no z mand\u00e1tov\u00e9ho a imunitn\u00edho v\u00fdboru bez stanoviska, posledn\u00edm usnesen\u00edm, kter\u00e9 tady p\u0159e\u010dtu, jak jsem ji\u017e zmi\u0148oval, je usnesen\u00ed \u010d\u00edslo 79, se kter\u00fdm v\u00e1s tak\u00e9 sezn\u00e1m\u00edm, 79, usnesen\u00ed mand\u00e1tov\u00e9ho a imunitn\u00edho v\u00fdboru z dvac\u00e1t\u00e9 sedm\u00e9 sch\u016fze konan\u00e9 dne 4. \u00fanora 2025 k n\u00e1vrhu poslance Vladim\u00edra Bala\u0161e, chov\u00e1n\u00ed poslanc\u016f v\u016f\u010di mand\u00e1tov\u00e9mu a imunitn\u00edm v\u00fdboru a mand\u00e1tov\u00fd a imunitn\u00ed v\u00fdbor pov\u011b\u0159uje p\u0159edsedkyni mand\u00e1tov\u00e9ho a imunitn\u00edho v\u00fdboru prof. Dr. Helenu V\u00e1lkovou CSc, aby na pl\u00e9nu Poslaneck\u00e9 sn\u011bmovny d\u016frazn\u011b upozornila v\u0161echny poslance, aby se zdr\u017eeli ve sv\u00fdch projevech kritiky mand\u00e1tov\u00e9ho a imunitn\u00edho v\u00fdboru za to, \u017ee napl\u0148uje svou z\u00e1konnou pravomoc a projedn\u00e1v\u00e1 v\u011bci, kter\u00e9 mu standardn\u011b napadli k rozhodnut\u00ed, a to v\u010detn\u011b n\u00e1vrhu na zbaven\u00ed imunity poslance v souvislosti s trestn\u00edm st\u00edh\u00e1n\u00edm, toto usnesen\u00ed bylo p\u0159ijato. Tak\u017ee toje, v\u00e1\u017eena.V\u00e1\u017een\u00fd pane m\u00edstop\u0159edsedo, mezit\u00edm do\u0161lo ke zm\u011bn\u011b na empiru, v\u00e1\u017een\u00fd pane m\u00edstop\u0159edsedo, toto je ode m\u011b asi komplexn\u00ed p\u0159ednes m\u00e9 zpravodajsk\u00e9 zpr\u00e1vy. A j\u00e1 t\u00edmto d\u011bkuji za mo\u017enost tady vystoupit.<br \/><br \/>mluv\u010d\u00ed 3,<br \/>&#8212;&#8212;&#8212;&#8212;&#8212;&#8212;&#8211;<br \/>D\u011bkuju, d\u011bkuju, pane zpravodaji a za va\u0161i Zpr\u00e1vu.<br \/>Nyn\u00ed Bychom m\u011bli otev\u0159\u00edt V\u0161eobecnou Rozpravu, kterou t\u00edmto otev\u00edr\u00e1m a s p\u0159ednostn\u00edm pr\u00e1vem m\u00e1m p\u0159ihl\u00e1\u0161en\u00e9ho jako prvn\u00edho \u0159e\u010dn\u00edka, pana p\u0159edsedu Okamuru.Pane p\u0159edsedo, pros\u00edm.Pane p\u0159edsedo, m\u00e1te slovo.<br \/><br \/>Tomio Okamura, poslanec, p\u0159edseda hnut\u00ed \/SPD\/<br \/>&#8212;&#8212;&#8212;&#8212;&#8212;&#8212;&#8211;<br \/>V\u00e1\u017een\u00e9 d\u00e1my a p\u00e1nov\u00e9, na z\u00e1klad\u011b trestn\u00edho ozn\u00e1men\u00ed Ji\u0159\u00edho Posp\u00ed\u0161ila z vl\u00e1dn\u00ed TOP 09, tedy z \u0159ad vl\u00e1dn\u00ed koalice na protiimigra\u010dn\u00ed plak\u00e1t SPD s n\u00e1pisem stop migra\u010dn\u00edmu paktu EU a dal\u0161\u00ed v\u011btou. Nedostatky ve zdravotnictv\u00ed nevy\u0159e\u0161\u00ed. Chirurgov\u00e9 z dovozu. Jedn\u00e1 Se o tento plak\u00e1t.<br \/>Tak se tady dnes bude hlasovat o m\u00e9m vyd\u00e1n\u00ed \u010di nevyd\u00e1n\u00ed k trestn\u00edmu st\u00edh\u00e1n\u00ed, kde mi za tento pravdiv\u00fd plak\u00e1t hroz\u00ed t\u0159i roky v\u011bzen\u00ed? Dovolte mi, abych dnes nemluvil o sob\u011b, proto\u017ee u\u017e bylo k dan\u00e9 v\u011bci \u0159e\u010deno v\u0161echno.My\u0161lenkou, kv\u016fli kter\u00e9 tu dnes sed\u00edme, byla kritika \u0161patn\u00e9ho rozhodnut\u00ed Fialovy vl\u00e1dn\u00ed koalice, kter\u00e1 nehlasovala proti migra\u010dn\u00edmu paktu EU. A moje varov\u00e1n\u00ed p\u0159ed dolo\u017eiteln\u011b devastuj\u00edc\u00edmi n\u00e1sledky ne\u0159\u00edzen\u00e9 masov\u00e9 a plo\u0161n\u00e9 migrace nam\u00edsto debaty o probl\u00e9mu, kter\u00fd vra\u017eedn\u011b ni\u010d\u00ed, a to doslova z\u00e1padn\u00ed Evropu, tu m\u00e1me, ale debatu o tom, co a jak se sm\u00ed kritizovat, jak a p\u0159ed \u010d\u00edm se sm\u00ed varovat. Vedeme fakticky debatu o svobod\u011b slova, ne o mn\u011b, ale o tom, co a jak se sm\u00ed \u0159\u00edkat, ukazovat a na co a jak se sm\u00ed upozor\u0148ovat? To je to, o\u010d tu dnes b\u011b\u017e\u00ed a jsem r\u00e1d, \u017ee tuto debatu m\u016f\u017eeme v\u00e9st, proto\u017ee svoboda a nejen svoboda slova je dnes v z\u00e1padn\u00edm sv\u011bt\u011b ohro\u017een\u00e1, stejn\u011b jako na\u0161e bezpe\u010dnost v d\u016fsledku masov\u00e9 migrace lid\u00ed z kulturn\u011b odli\u0161n\u00fdch zem\u00ed za\u010d\u00edn\u00e1 \u00e9ra ne nepodobn\u00e1 normaliza\u010dn\u00edmu socialismu. Lidem \u0159\u00edk\u00e1te, co sm\u00ed a nesm\u00ed \u0159\u00edkat.V m\u00e9di\u00edch panuje tvrd\u00e1 autocenzura a propaganda jedn\u00e9 vyvolen\u00e9 ideologie. Protivn\u00edci a oponenti jsou dnes dehonestov\u00e1ni. Lid\u00e9, co otev\u0159ou \u00fasta, p\u0159ich\u00e1zej\u00ed o pr\u00e1ci. Na\u0159izujete lidem, \u010d\u00edm sm\u00ed topit. Majitel hospody si ani ve sv\u00e9m dom\u011b nesm\u00ed zap\u00e1lit cigaretu, aby to nepohor\u0161ilo ty, kdo k n\u011bmu ani nechod\u00ed. Centr\u00e1ln\u011b se pl\u00e1nuje, kolik kysli\u010dn\u00edku vypust\u00edme, ani\u017e by to m\u011blo jedin\u00fd racion\u00e1ln\u00ed d\u016fvod. Prost\u011b chcete to zelen\u00e9 dogma, na\u0159izujete firm\u00e1m, jak sm\u00ed vyr\u00e1b\u011bt a k\u0159iv\u00edte zem\u011bd\u011blstv\u00ed absurdn\u00edmi dotacemi ad hoc vymy\u0161len\u00fdmi podle toho, jak\u00e1 lobbistick\u00e1 skupina v Bruselu vl\u00e1dne. Navzdory p\u0159\u00edrod\u011b, prosazujete nep\u0159irozen\u00e9 nebiologick\u00e9 svazky a vym\u00fd\u0161l\u00ed se nov\u00e1 pohlav\u00ed a z pravdy se d\u011bl\u00e1 dezinformace a ze l\u017ei se d\u011bl\u00e1 spr\u00e1vn\u00fd postoj. Orwellby zaplakal, jak d\u011bsiv\u011b se jeho utopick\u00e9 vize naplnily.A kdo se t\u00e9to diktatu\u0159e veden\u00e9 jen a jen prolhanou ni\u010divou, nesmyslnou ideologi\u00ed postav\u00ed je podle samozvan\u00fdch elit dezol\u00e1t, dezinform\u00e1tor a b\u016fhv\u00edjak\u00fd \u0160v\u00e1b. Jak p\u0159\u00edzna\u010dn\u00e9 pro sou\u010dasnou dobu, \u017ee do t\u00e9to vybran\u00e9 spole\u010dnosti p\u0159ibyla podle liber\u00e1ln\u00edch elit i cel\u00e1 americk\u00e1 vl\u00e1da, v\u010detn\u011b prezidenta a je to americk\u00fd prezident Donald Trump, kter\u00fd mluv\u00ed o nutnosti n\u00e1vratu spravedlnosti, nutnosti obnoven\u00ed svobody slova a potla\u010den\u00ed cenzury, zejm\u00e9na na soci\u00e1ln\u00edch s\u00edt\u00edch. O neleg\u00e1ln\u00edch migrantech. Donald Trump ve sv\u00e9m inaugura\u010dn\u00edm projevu p\u0159ed p\u00e1r t\u00fddny \u0159ekl, \u017ee to jsou zlo\u010dinci a krimin\u00e1ln\u00edci a vyj\u00e1d\u0159il tak n\u00e1zor na neleg\u00e1ln\u00ed migraci, tak\u017ee v \u010cesk\u00e9 republice za Fialovy vl\u00e1dy a za sou\u010dasn\u00e9ho stylu pr\u00e1ce st\u00e1tn\u00edho zastupitelstv\u00ed a policejn\u00edho vy\u0161et\u0159ovatele Kom\u00e1rka, kter\u00fd vy\u0161et\u0159uje n\u00e1\u0161 plak\u00e1t.By m\u011bl americk\u00fd prezident na stole policejn\u00ed st\u00edh\u00e1n\u00ed a tak\u00e9 by mu hrozily t\u0159i roky v\u011bzen\u00ed. Jako m\u011b.Ale je zase mil\u00e9, \u017ee tu je znovu zem\u011b, kde pron\u00e1sledovan\u00ed lid\u00e9 s na\u0161imi n\u00e1zory budou moci p\u0159\u00edpadn\u011b \u017e\u00e1dat politick\u00fd azyl. A nepochybuji o tom, \u017ee by ho prezident Trump s chut\u00ed ud\u011blil. V\u00e1\u017een\u00e9 kolegyn\u011b a kolegov\u00e9, bez svobody projevu a n\u00e1zoru nen\u00ed svoboda \u017e\u00e1dn\u00e1.Bez svobody nen\u00ed demokracie. Filozof a disident Ladislav Hejd\u00e1nek napsal, cituji, Svoboda v demokracii mus\u00ed b\u00fdt h\u00e1jena p\u0159edev\u0161\u00edm pro men\u0161iny, nebo\u0165 ve v\u011bt\u0161inov\u00e9m syst\u00e9mu se v\u011bt\u0161ina prosad\u00ed svou vahou, i kdy\u017e pravdu nem\u00e1. Lidsk\u00e1 a politick\u00e1 pr\u00e1va a svobody mus\u00ed b\u00fdt zaji\u0161\u0165ov\u00e1ny p\u0159edev\u0161\u00edm pro ty, za nimi\u017e nestoj\u00ed v\u011bt\u0161ina, kte\u0159\u00ed se neop\u00edraj\u00ed o dav, ani o masy, ale kte\u0159\u00ed proti v\u011bt\u0161in\u011b maj\u00ed pravdu? A Masaryk \u0159\u00edk\u00e1val, \u017ee demokracie je diskuze. Nikdo si nesm\u00ed osobovat pr\u00e1vo nepou\u0161t\u011bt n\u011bkoho jin\u00e9ho ke slovu. Smyslem svobody je tedy hled\u00e1n\u00ed pravdy, a to jak individu\u00e1ln\u00ed a soukrom\u00e9 zkoum\u00e1n\u00ed, tak ve\u0159ejn\u00e9 a na ve\u0159ejnosti p\u016fsob\u00edc\u00ed zd\u016fvod\u0148ov\u00e1n\u00ed, tedy Argumentace.<br \/><br \/>Pravdu nikdo nem\u00e1 ve sv\u00e9m dr\u017een\u00ed, ale v\u0161ichni ji mohou a maj\u00ed vyhled\u00e1vat pr\u00e1va a svobody mus\u00ed b\u00fdt garantov\u00e1ny. Pr\u00e1v\u011b proto, aby i n\u011bkolik m\u00e1lo lid\u00ed sm\u011blo a tak\u00e9 fakticky mohlo sv\u016fj n\u00e1zor a sv\u00e9 p\u0159esv\u011bd\u010den\u00ed vyj\u00e1d\u0159it a zd\u016fvod\u0148ovat. Lidsk\u00e9 svobody je pot\u0159eba garantovat proto, \u017ee s nov\u00fdm pravdiv\u00fdm nebo pravdiv\u011bj\u0161\u00edm pozn\u00e1n\u00edm p\u0159ich\u00e1z\u00ed v\u017edycky nejprve jeden \u010dlov\u011bk nebo n\u011bkolik m\u00e1lo lid\u00ed, kte\u0159\u00ed pak mus\u00ed ostatn\u00ed lidi \u010dasto obt\u00ed\u017en\u011b p\u0159esv\u011bd\u010dovat. Pr\u00e1va, svobody mus\u00ed b\u00fdt garantov\u00e1ny pr\u00e1v\u011b proto, aby n\u011bkolik lid\u00ed, i n\u011bkolik m\u00e1lo lid\u00ed sm\u011blo a tak\u00e9 fakticky mohlo sv\u016fj n\u00e1zor a sv\u00e9 p\u0159esv\u011bd\u010den\u00ed vyj\u00e1d\u0159it a zd\u016fvod\u0148ovat.A to je mo\u017en\u00e9 jen tam, kde je svobodn\u00e1 p\u016fda. Pro rozhovor, dialog a tak\u00e9 pro spory. Pro diskuzi jsme hnut\u00ed Svoboda a p\u0159\u00edm\u00e1 demokracie SPD svoboda a demokracie, je n\u00e1\u0161 program jako politick\u00e9 hnut\u00ed, pokud je t\u0159eba&#8230;<\/p>\n\n\n\n<p><a href=\"https:\/\/monitoring.anopress.cz\/files\/dnload\/final\/medical_00322_14114617.htm#obsah\"><br \/><\/a><\/p>\n","protected":false},"excerpt":{"rendered":"<div class=\"mh-excerpt\"><p>12.02.2025\u00a0P\u0159epis z Poslaneck\u00e9 sn\u011bmovny Helena V\u00e1lkov\u00e1, \u010dlenka \u00fastavn\u011b-pr\u00e1vn\u00edho v\u00fdboru, Poslaneck\u00e1 sn\u011bmovna \/ANO\/&#8212;&#8212;&#8212;&#8212;&#8212;&#8212;&#8211;Budeme se te\u010f zab\u00fdvat \u017e\u00e1dost\u00ed Policie \u010cesk\u00e9 republiky o vysloven\u00ed souhlasu s trestn\u00edm st\u00edh\u00e1n\u00edm <a class=\"mh-excerpt-more\" href=\"https:\/\/www.invarena.cz\/?p=54803\" title=\"V poslaneck\u00e9 sn\u011bmovn\u011b o kriminalit\u011b uprchl\u00edk\u016f\u00a0\u00a0\">[&#8230;]<\/a><\/p>\n<\/div>","protected":false},"author":1,"featured_media":49439,"comment_status":"open","ping_status":"closed","sticky":false,"template":"","format":"standard","meta":{"footnotes":""},"categories":[6],"tags":[],"class_list":["post-54803","post","type-post","status-publish","format-standard","has-post-thumbnail","hentry","category-politika"],"_links":{"self":[{"href":"https:\/\/www.invarena.cz\/index.php?rest_route=\/wp\/v2\/posts\/54803","targetHints":{"allow":["GET"]}}],"collection":[{"href":"https:\/\/www.invarena.cz\/index.php?rest_route=\/wp\/v2\/posts"}],"about":[{"href":"https:\/\/www.invarena.cz\/index.php?rest_route=\/wp\/v2\/types\/post"}],"author":[{"embeddable":true,"href":"https:\/\/www.invarena.cz\/index.php?rest_route=\/wp\/v2\/users\/1"}],"replies":[{"embeddable":true,"href":"https:\/\/www.invarena.cz\/index.php?rest_route=%2Fwp%2Fv2%2Fcomments&post=54803"}],"version-history":[{"count":0,"href":"https:\/\/www.invarena.cz\/index.php?rest_route=\/wp\/v2\/posts\/54803\/revisions"}],"wp:featuredmedia":[{"embeddable":true,"href":"https:\/\/www.invarena.cz\/index.php?rest_route=\/wp\/v2\/media\/49439"}],"wp:attachment":[{"href":"https:\/\/www.invarena.cz\/index.php?rest_route=%2Fwp%2Fv2%2Fmedia&parent=54803"}],"wp:term":[{"taxonomy":"category","embeddable":true,"href":"https:\/\/www.invarena.cz\/index.php?rest_route=%2Fwp%2Fv2%2Fcategories&post=54803"},{"taxonomy":"post_tag","embeddable":true,"href":"https:\/\/www.invarena.cz\/index.php?rest_route=%2Fwp%2Fv2%2Ftags&post=54803"}],"curies":[{"name":"wp","href":"https:\/\/api.w.org\/{rel}","templated":true}]}}